{"id":304794,"date":"2023-05-13T10:07:14","date_gmt":"2023-05-13T13:07:14","guid":{"rendered":"https:\/\/www.notibras.com\/site\/?p=304794"},"modified":"2023-05-13T10:07:14","modified_gmt":"2023-05-13T13:07:14","slug":"lineuzinho-vai-muito-alem-do-ze-carneiro","status":"publish","type":"post","link":"https:\/\/www.notibras.com\/site\/lineuzinho-vai-muito-alem-do-ze-carneiro\/","title":{"rendered":"Lineuzinho vai muito al\u00e9m do Z\u00e9 Carneiro"},"content":{"rendered":"<p>O primeiro contato que tive com a figura t\u00e3o carism\u00e1tica do Tonico Pereira talvez tenha sido com o Z\u00e9 Carneiro do &#8220;S\u00edtio do Pica-Pau Amarelo&#8221;. Anos depois, me diverti muito vendo as perip\u00e9cias do Mendon\u00e7a tentando passar a perna no quase ing\u00eanuo Lineu de &#8220;A Grande Fam\u00edlia&#8221;. N\u00e3o h\u00e1 como negar que o Mendon\u00e7a passou a ser o novo contraponto do Lineu nesse seriado. O outro, obviamente, era a Nen\u00ea, personagem divinamente interpretada (como se fosse poss\u00edvel n\u00e3o o ser) pela enorme Marieta Severo.<\/p>\n<p>Que trio! Esse sim \u00e9 o ataque dos sonhos, ao contr\u00e1rio daquele outro, que mostrou ser um desastre, talvez pelos egos exacerbados dos atletas que n\u00e3o causaram nada al\u00e9m do que chacotas por parte dos torcedores do Botafogo, do Vasco e do Fluminense.<\/p>\n<p>Mas voltemos ao Tonico Pereira. Querer determinar que ele \u00e9 simplesmente um ator talvez seja limitar o seu universo de possibilidades. N\u00e3o que ser ator signifique tolhimento. Pelo contr\u00e1rio, \u00e9 expans\u00e3o, como bact\u00e9rias que se multiplicam aos milh\u00f5es num piscar de olhos. Tanto \u00e9 que esse homem transita por campos diversos, inclusive no com\u00e9rcio.<\/p>\n<p>Hoje \u00e9 dono do Brech\u00f3 TPM em Botafogo, mas j\u00e1 mexeu com boteco e at\u00e9 peixaria, al\u00e9m de ter lan\u00e7ado um livro sobre filosofia. Sim, filosofia! E, se houvesse mesmo a tal m\u00e1quina do tempo, n\u00e3o seria de se estranhar que o Tonico fosse tirar um dedinho de prosa com o S\u00f3crates, aquele mesmo da Gr\u00e9cia Antiga. E, com a l\u00e1bia que possui, \u00e9 bem prov\u00e1vel que o nosso g\u00eanio das artes c\u00eanicas convencesse o velho fil\u00f3sofo a desistir de beber a tal cicuta.<\/p>\n<p>Outra curiosidade sobre o Tonico \u00e9 que ele \u00e9 ferrenho torcedor do Goytacazes. N\u00e3o h\u00e1 um dia sequer que ele n\u00e3o se sinta cada vez mais certo de que seu time \u00e9 o maior de todos. Repare que eu disse maior e n\u00e3o melhor. Este, por sinal, pode ser qualquer um Barcelona da vida, que, por um instante ou outro, vence tudo como se fosse algo jamais visto. Mas isso ocorre de tempos em tempos. J\u00e1 o Goytacazes, no imagin\u00e1rio do Tonico, \u00e9 o maior porque n\u00e3o precisa ganhar sequer um campeonato estadual para ser objeto de paix\u00e3o de seus torcedores. E como duvidar?<\/p>\n<p>Ali\u00e1s, pensando bem, o Tonico n\u00e3o \u00e9 comerciante, n\u00e3o \u00e9 fil\u00f3sofo, n\u00e3o \u00e9 nada al\u00e9m de ator. Vou explicar, antes que algu\u00e9m venha me agredir com palavras de baixo cal\u00e3o. Seja como for, n\u00e3o me calar\u00e3o! O Tonico \u00e9 um ator e ponto final ou, caso prefira, ponto de exclama\u00e7\u00e3o ou interroga\u00e7\u00e3o, talvez at\u00e9 uma infinidade de retic\u00eancias. \u00c9 que esse conterr\u00e2neo do mestre Didi, tal qual folha seca, sobe e desce, suave, onde e quando bem desejar, talvez pela simples \u00e2nsia de nos surpreender. Quer apostar?<\/p>\n","protected":false},"excerpt":{"rendered":"<p>O primeiro contato que tive com a figura t\u00e3o carism\u00e1tica do Tonico Pereira talvez tenha sido com o Z\u00e9 Carneiro do &#8220;S\u00edtio do Pica-Pau Amarelo&#8221;. Anos depois, me diverti muito vendo as perip\u00e9cias do Mendon\u00e7a tentando passar a perna no quase ing\u00eanuo Lineu de &#8220;A Grande Fam\u00edlia&#8221;. N\u00e3o h\u00e1 como negar que o Mendon\u00e7a passou [&hellip;]<\/p>\n","protected":false},"author":2,"featured_media":304795,"comment_status":"closed","ping_status":"closed","sticky":false,"template":"","format":"standard","meta":{"_acf_changed":false,"footnotes":""},"categories":[161],"tags":[],"class_list":["post-304794","post","type-post","status-publish","format-standard","has-post-thumbnail","hentry","category-quadradinho-em-foco"],"acf":[],"yoast_head":"<!-- This site is optimized with the Yoast SEO plugin v27.2 - https:\/\/yoast.com\/product\/yoast-seo-wordpress\/ -->\n<title>Lineuzinho vai muito al\u00e9m do Z\u00e9 Carneiro - Notibras<\/title>\n<meta name=\"robots\" content=\"index, follow, max-snippet:-1, max-image-preview:large, max-video-preview:-1\" \/>\n<link rel=\"canonical\" href=\"https:\/\/www.notibras.com\/site\/lineuzinho-vai-muito-alem-do-ze-carneiro\/\" \/>\n<meta property=\"og:locale\" content=\"pt_BR\" \/>\n<meta property=\"og:type\" content=\"article\" \/>\n<meta property=\"og:title\" content=\"Lineuzinho vai muito al\u00e9m do Z\u00e9 Carneiro - Notibras\" \/>\n<meta property=\"og:description\" content=\"O primeiro contato que tive com a figura t\u00e3o carism\u00e1tica do Tonico Pereira talvez tenha sido com o Z\u00e9 Carneiro do &#8220;S\u00edtio do Pica-Pau Amarelo&#8221;. Anos depois, me diverti muito vendo as perip\u00e9cias do Mendon\u00e7a tentando passar a perna no quase ing\u00eanuo Lineu de &#8220;A Grande Fam\u00edlia&#8221;. N\u00e3o h\u00e1 como negar que o Mendon\u00e7a passou [&hellip;]\" \/>\n<meta property=\"og:url\" content=\"https:\/\/www.notibras.com\/site\/lineuzinho-vai-muito-alem-do-ze-carneiro\/\" \/>\n<meta property=\"og:site_name\" content=\"Notibras\" \/>\n<meta property=\"article:publisher\" content=\"https:\/\/www.facebook.com\/notibras\/\" \/>\n<meta property=\"article:published_time\" content=\"2023-05-13T13:07:14+00:00\" \/>\n<meta property=\"og:image\" content=\"https:\/\/www.notibras.com\/site\/wp-content\/uploads\/2023\/05\/tonico-pereira-sitio-do-picapau-amarelo.jpg\" \/>\n\t<meta property=\"og:image:width\" content=\"600\" \/>\n\t<meta property=\"og:image:height\" content=\"400\" \/>\n\t<meta property=\"og:image:type\" content=\"image\/jpeg\" \/>\n<meta name=\"author\" content=\"Reda\u00e7\u00e3o\" \/>\n<meta name=\"twitter:card\" content=\"summary_large_image\" \/>\n<meta name=\"twitter:creator\" content=\"@Notibras\" \/>\n<meta name=\"twitter:site\" content=\"@Notibras\" \/>\n<meta name=\"twitter:label1\" content=\"Escrito por\" \/>\n\t<meta name=\"twitter:data1\" content=\"Reda\u00e7\u00e3o\" \/>\n\t<meta name=\"twitter:label2\" content=\"Est. tempo de leitura\" \/>\n\t<meta name=\"twitter:data2\" content=\"3 minutos\" \/>\n<script type=\"application\/ld+json\" class=\"yoast-schema-graph\">{\"@context\":\"https:\/\/schema.org\",\"@graph\":[{\"@type\":\"Article\",\"@id\":\"https:\/\/www.notibras.com\/site\/lineuzinho-vai-muito-alem-do-ze-carneiro\/#article\",\"isPartOf\":{\"@id\":\"https:\/\/www.notibras.com\/site\/lineuzinho-vai-muito-alem-do-ze-carneiro\/\"},\"author\":{\"name\":\"Reda\u00e7\u00e3o\",\"@id\":\"https:\/\/www.notibras.com\/site\/#\/schema\/person\/36ab0979449956132d3e5b517ea76ac8\"},\"headline\":\"Lineuzinho vai muito al\u00e9m do Z\u00e9 Carneiro\",\"datePublished\":\"2023-05-13T13:07:14+00:00\",\"mainEntityOfPage\":{\"@id\":\"https:\/\/www.notibras.com\/site\/lineuzinho-vai-muito-alem-do-ze-carneiro\/\"},\"wordCount\":500,\"publisher\":{\"@id\":\"https:\/\/www.notibras.com\/site\/#organization\"},\"image\":{\"@id\":\"https:\/\/www.notibras.com\/site\/lineuzinho-vai-muito-alem-do-ze-carneiro\/#primaryimage\"},\"thumbnailUrl\":\"https:\/\/www.notibras.com\/site\/wp-content\/uploads\/2023\/05\/tonico-pereira-sitio-do-picapau-amarelo.jpg\",\"articleSection\":[\"Quadradinho em Foco\"],\"inLanguage\":\"pt-BR\"},{\"@type\":\"WebPage\",\"@id\":\"https:\/\/www.notibras.com\/site\/lineuzinho-vai-muito-alem-do-ze-carneiro\/\",\"url\":\"https:\/\/www.notibras.com\/site\/lineuzinho-vai-muito-alem-do-ze-carneiro\/\",\"name\":\"Lineuzinho vai muito al\u00e9m do Z\u00e9 Carneiro - Notibras\",\"isPartOf\":{\"@id\":\"https:\/\/www.notibras.com\/site\/#website\"},\"primaryImageOfPage\":{\"@id\":\"https:\/\/www.notibras.com\/site\/lineuzinho-vai-muito-alem-do-ze-carneiro\/#primaryimage\"},\"image\":{\"@id\":\"https:\/\/www.notibras.com\/site\/lineuzinho-vai-muito-alem-do-ze-carneiro\/#primaryimage\"},\"thumbnailUrl\":\"https:\/\/www.notibras.com\/site\/wp-content\/uploads\/2023\/05\/tonico-pereira-sitio-do-picapau-amarelo.jpg\",\"datePublished\":\"2023-05-13T13:07:14+00:00\",\"breadcrumb\":{\"@id\":\"https:\/\/www.notibras.com\/site\/lineuzinho-vai-muito-alem-do-ze-carneiro\/#breadcrumb\"},\"inLanguage\":\"pt-BR\",\"potentialAction\":[{\"@type\":\"ReadAction\",\"target\":[\"https:\/\/www.notibras.com\/site\/lineuzinho-vai-muito-alem-do-ze-carneiro\/\"]}]},{\"@type\":\"ImageObject\",\"inLanguage\":\"pt-BR\",\"@id\":\"https:\/\/www.notibras.com\/site\/lineuzinho-vai-muito-alem-do-ze-carneiro\/#primaryimage\",\"url\":\"https:\/\/www.notibras.com\/site\/wp-content\/uploads\/2023\/05\/tonico-pereira-sitio-do-picapau-amarelo.jpg\",\"contentUrl\":\"https:\/\/www.notibras.com\/site\/wp-content\/uploads\/2023\/05\/tonico-pereira-sitio-do-picapau-amarelo.jpg\",\"width\":600,\"height\":400},{\"@type\":\"BreadcrumbList\",\"@id\":\"https:\/\/www.notibras.com\/site\/lineuzinho-vai-muito-alem-do-ze-carneiro\/#breadcrumb\",\"itemListElement\":[{\"@type\":\"ListItem\",\"position\":1,\"name\":\"In\u00edcio\",\"item\":\"https:\/\/www.notibras.com\/site\/\"},{\"@type\":\"ListItem\",\"position\":2,\"name\":\"Lineuzinho vai muito al\u00e9m do Z\u00e9 Carneiro\"}]},{\"@type\":\"WebSite\",\"@id\":\"https:\/\/www.notibras.com\/site\/#website\",\"url\":\"https:\/\/www.notibras.com\/site\/\",\"name\":\"Notibras\",\"description\":\"Not\u00edcias de Bras\u00edlia, do Brasil e do Mundo\",\"publisher\":{\"@id\":\"https:\/\/www.notibras.com\/site\/#organization\"},\"potentialAction\":[{\"@type\":\"SearchAction\",\"target\":{\"@type\":\"EntryPoint\",\"urlTemplate\":\"https:\/\/www.notibras.com\/site\/?s={search_term_string}\"},\"query-input\":{\"@type\":\"PropertyValueSpecification\",\"valueRequired\":true,\"valueName\":\"search_term_string\"}}],\"inLanguage\":\"pt-BR\"},{\"@type\":\"Organization\",\"@id\":\"https:\/\/www.notibras.com\/site\/#organization\",\"name\":\"Grupo Notibras de Comunica\u00e7\u00e3o\",\"url\":\"https:\/\/www.notibras.com\/site\/\",\"logo\":{\"@type\":\"ImageObject\",\"inLanguage\":\"pt-BR\",\"@id\":\"https:\/\/www.notibras.com\/site\/#\/schema\/logo\/image\/\",\"url\":\"https:\/\/www.notibras.com\/site\/wp-content\/uploads\/2023\/01\/notibras23.png\",\"contentUrl\":\"https:\/\/www.notibras.com\/site\/wp-content\/uploads\/2023\/01\/notibras23.png\",\"width\":350,\"height\":87,\"caption\":\"Grupo Notibras de Comunica\u00e7\u00e3o\"},\"image\":{\"@id\":\"https:\/\/www.notibras.com\/site\/#\/schema\/logo\/image\/\"},\"sameAs\":[\"https:\/\/www.facebook.com\/notibras\/\",\"https:\/\/x.com\/Notibras\",\"https:\/\/www.instagram.com\/notibras\/\"]},{\"@type\":\"Person\",\"@id\":\"https:\/\/www.notibras.com\/site\/#\/schema\/person\/36ab0979449956132d3e5b517ea76ac8\",\"name\":\"Reda\u00e7\u00e3o\",\"image\":{\"@type\":\"ImageObject\",\"inLanguage\":\"pt-BR\",\"@id\":\"https:\/\/secure.gravatar.com\/avatar\/e0a867bdedb85fd243eadf09663511f96fc81e0720a4a42581f334ad4303aa6b?s=96&d=mm&r=g\",\"url\":\"https:\/\/secure.gravatar.com\/avatar\/e0a867bdedb85fd243eadf09663511f96fc81e0720a4a42581f334ad4303aa6b?s=96&d=mm&r=g\",\"contentUrl\":\"https:\/\/secure.gravatar.com\/avatar\/e0a867bdedb85fd243eadf09663511f96fc81e0720a4a42581f334ad4303aa6b?s=96&d=mm&r=g\",\"caption\":\"Reda\u00e7\u00e3o\"}}]}<\/script>\n<!-- \/ Yoast SEO plugin. -->","yoast_head_json":{"title":"Lineuzinho vai muito al\u00e9m do Z\u00e9 Carneiro - Notibras","robots":{"index":"index","follow":"follow","max-snippet":"max-snippet:-1","max-image-preview":"max-image-preview:large","max-video-preview":"max-video-preview:-1"},"canonical":"https:\/\/www.notibras.com\/site\/lineuzinho-vai-muito-alem-do-ze-carneiro\/","og_locale":"pt_BR","og_type":"article","og_title":"Lineuzinho vai muito al\u00e9m do Z\u00e9 Carneiro - Notibras","og_description":"O primeiro contato que tive com a figura t\u00e3o carism\u00e1tica do Tonico Pereira talvez tenha sido com o Z\u00e9 Carneiro do &#8220;S\u00edtio do Pica-Pau Amarelo&#8221;. Anos depois, me diverti muito vendo as perip\u00e9cias do Mendon\u00e7a tentando passar a perna no quase ing\u00eanuo Lineu de &#8220;A Grande Fam\u00edlia&#8221;. N\u00e3o h\u00e1 como negar que o Mendon\u00e7a passou [&hellip;]","og_url":"https:\/\/www.notibras.com\/site\/lineuzinho-vai-muito-alem-do-ze-carneiro\/","og_site_name":"Notibras","article_publisher":"https:\/\/www.facebook.com\/notibras\/","article_published_time":"2023-05-13T13:07:14+00:00","og_image":[{"width":600,"height":400,"url":"https:\/\/www.notibras.com\/site\/wp-content\/uploads\/2023\/05\/tonico-pereira-sitio-do-picapau-amarelo.jpg","type":"image\/jpeg"}],"author":"Reda\u00e7\u00e3o","twitter_card":"summary_large_image","twitter_creator":"@Notibras","twitter_site":"@Notibras","twitter_misc":{"Escrito por":"Reda\u00e7\u00e3o","Est. tempo de leitura":"3 minutos"},"schema":{"@context":"https:\/\/schema.org","@graph":[{"@type":"Article","@id":"https:\/\/www.notibras.com\/site\/lineuzinho-vai-muito-alem-do-ze-carneiro\/#article","isPartOf":{"@id":"https:\/\/www.notibras.com\/site\/lineuzinho-vai-muito-alem-do-ze-carneiro\/"},"author":{"name":"Reda\u00e7\u00e3o","@id":"https:\/\/www.notibras.com\/site\/#\/schema\/person\/36ab0979449956132d3e5b517ea76ac8"},"headline":"Lineuzinho vai muito al\u00e9m do Z\u00e9 Carneiro","datePublished":"2023-05-13T13:07:14+00:00","mainEntityOfPage":{"@id":"https:\/\/www.notibras.com\/site\/lineuzinho-vai-muito-alem-do-ze-carneiro\/"},"wordCount":500,"publisher":{"@id":"https:\/\/www.notibras.com\/site\/#organization"},"image":{"@id":"https:\/\/www.notibras.com\/site\/lineuzinho-vai-muito-alem-do-ze-carneiro\/#primaryimage"},"thumbnailUrl":"https:\/\/www.notibras.com\/site\/wp-content\/uploads\/2023\/05\/tonico-pereira-sitio-do-picapau-amarelo.jpg","articleSection":["Quadradinho em Foco"],"inLanguage":"pt-BR"},{"@type":"WebPage","@id":"https:\/\/www.notibras.com\/site\/lineuzinho-vai-muito-alem-do-ze-carneiro\/","url":"https:\/\/www.notibras.com\/site\/lineuzinho-vai-muito-alem-do-ze-carneiro\/","name":"Lineuzinho vai muito al\u00e9m do Z\u00e9 Carneiro - Notibras","isPartOf":{"@id":"https:\/\/www.notibras.com\/site\/#website"},"primaryImageOfPage":{"@id":"https:\/\/www.notibras.com\/site\/lineuzinho-vai-muito-alem-do-ze-carneiro\/#primaryimage"},"image":{"@id":"https:\/\/www.notibras.com\/site\/lineuzinho-vai-muito-alem-do-ze-carneiro\/#primaryimage"},"thumbnailUrl":"https:\/\/www.notibras.com\/site\/wp-content\/uploads\/2023\/05\/tonico-pereira-sitio-do-picapau-amarelo.jpg","datePublished":"2023-05-13T13:07:14+00:00","breadcrumb":{"@id":"https:\/\/www.notibras.com\/site\/lineuzinho-vai-muito-alem-do-ze-carneiro\/#breadcrumb"},"inLanguage":"pt-BR","potentialAction":[{"@type":"ReadAction","target":["https:\/\/www.notibras.com\/site\/lineuzinho-vai-muito-alem-do-ze-carneiro\/"]}]},{"@type":"ImageObject","inLanguage":"pt-BR","@id":"https:\/\/www.notibras.com\/site\/lineuzinho-vai-muito-alem-do-ze-carneiro\/#primaryimage","url":"https:\/\/www.notibras.com\/site\/wp-content\/uploads\/2023\/05\/tonico-pereira-sitio-do-picapau-amarelo.jpg","contentUrl":"https:\/\/www.notibras.com\/site\/wp-content\/uploads\/2023\/05\/tonico-pereira-sitio-do-picapau-amarelo.jpg","width":600,"height":400},{"@type":"BreadcrumbList","@id":"https:\/\/www.notibras.com\/site\/lineuzinho-vai-muito-alem-do-ze-carneiro\/#breadcrumb","itemListElement":[{"@type":"ListItem","position":1,"name":"In\u00edcio","item":"https:\/\/www.notibras.com\/site\/"},{"@type":"ListItem","position":2,"name":"Lineuzinho vai muito al\u00e9m do Z\u00e9 Carneiro"}]},{"@type":"WebSite","@id":"https:\/\/www.notibras.com\/site\/#website","url":"https:\/\/www.notibras.com\/site\/","name":"Notibras","description":"Not\u00edcias de Bras\u00edlia, do Brasil e do Mundo","publisher":{"@id":"https:\/\/www.notibras.com\/site\/#organization"},"potentialAction":[{"@type":"SearchAction","target":{"@type":"EntryPoint","urlTemplate":"https:\/\/www.notibras.com\/site\/?s={search_term_string}"},"query-input":{"@type":"PropertyValueSpecification","valueRequired":true,"valueName":"search_term_string"}}],"inLanguage":"pt-BR"},{"@type":"Organization","@id":"https:\/\/www.notibras.com\/site\/#organization","name":"Grupo Notibras de Comunica\u00e7\u00e3o","url":"https:\/\/www.notibras.com\/site\/","logo":{"@type":"ImageObject","inLanguage":"pt-BR","@id":"https:\/\/www.notibras.com\/site\/#\/schema\/logo\/image\/","url":"https:\/\/www.notibras.com\/site\/wp-content\/uploads\/2023\/01\/notibras23.png","contentUrl":"https:\/\/www.notibras.com\/site\/wp-content\/uploads\/2023\/01\/notibras23.png","width":350,"height":87,"caption":"Grupo Notibras de Comunica\u00e7\u00e3o"},"image":{"@id":"https:\/\/www.notibras.com\/site\/#\/schema\/logo\/image\/"},"sameAs":["https:\/\/www.facebook.com\/notibras\/","https:\/\/x.com\/Notibras","https:\/\/www.instagram.com\/notibras\/"]},{"@type":"Person","@id":"https:\/\/www.notibras.com\/site\/#\/schema\/person\/36ab0979449956132d3e5b517ea76ac8","name":"Reda\u00e7\u00e3o","image":{"@type":"ImageObject","inLanguage":"pt-BR","@id":"https:\/\/secure.gravatar.com\/avatar\/e0a867bdedb85fd243eadf09663511f96fc81e0720a4a42581f334ad4303aa6b?s=96&d=mm&r=g","url":"https:\/\/secure.gravatar.com\/avatar\/e0a867bdedb85fd243eadf09663511f96fc81e0720a4a42581f334ad4303aa6b?s=96&d=mm&r=g","contentUrl":"https:\/\/secure.gravatar.com\/avatar\/e0a867bdedb85fd243eadf09663511f96fc81e0720a4a42581f334ad4303aa6b?s=96&d=mm&r=g","caption":"Reda\u00e7\u00e3o"}}]}},"amp_enabled":true,"_links":{"self":[{"href":"https:\/\/www.notibras.com\/site\/wp-json\/wp\/v2\/posts\/304794","targetHints":{"allow":["GET"]}}],"collection":[{"href":"https:\/\/www.notibras.com\/site\/wp-json\/wp\/v2\/posts"}],"about":[{"href":"https:\/\/www.notibras.com\/site\/wp-json\/wp\/v2\/types\/post"}],"author":[{"embeddable":true,"href":"https:\/\/www.notibras.com\/site\/wp-json\/wp\/v2\/users\/2"}],"replies":[{"embeddable":true,"href":"https:\/\/www.notibras.com\/site\/wp-json\/wp\/v2\/comments?post=304794"}],"version-history":[{"count":1,"href":"https:\/\/www.notibras.com\/site\/wp-json\/wp\/v2\/posts\/304794\/revisions"}],"predecessor-version":[{"id":304796,"href":"https:\/\/www.notibras.com\/site\/wp-json\/wp\/v2\/posts\/304794\/revisions\/304796"}],"wp:featuredmedia":[{"embeddable":true,"href":"https:\/\/www.notibras.com\/site\/wp-json\/wp\/v2\/media\/304795"}],"wp:attachment":[{"href":"https:\/\/www.notibras.com\/site\/wp-json\/wp\/v2\/media?parent=304794"}],"wp:term":[{"taxonomy":"category","embeddable":true,"href":"https:\/\/www.notibras.com\/site\/wp-json\/wp\/v2\/categories?post=304794"},{"taxonomy":"post_tag","embeddable":true,"href":"https:\/\/www.notibras.com\/site\/wp-json\/wp\/v2\/tags?post=304794"}],"curies":[{"name":"wp","href":"https:\/\/api.w.org\/{rel}","templated":true}]}}