{"id":304817,"date":"2023-05-13T19:40:58","date_gmt":"2023-05-13T22:40:58","guid":{"rendered":"https:\/\/www.notibras.com\/site\/?p=304817"},"modified":"2023-05-13T19:46:02","modified_gmt":"2023-05-13T22:46:02","slug":"oab-reune-pais-para-debater-a-educacao","status":"publish","type":"post","link":"https:\/\/www.notibras.com\/site\/oab-reune-pais-para-debater-a-educacao\/","title":{"rendered":"OAB re\u00fane pais para debater a educa\u00e7\u00e3o"},"content":{"rendered":"<p>A Subse\u00e7\u00e3o da OAB no Riacho Fundo promover\u00e1, no dia 16 de junho, uma audi\u00eancia p\u00fablica para debater problemas que afetam fam\u00edlias e, no efeito domin\u00f3, crian\u00e7as e adolescentes. O trabalho ser\u00e1 coordenado pelo advogado Maximiniano Magalh\u00e3es, presidente da Comiss\u00e3o de Integra\u00e7\u00e3o com a Sociedade Civil. O evento se estender\u00e1 das 14 \u00e0s 18 horas, no audit\u00f3rio do Campus Riacho Fundo, do Instituto Federal de Bras\u00edlia.<\/p>\n<p>Segundo Maximiniano, ser\u00e3o postas perguntas que precisam ser respondidas: Seu filho ou filha estuda em escola ou creche p\u00fablica longe de sua casa? Voc\u00ea n\u00e3o consegue vaga para seu filho ou filha em escola ou creche p\u00fablica? Voc\u00ea gostaria de participar mais da vida escolar do seu filho ou filha, mas ele ou ela estuda muito longe? Voc\u00ea quer garantir uma educa\u00e7\u00e3o mais integrada com a comunidade?<\/p>\n<p>Quem participar, garante o presidente da Comiss\u00e3o, ter\u00e1 as respostas que levar\u00e3o \u00e0 solu\u00e7\u00e3o dos problemas. Na ocasi\u00e3o, promete, esclarecer se o direito de crian\u00e7as e adolescentes em estudar perto de casa est\u00e1 sendo respeitado; o que \u00e9 proximidade segundo a lei; o impacto na renda mensal das fam\u00edlias ao se garantir ou n\u00e3o a vaga da crian\u00e7a ou adolescente em estabelecimento de ensino p\u00fablico perto de casa; como a crian\u00e7a ou o adolescente \u00e9 impactado(a) social e psicologicamente ao se garantir que se estude perto de casa.<\/p>\n","protected":false},"excerpt":{"rendered":"<p>A Subse\u00e7\u00e3o da OAB no Riacho Fundo promover\u00e1, no dia 16 de junho, uma audi\u00eancia p\u00fablica para debater problemas que afetam fam\u00edlias e, no efeito domin\u00f3, crian\u00e7as e adolescentes. O trabalho ser\u00e1 coordenado pelo advogado Maximiniano Magalh\u00e3es, presidente da Comiss\u00e3o de Integra\u00e7\u00e3o com a Sociedade Civil. O evento se estender\u00e1 das 14 \u00e0s 18 horas, [&hellip;]<\/p>\n","protected":false},"author":2,"featured_media":279377,"comment_status":"closed","ping_status":"closed","sticky":false,"template":"","format":"standard","meta":{"_acf_changed":false,"footnotes":""},"categories":[161],"tags":[],"class_list":["post-304817","post","type-post","status-publish","format-standard","has-post-thumbnail","hentry","category-quadradinho-em-foco"],"acf":[],"yoast_head":"<!-- This site is optimized with the Yoast SEO plugin v27.2 - https:\/\/yoast.com\/product\/yoast-seo-wordpress\/ -->\n<title>OAB re\u00fane pais para debater a educa\u00e7\u00e3o - Notibras<\/title>\n<meta name=\"robots\" content=\"index, follow, max-snippet:-1, max-image-preview:large, max-video-preview:-1\" \/>\n<link rel=\"canonical\" href=\"https:\/\/www.notibras.com\/site\/oab-reune-pais-para-debater-a-educacao\/\" \/>\n<meta property=\"og:locale\" content=\"pt_BR\" \/>\n<meta property=\"og:type\" content=\"article\" \/>\n<meta property=\"og:title\" content=\"OAB re\u00fane pais para debater a educa\u00e7\u00e3o - Notibras\" \/>\n<meta property=\"og:description\" content=\"A Subse\u00e7\u00e3o da OAB no Riacho Fundo promover\u00e1, no dia 16 de junho, uma audi\u00eancia p\u00fablica para debater problemas que afetam fam\u00edlias e, no efeito domin\u00f3, crian\u00e7as e adolescentes. O trabalho ser\u00e1 coordenado pelo advogado Maximiniano Magalh\u00e3es, presidente da Comiss\u00e3o de Integra\u00e7\u00e3o com a Sociedade Civil. O evento se estender\u00e1 das 14 \u00e0s 18 horas, [&hellip;]\" \/>\n<meta property=\"og:url\" content=\"https:\/\/www.notibras.com\/site\/oab-reune-pais-para-debater-a-educacao\/\" \/>\n<meta property=\"og:site_name\" content=\"Notibras\" \/>\n<meta property=\"article:publisher\" content=\"https:\/\/www.facebook.com\/notibras\/\" \/>\n<meta property=\"article:published_time\" content=\"2023-05-13T22:40:58+00:00\" \/>\n<meta property=\"article:modified_time\" content=\"2023-05-13T22:46:02+00:00\" \/>\n<meta property=\"og:image\" content=\"https:\/\/www.notibras.com\/site\/wp-content\/uploads\/2022\/02\/escola-gabriel-jabur.jpg\" \/>\n\t<meta property=\"og:image:width\" content=\"1170\" \/>\n\t<meta property=\"og:image:height\" content=\"700\" \/>\n\t<meta property=\"og:image:type\" content=\"image\/jpeg\" \/>\n<meta name=\"author\" content=\"Reda\u00e7\u00e3o\" \/>\n<meta name=\"twitter:card\" content=\"summary_large_image\" \/>\n<meta name=\"twitter:creator\" content=\"@Notibras\" \/>\n<meta name=\"twitter:site\" content=\"@Notibras\" \/>\n<meta name=\"twitter:label1\" content=\"Escrito por\" \/>\n\t<meta name=\"twitter:data1\" content=\"Reda\u00e7\u00e3o\" \/>\n\t<meta name=\"twitter:label2\" content=\"Est. tempo de leitura\" \/>\n\t<meta name=\"twitter:data2\" content=\"2 minutos\" \/>\n<script type=\"application\/ld+json\" class=\"yoast-schema-graph\">{\"@context\":\"https:\/\/schema.org\",\"@graph\":[{\"@type\":\"Article\",\"@id\":\"https:\/\/www.notibras.com\/site\/oab-reune-pais-para-debater-a-educacao\/#article\",\"isPartOf\":{\"@id\":\"https:\/\/www.notibras.com\/site\/oab-reune-pais-para-debater-a-educacao\/\"},\"author\":{\"name\":\"Reda\u00e7\u00e3o\",\"@id\":\"https:\/\/www.notibras.com\/site\/#\/schema\/person\/36ab0979449956132d3e5b517ea76ac8\"},\"headline\":\"OAB re\u00fane pais para debater a educa\u00e7\u00e3o\",\"datePublished\":\"2023-05-13T22:40:58+00:00\",\"dateModified\":\"2023-05-13T22:46:02+00:00\",\"mainEntityOfPage\":{\"@id\":\"https:\/\/www.notibras.com\/site\/oab-reune-pais-para-debater-a-educacao\/\"},\"wordCount\":250,\"publisher\":{\"@id\":\"https:\/\/www.notibras.com\/site\/#organization\"},\"image\":{\"@id\":\"https:\/\/www.notibras.com\/site\/oab-reune-pais-para-debater-a-educacao\/#primaryimage\"},\"thumbnailUrl\":\"https:\/\/www.notibras.com\/site\/wp-content\/uploads\/2022\/02\/escola-gabriel-jabur.jpg\",\"articleSection\":[\"Quadradinho em Foco\"],\"inLanguage\":\"pt-BR\"},{\"@type\":\"WebPage\",\"@id\":\"https:\/\/www.notibras.com\/site\/oab-reune-pais-para-debater-a-educacao\/\",\"url\":\"https:\/\/www.notibras.com\/site\/oab-reune-pais-para-debater-a-educacao\/\",\"name\":\"OAB re\u00fane pais para debater a educa\u00e7\u00e3o - Notibras\",\"isPartOf\":{\"@id\":\"https:\/\/www.notibras.com\/site\/#website\"},\"primaryImageOfPage\":{\"@id\":\"https:\/\/www.notibras.com\/site\/oab-reune-pais-para-debater-a-educacao\/#primaryimage\"},\"image\":{\"@id\":\"https:\/\/www.notibras.com\/site\/oab-reune-pais-para-debater-a-educacao\/#primaryimage\"},\"thumbnailUrl\":\"https:\/\/www.notibras.com\/site\/wp-content\/uploads\/2022\/02\/escola-gabriel-jabur.jpg\",\"datePublished\":\"2023-05-13T22:40:58+00:00\",\"dateModified\":\"2023-05-13T22:46:02+00:00\",\"breadcrumb\":{\"@id\":\"https:\/\/www.notibras.com\/site\/oab-reune-pais-para-debater-a-educacao\/#breadcrumb\"},\"inLanguage\":\"pt-BR\",\"potentialAction\":[{\"@type\":\"ReadAction\",\"target\":[\"https:\/\/www.notibras.com\/site\/oab-reune-pais-para-debater-a-educacao\/\"]}]},{\"@type\":\"ImageObject\",\"inLanguage\":\"pt-BR\",\"@id\":\"https:\/\/www.notibras.com\/site\/oab-reune-pais-para-debater-a-educacao\/#primaryimage\",\"url\":\"https:\/\/www.notibras.com\/site\/wp-content\/uploads\/2022\/02\/escola-gabriel-jabur.jpg\",\"contentUrl\":\"https:\/\/www.notibras.com\/site\/wp-content\/uploads\/2022\/02\/escola-gabriel-jabur.jpg\",\"width\":1170,\"height\":700,\"caption\":\"Estudantes brasilienses concluem simulado do Enem Col\u00e9gio Setor Oeste, Asa Sul, Bras\u00edlia, DF, Brasil 7\/7\/2016 Foto: Gabriel Jabur\/Ag\u00eancia Bras\u00edlia.\"},{\"@type\":\"BreadcrumbList\",\"@id\":\"https:\/\/www.notibras.com\/site\/oab-reune-pais-para-debater-a-educacao\/#breadcrumb\",\"itemListElement\":[{\"@type\":\"ListItem\",\"position\":1,\"name\":\"In\u00edcio\",\"item\":\"https:\/\/www.notibras.com\/site\/\"},{\"@type\":\"ListItem\",\"position\":2,\"name\":\"OAB re\u00fane pais para debater a educa\u00e7\u00e3o\"}]},{\"@type\":\"WebSite\",\"@id\":\"https:\/\/www.notibras.com\/site\/#website\",\"url\":\"https:\/\/www.notibras.com\/site\/\",\"name\":\"Notibras\",\"description\":\"Not\u00edcias de Bras\u00edlia, do Brasil e do Mundo\",\"publisher\":{\"@id\":\"https:\/\/www.notibras.com\/site\/#organization\"},\"potentialAction\":[{\"@type\":\"SearchAction\",\"target\":{\"@type\":\"EntryPoint\",\"urlTemplate\":\"https:\/\/www.notibras.com\/site\/?s={search_term_string}\"},\"query-input\":{\"@type\":\"PropertyValueSpecification\",\"valueRequired\":true,\"valueName\":\"search_term_string\"}}],\"inLanguage\":\"pt-BR\"},{\"@type\":\"Organization\",\"@id\":\"https:\/\/www.notibras.com\/site\/#organization\",\"name\":\"Grupo Notibras de Comunica\u00e7\u00e3o\",\"url\":\"https:\/\/www.notibras.com\/site\/\",\"logo\":{\"@type\":\"ImageObject\",\"inLanguage\":\"pt-BR\",\"@id\":\"https:\/\/www.notibras.com\/site\/#\/schema\/logo\/image\/\",\"url\":\"https:\/\/www.notibras.com\/site\/wp-content\/uploads\/2023\/01\/notibras23.png\",\"contentUrl\":\"https:\/\/www.notibras.com\/site\/wp-content\/uploads\/2023\/01\/notibras23.png\",\"width\":350,\"height\":87,\"caption\":\"Grupo Notibras de Comunica\u00e7\u00e3o\"},\"image\":{\"@id\":\"https:\/\/www.notibras.com\/site\/#\/schema\/logo\/image\/\"},\"sameAs\":[\"https:\/\/www.facebook.com\/notibras\/\",\"https:\/\/x.com\/Notibras\",\"https:\/\/www.instagram.com\/notibras\/\"]},{\"@type\":\"Person\",\"@id\":\"https:\/\/www.notibras.com\/site\/#\/schema\/person\/36ab0979449956132d3e5b517ea76ac8\",\"name\":\"Reda\u00e7\u00e3o\",\"image\":{\"@type\":\"ImageObject\",\"inLanguage\":\"pt-BR\",\"@id\":\"https:\/\/secure.gravatar.com\/avatar\/e0a867bdedb85fd243eadf09663511f96fc81e0720a4a42581f334ad4303aa6b?s=96&d=mm&r=g\",\"url\":\"https:\/\/secure.gravatar.com\/avatar\/e0a867bdedb85fd243eadf09663511f96fc81e0720a4a42581f334ad4303aa6b?s=96&d=mm&r=g\",\"contentUrl\":\"https:\/\/secure.gravatar.com\/avatar\/e0a867bdedb85fd243eadf09663511f96fc81e0720a4a42581f334ad4303aa6b?s=96&d=mm&r=g\",\"caption\":\"Reda\u00e7\u00e3o\"}}]}<\/script>\n<!-- \/ Yoast SEO plugin. -->","yoast_head_json":{"title":"OAB re\u00fane pais para debater a educa\u00e7\u00e3o - Notibras","robots":{"index":"index","follow":"follow","max-snippet":"max-snippet:-1","max-image-preview":"max-image-preview:large","max-video-preview":"max-video-preview:-1"},"canonical":"https:\/\/www.notibras.com\/site\/oab-reune-pais-para-debater-a-educacao\/","og_locale":"pt_BR","og_type":"article","og_title":"OAB re\u00fane pais para debater a educa\u00e7\u00e3o - Notibras","og_description":"A Subse\u00e7\u00e3o da OAB no Riacho Fundo promover\u00e1, no dia 16 de junho, uma audi\u00eancia p\u00fablica para debater problemas que afetam fam\u00edlias e, no efeito domin\u00f3, crian\u00e7as e adolescentes. O trabalho ser\u00e1 coordenado pelo advogado Maximiniano Magalh\u00e3es, presidente da Comiss\u00e3o de Integra\u00e7\u00e3o com a Sociedade Civil. O evento se estender\u00e1 das 14 \u00e0s 18 horas, [&hellip;]","og_url":"https:\/\/www.notibras.com\/site\/oab-reune-pais-para-debater-a-educacao\/","og_site_name":"Notibras","article_publisher":"https:\/\/www.facebook.com\/notibras\/","article_published_time":"2023-05-13T22:40:58+00:00","article_modified_time":"2023-05-13T22:46:02+00:00","og_image":[{"width":1170,"height":700,"url":"https:\/\/www.notibras.com\/site\/wp-content\/uploads\/2022\/02\/escola-gabriel-jabur.jpg","type":"image\/jpeg"}],"author":"Reda\u00e7\u00e3o","twitter_card":"summary_large_image","twitter_creator":"@Notibras","twitter_site":"@Notibras","twitter_misc":{"Escrito por":"Reda\u00e7\u00e3o","Est. tempo de leitura":"2 minutos"},"schema":{"@context":"https:\/\/schema.org","@graph":[{"@type":"Article","@id":"https:\/\/www.notibras.com\/site\/oab-reune-pais-para-debater-a-educacao\/#article","isPartOf":{"@id":"https:\/\/www.notibras.com\/site\/oab-reune-pais-para-debater-a-educacao\/"},"author":{"name":"Reda\u00e7\u00e3o","@id":"https:\/\/www.notibras.com\/site\/#\/schema\/person\/36ab0979449956132d3e5b517ea76ac8"},"headline":"OAB re\u00fane pais para debater a educa\u00e7\u00e3o","datePublished":"2023-05-13T22:40:58+00:00","dateModified":"2023-05-13T22:46:02+00:00","mainEntityOfPage":{"@id":"https:\/\/www.notibras.com\/site\/oab-reune-pais-para-debater-a-educacao\/"},"wordCount":250,"publisher":{"@id":"https:\/\/www.notibras.com\/site\/#organization"},"image":{"@id":"https:\/\/www.notibras.com\/site\/oab-reune-pais-para-debater-a-educacao\/#primaryimage"},"thumbnailUrl":"https:\/\/www.notibras.com\/site\/wp-content\/uploads\/2022\/02\/escola-gabriel-jabur.jpg","articleSection":["Quadradinho em Foco"],"inLanguage":"pt-BR"},{"@type":"WebPage","@id":"https:\/\/www.notibras.com\/site\/oab-reune-pais-para-debater-a-educacao\/","url":"https:\/\/www.notibras.com\/site\/oab-reune-pais-para-debater-a-educacao\/","name":"OAB re\u00fane pais para debater a educa\u00e7\u00e3o - Notibras","isPartOf":{"@id":"https:\/\/www.notibras.com\/site\/#website"},"primaryImageOfPage":{"@id":"https:\/\/www.notibras.com\/site\/oab-reune-pais-para-debater-a-educacao\/#primaryimage"},"image":{"@id":"https:\/\/www.notibras.com\/site\/oab-reune-pais-para-debater-a-educacao\/#primaryimage"},"thumbnailUrl":"https:\/\/www.notibras.com\/site\/wp-content\/uploads\/2022\/02\/escola-gabriel-jabur.jpg","datePublished":"2023-05-13T22:40:58+00:00","dateModified":"2023-05-13T22:46:02+00:00","breadcrumb":{"@id":"https:\/\/www.notibras.com\/site\/oab-reune-pais-para-debater-a-educacao\/#breadcrumb"},"inLanguage":"pt-BR","potentialAction":[{"@type":"ReadAction","target":["https:\/\/www.notibras.com\/site\/oab-reune-pais-para-debater-a-educacao\/"]}]},{"@type":"ImageObject","inLanguage":"pt-BR","@id":"https:\/\/www.notibras.com\/site\/oab-reune-pais-para-debater-a-educacao\/#primaryimage","url":"https:\/\/www.notibras.com\/site\/wp-content\/uploads\/2022\/02\/escola-gabriel-jabur.jpg","contentUrl":"https:\/\/www.notibras.com\/site\/wp-content\/uploads\/2022\/02\/escola-gabriel-jabur.jpg","width":1170,"height":700,"caption":"Estudantes brasilienses concluem simulado do Enem Col\u00e9gio Setor Oeste, Asa Sul, Bras\u00edlia, DF, Brasil 7\/7\/2016 Foto: Gabriel Jabur\/Ag\u00eancia Bras\u00edlia."},{"@type":"BreadcrumbList","@id":"https:\/\/www.notibras.com\/site\/oab-reune-pais-para-debater-a-educacao\/#breadcrumb","itemListElement":[{"@type":"ListItem","position":1,"name":"In\u00edcio","item":"https:\/\/www.notibras.com\/site\/"},{"@type":"ListItem","position":2,"name":"OAB re\u00fane pais para debater a educa\u00e7\u00e3o"}]},{"@type":"WebSite","@id":"https:\/\/www.notibras.com\/site\/#website","url":"https:\/\/www.notibras.com\/site\/","name":"Notibras","description":"Not\u00edcias de Bras\u00edlia, do Brasil e do Mundo","publisher":{"@id":"https:\/\/www.notibras.com\/site\/#organization"},"potentialAction":[{"@type":"SearchAction","target":{"@type":"EntryPoint","urlTemplate":"https:\/\/www.notibras.com\/site\/?s={search_term_string}"},"query-input":{"@type":"PropertyValueSpecification","valueRequired":true,"valueName":"search_term_string"}}],"inLanguage":"pt-BR"},{"@type":"Organization","@id":"https:\/\/www.notibras.com\/site\/#organization","name":"Grupo Notibras de Comunica\u00e7\u00e3o","url":"https:\/\/www.notibras.com\/site\/","logo":{"@type":"ImageObject","inLanguage":"pt-BR","@id":"https:\/\/www.notibras.com\/site\/#\/schema\/logo\/image\/","url":"https:\/\/www.notibras.com\/site\/wp-content\/uploads\/2023\/01\/notibras23.png","contentUrl":"https:\/\/www.notibras.com\/site\/wp-content\/uploads\/2023\/01\/notibras23.png","width":350,"height":87,"caption":"Grupo Notibras de Comunica\u00e7\u00e3o"},"image":{"@id":"https:\/\/www.notibras.com\/site\/#\/schema\/logo\/image\/"},"sameAs":["https:\/\/www.facebook.com\/notibras\/","https:\/\/x.com\/Notibras","https:\/\/www.instagram.com\/notibras\/"]},{"@type":"Person","@id":"https:\/\/www.notibras.com\/site\/#\/schema\/person\/36ab0979449956132d3e5b517ea76ac8","name":"Reda\u00e7\u00e3o","image":{"@type":"ImageObject","inLanguage":"pt-BR","@id":"https:\/\/secure.gravatar.com\/avatar\/e0a867bdedb85fd243eadf09663511f96fc81e0720a4a42581f334ad4303aa6b?s=96&d=mm&r=g","url":"https:\/\/secure.gravatar.com\/avatar\/e0a867bdedb85fd243eadf09663511f96fc81e0720a4a42581f334ad4303aa6b?s=96&d=mm&r=g","contentUrl":"https:\/\/secure.gravatar.com\/avatar\/e0a867bdedb85fd243eadf09663511f96fc81e0720a4a42581f334ad4303aa6b?s=96&d=mm&r=g","caption":"Reda\u00e7\u00e3o"}}]}},"amp_enabled":true,"_links":{"self":[{"href":"https:\/\/www.notibras.com\/site\/wp-json\/wp\/v2\/posts\/304817","targetHints":{"allow":["GET"]}}],"collection":[{"href":"https:\/\/www.notibras.com\/site\/wp-json\/wp\/v2\/posts"}],"about":[{"href":"https:\/\/www.notibras.com\/site\/wp-json\/wp\/v2\/types\/post"}],"author":[{"embeddable":true,"href":"https:\/\/www.notibras.com\/site\/wp-json\/wp\/v2\/users\/2"}],"replies":[{"embeddable":true,"href":"https:\/\/www.notibras.com\/site\/wp-json\/wp\/v2\/comments?post=304817"}],"version-history":[{"count":3,"href":"https:\/\/www.notibras.com\/site\/wp-json\/wp\/v2\/posts\/304817\/revisions"}],"predecessor-version":[{"id":304820,"href":"https:\/\/www.notibras.com\/site\/wp-json\/wp\/v2\/posts\/304817\/revisions\/304820"}],"wp:featuredmedia":[{"embeddable":true,"href":"https:\/\/www.notibras.com\/site\/wp-json\/wp\/v2\/media\/279377"}],"wp:attachment":[{"href":"https:\/\/www.notibras.com\/site\/wp-json\/wp\/v2\/media?parent=304817"}],"wp:term":[{"taxonomy":"category","embeddable":true,"href":"https:\/\/www.notibras.com\/site\/wp-json\/wp\/v2\/categories?post=304817"},{"taxonomy":"post_tag","embeddable":true,"href":"https:\/\/www.notibras.com\/site\/wp-json\/wp\/v2\/tags?post=304817"}],"curies":[{"name":"wp","href":"https:\/\/api.w.org\/{rel}","templated":true}]}}