{"id":304846,"date":"2023-05-14T11:29:07","date_gmt":"2023-05-14T14:29:07","guid":{"rendered":"https:\/\/www.notibras.com\/site\/?p=304846"},"modified":"2023-05-14T19:38:46","modified_gmt":"2023-05-14T22:38:46","slug":"celeiro-de-aguas-cerrado-se-secar-provocara-sede-no-brasil","status":"publish","type":"post","link":"https:\/\/www.notibras.com\/site\/celeiro-de-aguas-cerrado-se-secar-provocara-sede-no-brasil\/","title":{"rendered":"Celeiro de \u00e1guas, Cerrado, se secar, provocar\u00e1 sede no Brasil"},"content":{"rendered":"<p>O desmatamento no Cerrado aumentou 14,5% entre janeiro e abril de 2023, sendo o maior dos \u00faltimos cinco anos na compara\u00e7\u00e3o com o mesmo per\u00edodo. Os dados s\u00e3o do Instituto Nacional de Pesquisas Espaciais (Inpe). Considerando apenas abril, os alertas de desmatamento foram 31% mais intensos este ano, na compara\u00e7\u00e3o com 2022.<\/p>\n<p>Para os ambientalistas, esses n\u00fameros representam uma amea\u00e7a n\u00e3o apenas \u00e0 biodiversidade e aos povos tradicionais da regi\u00e3o, mas podem levar a crises mais amplas no fornecimento de recursos b\u00e1sicos, tais como \u00e1gua, energia e alimentos.<\/p>\n<p>Ros\u00e2ngela Corr\u00eaa, diretora do Museu do Cerrado e professora da Universidade de Bras\u00edlia, lembra que a perda da cobertura vegetal nativa provocar\u00e1 mais calor e seca na regi\u00e3o.<\/p>\n<p>\u201cUm preju\u00edzo ineg\u00e1vel para o agroneg\u00f3cio, mas tamb\u00e9m para toda a popula\u00e7\u00e3o que poder\u00e1 ficar sem \u00e1gua. Sem Cerrado, o Brasil morrer\u00e1 de sede!\u201d, alerta.<\/p>\n<p>Distribu\u00eddo em 14 estados e no Distrito Federal, esse bioma abriga 131.991 nascentes, segundo dados do Museu do Cerrado, sendo uma das mais importantes fontes de \u00e1gua do pa\u00eds.<\/p>\n<p>O ativista ambiental Nicolas Behr destaca ainda que a degrada\u00e7\u00e3o do bioma pode afetar o fornecimento de energia em outras regi\u00f5es. A Bacia do Paran\u00e1, respons\u00e1vel pela maior parte da gera\u00e7\u00e3o de energia el\u00e9trica no pa\u00eds, depende de v\u00e1rios rios que nascem em \u00e1reas de Cerrado e, em 2021, sofreu a menor vaz\u00e3o j\u00e1 registrada. O risco foi de um apag\u00e3o no sistema el\u00e9trico brasileiro.<\/p>\n<p>\u201cA substitui\u00e7\u00e3o do ecossistema que est\u00e1 acontecendo no Cerrado pode afetar bastante o regime das chuvas e isso a\u00ed vai afetar a produ\u00e7\u00e3o de energia el\u00e9trica\u201d, destaca Behr.<\/p>\n<p><strong>Esponja do Brasil<\/strong><br \/>\nDas 12 bacias hidrogr\u00e1ficas do Brasil, oito nascem em regi\u00e3o de Cerrado. Para os ambientalistas, a convers\u00e3o generalizada das terras para a agricultura degradou o bioma, diminuindo a disponibilidade e a quantidade da \u00e1gua n\u00e3o s\u00f3 na savana, mas tamb\u00e9m em grandes cidades.<\/p>\n<p>\u201cAtualmente, 110 milh\u00f5es de hectares do Cerrado, ou seja, 49% do total, j\u00e1 foram destru\u00eddos, sendo substitu\u00eddos pelo cultivo extensivo de commodities agr\u00edcolas\u201d, explica Corr\u00eaa.<\/p>\n<p>Pasto para gado, cana-de-a\u00e7\u00facar, eucalipto, soja e algod\u00e3o s\u00e3o algumas das monoculturas que avan\u00e7am na regi\u00e3o, afetando as nascentes e os reservat\u00f3rios naturais.<\/p>\n<p>O Cerrado \u00e9 um mosaico de paisagens florestais, sav\u00e2nicas e campestres. Com ra\u00edzes profundas, suas \u00e1rvores atuam como esponjas, absorvendo a \u00e1gua da chuva para deposit\u00e1-la em reservat\u00f3rios subterr\u00e2neos chamadas aqu\u00edferos. Com a substitui\u00e7\u00e3o da vegeta\u00e7\u00e3o nativa por monoculturas, os aqu\u00edferos n\u00e3o recebem \u00e1gua e deixam de abastecer as diversas nascentes que alimentam as bacias hidrogr\u00e1ficas. \u201cEstou ligado ao Cerrado desde crian\u00e7a, quando eu andava pescando nos rios, comendo frutas, observando a fauna, era uma regi\u00e3o bem selvagem e hoje realmente est\u00e1 muito degradada\u201d, comenta Behr, que \u00e9 cuiabano e cresceu no norte do Mato Grosso.<\/p>\n<p>Para ele, o bioma \u00e9 mais agredido por ser uma vegeta\u00e7\u00e3o rasteira, visualmente menos exuberante que as florestas. \u201cAs pessoas n\u00e3o querem se identificar com as \u00e1rvores tortas do Cerrado, que \u00e9 o patinho feio da vegeta\u00e7\u00e3o brasileira, ent\u00e3o pensam que podem tirar, que podem destruir, porque n\u00e3o vale nada\u201d, diz o ativista.<\/p>\n<p>Segundo Corr\u00eaa, a maior parte da vegeta\u00e7\u00e3o nativa atualmente se encontra em \u00e1reas privadas, o que refor\u00e7a a necessidade de articula\u00e7\u00e3o do governo com o setor. \u201cOs dados do Sistema de Alerta de Desmatamento do Cerrado mostram que a maior parte do desmatamento no bioma segue ocorrendo em propriedades privadas. Em janeiro de 2023, 85% ficou concentrado em \u00e1reas privadas\u201d, destaca.<\/p>\n<p><strong>O que tem sido feito?<\/strong><br \/>\nEm nota, o Minist\u00e9rio do Meio Ambiente e Mudan\u00e7a do Clima (MMA) informa que determinou a apura\u00e7\u00e3o dos alertas divulgados pelo Inpe, a fim de verificar se foram desmatamentos autorizados pelas autoridades estaduais competentes. O MMA determinou tamb\u00e9m a verifica\u00e7\u00e3o das bases legais das autoriza\u00e7\u00f5es emitidas, bem como a a\u00e7\u00e3o imediata do Ibama nos casos de \u00e1reas desmatadas de forma irregular. De acordo com a pasta, houve aumento de 169% dos autos de infra\u00e7\u00e3o no Cerrado de janeiro a abril em rela\u00e7\u00e3o \u00e0 m\u00e9dia na gest\u00e3o anterior.<\/p>\n<p>Atualmente, a C\u00e2mara analisa a Proposta de Emenda \u00e0 Constitui\u00e7\u00e3o (PEC) 504\/10, do Senado, que inclui o Cerrado e a Caatinga entre os bens considerados patrim\u00f4nios nacionais. Segundo a Constitui\u00e7\u00e3o, atualmente s\u00e3o patrim\u00f4nios a Amaz\u00f4nia, a Mata Atl\u00e2ntica, a Serra do Mar, o Pantanal e a Zona Costeira. \u201c\u00c9 absolutamente necess\u00e1rio aprovarmos a PEC 504\/10 como prop\u00f5e a campanha nacional em defesa do Cerrado para efetivamente demandar a implanta\u00e7\u00e3o de pol\u00edticas p\u00fablicas para impedir o ecoc\u00eddio do Cerrado e genoc\u00eddio dos seus povos ind\u00edgenas e comunidades tradicionais\u201d, afirma Corr\u00eaa.<\/p>\n<p>Para Behr, a inclus\u00e3o do bioma nesse texto seria simbolicamente importante, mas n\u00e3o necessariamente beneficiaria a regi\u00e3o. \u201cA prote\u00e7\u00e3o efetiva \u00e9 valorizar as popula\u00e7\u00f5es extrativistas, ind\u00edgenas, ribeirinhas, buscar uso o sustentado do Cerrado, mas principalmente a cria\u00e7\u00e3o de mais reservas ecol\u00f3gicas, parques nacionais e \u00e1reas protegidas\u201d, aponta. Corr\u00eaa tamb\u00e9m destaca a import\u00e2ncia da cria\u00e7\u00e3o de novas unidades de conserva\u00e7\u00e3o e do fim da isen\u00e7\u00e3o de impostos aos agrot\u00f3xicos, al\u00e9m da necessidade de um projeto de lei que proteja de modo especial as \u00e1reas de recarga dos aqu\u00edferos.<\/p>\n","protected":false},"excerpt":{"rendered":"<p>O desmatamento no Cerrado aumentou 14,5% entre janeiro e abril de 2023, sendo o maior dos \u00faltimos cinco anos na compara\u00e7\u00e3o com o mesmo per\u00edodo. Os dados s\u00e3o do Instituto Nacional de Pesquisas Espaciais (Inpe). Considerando apenas abril, os alertas de desmatamento foram 31% mais intensos este ano, na compara\u00e7\u00e3o com 2022. Para os ambientalistas, [&hellip;]<\/p>\n","protected":false},"author":2,"featured_media":304847,"comment_status":"closed","ping_status":"closed","sticky":false,"template":"","format":"standard","meta":{"_acf_changed":false,"footnotes":""},"categories":[161],"tags":[95],"class_list":["post-304846","post","type-post","status-publish","format-standard","has-post-thumbnail","hentry","category-quadradinho-em-foco","tag-capa"],"acf":[],"yoast_head":"<!-- This site is optimized with the Yoast SEO plugin v27.2 - https:\/\/yoast.com\/product\/yoast-seo-wordpress\/ -->\n<title>Celeiro de \u00e1guas, Cerrado, se secar, provocar\u00e1 sede no Brasil - Notibras<\/title>\n<meta name=\"robots\" content=\"index, follow, max-snippet:-1, max-image-preview:large, max-video-preview:-1\" \/>\n<link rel=\"canonical\" href=\"https:\/\/www.notibras.com\/site\/celeiro-de-aguas-cerrado-se-secar-provocara-sede-no-brasil\/\" \/>\n<meta property=\"og:locale\" content=\"pt_BR\" \/>\n<meta property=\"og:type\" content=\"article\" \/>\n<meta property=\"og:title\" content=\"Celeiro de \u00e1guas, Cerrado, se secar, provocar\u00e1 sede no Brasil - Notibras\" \/>\n<meta property=\"og:description\" content=\"O desmatamento no Cerrado aumentou 14,5% entre janeiro e abril de 2023, sendo o maior dos \u00faltimos cinco anos na compara\u00e7\u00e3o com o mesmo per\u00edodo. Os dados s\u00e3o do Instituto Nacional de Pesquisas Espaciais (Inpe). Considerando apenas abril, os alertas de desmatamento foram 31% mais intensos este ano, na compara\u00e7\u00e3o com 2022. Para os ambientalistas, [&hellip;]\" \/>\n<meta property=\"og:url\" content=\"https:\/\/www.notibras.com\/site\/celeiro-de-aguas-cerrado-se-secar-provocara-sede-no-brasil\/\" \/>\n<meta property=\"og:site_name\" content=\"Notibras\" \/>\n<meta property=\"article:publisher\" content=\"https:\/\/www.facebook.com\/notibras\/\" \/>\n<meta property=\"article:published_time\" content=\"2023-05-14T14:29:07+00:00\" \/>\n<meta property=\"article:modified_time\" content=\"2023-05-14T22:38:46+00:00\" \/>\n<meta property=\"og:image\" content=\"https:\/\/www.notibras.com\/site\/wp-content\/uploads\/2023\/05\/2023-01-04t011928z_1_lynxmpej0300u_rtroptp_3_brazil-environment.jpg\" \/>\n\t<meta property=\"og:image:width\" content=\"1170\" \/>\n\t<meta property=\"og:image:height\" content=\"700\" \/>\n\t<meta property=\"og:image:type\" content=\"image\/jpeg\" \/>\n<meta name=\"author\" content=\"Reda\u00e7\u00e3o\" \/>\n<meta name=\"twitter:card\" content=\"summary_large_image\" \/>\n<meta name=\"twitter:creator\" content=\"@Notibras\" \/>\n<meta name=\"twitter:site\" content=\"@Notibras\" \/>\n<meta name=\"twitter:label1\" content=\"Escrito por\" \/>\n\t<meta name=\"twitter:data1\" content=\"Reda\u00e7\u00e3o\" \/>\n\t<meta name=\"twitter:label2\" content=\"Est. tempo de leitura\" \/>\n\t<meta name=\"twitter:data2\" content=\"5 minutos\" \/>\n<script type=\"application\/ld+json\" class=\"yoast-schema-graph\">{\"@context\":\"https:\/\/schema.org\",\"@graph\":[{\"@type\":\"Article\",\"@id\":\"https:\/\/www.notibras.com\/site\/celeiro-de-aguas-cerrado-se-secar-provocara-sede-no-brasil\/#article\",\"isPartOf\":{\"@id\":\"https:\/\/www.notibras.com\/site\/celeiro-de-aguas-cerrado-se-secar-provocara-sede-no-brasil\/\"},\"author\":{\"name\":\"Reda\u00e7\u00e3o\",\"@id\":\"https:\/\/www.notibras.com\/site\/#\/schema\/person\/36ab0979449956132d3e5b517ea76ac8\"},\"headline\":\"Celeiro de \u00e1guas, Cerrado, se secar, provocar\u00e1 sede no Brasil\",\"datePublished\":\"2023-05-14T14:29:07+00:00\",\"dateModified\":\"2023-05-14T22:38:46+00:00\",\"mainEntityOfPage\":{\"@id\":\"https:\/\/www.notibras.com\/site\/celeiro-de-aguas-cerrado-se-secar-provocara-sede-no-brasil\/\"},\"wordCount\":937,\"publisher\":{\"@id\":\"https:\/\/www.notibras.com\/site\/#organization\"},\"image\":{\"@id\":\"https:\/\/www.notibras.com\/site\/celeiro-de-aguas-cerrado-se-secar-provocara-sede-no-brasil\/#primaryimage\"},\"thumbnailUrl\":\"https:\/\/www.notibras.com\/site\/wp-content\/uploads\/2023\/05\/2023-01-04t011928z_1_lynxmpej0300u_rtroptp_3_brazil-environment.jpg\",\"keywords\":[\"capa\"],\"articleSection\":[\"Quadradinho em Foco\"],\"inLanguage\":\"pt-BR\"},{\"@type\":\"WebPage\",\"@id\":\"https:\/\/www.notibras.com\/site\/celeiro-de-aguas-cerrado-se-secar-provocara-sede-no-brasil\/\",\"url\":\"https:\/\/www.notibras.com\/site\/celeiro-de-aguas-cerrado-se-secar-provocara-sede-no-brasil\/\",\"name\":\"Celeiro de \u00e1guas, Cerrado, se secar, provocar\u00e1 sede no Brasil - Notibras\",\"isPartOf\":{\"@id\":\"https:\/\/www.notibras.com\/site\/#website\"},\"primaryImageOfPage\":{\"@id\":\"https:\/\/www.notibras.com\/site\/celeiro-de-aguas-cerrado-se-secar-provocara-sede-no-brasil\/#primaryimage\"},\"image\":{\"@id\":\"https:\/\/www.notibras.com\/site\/celeiro-de-aguas-cerrado-se-secar-provocara-sede-no-brasil\/#primaryimage\"},\"thumbnailUrl\":\"https:\/\/www.notibras.com\/site\/wp-content\/uploads\/2023\/05\/2023-01-04t011928z_1_lynxmpej0300u_rtroptp_3_brazil-environment.jpg\",\"datePublished\":\"2023-05-14T14:29:07+00:00\",\"dateModified\":\"2023-05-14T22:38:46+00:00\",\"breadcrumb\":{\"@id\":\"https:\/\/www.notibras.com\/site\/celeiro-de-aguas-cerrado-se-secar-provocara-sede-no-brasil\/#breadcrumb\"},\"inLanguage\":\"pt-BR\",\"potentialAction\":[{\"@type\":\"ReadAction\",\"target\":[\"https:\/\/www.notibras.com\/site\/celeiro-de-aguas-cerrado-se-secar-provocara-sede-no-brasil\/\"]}]},{\"@type\":\"ImageObject\",\"inLanguage\":\"pt-BR\",\"@id\":\"https:\/\/www.notibras.com\/site\/celeiro-de-aguas-cerrado-se-secar-provocara-sede-no-brasil\/#primaryimage\",\"url\":\"https:\/\/www.notibras.com\/site\/wp-content\/uploads\/2023\/05\/2023-01-04t011928z_1_lynxmpej0300u_rtroptp_3_brazil-environment.jpg\",\"contentUrl\":\"https:\/\/www.notibras.com\/site\/wp-content\/uploads\/2023\/05\/2023-01-04t011928z_1_lynxmpej0300u_rtroptp_3_brazil-environment.jpg\",\"width\":1170,\"height\":700},{\"@type\":\"BreadcrumbList\",\"@id\":\"https:\/\/www.notibras.com\/site\/celeiro-de-aguas-cerrado-se-secar-provocara-sede-no-brasil\/#breadcrumb\",\"itemListElement\":[{\"@type\":\"ListItem\",\"position\":1,\"name\":\"In\u00edcio\",\"item\":\"https:\/\/www.notibras.com\/site\/\"},{\"@type\":\"ListItem\",\"position\":2,\"name\":\"Celeiro de \u00e1guas, Cerrado, se secar, provocar\u00e1 sede no Brasil\"}]},{\"@type\":\"WebSite\",\"@id\":\"https:\/\/www.notibras.com\/site\/#website\",\"url\":\"https:\/\/www.notibras.com\/site\/\",\"name\":\"Notibras\",\"description\":\"Not\u00edcias de Bras\u00edlia, do Brasil e do Mundo\",\"publisher\":{\"@id\":\"https:\/\/www.notibras.com\/site\/#organization\"},\"potentialAction\":[{\"@type\":\"SearchAction\",\"target\":{\"@type\":\"EntryPoint\",\"urlTemplate\":\"https:\/\/www.notibras.com\/site\/?s={search_term_string}\"},\"query-input\":{\"@type\":\"PropertyValueSpecification\",\"valueRequired\":true,\"valueName\":\"search_term_string\"}}],\"inLanguage\":\"pt-BR\"},{\"@type\":\"Organization\",\"@id\":\"https:\/\/www.notibras.com\/site\/#organization\",\"name\":\"Grupo Notibras de Comunica\u00e7\u00e3o\",\"url\":\"https:\/\/www.notibras.com\/site\/\",\"logo\":{\"@type\":\"ImageObject\",\"inLanguage\":\"pt-BR\",\"@id\":\"https:\/\/www.notibras.com\/site\/#\/schema\/logo\/image\/\",\"url\":\"https:\/\/www.notibras.com\/site\/wp-content\/uploads\/2023\/01\/notibras23.png\",\"contentUrl\":\"https:\/\/www.notibras.com\/site\/wp-content\/uploads\/2023\/01\/notibras23.png\",\"width\":350,\"height\":87,\"caption\":\"Grupo Notibras de Comunica\u00e7\u00e3o\"},\"image\":{\"@id\":\"https:\/\/www.notibras.com\/site\/#\/schema\/logo\/image\/\"},\"sameAs\":[\"https:\/\/www.facebook.com\/notibras\/\",\"https:\/\/x.com\/Notibras\",\"https:\/\/www.instagram.com\/notibras\/\"]},{\"@type\":\"Person\",\"@id\":\"https:\/\/www.notibras.com\/site\/#\/schema\/person\/36ab0979449956132d3e5b517ea76ac8\",\"name\":\"Reda\u00e7\u00e3o\",\"image\":{\"@type\":\"ImageObject\",\"inLanguage\":\"pt-BR\",\"@id\":\"https:\/\/secure.gravatar.com\/avatar\/e0a867bdedb85fd243eadf09663511f96fc81e0720a4a42581f334ad4303aa6b?s=96&d=mm&r=g\",\"url\":\"https:\/\/secure.gravatar.com\/avatar\/e0a867bdedb85fd243eadf09663511f96fc81e0720a4a42581f334ad4303aa6b?s=96&d=mm&r=g\",\"contentUrl\":\"https:\/\/secure.gravatar.com\/avatar\/e0a867bdedb85fd243eadf09663511f96fc81e0720a4a42581f334ad4303aa6b?s=96&d=mm&r=g\",\"caption\":\"Reda\u00e7\u00e3o\"}}]}<\/script>\n<!-- \/ Yoast SEO plugin. -->","yoast_head_json":{"title":"Celeiro de \u00e1guas, Cerrado, se secar, provocar\u00e1 sede no Brasil - Notibras","robots":{"index":"index","follow":"follow","max-snippet":"max-snippet:-1","max-image-preview":"max-image-preview:large","max-video-preview":"max-video-preview:-1"},"canonical":"https:\/\/www.notibras.com\/site\/celeiro-de-aguas-cerrado-se-secar-provocara-sede-no-brasil\/","og_locale":"pt_BR","og_type":"article","og_title":"Celeiro de \u00e1guas, Cerrado, se secar, provocar\u00e1 sede no Brasil - Notibras","og_description":"O desmatamento no Cerrado aumentou 14,5% entre janeiro e abril de 2023, sendo o maior dos \u00faltimos cinco anos na compara\u00e7\u00e3o com o mesmo per\u00edodo. Os dados s\u00e3o do Instituto Nacional de Pesquisas Espaciais (Inpe). Considerando apenas abril, os alertas de desmatamento foram 31% mais intensos este ano, na compara\u00e7\u00e3o com 2022. Para os ambientalistas, [&hellip;]","og_url":"https:\/\/www.notibras.com\/site\/celeiro-de-aguas-cerrado-se-secar-provocara-sede-no-brasil\/","og_site_name":"Notibras","article_publisher":"https:\/\/www.facebook.com\/notibras\/","article_published_time":"2023-05-14T14:29:07+00:00","article_modified_time":"2023-05-14T22:38:46+00:00","og_image":[{"width":1170,"height":700,"url":"https:\/\/www.notibras.com\/site\/wp-content\/uploads\/2023\/05\/2023-01-04t011928z_1_lynxmpej0300u_rtroptp_3_brazil-environment.jpg","type":"image\/jpeg"}],"author":"Reda\u00e7\u00e3o","twitter_card":"summary_large_image","twitter_creator":"@Notibras","twitter_site":"@Notibras","twitter_misc":{"Escrito por":"Reda\u00e7\u00e3o","Est. tempo de leitura":"5 minutos"},"schema":{"@context":"https:\/\/schema.org","@graph":[{"@type":"Article","@id":"https:\/\/www.notibras.com\/site\/celeiro-de-aguas-cerrado-se-secar-provocara-sede-no-brasil\/#article","isPartOf":{"@id":"https:\/\/www.notibras.com\/site\/celeiro-de-aguas-cerrado-se-secar-provocara-sede-no-brasil\/"},"author":{"name":"Reda\u00e7\u00e3o","@id":"https:\/\/www.notibras.com\/site\/#\/schema\/person\/36ab0979449956132d3e5b517ea76ac8"},"headline":"Celeiro de \u00e1guas, Cerrado, se secar, provocar\u00e1 sede no Brasil","datePublished":"2023-05-14T14:29:07+00:00","dateModified":"2023-05-14T22:38:46+00:00","mainEntityOfPage":{"@id":"https:\/\/www.notibras.com\/site\/celeiro-de-aguas-cerrado-se-secar-provocara-sede-no-brasil\/"},"wordCount":937,"publisher":{"@id":"https:\/\/www.notibras.com\/site\/#organization"},"image":{"@id":"https:\/\/www.notibras.com\/site\/celeiro-de-aguas-cerrado-se-secar-provocara-sede-no-brasil\/#primaryimage"},"thumbnailUrl":"https:\/\/www.notibras.com\/site\/wp-content\/uploads\/2023\/05\/2023-01-04t011928z_1_lynxmpej0300u_rtroptp_3_brazil-environment.jpg","keywords":["capa"],"articleSection":["Quadradinho em Foco"],"inLanguage":"pt-BR"},{"@type":"WebPage","@id":"https:\/\/www.notibras.com\/site\/celeiro-de-aguas-cerrado-se-secar-provocara-sede-no-brasil\/","url":"https:\/\/www.notibras.com\/site\/celeiro-de-aguas-cerrado-se-secar-provocara-sede-no-brasil\/","name":"Celeiro de \u00e1guas, Cerrado, se secar, provocar\u00e1 sede no Brasil - Notibras","isPartOf":{"@id":"https:\/\/www.notibras.com\/site\/#website"},"primaryImageOfPage":{"@id":"https:\/\/www.notibras.com\/site\/celeiro-de-aguas-cerrado-se-secar-provocara-sede-no-brasil\/#primaryimage"},"image":{"@id":"https:\/\/www.notibras.com\/site\/celeiro-de-aguas-cerrado-se-secar-provocara-sede-no-brasil\/#primaryimage"},"thumbnailUrl":"https:\/\/www.notibras.com\/site\/wp-content\/uploads\/2023\/05\/2023-01-04t011928z_1_lynxmpej0300u_rtroptp_3_brazil-environment.jpg","datePublished":"2023-05-14T14:29:07+00:00","dateModified":"2023-05-14T22:38:46+00:00","breadcrumb":{"@id":"https:\/\/www.notibras.com\/site\/celeiro-de-aguas-cerrado-se-secar-provocara-sede-no-brasil\/#breadcrumb"},"inLanguage":"pt-BR","potentialAction":[{"@type":"ReadAction","target":["https:\/\/www.notibras.com\/site\/celeiro-de-aguas-cerrado-se-secar-provocara-sede-no-brasil\/"]}]},{"@type":"ImageObject","inLanguage":"pt-BR","@id":"https:\/\/www.notibras.com\/site\/celeiro-de-aguas-cerrado-se-secar-provocara-sede-no-brasil\/#primaryimage","url":"https:\/\/www.notibras.com\/site\/wp-content\/uploads\/2023\/05\/2023-01-04t011928z_1_lynxmpej0300u_rtroptp_3_brazil-environment.jpg","contentUrl":"https:\/\/www.notibras.com\/site\/wp-content\/uploads\/2023\/05\/2023-01-04t011928z_1_lynxmpej0300u_rtroptp_3_brazil-environment.jpg","width":1170,"height":700},{"@type":"BreadcrumbList","@id":"https:\/\/www.notibras.com\/site\/celeiro-de-aguas-cerrado-se-secar-provocara-sede-no-brasil\/#breadcrumb","itemListElement":[{"@type":"ListItem","position":1,"name":"In\u00edcio","item":"https:\/\/www.notibras.com\/site\/"},{"@type":"ListItem","position":2,"name":"Celeiro de \u00e1guas, Cerrado, se secar, provocar\u00e1 sede no Brasil"}]},{"@type":"WebSite","@id":"https:\/\/www.notibras.com\/site\/#website","url":"https:\/\/www.notibras.com\/site\/","name":"Notibras","description":"Not\u00edcias de Bras\u00edlia, do Brasil e do Mundo","publisher":{"@id":"https:\/\/www.notibras.com\/site\/#organization"},"potentialAction":[{"@type":"SearchAction","target":{"@type":"EntryPoint","urlTemplate":"https:\/\/www.notibras.com\/site\/?s={search_term_string}"},"query-input":{"@type":"PropertyValueSpecification","valueRequired":true,"valueName":"search_term_string"}}],"inLanguage":"pt-BR"},{"@type":"Organization","@id":"https:\/\/www.notibras.com\/site\/#organization","name":"Grupo Notibras de Comunica\u00e7\u00e3o","url":"https:\/\/www.notibras.com\/site\/","logo":{"@type":"ImageObject","inLanguage":"pt-BR","@id":"https:\/\/www.notibras.com\/site\/#\/schema\/logo\/image\/","url":"https:\/\/www.notibras.com\/site\/wp-content\/uploads\/2023\/01\/notibras23.png","contentUrl":"https:\/\/www.notibras.com\/site\/wp-content\/uploads\/2023\/01\/notibras23.png","width":350,"height":87,"caption":"Grupo Notibras de Comunica\u00e7\u00e3o"},"image":{"@id":"https:\/\/www.notibras.com\/site\/#\/schema\/logo\/image\/"},"sameAs":["https:\/\/www.facebook.com\/notibras\/","https:\/\/x.com\/Notibras","https:\/\/www.instagram.com\/notibras\/"]},{"@type":"Person","@id":"https:\/\/www.notibras.com\/site\/#\/schema\/person\/36ab0979449956132d3e5b517ea76ac8","name":"Reda\u00e7\u00e3o","image":{"@type":"ImageObject","inLanguage":"pt-BR","@id":"https:\/\/secure.gravatar.com\/avatar\/e0a867bdedb85fd243eadf09663511f96fc81e0720a4a42581f334ad4303aa6b?s=96&d=mm&r=g","url":"https:\/\/secure.gravatar.com\/avatar\/e0a867bdedb85fd243eadf09663511f96fc81e0720a4a42581f334ad4303aa6b?s=96&d=mm&r=g","contentUrl":"https:\/\/secure.gravatar.com\/avatar\/e0a867bdedb85fd243eadf09663511f96fc81e0720a4a42581f334ad4303aa6b?s=96&d=mm&r=g","caption":"Reda\u00e7\u00e3o"}}]}},"amp_enabled":true,"_links":{"self":[{"href":"https:\/\/www.notibras.com\/site\/wp-json\/wp\/v2\/posts\/304846","targetHints":{"allow":["GET"]}}],"collection":[{"href":"https:\/\/www.notibras.com\/site\/wp-json\/wp\/v2\/posts"}],"about":[{"href":"https:\/\/www.notibras.com\/site\/wp-json\/wp\/v2\/types\/post"}],"author":[{"embeddable":true,"href":"https:\/\/www.notibras.com\/site\/wp-json\/wp\/v2\/users\/2"}],"replies":[{"embeddable":true,"href":"https:\/\/www.notibras.com\/site\/wp-json\/wp\/v2\/comments?post=304846"}],"version-history":[{"count":2,"href":"https:\/\/www.notibras.com\/site\/wp-json\/wp\/v2\/posts\/304846\/revisions"}],"predecessor-version":[{"id":304888,"href":"https:\/\/www.notibras.com\/site\/wp-json\/wp\/v2\/posts\/304846\/revisions\/304888"}],"wp:featuredmedia":[{"embeddable":true,"href":"https:\/\/www.notibras.com\/site\/wp-json\/wp\/v2\/media\/304847"}],"wp:attachment":[{"href":"https:\/\/www.notibras.com\/site\/wp-json\/wp\/v2\/media?parent=304846"}],"wp:term":[{"taxonomy":"category","embeddable":true,"href":"https:\/\/www.notibras.com\/site\/wp-json\/wp\/v2\/categories?post=304846"},{"taxonomy":"post_tag","embeddable":true,"href":"https:\/\/www.notibras.com\/site\/wp-json\/wp\/v2\/tags?post=304846"}],"curies":[{"name":"wp","href":"https:\/\/api.w.org\/{rel}","templated":true}]}}