{"id":304849,"date":"2023-05-14T08:32:08","date_gmt":"2023-05-14T11:32:08","guid":{"rendered":"https:\/\/www.notibras.com\/site\/?p=304849"},"modified":"2023-05-14T10:35:34","modified_gmt":"2023-05-14T13:35:34","slug":"errou-na-conversa-com-o-leao-a-receita-ajuda","status":"publish","type":"post","link":"https:\/\/www.notibras.com\/site\/errou-na-conversa-com-o-leao-a-receita-ajuda\/","title":{"rendered":"Errou na conversa com o Le\u00e3o? A receita ajuda"},"content":{"rendered":"<p>Criada para dar comodidade ao contribuinte, a declara\u00e7\u00e3o pr\u00e9-preenchida do Imposto de Renda pode resultar em dor de cabe\u00e7a. Diverg\u00eancias de valores, dados incompletos e informa\u00e7\u00f5es duplicadas deixam o declarante em d\u00favida.<\/p>\n<p>Nesses casos, a Receita Federal \u00e9 bem clara. O contribuinte deve se basear nos comprovantes e nos documentos f\u00edsicos (ou em arquivos eletr\u00f4nicos) para preencher a declara\u00e7\u00e3o. Segundo o Fisco, a responsabilidade da declara\u00e7\u00e3o cabe ao contribuinte, o que obriga a revis\u00e3o dos dados autom\u00e1ticos enviados no documento pr\u00e9-preenchido. Isso porque posteriormente haver\u00e1 o cruzamento de informa\u00e7\u00f5es, com as duas partes podendo ser chamadas para prestar esclarecimentos.<\/p>\n<p>\u201cIndependentemente da informa\u00e7\u00e3o existente na pr\u00e9-preenchida, a declara\u00e7\u00e3o do Imposto de Renda deve refletir os comprovantes que o contribuinte possui. Assim, se ele tiver comprovante de uma despesa ou rendimento em um valor e a pr\u00e9-preenchida tiver valor diferente, deve ser declarado o que estiver comprovado\u201d, destacou a Receita Federal em nota enviada \u00e0 Ag\u00eancia Brasil.<\/p>\n<p>Em caso de informa\u00e7\u00f5es desconhecidas, a Receita aconselha a exclus\u00e3o dos dados. \u201cSe aparece na declara\u00e7\u00e3o pr\u00e9-preenchida informa\u00e7\u00e3o que o contribuinte desconhece, ele deve excluir de sua declara\u00e7\u00e3o. Somente devem ser apresentadas na declara\u00e7\u00e3o as informa\u00e7\u00f5es que o contribuinte puder comprovar\u201d, explicou o Fisco.<\/p>\n<p>Se faltarem dados, o contribuinte dever\u00e1 prestar a informa\u00e7\u00e3o com base nos comprovantes que possui. Em caso de informa\u00e7\u00e3o errada prestada pelas empresas e por profissionais aut\u00f4nomos que abasteceram a declara\u00e7\u00e3o pr\u00e9-preenchida, a Receita aconselha o contribuinte a contatar a fonte (empregador, m\u00e9dicos, cl\u00ednicas, planos de sa\u00fade, bancos, imobili\u00e1rias ou outros) para esclarecer os motivos da diverg\u00eancia ou pedir a retifica\u00e7\u00e3o dos dados.<\/p>\n<p><strong>Principais problemas<\/strong><br \/>\nSegundo o balan\u00e7o mais recente da Receita Federal, at\u00e9 19 de abril, pouco mais de 3,2 milh\u00f5es de contribuintes optaram pelo uso da declara\u00e7\u00e3o pr\u00e9-preenchida. Isso equivale a 22% dos cerca de 15 milh\u00f5es de Declara\u00e7\u00f5es do Imposto de Renda Pessoa F\u00edsica enviadas at\u00e9 essa data.<\/p>\n<p>Os principais erros relatados pelos contribuintes que usam a declara\u00e7\u00e3o pr\u00e9-preenchida, abrangem despesas m\u00e9dicas, valores ou dados errados em a\u00e7\u00f5es judiciais, dados incompletos ou valores errados em investimentos, aus\u00eancia de valores e de dados sobre aposentadorias e pens\u00f5es do Instituto Nacional do Seguro Social (INSS).<\/p>\n<p>Em outros casos, dados incompletos decorrem de informa\u00e7\u00f5es que ainda n\u00e3o constam da base de dados da declara\u00e7\u00e3o pr\u00e9-preenchida, como contribui\u00e7\u00f5es a fundos de pens\u00e3o. Para quem tem declara\u00e7\u00f5es mais complexas, como donos de im\u00f3vel e investidores, o documento pr\u00e9-preenchido acelera o processo de declara\u00e7\u00e3o, mas n\u00e3o o substitui e, caso haja diverg\u00eancia de valores, exige aten\u00e7\u00e3o para a corre\u00e7\u00e3o de dados.<\/p>\n<p>Em rela\u00e7\u00e3o aos investimentos, mais uma dificuldade. Desde 2021, a Receita obriga o declarante a informar o Cadastro Nacional de Pessoas Jur\u00eddicas (CNPJ( do fundo imobili\u00e1rio ou de investimentos, n\u00e3o da institui\u00e7\u00e3o financeira que os custodiam. Algumas declara\u00e7\u00f5es pr\u00e9-preenchidas, no entanto, est\u00e3o vindo com o Cadastro Nacional da Pessoa Jur\u00eddica (CNPJ) trocado. Tamb\u00e9m h\u00e1 troca de d\u00edgitos nos n\u00fameros de Cadastro Nacional de Pessoa F\u00edsica (CPF) fornecidos por imobili\u00e1rias e planos de sa\u00fade, o que resulta em patrim\u00f4nios ou dedu\u00e7\u00f5es indo para pessoas erradas na vers\u00e3o pr\u00e9-preenchida.<\/p>\n<p>Em rela\u00e7\u00e3o \u00e0s aposentadorias e pens\u00f5es, contribuintes reclamam de que o INSS n\u00e3o forneceu, nas declara\u00e7\u00f5es pr\u00e9-preenchidas, os rendimentos de quem recebeu abaixo do limite de isen\u00e7\u00e3o &#8211; R$ 28.559,70 &#8211; no ano anterior. Embora esses recursos n\u00e3o paguem imposto, os valores precisam ser declarados. Nesse caso, a orienta\u00e7\u00e3o \u00e9 pegar o comprovante fornecido pelo INSS e preencher a declara\u00e7\u00e3o.<\/p>\n<p><strong>Prioridade na restitui\u00e7\u00e3o<\/strong><br \/>\nFornecida a pessoas f\u00edsicas com contas prata ou ouro no Portal Gov.br desde o ano passado, a declara\u00e7\u00e3o pr\u00e9-preenchida traz vantagens para o contribuinte. Quem importa o documento preenchido com anteced\u00eancia para o programa gerador e come\u00e7a a fazer a declara\u00e7\u00e3o a partir dele tem prioridade na fila de restitui\u00e7\u00e3o do Imposto de Renda.<\/p>\n<p>A Receita promete ressarcir esses contribuintes no segundo lote &#8211; previsto para 30 de junho. Tradicionalmente, o primeiro lote &#8211; estimado para 31 de maio &#8211; \u00e9 reservado aos contribuintes com prioridade legal: pessoas a partir de 60 anos, pessoas com defici\u00eancia f\u00edsica ou mental ou doen\u00e7a grave e contribuintes que t\u00eam o magist\u00e9rio como principal fonte de renda.<\/p>\n<p>A declara\u00e7\u00e3o pr\u00e9-preenchida est\u00e1 mais completa neste ano. A Receita Federal ampliou a base de dados do formul\u00e1rio, dispon\u00edvel desde 15 de mar\u00e7o no Centro Virtual de Atendimento da Receita (e-CAC) &lt;cav.receita.fazenda.gov.br&gt;.<\/p>\n<p>A partir deste ano, a declara\u00e7\u00e3o pr\u00e9-preenchida tem as seguintes informa\u00e7\u00f5es:<\/p>\n<p>\u2022 Informa\u00e7\u00f5es sobre im\u00f3veis adquiridos e registrados em cart\u00f3rio, com base na Declara\u00e7\u00e3o de Opera\u00e7\u00f5es Imobili\u00e1rias (DOI)<\/p>\n<p>\u2022 Doa\u00e7\u00f5es efetuadas no ano-calend\u00e1rio declaradas por institui\u00e7\u00f5es em Declara\u00e7\u00e3o de Benef\u00edcios Fiscais (DBF)<\/p>\n<p>\u2022 Inclus\u00e3o de criptoativos declarados pelas exchanges (corretoras de ativos digitais)<\/p>\n<p>\u2022 Saldos a partir de R$ 140 de contas banc\u00e1rias e de investimento em 31\/12\/2022, desde que os dados de CNPJ, banco, conta, ag\u00eancia e saldo em 31\/12\/2021 tenham sido informados corretamente pelo contribuinte<\/p>\n<p>\u2022 Inclus\u00e3o de contas banc\u00e1rias e fundos de investimento n\u00e3o informados na declara\u00e7\u00e3o de 2022 ou abertos ap\u00f3s o envio da declara\u00e7\u00e3o do ano passado<\/p>\n<p>\u2022 Rendimentos de restitui\u00e7\u00e3o recebidos no ano-calend\u00e1rio<\/p>\n<p>Al\u00e9m desses dados, a declara\u00e7\u00e3o pr\u00e9-preenchida tem informa\u00e7\u00f5es relativas a fontes pagadoras, rendimentos, dedu\u00e7\u00f5es, bens e direitos e d\u00edvidas e \u00f4nus reais obtidas por declara\u00e7\u00f5es repassadas por empresas, planos de sa\u00fade, institui\u00e7\u00f5es financeiras e companhias imobili\u00e1rias \u00e0 Receita, cabendo apenas confirmar os dados ou alterar, incluir ou excluir informa\u00e7\u00f5es necess\u00e1rias. Tamb\u00e9m s\u00e3o fornecidas informa\u00e7\u00f5es de identifica\u00e7\u00e3o, endere\u00e7o, n\u00famero de recibo e dependentes.<\/p>\n<p><strong>Acesso \u00e0 declara\u00e7\u00e3o pr\u00e9-preenchida<\/strong><br \/>\nOutra novidade na declara\u00e7\u00e3o pr\u00e9-preenchida \u00e9 a autoriza\u00e7\u00e3o de acesso para que terceiros acessem o documento sem procura\u00e7\u00e3o eletr\u00f4nica. Segundo a Receita Federal, a novidade ajuda no preenchimento da Declara\u00e7\u00e3o do Imposto de Renda Pessoa F\u00edsica nos casos em que um \u00fanico membro da fam\u00edlia preenche os documentos dos demais.<\/p>\n<p>A autoriza\u00e7\u00e3o pode ser concedida no site da Receita Federal, na se\u00e7\u00e3o Meu Imposto de Renda &lt;https:\/\/www.gov.br\/receitafederal\/pt-br\/assuntos\/meu-imposto-de-renda&gt;, e no aplicativo de mesmo nome para celular ou tablet. Somente pessoas f\u00edsicas podem optar pela funcionalidade, com um CPF sendo autorizado por at\u00e9 cinco outros contribuintes.<\/p>\n<p>Apesar de dispensar a digita\u00e7\u00e3o dos dados, a declara\u00e7\u00e3o pr\u00e9-preenchida exige que o contribuinte confira se as informa\u00e7\u00f5es est\u00e3o corretas, comparando com os informes de rendimentos e recibos recolhidos.<\/p>\n","protected":false},"excerpt":{"rendered":"<p>Criada para dar comodidade ao contribuinte, a declara\u00e7\u00e3o pr\u00e9-preenchida do Imposto de Renda pode resultar em dor de cabe\u00e7a. Diverg\u00eancias de valores, dados incompletos e informa\u00e7\u00f5es duplicadas deixam o declarante em d\u00favida. Nesses casos, a Receita Federal \u00e9 bem clara. O contribuinte deve se basear nos comprovantes e nos documentos f\u00edsicos (ou em arquivos eletr\u00f4nicos) [&hellip;]<\/p>\n","protected":false},"author":2,"featured_media":304850,"comment_status":"closed","ping_status":"closed","sticky":false,"template":"","format":"standard","meta":{"_acf_changed":false,"footnotes":""},"categories":[161],"tags":[],"class_list":["post-304849","post","type-post","status-publish","format-standard","has-post-thumbnail","hentry","category-quadradinho-em-foco"],"acf":[],"yoast_head":"<!-- This site is optimized with the Yoast SEO plugin v27.2 - https:\/\/yoast.com\/product\/yoast-seo-wordpress\/ -->\n<title>Errou na conversa com o Le\u00e3o? A receita ajuda - Notibras<\/title>\n<meta name=\"robots\" content=\"index, follow, max-snippet:-1, max-image-preview:large, max-video-preview:-1\" \/>\n<link rel=\"canonical\" href=\"https:\/\/www.notibras.com\/site\/errou-na-conversa-com-o-leao-a-receita-ajuda\/\" \/>\n<meta property=\"og:locale\" content=\"pt_BR\" \/>\n<meta property=\"og:type\" content=\"article\" \/>\n<meta property=\"og:title\" content=\"Errou na conversa com o Le\u00e3o? A receita ajuda - Notibras\" \/>\n<meta property=\"og:description\" content=\"Criada para dar comodidade ao contribuinte, a declara\u00e7\u00e3o pr\u00e9-preenchida do Imposto de Renda pode resultar em dor de cabe\u00e7a. Diverg\u00eancias de valores, dados incompletos e informa\u00e7\u00f5es duplicadas deixam o declarante em d\u00favida. Nesses casos, a Receita Federal \u00e9 bem clara. O contribuinte deve se basear nos comprovantes e nos documentos f\u00edsicos (ou em arquivos eletr\u00f4nicos) [&hellip;]\" \/>\n<meta property=\"og:url\" content=\"https:\/\/www.notibras.com\/site\/errou-na-conversa-com-o-leao-a-receita-ajuda\/\" \/>\n<meta property=\"og:site_name\" content=\"Notibras\" \/>\n<meta property=\"article:publisher\" content=\"https:\/\/www.facebook.com\/notibras\/\" \/>\n<meta property=\"article:published_time\" content=\"2023-05-14T11:32:08+00:00\" \/>\n<meta property=\"article:modified_time\" content=\"2023-05-14T13:35:34+00:00\" \/>\n<meta property=\"og:image\" content=\"https:\/\/www.notibras.com\/site\/wp-content\/uploads\/2023\/05\/imposto-erro.jpg\" \/>\n\t<meta property=\"og:image:width\" content=\"1170\" \/>\n\t<meta property=\"og:image:height\" content=\"700\" \/>\n\t<meta property=\"og:image:type\" content=\"image\/jpeg\" \/>\n<meta name=\"author\" content=\"Reda\u00e7\u00e3o\" \/>\n<meta name=\"twitter:card\" content=\"summary_large_image\" \/>\n<meta name=\"twitter:creator\" content=\"@Notibras\" \/>\n<meta name=\"twitter:site\" content=\"@Notibras\" \/>\n<meta name=\"twitter:label1\" content=\"Escrito por\" \/>\n\t<meta name=\"twitter:data1\" content=\"Reda\u00e7\u00e3o\" \/>\n\t<meta name=\"twitter:label2\" content=\"Est. tempo de leitura\" \/>\n\t<meta name=\"twitter:data2\" content=\"6 minutos\" \/>\n<script type=\"application\/ld+json\" class=\"yoast-schema-graph\">{\"@context\":\"https:\/\/schema.org\",\"@graph\":[{\"@type\":\"Article\",\"@id\":\"https:\/\/www.notibras.com\/site\/errou-na-conversa-com-o-leao-a-receita-ajuda\/#article\",\"isPartOf\":{\"@id\":\"https:\/\/www.notibras.com\/site\/errou-na-conversa-com-o-leao-a-receita-ajuda\/\"},\"author\":{\"name\":\"Reda\u00e7\u00e3o\",\"@id\":\"https:\/\/www.notibras.com\/site\/#\/schema\/person\/36ab0979449956132d3e5b517ea76ac8\"},\"headline\":\"Errou na conversa com o Le\u00e3o? A receita ajuda\",\"datePublished\":\"2023-05-14T11:32:08+00:00\",\"dateModified\":\"2023-05-14T13:35:34+00:00\",\"mainEntityOfPage\":{\"@id\":\"https:\/\/www.notibras.com\/site\/errou-na-conversa-com-o-leao-a-receita-ajuda\/\"},\"wordCount\":1191,\"publisher\":{\"@id\":\"https:\/\/www.notibras.com\/site\/#organization\"},\"image\":{\"@id\":\"https:\/\/www.notibras.com\/site\/errou-na-conversa-com-o-leao-a-receita-ajuda\/#primaryimage\"},\"thumbnailUrl\":\"https:\/\/www.notibras.com\/site\/wp-content\/uploads\/2023\/05\/imposto-erro.jpg\",\"articleSection\":[\"Quadradinho em Foco\"],\"inLanguage\":\"pt-BR\"},{\"@type\":\"WebPage\",\"@id\":\"https:\/\/www.notibras.com\/site\/errou-na-conversa-com-o-leao-a-receita-ajuda\/\",\"url\":\"https:\/\/www.notibras.com\/site\/errou-na-conversa-com-o-leao-a-receita-ajuda\/\",\"name\":\"Errou na conversa com o Le\u00e3o? A receita ajuda - Notibras\",\"isPartOf\":{\"@id\":\"https:\/\/www.notibras.com\/site\/#website\"},\"primaryImageOfPage\":{\"@id\":\"https:\/\/www.notibras.com\/site\/errou-na-conversa-com-o-leao-a-receita-ajuda\/#primaryimage\"},\"image\":{\"@id\":\"https:\/\/www.notibras.com\/site\/errou-na-conversa-com-o-leao-a-receita-ajuda\/#primaryimage\"},\"thumbnailUrl\":\"https:\/\/www.notibras.com\/site\/wp-content\/uploads\/2023\/05\/imposto-erro.jpg\",\"datePublished\":\"2023-05-14T11:32:08+00:00\",\"dateModified\":\"2023-05-14T13:35:34+00:00\",\"breadcrumb\":{\"@id\":\"https:\/\/www.notibras.com\/site\/errou-na-conversa-com-o-leao-a-receita-ajuda\/#breadcrumb\"},\"inLanguage\":\"pt-BR\",\"potentialAction\":[{\"@type\":\"ReadAction\",\"target\":[\"https:\/\/www.notibras.com\/site\/errou-na-conversa-com-o-leao-a-receita-ajuda\/\"]}]},{\"@type\":\"ImageObject\",\"inLanguage\":\"pt-BR\",\"@id\":\"https:\/\/www.notibras.com\/site\/errou-na-conversa-com-o-leao-a-receita-ajuda\/#primaryimage\",\"url\":\"https:\/\/www.notibras.com\/site\/wp-content\/uploads\/2023\/05\/imposto-erro.jpg\",\"contentUrl\":\"https:\/\/www.notibras.com\/site\/wp-content\/uploads\/2023\/05\/imposto-erro.jpg\",\"width\":1170,\"height\":700,\"caption\":\"Superintend\u00eancia da Receita Federal, em Bras\u00edlia.\"},{\"@type\":\"BreadcrumbList\",\"@id\":\"https:\/\/www.notibras.com\/site\/errou-na-conversa-com-o-leao-a-receita-ajuda\/#breadcrumb\",\"itemListElement\":[{\"@type\":\"ListItem\",\"position\":1,\"name\":\"In\u00edcio\",\"item\":\"https:\/\/www.notibras.com\/site\/\"},{\"@type\":\"ListItem\",\"position\":2,\"name\":\"Errou na conversa com o Le\u00e3o? A receita ajuda\"}]},{\"@type\":\"WebSite\",\"@id\":\"https:\/\/www.notibras.com\/site\/#website\",\"url\":\"https:\/\/www.notibras.com\/site\/\",\"name\":\"Notibras\",\"description\":\"Not\u00edcias de Bras\u00edlia, do Brasil e do Mundo\",\"publisher\":{\"@id\":\"https:\/\/www.notibras.com\/site\/#organization\"},\"potentialAction\":[{\"@type\":\"SearchAction\",\"target\":{\"@type\":\"EntryPoint\",\"urlTemplate\":\"https:\/\/www.notibras.com\/site\/?s={search_term_string}\"},\"query-input\":{\"@type\":\"PropertyValueSpecification\",\"valueRequired\":true,\"valueName\":\"search_term_string\"}}],\"inLanguage\":\"pt-BR\"},{\"@type\":\"Organization\",\"@id\":\"https:\/\/www.notibras.com\/site\/#organization\",\"name\":\"Grupo Notibras de Comunica\u00e7\u00e3o\",\"url\":\"https:\/\/www.notibras.com\/site\/\",\"logo\":{\"@type\":\"ImageObject\",\"inLanguage\":\"pt-BR\",\"@id\":\"https:\/\/www.notibras.com\/site\/#\/schema\/logo\/image\/\",\"url\":\"https:\/\/www.notibras.com\/site\/wp-content\/uploads\/2023\/01\/notibras23.png\",\"contentUrl\":\"https:\/\/www.notibras.com\/site\/wp-content\/uploads\/2023\/01\/notibras23.png\",\"width\":350,\"height\":87,\"caption\":\"Grupo Notibras de Comunica\u00e7\u00e3o\"},\"image\":{\"@id\":\"https:\/\/www.notibras.com\/site\/#\/schema\/logo\/image\/\"},\"sameAs\":[\"https:\/\/www.facebook.com\/notibras\/\",\"https:\/\/x.com\/Notibras\",\"https:\/\/www.instagram.com\/notibras\/\"]},{\"@type\":\"Person\",\"@id\":\"https:\/\/www.notibras.com\/site\/#\/schema\/person\/36ab0979449956132d3e5b517ea76ac8\",\"name\":\"Reda\u00e7\u00e3o\",\"image\":{\"@type\":\"ImageObject\",\"inLanguage\":\"pt-BR\",\"@id\":\"https:\/\/secure.gravatar.com\/avatar\/e0a867bdedb85fd243eadf09663511f96fc81e0720a4a42581f334ad4303aa6b?s=96&d=mm&r=g\",\"url\":\"https:\/\/secure.gravatar.com\/avatar\/e0a867bdedb85fd243eadf09663511f96fc81e0720a4a42581f334ad4303aa6b?s=96&d=mm&r=g\",\"contentUrl\":\"https:\/\/secure.gravatar.com\/avatar\/e0a867bdedb85fd243eadf09663511f96fc81e0720a4a42581f334ad4303aa6b?s=96&d=mm&r=g\",\"caption\":\"Reda\u00e7\u00e3o\"}}]}<\/script>\n<!-- \/ Yoast SEO plugin. -->","yoast_head_json":{"title":"Errou na conversa com o Le\u00e3o? A receita ajuda - Notibras","robots":{"index":"index","follow":"follow","max-snippet":"max-snippet:-1","max-image-preview":"max-image-preview:large","max-video-preview":"max-video-preview:-1"},"canonical":"https:\/\/www.notibras.com\/site\/errou-na-conversa-com-o-leao-a-receita-ajuda\/","og_locale":"pt_BR","og_type":"article","og_title":"Errou na conversa com o Le\u00e3o? A receita ajuda - Notibras","og_description":"Criada para dar comodidade ao contribuinte, a declara\u00e7\u00e3o pr\u00e9-preenchida do Imposto de Renda pode resultar em dor de cabe\u00e7a. Diverg\u00eancias de valores, dados incompletos e informa\u00e7\u00f5es duplicadas deixam o declarante em d\u00favida. Nesses casos, a Receita Federal \u00e9 bem clara. O contribuinte deve se basear nos comprovantes e nos documentos f\u00edsicos (ou em arquivos eletr\u00f4nicos) [&hellip;]","og_url":"https:\/\/www.notibras.com\/site\/errou-na-conversa-com-o-leao-a-receita-ajuda\/","og_site_name":"Notibras","article_publisher":"https:\/\/www.facebook.com\/notibras\/","article_published_time":"2023-05-14T11:32:08+00:00","article_modified_time":"2023-05-14T13:35:34+00:00","og_image":[{"width":1170,"height":700,"url":"https:\/\/www.notibras.com\/site\/wp-content\/uploads\/2023\/05\/imposto-erro.jpg","type":"image\/jpeg"}],"author":"Reda\u00e7\u00e3o","twitter_card":"summary_large_image","twitter_creator":"@Notibras","twitter_site":"@Notibras","twitter_misc":{"Escrito por":"Reda\u00e7\u00e3o","Est. tempo de leitura":"6 minutos"},"schema":{"@context":"https:\/\/schema.org","@graph":[{"@type":"Article","@id":"https:\/\/www.notibras.com\/site\/errou-na-conversa-com-o-leao-a-receita-ajuda\/#article","isPartOf":{"@id":"https:\/\/www.notibras.com\/site\/errou-na-conversa-com-o-leao-a-receita-ajuda\/"},"author":{"name":"Reda\u00e7\u00e3o","@id":"https:\/\/www.notibras.com\/site\/#\/schema\/person\/36ab0979449956132d3e5b517ea76ac8"},"headline":"Errou na conversa com o Le\u00e3o? A receita ajuda","datePublished":"2023-05-14T11:32:08+00:00","dateModified":"2023-05-14T13:35:34+00:00","mainEntityOfPage":{"@id":"https:\/\/www.notibras.com\/site\/errou-na-conversa-com-o-leao-a-receita-ajuda\/"},"wordCount":1191,"publisher":{"@id":"https:\/\/www.notibras.com\/site\/#organization"},"image":{"@id":"https:\/\/www.notibras.com\/site\/errou-na-conversa-com-o-leao-a-receita-ajuda\/#primaryimage"},"thumbnailUrl":"https:\/\/www.notibras.com\/site\/wp-content\/uploads\/2023\/05\/imposto-erro.jpg","articleSection":["Quadradinho em Foco"],"inLanguage":"pt-BR"},{"@type":"WebPage","@id":"https:\/\/www.notibras.com\/site\/errou-na-conversa-com-o-leao-a-receita-ajuda\/","url":"https:\/\/www.notibras.com\/site\/errou-na-conversa-com-o-leao-a-receita-ajuda\/","name":"Errou na conversa com o Le\u00e3o? A receita ajuda - Notibras","isPartOf":{"@id":"https:\/\/www.notibras.com\/site\/#website"},"primaryImageOfPage":{"@id":"https:\/\/www.notibras.com\/site\/errou-na-conversa-com-o-leao-a-receita-ajuda\/#primaryimage"},"image":{"@id":"https:\/\/www.notibras.com\/site\/errou-na-conversa-com-o-leao-a-receita-ajuda\/#primaryimage"},"thumbnailUrl":"https:\/\/www.notibras.com\/site\/wp-content\/uploads\/2023\/05\/imposto-erro.jpg","datePublished":"2023-05-14T11:32:08+00:00","dateModified":"2023-05-14T13:35:34+00:00","breadcrumb":{"@id":"https:\/\/www.notibras.com\/site\/errou-na-conversa-com-o-leao-a-receita-ajuda\/#breadcrumb"},"inLanguage":"pt-BR","potentialAction":[{"@type":"ReadAction","target":["https:\/\/www.notibras.com\/site\/errou-na-conversa-com-o-leao-a-receita-ajuda\/"]}]},{"@type":"ImageObject","inLanguage":"pt-BR","@id":"https:\/\/www.notibras.com\/site\/errou-na-conversa-com-o-leao-a-receita-ajuda\/#primaryimage","url":"https:\/\/www.notibras.com\/site\/wp-content\/uploads\/2023\/05\/imposto-erro.jpg","contentUrl":"https:\/\/www.notibras.com\/site\/wp-content\/uploads\/2023\/05\/imposto-erro.jpg","width":1170,"height":700,"caption":"Superintend\u00eancia da Receita Federal, em Bras\u00edlia."},{"@type":"BreadcrumbList","@id":"https:\/\/www.notibras.com\/site\/errou-na-conversa-com-o-leao-a-receita-ajuda\/#breadcrumb","itemListElement":[{"@type":"ListItem","position":1,"name":"In\u00edcio","item":"https:\/\/www.notibras.com\/site\/"},{"@type":"ListItem","position":2,"name":"Errou na conversa com o Le\u00e3o? A receita ajuda"}]},{"@type":"WebSite","@id":"https:\/\/www.notibras.com\/site\/#website","url":"https:\/\/www.notibras.com\/site\/","name":"Notibras","description":"Not\u00edcias de Bras\u00edlia, do Brasil e do Mundo","publisher":{"@id":"https:\/\/www.notibras.com\/site\/#organization"},"potentialAction":[{"@type":"SearchAction","target":{"@type":"EntryPoint","urlTemplate":"https:\/\/www.notibras.com\/site\/?s={search_term_string}"},"query-input":{"@type":"PropertyValueSpecification","valueRequired":true,"valueName":"search_term_string"}}],"inLanguage":"pt-BR"},{"@type":"Organization","@id":"https:\/\/www.notibras.com\/site\/#organization","name":"Grupo Notibras de Comunica\u00e7\u00e3o","url":"https:\/\/www.notibras.com\/site\/","logo":{"@type":"ImageObject","inLanguage":"pt-BR","@id":"https:\/\/www.notibras.com\/site\/#\/schema\/logo\/image\/","url":"https:\/\/www.notibras.com\/site\/wp-content\/uploads\/2023\/01\/notibras23.png","contentUrl":"https:\/\/www.notibras.com\/site\/wp-content\/uploads\/2023\/01\/notibras23.png","width":350,"height":87,"caption":"Grupo Notibras de Comunica\u00e7\u00e3o"},"image":{"@id":"https:\/\/www.notibras.com\/site\/#\/schema\/logo\/image\/"},"sameAs":["https:\/\/www.facebook.com\/notibras\/","https:\/\/x.com\/Notibras","https:\/\/www.instagram.com\/notibras\/"]},{"@type":"Person","@id":"https:\/\/www.notibras.com\/site\/#\/schema\/person\/36ab0979449956132d3e5b517ea76ac8","name":"Reda\u00e7\u00e3o","image":{"@type":"ImageObject","inLanguage":"pt-BR","@id":"https:\/\/secure.gravatar.com\/avatar\/e0a867bdedb85fd243eadf09663511f96fc81e0720a4a42581f334ad4303aa6b?s=96&d=mm&r=g","url":"https:\/\/secure.gravatar.com\/avatar\/e0a867bdedb85fd243eadf09663511f96fc81e0720a4a42581f334ad4303aa6b?s=96&d=mm&r=g","contentUrl":"https:\/\/secure.gravatar.com\/avatar\/e0a867bdedb85fd243eadf09663511f96fc81e0720a4a42581f334ad4303aa6b?s=96&d=mm&r=g","caption":"Reda\u00e7\u00e3o"}}]}},"amp_enabled":true,"_links":{"self":[{"href":"https:\/\/www.notibras.com\/site\/wp-json\/wp\/v2\/posts\/304849","targetHints":{"allow":["GET"]}}],"collection":[{"href":"https:\/\/www.notibras.com\/site\/wp-json\/wp\/v2\/posts"}],"about":[{"href":"https:\/\/www.notibras.com\/site\/wp-json\/wp\/v2\/types\/post"}],"author":[{"embeddable":true,"href":"https:\/\/www.notibras.com\/site\/wp-json\/wp\/v2\/users\/2"}],"replies":[{"embeddable":true,"href":"https:\/\/www.notibras.com\/site\/wp-json\/wp\/v2\/comments?post=304849"}],"version-history":[{"count":1,"href":"https:\/\/www.notibras.com\/site\/wp-json\/wp\/v2\/posts\/304849\/revisions"}],"predecessor-version":[{"id":304851,"href":"https:\/\/www.notibras.com\/site\/wp-json\/wp\/v2\/posts\/304849\/revisions\/304851"}],"wp:featuredmedia":[{"embeddable":true,"href":"https:\/\/www.notibras.com\/site\/wp-json\/wp\/v2\/media\/304850"}],"wp:attachment":[{"href":"https:\/\/www.notibras.com\/site\/wp-json\/wp\/v2\/media?parent=304849"}],"wp:term":[{"taxonomy":"category","embeddable":true,"href":"https:\/\/www.notibras.com\/site\/wp-json\/wp\/v2\/categories?post=304849"},{"taxonomy":"post_tag","embeddable":true,"href":"https:\/\/www.notibras.com\/site\/wp-json\/wp\/v2\/tags?post=304849"}],"curies":[{"name":"wp","href":"https:\/\/api.w.org\/{rel}","templated":true}]}}