{"id":304874,"date":"2023-05-14T00:36:00","date_gmt":"2023-05-14T03:36:00","guid":{"rendered":"https:\/\/www.notibras.com\/site\/?p=304874"},"modified":"2023-05-14T11:40:03","modified_gmt":"2023-05-14T14:40:03","slug":"defesa-da-honra-em-casos-de-feminicidio-esta-caindo","status":"publish","type":"post","link":"https:\/\/www.notibras.com\/site\/defesa-da-honra-em-casos-de-feminicidio-esta-caindo\/","title":{"rendered":"Defesa da honra em casos de feminic\u00eddio est\u00e1 caindo"},"content":{"rendered":"<p>O procurador-geral da Rep\u00fablica, Augusto Aras, defendeu no Supremo Tribunal Federal (STF) a inconstitucionalidade do uso da tese de leg\u00edtima defesa da honra para justificar a absolvi\u00e7\u00e3o de condenados por feminic\u00eddio.<\/p>\n<p>Em parecer enviado ao Supremo, Aras pede que decis\u00f5es judiciais que utilizaram o argumento sejam anuladas, incluindo julgamentos pelo Tribunal do J\u00fari.<\/p>\n<p>Em 2021, o STF proibiu o uso da tese. O entendimento est\u00e1 em vigor, mas o caso precisa ser julgado definitivamente pela Corte. A data n\u00e3o foi definida.<\/p>\n<p>No entendimento do procurador, al\u00e9m de decis\u00f5es judiciais, a proibi\u00e7\u00e3o do uso da tese deve ser considerada inconstitucional tamb\u00e9m para a defesa de acusados de feminic\u00eddio e nas acusa\u00e7\u00f5es feitas pela pol\u00edcia.<\/p>\n<p>&#8220;Nenhuma tentativa de justificar o assassinato de mulheres, com benef\u00edcio a seus algozes, haver\u00e1 de ser tolerada, sob pena de afronta imediata a preceitos constitucionais da m\u00e1xima relev\u00e2ncia e desprezo a todo um regramento que nos leva \u00e0 dire\u00e7\u00e3o oposta, contribuindo-se para a perpetua\u00e7\u00e3o da impunidade em crimes dessa natureza e o aumento de n\u00famero j\u00e1 alarmante de morte&#8221;, argumentou Aras.<\/p>\n<p><strong>Hist\u00f3rico<\/strong><br \/>\nNa peti\u00e7\u00e3o, a PGR tamb\u00e9m lembrou que a legisla\u00e7\u00e3o brasileira possui hist\u00f3rico de normas que chancelaram a viol\u00eancia contra a mulher.<\/p>\n<p>Entre 1605 e 1830, foi permitido ao homem que tivesse sua &#8220;honra lesada&#8221; por adult\u00e9rio agir com viol\u00eancia contra a mulher. Nos anos seguintes, entre 1830 e 1890, normas penais da \u00e9poca deixaram de permitir o assassinato, mas mantiveram o adult\u00e9rio como crime.<\/p>\n<p>Somente no C\u00f3digo Penal de 1940, a absolvi\u00e7\u00e3o de acusados que cometeram crime sob a influ\u00eancia de emo\u00e7\u00e3o ou paix\u00e3o deixou de existir, lembrou o procurador.<\/p>\n<p>&#8220;O avan\u00e7o progressivo da legisla\u00e7\u00e3o, na dire\u00e7\u00e3o de ambiente de maior igualdade de g\u00eaneros e de obje\u00e7\u00e3o \u00e0 impunidade injustificada de homens pela morte de mulheres, n\u00e3o foi acompanhado em igual cad\u00eancia pelos costumes e valores de parte da sociedade, que naturalizou por per\u00edodo demasiadamente extenso a possibilidade de defesa da honra do homem, mesmo que \u00e0s custas da vida da mulher&#8221;, concluiu.<\/p>\n","protected":false},"excerpt":{"rendered":"<p>O procurador-geral da Rep\u00fablica, Augusto Aras, defendeu no Supremo Tribunal Federal (STF) a inconstitucionalidade do uso da tese de leg\u00edtima defesa da honra para justificar a absolvi\u00e7\u00e3o de condenados por feminic\u00eddio. Em parecer enviado ao Supremo, Aras pede que decis\u00f5es judiciais que utilizaram o argumento sejam anuladas, incluindo julgamentos pelo Tribunal do J\u00fari. Em 2021, [&hellip;]<\/p>\n","protected":false},"author":2,"featured_media":304875,"comment_status":"closed","ping_status":"closed","sticky":false,"template":"","format":"standard","meta":{"_acf_changed":false,"footnotes":""},"categories":[161],"tags":[],"class_list":["post-304874","post","type-post","status-publish","format-standard","has-post-thumbnail","hentry","category-quadradinho-em-foco"],"acf":[],"yoast_head":"<!-- This site is optimized with the Yoast SEO plugin v27.2 - https:\/\/yoast.com\/product\/yoast-seo-wordpress\/ -->\n<title>Defesa da honra em casos de feminic\u00eddio est\u00e1 caindo - Notibras<\/title>\n<meta name=\"robots\" content=\"index, follow, max-snippet:-1, max-image-preview:large, max-video-preview:-1\" \/>\n<link rel=\"canonical\" href=\"https:\/\/www.notibras.com\/site\/defesa-da-honra-em-casos-de-feminicidio-esta-caindo\/\" \/>\n<meta property=\"og:locale\" content=\"pt_BR\" \/>\n<meta property=\"og:type\" content=\"article\" \/>\n<meta property=\"og:title\" content=\"Defesa da honra em casos de feminic\u00eddio est\u00e1 caindo - Notibras\" \/>\n<meta property=\"og:description\" content=\"O procurador-geral da Rep\u00fablica, Augusto Aras, defendeu no Supremo Tribunal Federal (STF) a inconstitucionalidade do uso da tese de leg\u00edtima defesa da honra para justificar a absolvi\u00e7\u00e3o de condenados por feminic\u00eddio. Em parecer enviado ao Supremo, Aras pede que decis\u00f5es judiciais que utilizaram o argumento sejam anuladas, incluindo julgamentos pelo Tribunal do J\u00fari. Em 2021, [&hellip;]\" \/>\n<meta property=\"og:url\" content=\"https:\/\/www.notibras.com\/site\/defesa-da-honra-em-casos-de-feminicidio-esta-caindo\/\" \/>\n<meta property=\"og:site_name\" content=\"Notibras\" \/>\n<meta property=\"article:publisher\" content=\"https:\/\/www.facebook.com\/notibras\/\" \/>\n<meta property=\"article:published_time\" content=\"2023-05-14T03:36:00+00:00\" \/>\n<meta property=\"article:modified_time\" content=\"2023-05-14T14:40:03+00:00\" \/>\n<meta property=\"og:image\" content=\"https:\/\/www.notibras.com\/site\/wp-content\/uploads\/2023\/05\/honrafeminicidio.jpg\" \/>\n\t<meta property=\"og:image:width\" content=\"1170\" \/>\n\t<meta property=\"og:image:height\" content=\"700\" \/>\n\t<meta property=\"og:image:type\" content=\"image\/jpeg\" \/>\n<meta name=\"author\" content=\"Reda\u00e7\u00e3o\" \/>\n<meta name=\"twitter:card\" content=\"summary_large_image\" \/>\n<meta name=\"twitter:creator\" content=\"@Notibras\" \/>\n<meta name=\"twitter:site\" content=\"@Notibras\" \/>\n<meta name=\"twitter:label1\" content=\"Escrito por\" \/>\n\t<meta name=\"twitter:data1\" content=\"Reda\u00e7\u00e3o\" \/>\n\t<meta name=\"twitter:label2\" content=\"Est. tempo de leitura\" \/>\n\t<meta name=\"twitter:data2\" content=\"2 minutos\" \/>\n<script type=\"application\/ld+json\" class=\"yoast-schema-graph\">{\"@context\":\"https:\/\/schema.org\",\"@graph\":[{\"@type\":\"Article\",\"@id\":\"https:\/\/www.notibras.com\/site\/defesa-da-honra-em-casos-de-feminicidio-esta-caindo\/#article\",\"isPartOf\":{\"@id\":\"https:\/\/www.notibras.com\/site\/defesa-da-honra-em-casos-de-feminicidio-esta-caindo\/\"},\"author\":{\"name\":\"Reda\u00e7\u00e3o\",\"@id\":\"https:\/\/www.notibras.com\/site\/#\/schema\/person\/36ab0979449956132d3e5b517ea76ac8\"},\"headline\":\"Defesa da honra em casos de feminic\u00eddio est\u00e1 caindo\",\"datePublished\":\"2023-05-14T03:36:00+00:00\",\"dateModified\":\"2023-05-14T14:40:03+00:00\",\"mainEntityOfPage\":{\"@id\":\"https:\/\/www.notibras.com\/site\/defesa-da-honra-em-casos-de-feminicidio-esta-caindo\/\"},\"wordCount\":372,\"publisher\":{\"@id\":\"https:\/\/www.notibras.com\/site\/#organization\"},\"image\":{\"@id\":\"https:\/\/www.notibras.com\/site\/defesa-da-honra-em-casos-de-feminicidio-esta-caindo\/#primaryimage\"},\"thumbnailUrl\":\"https:\/\/www.notibras.com\/site\/wp-content\/uploads\/2023\/05\/honrafeminicidio.jpg\",\"articleSection\":[\"Quadradinho em Foco\"],\"inLanguage\":\"pt-BR\"},{\"@type\":\"WebPage\",\"@id\":\"https:\/\/www.notibras.com\/site\/defesa-da-honra-em-casos-de-feminicidio-esta-caindo\/\",\"url\":\"https:\/\/www.notibras.com\/site\/defesa-da-honra-em-casos-de-feminicidio-esta-caindo\/\",\"name\":\"Defesa da honra em casos de feminic\u00eddio est\u00e1 caindo - Notibras\",\"isPartOf\":{\"@id\":\"https:\/\/www.notibras.com\/site\/#website\"},\"primaryImageOfPage\":{\"@id\":\"https:\/\/www.notibras.com\/site\/defesa-da-honra-em-casos-de-feminicidio-esta-caindo\/#primaryimage\"},\"image\":{\"@id\":\"https:\/\/www.notibras.com\/site\/defesa-da-honra-em-casos-de-feminicidio-esta-caindo\/#primaryimage\"},\"thumbnailUrl\":\"https:\/\/www.notibras.com\/site\/wp-content\/uploads\/2023\/05\/honrafeminicidio.jpg\",\"datePublished\":\"2023-05-14T03:36:00+00:00\",\"dateModified\":\"2023-05-14T14:40:03+00:00\",\"breadcrumb\":{\"@id\":\"https:\/\/www.notibras.com\/site\/defesa-da-honra-em-casos-de-feminicidio-esta-caindo\/#breadcrumb\"},\"inLanguage\":\"pt-BR\",\"potentialAction\":[{\"@type\":\"ReadAction\",\"target\":[\"https:\/\/www.notibras.com\/site\/defesa-da-honra-em-casos-de-feminicidio-esta-caindo\/\"]}]},{\"@type\":\"ImageObject\",\"inLanguage\":\"pt-BR\",\"@id\":\"https:\/\/www.notibras.com\/site\/defesa-da-honra-em-casos-de-feminicidio-esta-caindo\/#primaryimage\",\"url\":\"https:\/\/www.notibras.com\/site\/wp-content\/uploads\/2023\/05\/honrafeminicidio.jpg\",\"contentUrl\":\"https:\/\/www.notibras.com\/site\/wp-content\/uploads\/2023\/05\/honrafeminicidio.jpg\",\"width\":1170,\"height\":700,\"caption\":\"Rio de Janeiro - Protesto no Dia Internacional de Combate \u00e0 Viol\u00eancia contra a Mulher, pelo fim da viol\u00eancia contra as mulheres e contra o PL 5069\/13, em frente \u00e0 C\u00e2mara de Vereadores (Fernando Fraz\u00e3o\/Ag\u00eancia Brasil)\"},{\"@type\":\"BreadcrumbList\",\"@id\":\"https:\/\/www.notibras.com\/site\/defesa-da-honra-em-casos-de-feminicidio-esta-caindo\/#breadcrumb\",\"itemListElement\":[{\"@type\":\"ListItem\",\"position\":1,\"name\":\"In\u00edcio\",\"item\":\"https:\/\/www.notibras.com\/site\/\"},{\"@type\":\"ListItem\",\"position\":2,\"name\":\"Defesa da honra em casos de feminic\u00eddio est\u00e1 caindo\"}]},{\"@type\":\"WebSite\",\"@id\":\"https:\/\/www.notibras.com\/site\/#website\",\"url\":\"https:\/\/www.notibras.com\/site\/\",\"name\":\"Notibras\",\"description\":\"Not\u00edcias de Bras\u00edlia, do Brasil e do Mundo\",\"publisher\":{\"@id\":\"https:\/\/www.notibras.com\/site\/#organization\"},\"potentialAction\":[{\"@type\":\"SearchAction\",\"target\":{\"@type\":\"EntryPoint\",\"urlTemplate\":\"https:\/\/www.notibras.com\/site\/?s={search_term_string}\"},\"query-input\":{\"@type\":\"PropertyValueSpecification\",\"valueRequired\":true,\"valueName\":\"search_term_string\"}}],\"inLanguage\":\"pt-BR\"},{\"@type\":\"Organization\",\"@id\":\"https:\/\/www.notibras.com\/site\/#organization\",\"name\":\"Grupo Notibras de Comunica\u00e7\u00e3o\",\"url\":\"https:\/\/www.notibras.com\/site\/\",\"logo\":{\"@type\":\"ImageObject\",\"inLanguage\":\"pt-BR\",\"@id\":\"https:\/\/www.notibras.com\/site\/#\/schema\/logo\/image\/\",\"url\":\"https:\/\/www.notibras.com\/site\/wp-content\/uploads\/2023\/01\/notibras23.png\",\"contentUrl\":\"https:\/\/www.notibras.com\/site\/wp-content\/uploads\/2023\/01\/notibras23.png\",\"width\":350,\"height\":87,\"caption\":\"Grupo Notibras de Comunica\u00e7\u00e3o\"},\"image\":{\"@id\":\"https:\/\/www.notibras.com\/site\/#\/schema\/logo\/image\/\"},\"sameAs\":[\"https:\/\/www.facebook.com\/notibras\/\",\"https:\/\/x.com\/Notibras\",\"https:\/\/www.instagram.com\/notibras\/\"]},{\"@type\":\"Person\",\"@id\":\"https:\/\/www.notibras.com\/site\/#\/schema\/person\/36ab0979449956132d3e5b517ea76ac8\",\"name\":\"Reda\u00e7\u00e3o\",\"image\":{\"@type\":\"ImageObject\",\"inLanguage\":\"pt-BR\",\"@id\":\"https:\/\/secure.gravatar.com\/avatar\/e0a867bdedb85fd243eadf09663511f96fc81e0720a4a42581f334ad4303aa6b?s=96&d=mm&r=g\",\"url\":\"https:\/\/secure.gravatar.com\/avatar\/e0a867bdedb85fd243eadf09663511f96fc81e0720a4a42581f334ad4303aa6b?s=96&d=mm&r=g\",\"contentUrl\":\"https:\/\/secure.gravatar.com\/avatar\/e0a867bdedb85fd243eadf09663511f96fc81e0720a4a42581f334ad4303aa6b?s=96&d=mm&r=g\",\"caption\":\"Reda\u00e7\u00e3o\"}}]}<\/script>\n<!-- \/ Yoast SEO plugin. -->","yoast_head_json":{"title":"Defesa da honra em casos de feminic\u00eddio est\u00e1 caindo - Notibras","robots":{"index":"index","follow":"follow","max-snippet":"max-snippet:-1","max-image-preview":"max-image-preview:large","max-video-preview":"max-video-preview:-1"},"canonical":"https:\/\/www.notibras.com\/site\/defesa-da-honra-em-casos-de-feminicidio-esta-caindo\/","og_locale":"pt_BR","og_type":"article","og_title":"Defesa da honra em casos de feminic\u00eddio est\u00e1 caindo - Notibras","og_description":"O procurador-geral da Rep\u00fablica, Augusto Aras, defendeu no Supremo Tribunal Federal (STF) a inconstitucionalidade do uso da tese de leg\u00edtima defesa da honra para justificar a absolvi\u00e7\u00e3o de condenados por feminic\u00eddio. Em parecer enviado ao Supremo, Aras pede que decis\u00f5es judiciais que utilizaram o argumento sejam anuladas, incluindo julgamentos pelo Tribunal do J\u00fari. Em 2021, [&hellip;]","og_url":"https:\/\/www.notibras.com\/site\/defesa-da-honra-em-casos-de-feminicidio-esta-caindo\/","og_site_name":"Notibras","article_publisher":"https:\/\/www.facebook.com\/notibras\/","article_published_time":"2023-05-14T03:36:00+00:00","article_modified_time":"2023-05-14T14:40:03+00:00","og_image":[{"width":1170,"height":700,"url":"https:\/\/www.notibras.com\/site\/wp-content\/uploads\/2023\/05\/honrafeminicidio.jpg","type":"image\/jpeg"}],"author":"Reda\u00e7\u00e3o","twitter_card":"summary_large_image","twitter_creator":"@Notibras","twitter_site":"@Notibras","twitter_misc":{"Escrito por":"Reda\u00e7\u00e3o","Est. tempo de leitura":"2 minutos"},"schema":{"@context":"https:\/\/schema.org","@graph":[{"@type":"Article","@id":"https:\/\/www.notibras.com\/site\/defesa-da-honra-em-casos-de-feminicidio-esta-caindo\/#article","isPartOf":{"@id":"https:\/\/www.notibras.com\/site\/defesa-da-honra-em-casos-de-feminicidio-esta-caindo\/"},"author":{"name":"Reda\u00e7\u00e3o","@id":"https:\/\/www.notibras.com\/site\/#\/schema\/person\/36ab0979449956132d3e5b517ea76ac8"},"headline":"Defesa da honra em casos de feminic\u00eddio est\u00e1 caindo","datePublished":"2023-05-14T03:36:00+00:00","dateModified":"2023-05-14T14:40:03+00:00","mainEntityOfPage":{"@id":"https:\/\/www.notibras.com\/site\/defesa-da-honra-em-casos-de-feminicidio-esta-caindo\/"},"wordCount":372,"publisher":{"@id":"https:\/\/www.notibras.com\/site\/#organization"},"image":{"@id":"https:\/\/www.notibras.com\/site\/defesa-da-honra-em-casos-de-feminicidio-esta-caindo\/#primaryimage"},"thumbnailUrl":"https:\/\/www.notibras.com\/site\/wp-content\/uploads\/2023\/05\/honrafeminicidio.jpg","articleSection":["Quadradinho em Foco"],"inLanguage":"pt-BR"},{"@type":"WebPage","@id":"https:\/\/www.notibras.com\/site\/defesa-da-honra-em-casos-de-feminicidio-esta-caindo\/","url":"https:\/\/www.notibras.com\/site\/defesa-da-honra-em-casos-de-feminicidio-esta-caindo\/","name":"Defesa da honra em casos de feminic\u00eddio est\u00e1 caindo - Notibras","isPartOf":{"@id":"https:\/\/www.notibras.com\/site\/#website"},"primaryImageOfPage":{"@id":"https:\/\/www.notibras.com\/site\/defesa-da-honra-em-casos-de-feminicidio-esta-caindo\/#primaryimage"},"image":{"@id":"https:\/\/www.notibras.com\/site\/defesa-da-honra-em-casos-de-feminicidio-esta-caindo\/#primaryimage"},"thumbnailUrl":"https:\/\/www.notibras.com\/site\/wp-content\/uploads\/2023\/05\/honrafeminicidio.jpg","datePublished":"2023-05-14T03:36:00+00:00","dateModified":"2023-05-14T14:40:03+00:00","breadcrumb":{"@id":"https:\/\/www.notibras.com\/site\/defesa-da-honra-em-casos-de-feminicidio-esta-caindo\/#breadcrumb"},"inLanguage":"pt-BR","potentialAction":[{"@type":"ReadAction","target":["https:\/\/www.notibras.com\/site\/defesa-da-honra-em-casos-de-feminicidio-esta-caindo\/"]}]},{"@type":"ImageObject","inLanguage":"pt-BR","@id":"https:\/\/www.notibras.com\/site\/defesa-da-honra-em-casos-de-feminicidio-esta-caindo\/#primaryimage","url":"https:\/\/www.notibras.com\/site\/wp-content\/uploads\/2023\/05\/honrafeminicidio.jpg","contentUrl":"https:\/\/www.notibras.com\/site\/wp-content\/uploads\/2023\/05\/honrafeminicidio.jpg","width":1170,"height":700,"caption":"Rio de Janeiro - Protesto no Dia Internacional de Combate \u00e0 Viol\u00eancia contra a Mulher, pelo fim da viol\u00eancia contra as mulheres e contra o PL 5069\/13, em frente \u00e0 C\u00e2mara de Vereadores (Fernando Fraz\u00e3o\/Ag\u00eancia Brasil)"},{"@type":"BreadcrumbList","@id":"https:\/\/www.notibras.com\/site\/defesa-da-honra-em-casos-de-feminicidio-esta-caindo\/#breadcrumb","itemListElement":[{"@type":"ListItem","position":1,"name":"In\u00edcio","item":"https:\/\/www.notibras.com\/site\/"},{"@type":"ListItem","position":2,"name":"Defesa da honra em casos de feminic\u00eddio est\u00e1 caindo"}]},{"@type":"WebSite","@id":"https:\/\/www.notibras.com\/site\/#website","url":"https:\/\/www.notibras.com\/site\/","name":"Notibras","description":"Not\u00edcias de Bras\u00edlia, do Brasil e do Mundo","publisher":{"@id":"https:\/\/www.notibras.com\/site\/#organization"},"potentialAction":[{"@type":"SearchAction","target":{"@type":"EntryPoint","urlTemplate":"https:\/\/www.notibras.com\/site\/?s={search_term_string}"},"query-input":{"@type":"PropertyValueSpecification","valueRequired":true,"valueName":"search_term_string"}}],"inLanguage":"pt-BR"},{"@type":"Organization","@id":"https:\/\/www.notibras.com\/site\/#organization","name":"Grupo Notibras de Comunica\u00e7\u00e3o","url":"https:\/\/www.notibras.com\/site\/","logo":{"@type":"ImageObject","inLanguage":"pt-BR","@id":"https:\/\/www.notibras.com\/site\/#\/schema\/logo\/image\/","url":"https:\/\/www.notibras.com\/site\/wp-content\/uploads\/2023\/01\/notibras23.png","contentUrl":"https:\/\/www.notibras.com\/site\/wp-content\/uploads\/2023\/01\/notibras23.png","width":350,"height":87,"caption":"Grupo Notibras de Comunica\u00e7\u00e3o"},"image":{"@id":"https:\/\/www.notibras.com\/site\/#\/schema\/logo\/image\/"},"sameAs":["https:\/\/www.facebook.com\/notibras\/","https:\/\/x.com\/Notibras","https:\/\/www.instagram.com\/notibras\/"]},{"@type":"Person","@id":"https:\/\/www.notibras.com\/site\/#\/schema\/person\/36ab0979449956132d3e5b517ea76ac8","name":"Reda\u00e7\u00e3o","image":{"@type":"ImageObject","inLanguage":"pt-BR","@id":"https:\/\/secure.gravatar.com\/avatar\/e0a867bdedb85fd243eadf09663511f96fc81e0720a4a42581f334ad4303aa6b?s=96&d=mm&r=g","url":"https:\/\/secure.gravatar.com\/avatar\/e0a867bdedb85fd243eadf09663511f96fc81e0720a4a42581f334ad4303aa6b?s=96&d=mm&r=g","contentUrl":"https:\/\/secure.gravatar.com\/avatar\/e0a867bdedb85fd243eadf09663511f96fc81e0720a4a42581f334ad4303aa6b?s=96&d=mm&r=g","caption":"Reda\u00e7\u00e3o"}}]}},"amp_enabled":true,"_links":{"self":[{"href":"https:\/\/www.notibras.com\/site\/wp-json\/wp\/v2\/posts\/304874","targetHints":{"allow":["GET"]}}],"collection":[{"href":"https:\/\/www.notibras.com\/site\/wp-json\/wp\/v2\/posts"}],"about":[{"href":"https:\/\/www.notibras.com\/site\/wp-json\/wp\/v2\/types\/post"}],"author":[{"embeddable":true,"href":"https:\/\/www.notibras.com\/site\/wp-json\/wp\/v2\/users\/2"}],"replies":[{"embeddable":true,"href":"https:\/\/www.notibras.com\/site\/wp-json\/wp\/v2\/comments?post=304874"}],"version-history":[{"count":1,"href":"https:\/\/www.notibras.com\/site\/wp-json\/wp\/v2\/posts\/304874\/revisions"}],"predecessor-version":[{"id":304876,"href":"https:\/\/www.notibras.com\/site\/wp-json\/wp\/v2\/posts\/304874\/revisions\/304876"}],"wp:featuredmedia":[{"embeddable":true,"href":"https:\/\/www.notibras.com\/site\/wp-json\/wp\/v2\/media\/304875"}],"wp:attachment":[{"href":"https:\/\/www.notibras.com\/site\/wp-json\/wp\/v2\/media?parent=304874"}],"wp:term":[{"taxonomy":"category","embeddable":true,"href":"https:\/\/www.notibras.com\/site\/wp-json\/wp\/v2\/categories?post=304874"},{"taxonomy":"post_tag","embeddable":true,"href":"https:\/\/www.notibras.com\/site\/wp-json\/wp\/v2\/tags?post=304874"}],"curies":[{"name":"wp","href":"https:\/\/api.w.org\/{rel}","templated":true}]}}