{"id":304920,"date":"2023-05-15T00:00:44","date_gmt":"2023-05-15T03:00:44","guid":{"rendered":"https:\/\/www.notibras.com\/site\/?p=304920"},"modified":"2023-05-15T07:29:57","modified_gmt":"2023-05-15T10:29:57","slug":"maes-solo-tem-dificuldade-de-arranjar-emprego","status":"publish","type":"post","link":"https:\/\/www.notibras.com\/site\/maes-solo-tem-dificuldade-de-arranjar-emprego\/","title":{"rendered":"M\u00e3es solo t\u00eam dificuldade de arranjar emprego"},"content":{"rendered":"<p>&nbsp;<\/p>\n<p>O n\u00famero de m\u00e3es solo, aquelas que cuidam sozinhas de seus filhos, aumentou 17,8% na \u00faltima d\u00e9cada, passando de 9,6 milh\u00f5es em 2012 para 11,3 milh\u00f5es em 2022. Esta situa\u00e7\u00e3o gera ainda mais dificuldades para o ingresso dessas mulheres no mercado de trabalho. Esse \u00e9 o resultado de uma pesquisa realizada pela Funda\u00e7\u00e3o Get\u00falio Vargas (FGV).<\/p>\n<p>O estudo indica que a maior parte dessas m\u00e3es, pouco mais de 70% vivem apenas com seus filhos, s\u00e3o formadas por mulheres negras, n\u00famero de quase 7 milh\u00f5es, e est\u00e3o no Norte e Nordeste do pa\u00eds.<\/p>\n<p>Jana\u00edna Feij\u00f3, respons\u00e1vel pelo estudo, resume a dificuldade enfrentada por essas m\u00e3es.<\/p>\n<p>\u201cEssa m\u00e3e praticamente n\u00e3o tem com quem contar, ela n\u00e3o tem uma rede de apoio e ela n\u00e3o conta tamb\u00e9m com o conjugue, que faz com que a sobrecarga da maternidade recaia muito mais forte sobre a m\u00e3e nestas condi\u00e7\u00f5es\u201d.<\/p>\n<p>Jana\u00edna tamb\u00e9m ressalta que esses n\u00fameros refletem em um menor n\u00edvel de instru\u00e7\u00e3o dessas mulheres e em dificuldades para se equiparar aos homens no mercado de trabalho. A situa\u00e7\u00e3o \u00e9 ainda mais cr\u00edtica para as negras, com mais da metade delas, 58,7%, tendo no m\u00e1ximo o ensino fundamental completo e apenas 8,9% com n\u00edvel superior.<\/p>\n<p>\u201cAs ocupa\u00e7\u00f5es que remuneram mais, elas demandam maior n\u00edvel educacional, e tamb\u00e9m que o empregado trabalhe uma maior quantidade de horas. No caso, no contexto de uma m\u00e3e solo, ela tanto n\u00e3o vai ter o n\u00edvel educacional requerido pelas boas oportunidades, como ela tamb\u00e9m vai ter dificuldade de conciliar a jornada de trabalho. Ent\u00e3o muitas dessas mulheres encontram na informalidade a \u00fanica forma de conciliar maternidade e responsabilidade familiar\u201d, disse Jana\u00edna.<\/p>\n<p>Karlielly Alves \u00e9 m\u00e3e solo. Para ela, a parte financeira \u00e9 a mais dif\u00edcil.<\/p>\n<p>\u201cPrincipalmente quando a gente n\u00e3o amamenta os nossos filhos e eles dependem de f\u00f3rmula. Voc\u00ea pensa, ai meu Deus, como vai ser na semana, porque o leite de f\u00f3rmula geralmente dura uma semana. Ent\u00e3o cada semana \u00e9 um gasto diferente\u201d.<\/p>\n<p>O estudo tamb\u00e9m aponta a rela\u00e7\u00e3o entre idade e presen\u00e7a na for\u00e7a de trabalho. De todas as m\u00e3es solo entre 15 e 60 anos, 29,4% est\u00e3o fora da for\u00e7a, 7,2% est\u00e3o desempregadas e 63,3% est\u00e3o ocupadas. No caso de mulheres com filhos at\u00e9 5 anos essa situa\u00e7\u00e3o piora: as chances delas estarem fora da for\u00e7a aumenta para 32,4% e de estarem desempregadas sobre para 10%.<\/p>\n","protected":false},"excerpt":{"rendered":"<p>&nbsp; O n\u00famero de m\u00e3es solo, aquelas que cuidam sozinhas de seus filhos, aumentou 17,8% na \u00faltima d\u00e9cada, passando de 9,6 milh\u00f5es em 2012 para 11,3 milh\u00f5es em 2022. Esta situa\u00e7\u00e3o gera ainda mais dificuldades para o ingresso dessas mulheres no mercado de trabalho. Esse \u00e9 o resultado de uma pesquisa realizada pela Funda\u00e7\u00e3o Get\u00falio [&hellip;]<\/p>\n","protected":false},"author":2,"featured_media":147619,"comment_status":"closed","ping_status":"closed","sticky":false,"template":"","format":"standard","meta":{"_acf_changed":false,"footnotes":""},"categories":[161],"tags":[],"class_list":["post-304920","post","type-post","status-publish","format-standard","has-post-thumbnail","hentry","category-quadradinho-em-foco"],"acf":[],"yoast_head":"<!-- This site is optimized with the Yoast SEO plugin v27.2 - https:\/\/yoast.com\/product\/yoast-seo-wordpress\/ -->\n<title>M\u00e3es solo t\u00eam dificuldade de arranjar emprego - Notibras<\/title>\n<meta name=\"robots\" content=\"index, follow, max-snippet:-1, max-image-preview:large, max-video-preview:-1\" \/>\n<link rel=\"canonical\" href=\"https:\/\/www.notibras.com\/site\/maes-solo-tem-dificuldade-de-arranjar-emprego\/\" \/>\n<meta property=\"og:locale\" content=\"pt_BR\" \/>\n<meta property=\"og:type\" content=\"article\" \/>\n<meta property=\"og:title\" content=\"M\u00e3es solo t\u00eam dificuldade de arranjar emprego - Notibras\" \/>\n<meta property=\"og:description\" content=\"&nbsp; O n\u00famero de m\u00e3es solo, aquelas que cuidam sozinhas de seus filhos, aumentou 17,8% na \u00faltima d\u00e9cada, passando de 9,6 milh\u00f5es em 2012 para 11,3 milh\u00f5es em 2022. Esta situa\u00e7\u00e3o gera ainda mais dificuldades para o ingresso dessas mulheres no mercado de trabalho. Esse \u00e9 o resultado de uma pesquisa realizada pela Funda\u00e7\u00e3o Get\u00falio [&hellip;]\" \/>\n<meta property=\"og:url\" content=\"https:\/\/www.notibras.com\/site\/maes-solo-tem-dificuldade-de-arranjar-emprego\/\" \/>\n<meta property=\"og:site_name\" content=\"Notibras\" \/>\n<meta property=\"article:publisher\" content=\"https:\/\/www.facebook.com\/notibras\/\" \/>\n<meta property=\"article:published_time\" content=\"2023-05-15T03:00:44+00:00\" \/>\n<meta property=\"article:modified_time\" content=\"2023-05-15T10:29:57+00:00\" \/>\n<meta property=\"og:image\" content=\"https:\/\/www.notibras.com\/site\/wp-content\/uploads\/2017\/08\/mother-429158_960_720.jpg\" \/>\n\t<meta property=\"og:image:width\" content=\"960\" \/>\n\t<meta property=\"og:image:height\" content=\"635\" \/>\n\t<meta property=\"og:image:type\" content=\"image\/jpeg\" \/>\n<meta name=\"author\" content=\"Reda\u00e7\u00e3o\" \/>\n<meta name=\"twitter:card\" content=\"summary_large_image\" \/>\n<meta name=\"twitter:creator\" content=\"@Notibras\" \/>\n<meta name=\"twitter:site\" content=\"@Notibras\" \/>\n<meta name=\"twitter:label1\" content=\"Escrito por\" \/>\n\t<meta name=\"twitter:data1\" content=\"Reda\u00e7\u00e3o\" \/>\n\t<meta name=\"twitter:label2\" content=\"Est. tempo de leitura\" \/>\n\t<meta name=\"twitter:data2\" content=\"3 minutos\" \/>\n<script type=\"application\/ld+json\" class=\"yoast-schema-graph\">{\"@context\":\"https:\/\/schema.org\",\"@graph\":[{\"@type\":\"Article\",\"@id\":\"https:\/\/www.notibras.com\/site\/maes-solo-tem-dificuldade-de-arranjar-emprego\/#article\",\"isPartOf\":{\"@id\":\"https:\/\/www.notibras.com\/site\/maes-solo-tem-dificuldade-de-arranjar-emprego\/\"},\"author\":{\"name\":\"Reda\u00e7\u00e3o\",\"@id\":\"https:\/\/www.notibras.com\/site\/#\/schema\/person\/36ab0979449956132d3e5b517ea76ac8\"},\"headline\":\"M\u00e3es solo t\u00eam dificuldade de arranjar emprego\",\"datePublished\":\"2023-05-15T03:00:44+00:00\",\"dateModified\":\"2023-05-15T10:29:57+00:00\",\"mainEntityOfPage\":{\"@id\":\"https:\/\/www.notibras.com\/site\/maes-solo-tem-dificuldade-de-arranjar-emprego\/\"},\"wordCount\":436,\"publisher\":{\"@id\":\"https:\/\/www.notibras.com\/site\/#organization\"},\"image\":{\"@id\":\"https:\/\/www.notibras.com\/site\/maes-solo-tem-dificuldade-de-arranjar-emprego\/#primaryimage\"},\"thumbnailUrl\":\"https:\/\/www.notibras.com\/site\/wp-content\/uploads\/2017\/08\/mother-429158_960_720.jpg\",\"articleSection\":[\"Quadradinho em Foco\"],\"inLanguage\":\"pt-BR\"},{\"@type\":\"WebPage\",\"@id\":\"https:\/\/www.notibras.com\/site\/maes-solo-tem-dificuldade-de-arranjar-emprego\/\",\"url\":\"https:\/\/www.notibras.com\/site\/maes-solo-tem-dificuldade-de-arranjar-emprego\/\",\"name\":\"M\u00e3es solo t\u00eam dificuldade de arranjar emprego - Notibras\",\"isPartOf\":{\"@id\":\"https:\/\/www.notibras.com\/site\/#website\"},\"primaryImageOfPage\":{\"@id\":\"https:\/\/www.notibras.com\/site\/maes-solo-tem-dificuldade-de-arranjar-emprego\/#primaryimage\"},\"image\":{\"@id\":\"https:\/\/www.notibras.com\/site\/maes-solo-tem-dificuldade-de-arranjar-emprego\/#primaryimage\"},\"thumbnailUrl\":\"https:\/\/www.notibras.com\/site\/wp-content\/uploads\/2017\/08\/mother-429158_960_720.jpg\",\"datePublished\":\"2023-05-15T03:00:44+00:00\",\"dateModified\":\"2023-05-15T10:29:57+00:00\",\"breadcrumb\":{\"@id\":\"https:\/\/www.notibras.com\/site\/maes-solo-tem-dificuldade-de-arranjar-emprego\/#breadcrumb\"},\"inLanguage\":\"pt-BR\",\"potentialAction\":[{\"@type\":\"ReadAction\",\"target\":[\"https:\/\/www.notibras.com\/site\/maes-solo-tem-dificuldade-de-arranjar-emprego\/\"]}]},{\"@type\":\"ImageObject\",\"inLanguage\":\"pt-BR\",\"@id\":\"https:\/\/www.notibras.com\/site\/maes-solo-tem-dificuldade-de-arranjar-emprego\/#primaryimage\",\"url\":\"https:\/\/www.notibras.com\/site\/wp-content\/uploads\/2017\/08\/mother-429158_960_720.jpg\",\"contentUrl\":\"https:\/\/www.notibras.com\/site\/wp-content\/uploads\/2017\/08\/mother-429158_960_720.jpg\",\"width\":960,\"height\":635,\"caption\":\"Foto\/Reprodu\u00e7\u00e3o Google\"},{\"@type\":\"BreadcrumbList\",\"@id\":\"https:\/\/www.notibras.com\/site\/maes-solo-tem-dificuldade-de-arranjar-emprego\/#breadcrumb\",\"itemListElement\":[{\"@type\":\"ListItem\",\"position\":1,\"name\":\"In\u00edcio\",\"item\":\"https:\/\/www.notibras.com\/site\/\"},{\"@type\":\"ListItem\",\"position\":2,\"name\":\"M\u00e3es solo t\u00eam dificuldade de arranjar emprego\"}]},{\"@type\":\"WebSite\",\"@id\":\"https:\/\/www.notibras.com\/site\/#website\",\"url\":\"https:\/\/www.notibras.com\/site\/\",\"name\":\"Notibras\",\"description\":\"Not\u00edcias de Bras\u00edlia, do Brasil e do Mundo\",\"publisher\":{\"@id\":\"https:\/\/www.notibras.com\/site\/#organization\"},\"potentialAction\":[{\"@type\":\"SearchAction\",\"target\":{\"@type\":\"EntryPoint\",\"urlTemplate\":\"https:\/\/www.notibras.com\/site\/?s={search_term_string}\"},\"query-input\":{\"@type\":\"PropertyValueSpecification\",\"valueRequired\":true,\"valueName\":\"search_term_string\"}}],\"inLanguage\":\"pt-BR\"},{\"@type\":\"Organization\",\"@id\":\"https:\/\/www.notibras.com\/site\/#organization\",\"name\":\"Grupo Notibras de Comunica\u00e7\u00e3o\",\"url\":\"https:\/\/www.notibras.com\/site\/\",\"logo\":{\"@type\":\"ImageObject\",\"inLanguage\":\"pt-BR\",\"@id\":\"https:\/\/www.notibras.com\/site\/#\/schema\/logo\/image\/\",\"url\":\"https:\/\/www.notibras.com\/site\/wp-content\/uploads\/2023\/01\/notibras23.png\",\"contentUrl\":\"https:\/\/www.notibras.com\/site\/wp-content\/uploads\/2023\/01\/notibras23.png\",\"width\":350,\"height\":87,\"caption\":\"Grupo Notibras de Comunica\u00e7\u00e3o\"},\"image\":{\"@id\":\"https:\/\/www.notibras.com\/site\/#\/schema\/logo\/image\/\"},\"sameAs\":[\"https:\/\/www.facebook.com\/notibras\/\",\"https:\/\/x.com\/Notibras\",\"https:\/\/www.instagram.com\/notibras\/\"]},{\"@type\":\"Person\",\"@id\":\"https:\/\/www.notibras.com\/site\/#\/schema\/person\/36ab0979449956132d3e5b517ea76ac8\",\"name\":\"Reda\u00e7\u00e3o\",\"image\":{\"@type\":\"ImageObject\",\"inLanguage\":\"pt-BR\",\"@id\":\"https:\/\/secure.gravatar.com\/avatar\/e0a867bdedb85fd243eadf09663511f96fc81e0720a4a42581f334ad4303aa6b?s=96&d=mm&r=g\",\"url\":\"https:\/\/secure.gravatar.com\/avatar\/e0a867bdedb85fd243eadf09663511f96fc81e0720a4a42581f334ad4303aa6b?s=96&d=mm&r=g\",\"contentUrl\":\"https:\/\/secure.gravatar.com\/avatar\/e0a867bdedb85fd243eadf09663511f96fc81e0720a4a42581f334ad4303aa6b?s=96&d=mm&r=g\",\"caption\":\"Reda\u00e7\u00e3o\"}}]}<\/script>\n<!-- \/ Yoast SEO plugin. -->","yoast_head_json":{"title":"M\u00e3es solo t\u00eam dificuldade de arranjar emprego - Notibras","robots":{"index":"index","follow":"follow","max-snippet":"max-snippet:-1","max-image-preview":"max-image-preview:large","max-video-preview":"max-video-preview:-1"},"canonical":"https:\/\/www.notibras.com\/site\/maes-solo-tem-dificuldade-de-arranjar-emprego\/","og_locale":"pt_BR","og_type":"article","og_title":"M\u00e3es solo t\u00eam dificuldade de arranjar emprego - Notibras","og_description":"&nbsp; O n\u00famero de m\u00e3es solo, aquelas que cuidam sozinhas de seus filhos, aumentou 17,8% na \u00faltima d\u00e9cada, passando de 9,6 milh\u00f5es em 2012 para 11,3 milh\u00f5es em 2022. Esta situa\u00e7\u00e3o gera ainda mais dificuldades para o ingresso dessas mulheres no mercado de trabalho. Esse \u00e9 o resultado de uma pesquisa realizada pela Funda\u00e7\u00e3o Get\u00falio [&hellip;]","og_url":"https:\/\/www.notibras.com\/site\/maes-solo-tem-dificuldade-de-arranjar-emprego\/","og_site_name":"Notibras","article_publisher":"https:\/\/www.facebook.com\/notibras\/","article_published_time":"2023-05-15T03:00:44+00:00","article_modified_time":"2023-05-15T10:29:57+00:00","og_image":[{"width":960,"height":635,"url":"https:\/\/www.notibras.com\/site\/wp-content\/uploads\/2017\/08\/mother-429158_960_720.jpg","type":"image\/jpeg"}],"author":"Reda\u00e7\u00e3o","twitter_card":"summary_large_image","twitter_creator":"@Notibras","twitter_site":"@Notibras","twitter_misc":{"Escrito por":"Reda\u00e7\u00e3o","Est. tempo de leitura":"3 minutos"},"schema":{"@context":"https:\/\/schema.org","@graph":[{"@type":"Article","@id":"https:\/\/www.notibras.com\/site\/maes-solo-tem-dificuldade-de-arranjar-emprego\/#article","isPartOf":{"@id":"https:\/\/www.notibras.com\/site\/maes-solo-tem-dificuldade-de-arranjar-emprego\/"},"author":{"name":"Reda\u00e7\u00e3o","@id":"https:\/\/www.notibras.com\/site\/#\/schema\/person\/36ab0979449956132d3e5b517ea76ac8"},"headline":"M\u00e3es solo t\u00eam dificuldade de arranjar emprego","datePublished":"2023-05-15T03:00:44+00:00","dateModified":"2023-05-15T10:29:57+00:00","mainEntityOfPage":{"@id":"https:\/\/www.notibras.com\/site\/maes-solo-tem-dificuldade-de-arranjar-emprego\/"},"wordCount":436,"publisher":{"@id":"https:\/\/www.notibras.com\/site\/#organization"},"image":{"@id":"https:\/\/www.notibras.com\/site\/maes-solo-tem-dificuldade-de-arranjar-emprego\/#primaryimage"},"thumbnailUrl":"https:\/\/www.notibras.com\/site\/wp-content\/uploads\/2017\/08\/mother-429158_960_720.jpg","articleSection":["Quadradinho em Foco"],"inLanguage":"pt-BR"},{"@type":"WebPage","@id":"https:\/\/www.notibras.com\/site\/maes-solo-tem-dificuldade-de-arranjar-emprego\/","url":"https:\/\/www.notibras.com\/site\/maes-solo-tem-dificuldade-de-arranjar-emprego\/","name":"M\u00e3es solo t\u00eam dificuldade de arranjar emprego - Notibras","isPartOf":{"@id":"https:\/\/www.notibras.com\/site\/#website"},"primaryImageOfPage":{"@id":"https:\/\/www.notibras.com\/site\/maes-solo-tem-dificuldade-de-arranjar-emprego\/#primaryimage"},"image":{"@id":"https:\/\/www.notibras.com\/site\/maes-solo-tem-dificuldade-de-arranjar-emprego\/#primaryimage"},"thumbnailUrl":"https:\/\/www.notibras.com\/site\/wp-content\/uploads\/2017\/08\/mother-429158_960_720.jpg","datePublished":"2023-05-15T03:00:44+00:00","dateModified":"2023-05-15T10:29:57+00:00","breadcrumb":{"@id":"https:\/\/www.notibras.com\/site\/maes-solo-tem-dificuldade-de-arranjar-emprego\/#breadcrumb"},"inLanguage":"pt-BR","potentialAction":[{"@type":"ReadAction","target":["https:\/\/www.notibras.com\/site\/maes-solo-tem-dificuldade-de-arranjar-emprego\/"]}]},{"@type":"ImageObject","inLanguage":"pt-BR","@id":"https:\/\/www.notibras.com\/site\/maes-solo-tem-dificuldade-de-arranjar-emprego\/#primaryimage","url":"https:\/\/www.notibras.com\/site\/wp-content\/uploads\/2017\/08\/mother-429158_960_720.jpg","contentUrl":"https:\/\/www.notibras.com\/site\/wp-content\/uploads\/2017\/08\/mother-429158_960_720.jpg","width":960,"height":635,"caption":"Foto\/Reprodu\u00e7\u00e3o Google"},{"@type":"BreadcrumbList","@id":"https:\/\/www.notibras.com\/site\/maes-solo-tem-dificuldade-de-arranjar-emprego\/#breadcrumb","itemListElement":[{"@type":"ListItem","position":1,"name":"In\u00edcio","item":"https:\/\/www.notibras.com\/site\/"},{"@type":"ListItem","position":2,"name":"M\u00e3es solo t\u00eam dificuldade de arranjar emprego"}]},{"@type":"WebSite","@id":"https:\/\/www.notibras.com\/site\/#website","url":"https:\/\/www.notibras.com\/site\/","name":"Notibras","description":"Not\u00edcias de Bras\u00edlia, do Brasil e do Mundo","publisher":{"@id":"https:\/\/www.notibras.com\/site\/#organization"},"potentialAction":[{"@type":"SearchAction","target":{"@type":"EntryPoint","urlTemplate":"https:\/\/www.notibras.com\/site\/?s={search_term_string}"},"query-input":{"@type":"PropertyValueSpecification","valueRequired":true,"valueName":"search_term_string"}}],"inLanguage":"pt-BR"},{"@type":"Organization","@id":"https:\/\/www.notibras.com\/site\/#organization","name":"Grupo Notibras de Comunica\u00e7\u00e3o","url":"https:\/\/www.notibras.com\/site\/","logo":{"@type":"ImageObject","inLanguage":"pt-BR","@id":"https:\/\/www.notibras.com\/site\/#\/schema\/logo\/image\/","url":"https:\/\/www.notibras.com\/site\/wp-content\/uploads\/2023\/01\/notibras23.png","contentUrl":"https:\/\/www.notibras.com\/site\/wp-content\/uploads\/2023\/01\/notibras23.png","width":350,"height":87,"caption":"Grupo Notibras de Comunica\u00e7\u00e3o"},"image":{"@id":"https:\/\/www.notibras.com\/site\/#\/schema\/logo\/image\/"},"sameAs":["https:\/\/www.facebook.com\/notibras\/","https:\/\/x.com\/Notibras","https:\/\/www.instagram.com\/notibras\/"]},{"@type":"Person","@id":"https:\/\/www.notibras.com\/site\/#\/schema\/person\/36ab0979449956132d3e5b517ea76ac8","name":"Reda\u00e7\u00e3o","image":{"@type":"ImageObject","inLanguage":"pt-BR","@id":"https:\/\/secure.gravatar.com\/avatar\/e0a867bdedb85fd243eadf09663511f96fc81e0720a4a42581f334ad4303aa6b?s=96&d=mm&r=g","url":"https:\/\/secure.gravatar.com\/avatar\/e0a867bdedb85fd243eadf09663511f96fc81e0720a4a42581f334ad4303aa6b?s=96&d=mm&r=g","contentUrl":"https:\/\/secure.gravatar.com\/avatar\/e0a867bdedb85fd243eadf09663511f96fc81e0720a4a42581f334ad4303aa6b?s=96&d=mm&r=g","caption":"Reda\u00e7\u00e3o"}}]}},"amp_enabled":true,"_links":{"self":[{"href":"https:\/\/www.notibras.com\/site\/wp-json\/wp\/v2\/posts\/304920","targetHints":{"allow":["GET"]}}],"collection":[{"href":"https:\/\/www.notibras.com\/site\/wp-json\/wp\/v2\/posts"}],"about":[{"href":"https:\/\/www.notibras.com\/site\/wp-json\/wp\/v2\/types\/post"}],"author":[{"embeddable":true,"href":"https:\/\/www.notibras.com\/site\/wp-json\/wp\/v2\/users\/2"}],"replies":[{"embeddable":true,"href":"https:\/\/www.notibras.com\/site\/wp-json\/wp\/v2\/comments?post=304920"}],"version-history":[{"count":1,"href":"https:\/\/www.notibras.com\/site\/wp-json\/wp\/v2\/posts\/304920\/revisions"}],"predecessor-version":[{"id":304921,"href":"https:\/\/www.notibras.com\/site\/wp-json\/wp\/v2\/posts\/304920\/revisions\/304921"}],"wp:featuredmedia":[{"embeddable":true,"href":"https:\/\/www.notibras.com\/site\/wp-json\/wp\/v2\/media\/147619"}],"wp:attachment":[{"href":"https:\/\/www.notibras.com\/site\/wp-json\/wp\/v2\/media?parent=304920"}],"wp:term":[{"taxonomy":"category","embeddable":true,"href":"https:\/\/www.notibras.com\/site\/wp-json\/wp\/v2\/categories?post=304920"},{"taxonomy":"post_tag","embeddable":true,"href":"https:\/\/www.notibras.com\/site\/wp-json\/wp\/v2\/tags?post=304920"}],"curies":[{"name":"wp","href":"https:\/\/api.w.org\/{rel}","templated":true}]}}