{"id":304922,"date":"2023-05-15T00:00:05","date_gmt":"2023-05-15T03:00:05","guid":{"rendered":"https:\/\/www.notibras.com\/site\/?p=304922"},"modified":"2023-05-15T07:40:06","modified_gmt":"2023-05-15T10:40:06","slug":"maes-relatam-as-dores-e-vitorias-pela-educacao","status":"publish","type":"post","link":"https:\/\/www.notibras.com\/site\/maes-relatam-as-dores-e-vitorias-pela-educacao\/","title":{"rendered":"M\u00e3es relatam as dores e vit\u00f3rias pela educa\u00e7\u00e3o"},"content":{"rendered":"<p>O choro foi como um presente, como uma vit\u00f3ria. Quando Maria Flor, de 6 anos, reclamou de ir embora da escola, a m\u00e3e, Andrea Medrado, de 36, ficou feliz. Ela faz de cada dia uma batalha para garantir \u00e0 menina o direito de estar na escola.<\/p>\n<p>A garota foi diagnosticada com a s\u00edndrome rara Pitt Hopkins (doen\u00e7a neurogen\u00e9tica que, entre os problemas, gera atraso no desenvolvimento e aus\u00eancia de fala) e tamb\u00e9m autismo.<\/p>\n<p>A m\u00e3e j\u00e1 chegou a ouvir de uma gestora escolar em Bras\u00edlia que a escola n\u00e3o tinha vaga \u201cpara este tipo de crian\u00e7a\u201d. O choro bom da menina, de querer ficar na escola, prova que a luta da m\u00e3e vale muito a pena.<\/p>\n<p>Andrea Medrado defende, ali\u00e1s, que a inclus\u00e3o da filha e de todas as crian\u00e7as com alguma defici\u00eancia precisa ser de verdade. Uma inclus\u00e3o para integrar, com plena participa\u00e7\u00e3o em todos os ambientes.<\/p>\n<p>\u201cQuando a gente chama a pessoa para uma festa, precisamos n\u00e3o apenas deix\u00e1-la no lugar. \u00c9 preciso cham\u00e1-la para dan\u00e7ar com a gente. Eu acredito que inclus\u00e3o \u00e9 isso\u201d.<\/p>\n<p>Essa dan\u00e7a de m\u00e3e e filha \u00e9 feita de muitos passos. Envolveu e envolve insist\u00eancia, medidas judiciais e pedido de di\u00e1logo com a gest\u00e3o escolar.<\/p>\n<p>Uma luta que n\u00e3o \u00e9 simples, segundo a pesquisadora em educa\u00e7\u00e3o inclusiva Mariana Rosa, de Minas Gerais. \u201c\u00c9 uma luta porque se trata de uma mudan\u00e7a de paradigma bastante importante na educa\u00e7\u00e3o. A gente est\u00e1 tentando consolidar o direito das pessoas com defici\u00eancia acessarem a escola, o curr\u00edculo, e permanecerem estudando\u201d.<\/p>\n<p>A pesquisadora critica o preconceito difundido de que as pessoas com defici\u00eancia seriam estudantes que n\u00e3o aprendem, que precisam de um cuidado m\u00e9dico e n\u00e3o pedag\u00f3gico. Ela lamenta que, embora a legisla\u00e7\u00e3o seja avan\u00e7ada, houve um desmonte nos \u00faltimos anos com diminui\u00e7\u00e3o de repasse de recursos para infraestrutura e forma\u00e7\u00e3o de professores. \u201cO decreto n\u00ba 10.502\/2020 [revogado pelo presidente Lula] tinha um discurso segregacionista [ao prever escolas apenas para pessoas com defici\u00eancia]. Mas a gente est\u00e1 at\u00e9 hoje lidando com audi\u00eancias p\u00fablicas no Congresso que defendem que o melhor lugar para essas crian\u00e7as seriam institui\u00e7\u00f5es separadas\u201d.<\/p>\n<p><strong>Luta<\/strong><br \/>\nNo caso da m\u00e3e Andrea, o inconformismo com as dificuldades para o ensino se traduziu em luta. \u201cDesde que a gente investigou o atraso no desenvolvimento da Maria Flor e com o diagn\u00f3stico, eu comecei a me envolver em a\u00e7\u00f5es de movimentos sociais em prol das pessoas com defici\u00eancia e das doen\u00e7as raras\u201d. Andrea passou a organizar encontros com profissionais para poder compartilhar informa\u00e7\u00e3o de qualidade para outras fam\u00edlias em situa\u00e7\u00f5es semelhantes.<\/p>\n<p>Inclusive porque o envolvimento passa por abdica\u00e7\u00f5es e dificuldades. \u201cA maternidade at\u00edpica \u00e9 invisibilizada. A gente tamb\u00e9m trabalha com o cuidado e muitas vezes largamos tudo para levarmos os filhos para terapias. A mulher acaba ficando at\u00e9 sem aporte financeiro. A maioria dos pais abandona a fam\u00edlia quando tem um filho com defici\u00eancia\u201d.<\/p>\n<p>De acordo com o instituto Baresi, de doen\u00e7as raras, um estudo feito na d\u00e9cada passada, mostrou que no Brasil, cerca de 78% dos pais abandonaram as m\u00e3es de crian\u00e7as com defici\u00eancias e doen\u00e7as raras, antes que os filhos completassem 5 anos.<\/p>\n<p>Para Andr\u00e9a, a maternidade at\u00edpica n\u00e3o \u00e9 vista em comerciais nem em campanhas. S\u00e3o poucos os convites para participar de debates. \u201cAs pessoas batem nas nossas costas nos chamando de guerreiras, de especiais. A gente quer ser vista como uma mulher, como humana, que tamb\u00e9m cansa, que se encontra em um lugar de exaust\u00e3o e est\u00e1 em um lugar social de invisibilidade\u201d. Para ela, \u00e9 preciso pensar em pol\u00edticas p\u00fablicas efetivas.<\/p>\n<p>\u201cHoje a minha luta e de alguns movimentos sociais que eu fa\u00e7o parte \u00e9 que as pessoas com defici\u00eancia possam ocupar o lugar que elas quiserem\u201d. Andrea testemunha que a filha passou por alguns centros de ensino especiais no Distrito Federal e soube que professoras queriam medicar a menina porque Maria Flor utiliza o choro para se comunicar.<\/p>\n<p>\u201cEssa foi uma das primeiras barreiras que a gente enfrentou. Queriam calar minha filha. Ela precisa fazer terapia multidisciplinar e de forma cont\u00ednua e a gente precisa tamb\u00e9m do profissional de apoio que tamb\u00e9m consta na Lei Brasileira de Inclus\u00e3o, de 2015 e na lei Berenice Piana, de 2012, que protege os direitos das pessoas com espectro autista.&#8221;<\/p>\n<p>Chamar para a \u201cdan\u00e7a\u201d da inclus\u00e3o \u00e9 garantir, por exemplo, que as turmas sejam reduzidas. \u201cE ela precisa estar em uma turma menor. Essa foi outra luta. Inclusive a gente ainda est\u00e1 com um processo judicial que est\u00e1 correndo para garantir o atendimento de profissionais especializados\u201d. Para se comunicar, Maria Flor conta com um tablet com um aplicativo em que ela exp\u00f5e emo\u00e7\u00f5es. No ano passado, chegou a reclamar da escola. Hoje, mudou. \u201cA escola precisa estar aberta a ouvir as fam\u00edlias. Esse, para mim, \u00e9 o ponto principal. Pelo aplicativo, ela demonstra ter vontade de ir para escola e que foi bom brincar com os amiguinhos\u201d. Essa dan\u00e7a n\u00e3o pode parar.<\/p>\n<p><strong>Os passos de \u201cdan\u00e7a\u201d<\/strong><br \/>\nA professora de qu\u00edmica Joanna de Paolli, de 37, viu-se como uma aluna em pleno aprendizado depois que o filho foi diagnosticado com autismo. \u201cO meu filho viveu momentos de segrega\u00e7\u00e3o, de integra\u00e7\u00e3o e hoje caminha em processos de inclus\u00e3o\u201d. Ao compreender o que estava acontecendo, a m\u00e3e resolveu se especializar nos temas de inclus\u00e3o. Transformou-se em pesquisadora desse assunto e passou a entender o que acontecia.<\/p>\n<p>Ela relata que o menino ficou separado do conv\u00edvio com outras crian\u00e7as porque ainda existe uma concep\u00e7\u00e3o da sociedade que as pessoas com defici\u00eancia precisam ser preparadas para a sala regular. \u201cEles tentam fazer esse exerc\u00edcio de preparar de forma separada essas crian\u00e7as e meu filho infelizmente viveu isso\u201d. Mas o garoto, atualmente com 15 anos, s\u00f3 aprendeu de verdade como se comportar em uma sala de aula regular quando ele teve a oportunidade de estar nesse lugar.<\/p>\n<p>\u201cA gente n\u00e3o aprende a nadar num tanque de areia. Tamb\u00e9m n\u00e3o se entra numa piscina j\u00e1 sabendo nadar. A gente vai aprendendo. Todos n\u00f3s podemos ter mais potencialidades em alguns conhecimentos, algumas \u00e1reas e mais dificuldades em outras. Isso n\u00e3o \u00e9 diferente para as pessoas com defici\u00eancia\u201d, afirma a professora.<\/p>\n<p>Joanna defende que a escola seja um espa\u00e7o l\u00fadico e n\u00e3o segregacionista. \u201cEu tenho na minha hist\u00f3ria e na hist\u00f3ria do meu filho que a escola est\u00e1 sendo muito importante na vida dele. A escola deve ser interativa, contextualizada, l\u00fadica e que desenvolva consci\u00eancia. Uma boa educa\u00e7\u00e3o precisa atender a todos\u201d.<\/p>\n<p><strong>O caminho<\/strong><br \/>\nPara a pesquisadora Mariana Rosa, a exclus\u00e3o s\u00f3 ter\u00e1 fim com investimento efetivo na educa\u00e7\u00e3o inclusiva no Brasil. \u201cAcho que o caminho passa por investimento consistente e permanente na educa\u00e7\u00e3o, na escola p\u00fablica, para todas as pessoas\u201d. Isso inclui, no entender dela, o prosseguimento da Pol\u00edtica Nacional de Educa\u00e7\u00e3o Inclusiva com salas de recursos multifuncionais, atendimento educacional especializado e investimento na forma\u00e7\u00e3o e no sal\u00e1rio dos professores.<\/p>\n<p>Em nota \u00e0 reportagem da Ag\u00eancia Brasil, a assessoria de comunica\u00e7\u00e3o do Minist\u00e9rio da Educa\u00e7\u00e3o (MEC) informou que est\u00e1 em fase de conclus\u00e3o uma portaria que instituir\u00e1 a Comiss\u00e3o Nacional de Educa\u00e7\u00e3o Especial na Perspectiva da Educa\u00e7\u00e3o Inclusiva. O \u00f3rg\u00e3o garante que vai aperfei\u00e7oar e expandir programas de forma\u00e7\u00e3o continuada de profissionais da educa\u00e7\u00e3o, incluindo professores e de atendimento educacional especializado para atender demanda da sociedade.<\/p>\n<p>\u201cSer\u00e1 retomado tamb\u00e9m o programa de implementa\u00e7\u00e3o de salas de recursos multifuncionais nas escolas comuns, a expans\u00e3o e aperfei\u00e7oamento do Projeto Livro Acess\u00edvel (PNLD), a melhoria da acessibilidade na educa\u00e7\u00e3o b\u00e1sica e na educa\u00e7\u00e3o superior\u201d, informou o MEC.<\/p>\n<p><strong>Mundo das artes<\/strong><br \/>\n\u00c9 ao som do batuque que a carioca Patr\u00edcia Almeida, de 57 anos, funcion\u00e1ria p\u00fablica aposentada, tamb\u00e9m v\u00ea a filha Amanda, hoje com 18 anos, se desenvolver. A mo\u00e7a, diagnosticada com s\u00edndrome de down, cursa a segunda etapa do ensino de jovens e adultos, tem est\u00edmulo em terapia, nata\u00e7\u00e3o e aula de batuque. A agenda, garante a m\u00e3e, faz com que a mo\u00e7a tenha apre\u00e7o especial pela arte.<\/p>\n<p>Mas nem sempre foi assim. Por conta da profiss\u00e3o dos pais, na \u00e1rea de diplomacia, a fam\u00edlia passou 10 anos fora do Brasil. Um desses pa\u00edses foi a Su\u00ed\u00e7a. Foi uma decep\u00e7\u00e3o para a fam\u00edlia.<\/p>\n<p>A m\u00e3e exemplifica que escolas especiais eram administradas por psiquiatras ao inv\u00e9s de educadores. \u201cN\u00e3o faltava dinheiro ou equipamento. Mas l\u00e1, n\u00e3o existe educa\u00e7\u00e3o inclusiva. Ela foi para uma escola especial que era t\u00e3o ruim que a gente teve que tir\u00e1-la, e ter um aprendizado em casa com psicopedagoga, em homeschooling\u201d.<\/p>\n<p>Mas isso foi um problema porque a menina s\u00f3 convivia com adultos. Quando voltaram ao Brasil, ficaram felizes de ter acesso \u00e0 escola p\u00fablica. Viram que havia professores especializados em educa\u00e7\u00e3o inclusiva. \u201cN\u00e3o \u00e9 melhor apenas para crian\u00e7as com defici\u00eancia, mas para todas as crian\u00e7as\u201d. Por isso, Patr\u00edcia entende que \u00e9 necess\u00e1rio que os pais procurem a escola para dialogar.<\/p>\n<p>Com a chegada da filha \u00e0 adolesc\u00eancia e, finalmente, com o conv\u00edvio com outras pessoas da mesma idade, a m\u00e3e se inspirou para produzir um material de linguagem simples: Eu me protejo, sobre os cuidados com as partes \u00edntimas. \u201cEu resolvi fazer esse material justamente para ela poder se fortalecer com essas informa\u00e7\u00f5es. E poder reagir caso alguma coisa de mal acontecesse\u201d<\/p>\n<p>\u201cA Amanda fala pouco, mas \u00e9 uma pessoa muito alegre. Eu a vejo seguindo no mundo das artes\u201d. Patr\u00edcia entende que \u00e9 necess\u00e1rio acreditar no potencial de todos. A inspira\u00e7\u00e3o na filha vai fazer com que lance, neste ano, o novo livro Simples assim. Simples como s\u00e3o as m\u00e3es que veem os passos dos seus filhos, nadando, batucando, e dan\u00e7ando em todos os ritmos.<\/p>\n","protected":false},"excerpt":{"rendered":"<p>O choro foi como um presente, como uma vit\u00f3ria. Quando Maria Flor, de 6 anos, reclamou de ir embora da escola, a m\u00e3e, Andrea Medrado, de 36, ficou feliz. Ela faz de cada dia uma batalha para garantir \u00e0 menina o direito de estar na escola. A garota foi diagnosticada com a s\u00edndrome rara Pitt [&hellip;]<\/p>\n","protected":false},"author":2,"featured_media":304923,"comment_status":"closed","ping_status":"closed","sticky":false,"template":"","format":"standard","meta":{"_acf_changed":false,"footnotes":""},"categories":[161],"tags":[],"class_list":["post-304922","post","type-post","status-publish","format-standard","has-post-thumbnail","hentry","category-quadradinho-em-foco"],"acf":[],"yoast_head":"<!-- This site is optimized with the Yoast SEO plugin v27.2 - https:\/\/yoast.com\/product\/yoast-seo-wordpress\/ -->\n<title>M\u00e3es relatam as dores e vit\u00f3rias pela educa\u00e7\u00e3o - Notibras<\/title>\n<meta name=\"robots\" content=\"index, follow, max-snippet:-1, max-image-preview:large, max-video-preview:-1\" \/>\n<link rel=\"canonical\" href=\"https:\/\/www.notibras.com\/site\/maes-relatam-as-dores-e-vitorias-pela-educacao\/\" \/>\n<meta property=\"og:locale\" content=\"pt_BR\" \/>\n<meta property=\"og:type\" content=\"article\" \/>\n<meta property=\"og:title\" content=\"M\u00e3es relatam as dores e vit\u00f3rias pela educa\u00e7\u00e3o - Notibras\" \/>\n<meta property=\"og:description\" content=\"O choro foi como um presente, como uma vit\u00f3ria. Quando Maria Flor, de 6 anos, reclamou de ir embora da escola, a m\u00e3e, Andrea Medrado, de 36, ficou feliz. Ela faz de cada dia uma batalha para garantir \u00e0 menina o direito de estar na escola. A garota foi diagnosticada com a s\u00edndrome rara Pitt [&hellip;]\" \/>\n<meta property=\"og:url\" content=\"https:\/\/www.notibras.com\/site\/maes-relatam-as-dores-e-vitorias-pela-educacao\/\" \/>\n<meta property=\"og:site_name\" content=\"Notibras\" \/>\n<meta property=\"article:publisher\" content=\"https:\/\/www.facebook.com\/notibras\/\" \/>\n<meta property=\"article:published_time\" content=\"2023-05-15T03:00:05+00:00\" \/>\n<meta property=\"article:modified_time\" content=\"2023-05-15T10:40:06+00:00\" \/>\n<meta property=\"og:image\" content=\"https:\/\/www.notibras.com\/site\/wp-content\/uploads\/2023\/05\/patricia_e_amanda_2.jpg\" \/>\n\t<meta property=\"og:image:width\" content=\"1170\" \/>\n\t<meta property=\"og:image:height\" content=\"700\" \/>\n\t<meta property=\"og:image:type\" content=\"image\/jpeg\" \/>\n<meta name=\"author\" content=\"Reda\u00e7\u00e3o\" \/>\n<meta name=\"twitter:card\" content=\"summary_large_image\" \/>\n<meta name=\"twitter:creator\" content=\"@Notibras\" \/>\n<meta name=\"twitter:site\" content=\"@Notibras\" \/>\n<meta name=\"twitter:label1\" content=\"Escrito por\" \/>\n\t<meta name=\"twitter:data1\" content=\"Reda\u00e7\u00e3o\" \/>\n\t<meta name=\"twitter:label2\" content=\"Est. tempo de leitura\" \/>\n\t<meta name=\"twitter:data2\" content=\"9 minutos\" \/>\n<script type=\"application\/ld+json\" class=\"yoast-schema-graph\">{\"@context\":\"https:\/\/schema.org\",\"@graph\":[{\"@type\":\"Article\",\"@id\":\"https:\/\/www.notibras.com\/site\/maes-relatam-as-dores-e-vitorias-pela-educacao\/#article\",\"isPartOf\":{\"@id\":\"https:\/\/www.notibras.com\/site\/maes-relatam-as-dores-e-vitorias-pela-educacao\/\"},\"author\":{\"name\":\"Reda\u00e7\u00e3o\",\"@id\":\"https:\/\/www.notibras.com\/site\/#\/schema\/person\/36ab0979449956132d3e5b517ea76ac8\"},\"headline\":\"M\u00e3es relatam as dores e vit\u00f3rias pela educa\u00e7\u00e3o\",\"datePublished\":\"2023-05-15T03:00:05+00:00\",\"dateModified\":\"2023-05-15T10:40:06+00:00\",\"mainEntityOfPage\":{\"@id\":\"https:\/\/www.notibras.com\/site\/maes-relatam-as-dores-e-vitorias-pela-educacao\/\"},\"wordCount\":1745,\"publisher\":{\"@id\":\"https:\/\/www.notibras.com\/site\/#organization\"},\"image\":{\"@id\":\"https:\/\/www.notibras.com\/site\/maes-relatam-as-dores-e-vitorias-pela-educacao\/#primaryimage\"},\"thumbnailUrl\":\"https:\/\/www.notibras.com\/site\/wp-content\/uploads\/2023\/05\/patricia_e_amanda_2.jpg\",\"articleSection\":[\"Quadradinho em Foco\"],\"inLanguage\":\"pt-BR\"},{\"@type\":\"WebPage\",\"@id\":\"https:\/\/www.notibras.com\/site\/maes-relatam-as-dores-e-vitorias-pela-educacao\/\",\"url\":\"https:\/\/www.notibras.com\/site\/maes-relatam-as-dores-e-vitorias-pela-educacao\/\",\"name\":\"M\u00e3es relatam as dores e vit\u00f3rias pela educa\u00e7\u00e3o - Notibras\",\"isPartOf\":{\"@id\":\"https:\/\/www.notibras.com\/site\/#website\"},\"primaryImageOfPage\":{\"@id\":\"https:\/\/www.notibras.com\/site\/maes-relatam-as-dores-e-vitorias-pela-educacao\/#primaryimage\"},\"image\":{\"@id\":\"https:\/\/www.notibras.com\/site\/maes-relatam-as-dores-e-vitorias-pela-educacao\/#primaryimage\"},\"thumbnailUrl\":\"https:\/\/www.notibras.com\/site\/wp-content\/uploads\/2023\/05\/patricia_e_amanda_2.jpg\",\"datePublished\":\"2023-05-15T03:00:05+00:00\",\"dateModified\":\"2023-05-15T10:40:06+00:00\",\"breadcrumb\":{\"@id\":\"https:\/\/www.notibras.com\/site\/maes-relatam-as-dores-e-vitorias-pela-educacao\/#breadcrumb\"},\"inLanguage\":\"pt-BR\",\"potentialAction\":[{\"@type\":\"ReadAction\",\"target\":[\"https:\/\/www.notibras.com\/site\/maes-relatam-as-dores-e-vitorias-pela-educacao\/\"]}]},{\"@type\":\"ImageObject\",\"inLanguage\":\"pt-BR\",\"@id\":\"https:\/\/www.notibras.com\/site\/maes-relatam-as-dores-e-vitorias-pela-educacao\/#primaryimage\",\"url\":\"https:\/\/www.notibras.com\/site\/wp-content\/uploads\/2023\/05\/patricia_e_amanda_2.jpg\",\"contentUrl\":\"https:\/\/www.notibras.com\/site\/wp-content\/uploads\/2023\/05\/patricia_e_amanda_2.jpg\",\"width\":1170,\"height\":700},{\"@type\":\"BreadcrumbList\",\"@id\":\"https:\/\/www.notibras.com\/site\/maes-relatam-as-dores-e-vitorias-pela-educacao\/#breadcrumb\",\"itemListElement\":[{\"@type\":\"ListItem\",\"position\":1,\"name\":\"In\u00edcio\",\"item\":\"https:\/\/www.notibras.com\/site\/\"},{\"@type\":\"ListItem\",\"position\":2,\"name\":\"M\u00e3es relatam as dores e vit\u00f3rias pela educa\u00e7\u00e3o\"}]},{\"@type\":\"WebSite\",\"@id\":\"https:\/\/www.notibras.com\/site\/#website\",\"url\":\"https:\/\/www.notibras.com\/site\/\",\"name\":\"Notibras\",\"description\":\"Not\u00edcias de Bras\u00edlia, do Brasil e do Mundo\",\"publisher\":{\"@id\":\"https:\/\/www.notibras.com\/site\/#organization\"},\"potentialAction\":[{\"@type\":\"SearchAction\",\"target\":{\"@type\":\"EntryPoint\",\"urlTemplate\":\"https:\/\/www.notibras.com\/site\/?s={search_term_string}\"},\"query-input\":{\"@type\":\"PropertyValueSpecification\",\"valueRequired\":true,\"valueName\":\"search_term_string\"}}],\"inLanguage\":\"pt-BR\"},{\"@type\":\"Organization\",\"@id\":\"https:\/\/www.notibras.com\/site\/#organization\",\"name\":\"Grupo Notibras de Comunica\u00e7\u00e3o\",\"url\":\"https:\/\/www.notibras.com\/site\/\",\"logo\":{\"@type\":\"ImageObject\",\"inLanguage\":\"pt-BR\",\"@id\":\"https:\/\/www.notibras.com\/site\/#\/schema\/logo\/image\/\",\"url\":\"https:\/\/www.notibras.com\/site\/wp-content\/uploads\/2023\/01\/notibras23.png\",\"contentUrl\":\"https:\/\/www.notibras.com\/site\/wp-content\/uploads\/2023\/01\/notibras23.png\",\"width\":350,\"height\":87,\"caption\":\"Grupo Notibras de Comunica\u00e7\u00e3o\"},\"image\":{\"@id\":\"https:\/\/www.notibras.com\/site\/#\/schema\/logo\/image\/\"},\"sameAs\":[\"https:\/\/www.facebook.com\/notibras\/\",\"https:\/\/x.com\/Notibras\",\"https:\/\/www.instagram.com\/notibras\/\"]},{\"@type\":\"Person\",\"@id\":\"https:\/\/www.notibras.com\/site\/#\/schema\/person\/36ab0979449956132d3e5b517ea76ac8\",\"name\":\"Reda\u00e7\u00e3o\",\"image\":{\"@type\":\"ImageObject\",\"inLanguage\":\"pt-BR\",\"@id\":\"https:\/\/secure.gravatar.com\/avatar\/e0a867bdedb85fd243eadf09663511f96fc81e0720a4a42581f334ad4303aa6b?s=96&d=mm&r=g\",\"url\":\"https:\/\/secure.gravatar.com\/avatar\/e0a867bdedb85fd243eadf09663511f96fc81e0720a4a42581f334ad4303aa6b?s=96&d=mm&r=g\",\"contentUrl\":\"https:\/\/secure.gravatar.com\/avatar\/e0a867bdedb85fd243eadf09663511f96fc81e0720a4a42581f334ad4303aa6b?s=96&d=mm&r=g\",\"caption\":\"Reda\u00e7\u00e3o\"}}]}<\/script>\n<!-- \/ Yoast SEO plugin. -->","yoast_head_json":{"title":"M\u00e3es relatam as dores e vit\u00f3rias pela educa\u00e7\u00e3o - Notibras","robots":{"index":"index","follow":"follow","max-snippet":"max-snippet:-1","max-image-preview":"max-image-preview:large","max-video-preview":"max-video-preview:-1"},"canonical":"https:\/\/www.notibras.com\/site\/maes-relatam-as-dores-e-vitorias-pela-educacao\/","og_locale":"pt_BR","og_type":"article","og_title":"M\u00e3es relatam as dores e vit\u00f3rias pela educa\u00e7\u00e3o - Notibras","og_description":"O choro foi como um presente, como uma vit\u00f3ria. Quando Maria Flor, de 6 anos, reclamou de ir embora da escola, a m\u00e3e, Andrea Medrado, de 36, ficou feliz. Ela faz de cada dia uma batalha para garantir \u00e0 menina o direito de estar na escola. A garota foi diagnosticada com a s\u00edndrome rara Pitt [&hellip;]","og_url":"https:\/\/www.notibras.com\/site\/maes-relatam-as-dores-e-vitorias-pela-educacao\/","og_site_name":"Notibras","article_publisher":"https:\/\/www.facebook.com\/notibras\/","article_published_time":"2023-05-15T03:00:05+00:00","article_modified_time":"2023-05-15T10:40:06+00:00","og_image":[{"width":1170,"height":700,"url":"https:\/\/www.notibras.com\/site\/wp-content\/uploads\/2023\/05\/patricia_e_amanda_2.jpg","type":"image\/jpeg"}],"author":"Reda\u00e7\u00e3o","twitter_card":"summary_large_image","twitter_creator":"@Notibras","twitter_site":"@Notibras","twitter_misc":{"Escrito por":"Reda\u00e7\u00e3o","Est. tempo de leitura":"9 minutos"},"schema":{"@context":"https:\/\/schema.org","@graph":[{"@type":"Article","@id":"https:\/\/www.notibras.com\/site\/maes-relatam-as-dores-e-vitorias-pela-educacao\/#article","isPartOf":{"@id":"https:\/\/www.notibras.com\/site\/maes-relatam-as-dores-e-vitorias-pela-educacao\/"},"author":{"name":"Reda\u00e7\u00e3o","@id":"https:\/\/www.notibras.com\/site\/#\/schema\/person\/36ab0979449956132d3e5b517ea76ac8"},"headline":"M\u00e3es relatam as dores e vit\u00f3rias pela educa\u00e7\u00e3o","datePublished":"2023-05-15T03:00:05+00:00","dateModified":"2023-05-15T10:40:06+00:00","mainEntityOfPage":{"@id":"https:\/\/www.notibras.com\/site\/maes-relatam-as-dores-e-vitorias-pela-educacao\/"},"wordCount":1745,"publisher":{"@id":"https:\/\/www.notibras.com\/site\/#organization"},"image":{"@id":"https:\/\/www.notibras.com\/site\/maes-relatam-as-dores-e-vitorias-pela-educacao\/#primaryimage"},"thumbnailUrl":"https:\/\/www.notibras.com\/site\/wp-content\/uploads\/2023\/05\/patricia_e_amanda_2.jpg","articleSection":["Quadradinho em Foco"],"inLanguage":"pt-BR"},{"@type":"WebPage","@id":"https:\/\/www.notibras.com\/site\/maes-relatam-as-dores-e-vitorias-pela-educacao\/","url":"https:\/\/www.notibras.com\/site\/maes-relatam-as-dores-e-vitorias-pela-educacao\/","name":"M\u00e3es relatam as dores e vit\u00f3rias pela educa\u00e7\u00e3o - Notibras","isPartOf":{"@id":"https:\/\/www.notibras.com\/site\/#website"},"primaryImageOfPage":{"@id":"https:\/\/www.notibras.com\/site\/maes-relatam-as-dores-e-vitorias-pela-educacao\/#primaryimage"},"image":{"@id":"https:\/\/www.notibras.com\/site\/maes-relatam-as-dores-e-vitorias-pela-educacao\/#primaryimage"},"thumbnailUrl":"https:\/\/www.notibras.com\/site\/wp-content\/uploads\/2023\/05\/patricia_e_amanda_2.jpg","datePublished":"2023-05-15T03:00:05+00:00","dateModified":"2023-05-15T10:40:06+00:00","breadcrumb":{"@id":"https:\/\/www.notibras.com\/site\/maes-relatam-as-dores-e-vitorias-pela-educacao\/#breadcrumb"},"inLanguage":"pt-BR","potentialAction":[{"@type":"ReadAction","target":["https:\/\/www.notibras.com\/site\/maes-relatam-as-dores-e-vitorias-pela-educacao\/"]}]},{"@type":"ImageObject","inLanguage":"pt-BR","@id":"https:\/\/www.notibras.com\/site\/maes-relatam-as-dores-e-vitorias-pela-educacao\/#primaryimage","url":"https:\/\/www.notibras.com\/site\/wp-content\/uploads\/2023\/05\/patricia_e_amanda_2.jpg","contentUrl":"https:\/\/www.notibras.com\/site\/wp-content\/uploads\/2023\/05\/patricia_e_amanda_2.jpg","width":1170,"height":700},{"@type":"BreadcrumbList","@id":"https:\/\/www.notibras.com\/site\/maes-relatam-as-dores-e-vitorias-pela-educacao\/#breadcrumb","itemListElement":[{"@type":"ListItem","position":1,"name":"In\u00edcio","item":"https:\/\/www.notibras.com\/site\/"},{"@type":"ListItem","position":2,"name":"M\u00e3es relatam as dores e vit\u00f3rias pela educa\u00e7\u00e3o"}]},{"@type":"WebSite","@id":"https:\/\/www.notibras.com\/site\/#website","url":"https:\/\/www.notibras.com\/site\/","name":"Notibras","description":"Not\u00edcias de Bras\u00edlia, do Brasil e do Mundo","publisher":{"@id":"https:\/\/www.notibras.com\/site\/#organization"},"potentialAction":[{"@type":"SearchAction","target":{"@type":"EntryPoint","urlTemplate":"https:\/\/www.notibras.com\/site\/?s={search_term_string}"},"query-input":{"@type":"PropertyValueSpecification","valueRequired":true,"valueName":"search_term_string"}}],"inLanguage":"pt-BR"},{"@type":"Organization","@id":"https:\/\/www.notibras.com\/site\/#organization","name":"Grupo Notibras de Comunica\u00e7\u00e3o","url":"https:\/\/www.notibras.com\/site\/","logo":{"@type":"ImageObject","inLanguage":"pt-BR","@id":"https:\/\/www.notibras.com\/site\/#\/schema\/logo\/image\/","url":"https:\/\/www.notibras.com\/site\/wp-content\/uploads\/2023\/01\/notibras23.png","contentUrl":"https:\/\/www.notibras.com\/site\/wp-content\/uploads\/2023\/01\/notibras23.png","width":350,"height":87,"caption":"Grupo Notibras de Comunica\u00e7\u00e3o"},"image":{"@id":"https:\/\/www.notibras.com\/site\/#\/schema\/logo\/image\/"},"sameAs":["https:\/\/www.facebook.com\/notibras\/","https:\/\/x.com\/Notibras","https:\/\/www.instagram.com\/notibras\/"]},{"@type":"Person","@id":"https:\/\/www.notibras.com\/site\/#\/schema\/person\/36ab0979449956132d3e5b517ea76ac8","name":"Reda\u00e7\u00e3o","image":{"@type":"ImageObject","inLanguage":"pt-BR","@id":"https:\/\/secure.gravatar.com\/avatar\/e0a867bdedb85fd243eadf09663511f96fc81e0720a4a42581f334ad4303aa6b?s=96&d=mm&r=g","url":"https:\/\/secure.gravatar.com\/avatar\/e0a867bdedb85fd243eadf09663511f96fc81e0720a4a42581f334ad4303aa6b?s=96&d=mm&r=g","contentUrl":"https:\/\/secure.gravatar.com\/avatar\/e0a867bdedb85fd243eadf09663511f96fc81e0720a4a42581f334ad4303aa6b?s=96&d=mm&r=g","caption":"Reda\u00e7\u00e3o"}}]}},"amp_enabled":true,"_links":{"self":[{"href":"https:\/\/www.notibras.com\/site\/wp-json\/wp\/v2\/posts\/304922","targetHints":{"allow":["GET"]}}],"collection":[{"href":"https:\/\/www.notibras.com\/site\/wp-json\/wp\/v2\/posts"}],"about":[{"href":"https:\/\/www.notibras.com\/site\/wp-json\/wp\/v2\/types\/post"}],"author":[{"embeddable":true,"href":"https:\/\/www.notibras.com\/site\/wp-json\/wp\/v2\/users\/2"}],"replies":[{"embeddable":true,"href":"https:\/\/www.notibras.com\/site\/wp-json\/wp\/v2\/comments?post=304922"}],"version-history":[{"count":1,"href":"https:\/\/www.notibras.com\/site\/wp-json\/wp\/v2\/posts\/304922\/revisions"}],"predecessor-version":[{"id":304924,"href":"https:\/\/www.notibras.com\/site\/wp-json\/wp\/v2\/posts\/304922\/revisions\/304924"}],"wp:featuredmedia":[{"embeddable":true,"href":"https:\/\/www.notibras.com\/site\/wp-json\/wp\/v2\/media\/304923"}],"wp:attachment":[{"href":"https:\/\/www.notibras.com\/site\/wp-json\/wp\/v2\/media?parent=304922"}],"wp:term":[{"taxonomy":"category","embeddable":true,"href":"https:\/\/www.notibras.com\/site\/wp-json\/wp\/v2\/categories?post=304922"},{"taxonomy":"post_tag","embeddable":true,"href":"https:\/\/www.notibras.com\/site\/wp-json\/wp\/v2\/tags?post=304922"}],"curies":[{"name":"wp","href":"https:\/\/api.w.org\/{rel}","templated":true}]}}