{"id":304928,"date":"2023-05-15T07:50:54","date_gmt":"2023-05-15T10:50:54","guid":{"rendered":"https:\/\/www.notibras.com\/site\/?p=304928"},"modified":"2023-05-15T07:50:54","modified_gmt":"2023-05-15T10:50:54","slug":"comunidades-tradicionais-saem-em-defesa-do-cerrado","status":"publish","type":"post","link":"https:\/\/www.notibras.com\/site\/comunidades-tradicionais-saem-em-defesa-do-cerrado\/","title":{"rendered":"Comunidades tradicionais saem em defesa do Cerrado"},"content":{"rendered":"<p>\u201cO capim dourado mudou as nossas vidas. \u00c9 o capim dourado que coloca p\u00e3o na mesa, que gera renda para comprar comida, roupa, cal\u00e7ado. Ainda hoje \u00e9 a principal fonte de renda da comunidade e muda a vida das artes\u00e3s dando qualidade de vida melhor\u201d, conta Railane de Brito da Silva, 27 anos, presidente da Associa\u00e7\u00e3o da Comunidade Quilombola Mumbuca, na regi\u00e3o de Mateiros, no Jalap\u00e3o (regi\u00e3o leste do estado do Tocantins).<\/p>\n<p>O capim-dourado (Syngonanthus nitens) na verdade n\u00e3o \u00e9 um capim, j\u00e1 que n\u00e3o pertence \u00e0 fam\u00edlia das gram\u00edneas. Trata-se da haste de uma pequena flor branca da fam\u00edlia das sempre-vivas (fam\u00edlia Eriocaulaceae). O capim dourado \u00e9 mat\u00e9ria-prima para a confec\u00e7\u00e3o de bolsas, bijuterias e objetos de decora\u00e7\u00e3o que geram renda para centenas de artes\u00e3os.<\/p>\n<p>\u201cEle nasceu aqui na comunidade de Mumbuca. H\u00e1 180 anos dona Laurinda, mais conhecida como dona Mi\u00fada, descobriu o capim-dourado. Ela foi a percussora do capim-dourado no mundo\u201d, conta orgulhosa Railane, que segue \u00e0 frente da associa\u00e7\u00e3o, vencendo desafios di\u00e1rios para que as artes\u00e3s da regi\u00e3o tenham visibilidade. &#8220;Tenho orgulho do meu trabalho, que n\u00e3o \u00e9 f\u00e1cil, mas tenho for\u00e7a porque j\u00e1 nasci empoderada.&#8221;<\/p>\n<p>Na associa\u00e7\u00e3o, ela faz de tudo: est\u00e1 envolvida nas atividades sociais, financeiras, vendas e projetos que ajudam a divulgar ao artesanato local, al\u00e9m de dar aulas em uma escola estadual, inclusive de cultura quilombola.<\/p>\n<p>\u201cA associa\u00e7\u00e3o \u00e9 o cora\u00e7\u00e3o da comunidade Mumbuca\u201d, conta orgulhosa Railane. \u201cNa associa\u00e7\u00e3o \u00e9 desenvolvido artesanato de capim dourado. Temos a loja de Capim Dourado, onde tem 200 artes\u00e3s e associados que costuram todo dia e vendem l\u00e1. A loja organiza a venda das pe\u00e7as e 90% vai para o artes\u00e3o, 5% fica com o vendedor e 5% vai para o caixa da associa\u00e7\u00e3o\u201d.<\/p>\n<p>\u201cNa comunidade Mumbuca, tudo gira em torno da associa\u00e7\u00e3o, \u00e9 como se fosse a prefeitura da comunidade. Ainda temos o escrit\u00f3rio, a Casa da Cultura, o Barrac\u00e3o de Eventos. A associa\u00e7\u00e3o \u00e9 um trabalho social, porque tudo que vem de cesta b\u00e1sica e de doa\u00e7\u00e3o passa pela associa\u00e7\u00e3o que distribui para comunidade\u201d.<\/p>\n<p>Filha de pais agricultores, Railane tem muito orgulho de suas origens. \u201cN\u00f3s quilombolas somos as comunidades que guardam mais do que tudo. Ent\u00e3o, desde o passado a gente sabe conservar a natureza da forma que era. A nossa comunidade \u00e9 bem preservada. A gente ensina a n\u00e3o jogar lixo nos c\u00f3rregos e na beira dos rios, porque al\u00e9m do capim-dourado, aqui tem muitos atrativos, tem c\u00f3rrego, cachoeira, rios, praias, ent\u00e3o \u00e9 muito interessante\u201d.<\/p>\n<p>Ela conta como a comunidade preserva a biodiversidade do cerrado.<\/p>\n<p>\u201cA nossa forma de conservar o cerrado \u00e9 deixar a cabe\u00e7a do capim dourado l\u00e1 [no campo], para nascer novos capins, al\u00e9m de usar o Cerrado com qualidade \u2013 que \u00e9 colocar o fogo na \u00e9poca certa, n\u00e3o desmatar, n\u00e3o assorear e desmatar ao redor dos rios. O Cerrado nos oferece o melhor quando trabalhamos nesta terra com respeito\u201d.<\/p>\n<p><strong>Bioma<\/strong><br \/>\nO Cerrado \u00e9 um dos cinco grandes biomas do Brasil e ocupa cerca de 25% do territ\u00f3rio nacional, com \u00e1rea aproximada de 1,9 milh\u00e3o de quil\u00f4metros quadrados (km\u00b2). Trata-se do segundo maior bioma nacional, atr\u00e1s apenas da Amaz\u00f4nia. Segundo o Minist\u00e9rio do Meio Ambiente, \u00e9 uma das regi\u00f5es com maior biodiversidade do mundo. Estima-se que tenha mais de 6 mil esp\u00e9cies de \u00e1rvores e 800 esp\u00e9cies de aves.<\/p>\n<p>Apesar da import\u00e2ncia, dados mostram que o Cerrado vem sendo devastado. Segundo o Instituto Nacional de Pesquisas Espaciais (Inpe), no acumulado de janeiro a abril de 2023, o desmatamento aumentou no Cerrado e caiu na Amaz\u00f4nia Legal, na compara\u00e7\u00e3o com o mesmo per\u00edodo do ano passado.<\/p>\n<p>Os dados s\u00e3o do coletados a partir do Sistema de Detec\u00e7\u00e3o do Desmatamento em Tempo Real (Deter), dispon\u00edvel na plataforma TerraBrasilis.<\/p>\n<p>\u00c0s 5h da manh\u00e3, Maria de Lourdes de Souza Nascimento, 59 anos, j\u00e1 est\u00e1 de p\u00e9 cuidando da planta\u00e7\u00e3o e da pequena cria\u00e7\u00e3o de galinhas, porcos e gado. Os afazeres di\u00e1rios, no entanto, n\u00e3o se resumem ao trabalho com a terra e os animais. Ela tamb\u00e9m \u00e9 coordenadora da Rede Cerrado e, atualmente, est\u00e1 na Secretaria de Agricultura e Cooperativismo do Sindicato dos Trabalhadores Rurais de Porteirinha, em Minas Gerais.<\/p>\n<p>Na secretaria do sindicato, Maria ajuda a coordenar a\u00e7\u00f5es em mais de 30 munic\u00edpios. Entre as atividades est\u00e3o: forma\u00e7\u00e3o, gera\u00e7\u00e3o de renda e organiza\u00e7\u00e3o das marchas para denunciar e reivindicar condi\u00e7\u00f5es melhores para a comunidade.<\/p>\n<p>\u201cO trabalho que fazemos na Rede Cerrado visa a prote\u00e7\u00e3o dos biomas, fauna e flora e dos povos e popula\u00e7\u00f5es tradicionais\u201d, conta Maria de Lourdes. \u201cNosso trabalho \u00e9 focado na agroecologia, garantindo o bem estar das mulheres e homens do campo\u201d.<\/p>\n<p>Mesmo com foco na agricultura sustent\u00e1vel, ela aproveita todas as oportunidades para conscientizar as mulheres da comunidade no sentido de n\u00e3o aceitarem qualquer tipo de viol\u00eancia. &#8220;Os desafios s\u00e3o enormes, mas n\u00e3o podemos esmorecer. A mulherada precisa se amar mais e fugir dos ambientes violentos. E parar de morrer em nome do amor&#8221;.<\/p>\n<p>Ela conta que no seu trabalho, enfrenta o machismo patriarcal. &#8220;N\u00e3o me deixo abater. Defendo as mulheres, a agricultura familiar e o meio ambiente. N\u00e3o tenho d\u00favidas de que sem esses tr\u00eas elementos n\u00e3o existiria vida no planeta&#8221;, completa.<\/p>\n<p>Por isso, ela entende que ajudar a conservar o Cerrado \u00e9 t\u00e3o importante. &#8220;O Cerrado \u00e9 nossa caixa d&#8217;\u00e1gua e n\u00e3o \u00e9 \u00e0 toa que \u00e9 t\u00e3o cobi\u00e7ado pelas mineradoras. Mas as cat\u00e1strofes do planeta nos mostram que estamos no rumo certo, que \u00e9 preservar para continuar vivendo&#8221;.<\/p>\n<p>Para Maria de Lourdes, as a\u00e7\u00f5es v\u00eam para mudar as adversidades ambientais. \u201cSomos poucos e poucas nessa luta, mas estamos fazendo a diferen\u00e7a no planeta, nas mudan\u00e7as clim\u00e1ticas. Somos como o beija-flor do inc\u00eandio: estamos fazendo nossa parte!\u201d, disse referindo-se \u00e0 f\u00e1bula do beija-flor que, diante de um grande inc\u00eandio na floresta, colabora levando gotas de \u00e1gua em seu pequeno bico na tentativa de combater as chamas.<\/p>\n<p><strong>Cerrado Resiliente<\/strong><br \/>\nEstes exemplos s\u00e3o apenas dois de diversos movimentos que envolvem centenas de mulheres no resgate de suas tradi\u00e7\u00f5es e de seus ancestrais e fazem o trabalho de conservar a biodiversidade, em iniciativas promovidas pelo Projeto Ceres &#8211; Cerrado Resiliente.<\/p>\n<p>\u201cO projeto Ceres come\u00e7ou em julho de 2020, para promover a sustentabilidade de paisagens resilientes no Cerrado, visando a inclus\u00e3o socioecon\u00f4mica, a prote\u00e7\u00e3o da sociobiodiversidade e a mitiga\u00e7\u00e3o e adapta\u00e7\u00e3o das mudan\u00e7as clim\u00e1ticas\u201d, explica Isabel Figueiredo, coordenadora do Programa Cerrado e Caatinga do Instituto Sociedade, Popula\u00e7\u00e3o e Natureza (ISPN), uma das organiza\u00e7\u00f5es que faz parte do Projeto Ceres.<\/p>\n<p>Segundo ela, um dos componentes do Ceres \u00e9 o apoio a projetos socioambientais por meio do programa Paisagens Produtivas Ecossociais (PPP-ECOS).<\/p>\n<p>\u201cNesse contexto lan\u00e7amos dois editais e apoiamos 31 projetos de organiza\u00e7\u00f5es de base comunit\u00e1ria espalhadas por todo Cerrado que contribuem com o alcance dos objetivos do Projeto Ceres\u201d, completa Isabel.<\/p>\n<p>Os projetos s\u00e3o focados em gest\u00e3o territorial, em conserva\u00e7\u00e3o e produ\u00e7\u00e3o de produtos da sociobiodiversidade, produ\u00e7\u00e3o sustent\u00e1vel de agricultores familiares.<\/p>\n<p>O Ceres \u00e9 realizado pelo WWF-Brasil, WWF-Paraguai e ISPN, com coordena\u00e7\u00e3o do WWF-Holanda e apoio financeiro da Uni\u00e3o Europeia. O projeto tem dura\u00e7\u00e3o de quatro anos.<\/p>\n","protected":false},"excerpt":{"rendered":"<p>\u201cO capim dourado mudou as nossas vidas. \u00c9 o capim dourado que coloca p\u00e3o na mesa, que gera renda para comprar comida, roupa, cal\u00e7ado. Ainda hoje \u00e9 a principal fonte de renda da comunidade e muda a vida das artes\u00e3s dando qualidade de vida melhor\u201d, conta Railane de Brito da Silva, 27 anos, presidente da [&hellip;]<\/p>\n","protected":false},"author":2,"featured_media":304929,"comment_status":"closed","ping_status":"closed","sticky":false,"template":"","format":"standard","meta":{"_acf_changed":false,"footnotes":""},"categories":[161],"tags":[],"class_list":["post-304928","post","type-post","status-publish","format-standard","has-post-thumbnail","hentry","category-quadradinho-em-foco"],"acf":[],"yoast_head":"<!-- This site is optimized with the Yoast SEO plugin v27.2 - https:\/\/yoast.com\/product\/yoast-seo-wordpress\/ -->\n<title>Comunidades tradicionais saem em defesa do Cerrado - Notibras<\/title>\n<meta name=\"robots\" content=\"index, follow, max-snippet:-1, max-image-preview:large, max-video-preview:-1\" \/>\n<link rel=\"canonical\" href=\"https:\/\/www.notibras.com\/site\/comunidades-tradicionais-saem-em-defesa-do-cerrado\/\" \/>\n<meta property=\"og:locale\" content=\"pt_BR\" \/>\n<meta property=\"og:type\" content=\"article\" \/>\n<meta property=\"og:title\" content=\"Comunidades tradicionais saem em defesa do Cerrado - Notibras\" \/>\n<meta property=\"og:description\" content=\"\u201cO capim dourado mudou as nossas vidas. \u00c9 o capim dourado que coloca p\u00e3o na mesa, que gera renda para comprar comida, roupa, cal\u00e7ado. Ainda hoje \u00e9 a principal fonte de renda da comunidade e muda a vida das artes\u00e3s dando qualidade de vida melhor\u201d, conta Railane de Brito da Silva, 27 anos, presidente da [&hellip;]\" \/>\n<meta property=\"og:url\" content=\"https:\/\/www.notibras.com\/site\/comunidades-tradicionais-saem-em-defesa-do-cerrado\/\" \/>\n<meta property=\"og:site_name\" content=\"Notibras\" \/>\n<meta property=\"article:publisher\" content=\"https:\/\/www.facebook.com\/notibras\/\" \/>\n<meta property=\"article:published_time\" content=\"2023-05-15T10:50:54+00:00\" \/>\n<meta property=\"og:image\" content=\"https:\/\/www.notibras.com\/site\/wp-content\/uploads\/2023\/05\/seca_cerrado170920112013_0.jpg\" \/>\n\t<meta property=\"og:image:width\" content=\"1170\" \/>\n\t<meta property=\"og:image:height\" content=\"700\" \/>\n\t<meta property=\"og:image:type\" content=\"image\/jpeg\" \/>\n<meta name=\"author\" content=\"Reda\u00e7\u00e3o\" \/>\n<meta name=\"twitter:card\" content=\"summary_large_image\" \/>\n<meta name=\"twitter:creator\" content=\"@Notibras\" \/>\n<meta name=\"twitter:site\" content=\"@Notibras\" \/>\n<meta name=\"twitter:label1\" content=\"Escrito por\" \/>\n\t<meta name=\"twitter:data1\" content=\"Reda\u00e7\u00e3o\" \/>\n\t<meta name=\"twitter:label2\" content=\"Est. tempo de leitura\" \/>\n\t<meta name=\"twitter:data2\" content=\"7 minutos\" \/>\n<script type=\"application\/ld+json\" class=\"yoast-schema-graph\">{\"@context\":\"https:\/\/schema.org\",\"@graph\":[{\"@type\":\"Article\",\"@id\":\"https:\/\/www.notibras.com\/site\/comunidades-tradicionais-saem-em-defesa-do-cerrado\/#article\",\"isPartOf\":{\"@id\":\"https:\/\/www.notibras.com\/site\/comunidades-tradicionais-saem-em-defesa-do-cerrado\/\"},\"author\":{\"name\":\"Reda\u00e7\u00e3o\",\"@id\":\"https:\/\/www.notibras.com\/site\/#\/schema\/person\/36ab0979449956132d3e5b517ea76ac8\"},\"headline\":\"Comunidades tradicionais saem em defesa do Cerrado\",\"datePublished\":\"2023-05-15T10:50:54+00:00\",\"mainEntityOfPage\":{\"@id\":\"https:\/\/www.notibras.com\/site\/comunidades-tradicionais-saem-em-defesa-do-cerrado\/\"},\"wordCount\":1260,\"publisher\":{\"@id\":\"https:\/\/www.notibras.com\/site\/#organization\"},\"image\":{\"@id\":\"https:\/\/www.notibras.com\/site\/comunidades-tradicionais-saem-em-defesa-do-cerrado\/#primaryimage\"},\"thumbnailUrl\":\"https:\/\/www.notibras.com\/site\/wp-content\/uploads\/2023\/05\/seca_cerrado170920112013_0.jpg\",\"articleSection\":[\"Quadradinho em Foco\"],\"inLanguage\":\"pt-BR\"},{\"@type\":\"WebPage\",\"@id\":\"https:\/\/www.notibras.com\/site\/comunidades-tradicionais-saem-em-defesa-do-cerrado\/\",\"url\":\"https:\/\/www.notibras.com\/site\/comunidades-tradicionais-saem-em-defesa-do-cerrado\/\",\"name\":\"Comunidades tradicionais saem em defesa do Cerrado - Notibras\",\"isPartOf\":{\"@id\":\"https:\/\/www.notibras.com\/site\/#website\"},\"primaryImageOfPage\":{\"@id\":\"https:\/\/www.notibras.com\/site\/comunidades-tradicionais-saem-em-defesa-do-cerrado\/#primaryimage\"},\"image\":{\"@id\":\"https:\/\/www.notibras.com\/site\/comunidades-tradicionais-saem-em-defesa-do-cerrado\/#primaryimage\"},\"thumbnailUrl\":\"https:\/\/www.notibras.com\/site\/wp-content\/uploads\/2023\/05\/seca_cerrado170920112013_0.jpg\",\"datePublished\":\"2023-05-15T10:50:54+00:00\",\"breadcrumb\":{\"@id\":\"https:\/\/www.notibras.com\/site\/comunidades-tradicionais-saem-em-defesa-do-cerrado\/#breadcrumb\"},\"inLanguage\":\"pt-BR\",\"potentialAction\":[{\"@type\":\"ReadAction\",\"target\":[\"https:\/\/www.notibras.com\/site\/comunidades-tradicionais-saem-em-defesa-do-cerrado\/\"]}]},{\"@type\":\"ImageObject\",\"inLanguage\":\"pt-BR\",\"@id\":\"https:\/\/www.notibras.com\/site\/comunidades-tradicionais-saem-em-defesa-do-cerrado\/#primaryimage\",\"url\":\"https:\/\/www.notibras.com\/site\/wp-content\/uploads\/2023\/05\/seca_cerrado170920112013_0.jpg\",\"contentUrl\":\"https:\/\/www.notibras.com\/site\/wp-content\/uploads\/2023\/05\/seca_cerrado170920112013_0.jpg\",\"width\":1170,\"height\":700,\"caption\":\"Seca, cerrado\"},{\"@type\":\"BreadcrumbList\",\"@id\":\"https:\/\/www.notibras.com\/site\/comunidades-tradicionais-saem-em-defesa-do-cerrado\/#breadcrumb\",\"itemListElement\":[{\"@type\":\"ListItem\",\"position\":1,\"name\":\"In\u00edcio\",\"item\":\"https:\/\/www.notibras.com\/site\/\"},{\"@type\":\"ListItem\",\"position\":2,\"name\":\"Comunidades tradicionais saem em defesa do Cerrado\"}]},{\"@type\":\"WebSite\",\"@id\":\"https:\/\/www.notibras.com\/site\/#website\",\"url\":\"https:\/\/www.notibras.com\/site\/\",\"name\":\"Notibras\",\"description\":\"Not\u00edcias de Bras\u00edlia, do Brasil e do Mundo\",\"publisher\":{\"@id\":\"https:\/\/www.notibras.com\/site\/#organization\"},\"potentialAction\":[{\"@type\":\"SearchAction\",\"target\":{\"@type\":\"EntryPoint\",\"urlTemplate\":\"https:\/\/www.notibras.com\/site\/?s={search_term_string}\"},\"query-input\":{\"@type\":\"PropertyValueSpecification\",\"valueRequired\":true,\"valueName\":\"search_term_string\"}}],\"inLanguage\":\"pt-BR\"},{\"@type\":\"Organization\",\"@id\":\"https:\/\/www.notibras.com\/site\/#organization\",\"name\":\"Grupo Notibras de Comunica\u00e7\u00e3o\",\"url\":\"https:\/\/www.notibras.com\/site\/\",\"logo\":{\"@type\":\"ImageObject\",\"inLanguage\":\"pt-BR\",\"@id\":\"https:\/\/www.notibras.com\/site\/#\/schema\/logo\/image\/\",\"url\":\"https:\/\/www.notibras.com\/site\/wp-content\/uploads\/2023\/01\/notibras23.png\",\"contentUrl\":\"https:\/\/www.notibras.com\/site\/wp-content\/uploads\/2023\/01\/notibras23.png\",\"width\":350,\"height\":87,\"caption\":\"Grupo Notibras de Comunica\u00e7\u00e3o\"},\"image\":{\"@id\":\"https:\/\/www.notibras.com\/site\/#\/schema\/logo\/image\/\"},\"sameAs\":[\"https:\/\/www.facebook.com\/notibras\/\",\"https:\/\/x.com\/Notibras\",\"https:\/\/www.instagram.com\/notibras\/\"]},{\"@type\":\"Person\",\"@id\":\"https:\/\/www.notibras.com\/site\/#\/schema\/person\/36ab0979449956132d3e5b517ea76ac8\",\"name\":\"Reda\u00e7\u00e3o\",\"image\":{\"@type\":\"ImageObject\",\"inLanguage\":\"pt-BR\",\"@id\":\"https:\/\/secure.gravatar.com\/avatar\/e0a867bdedb85fd243eadf09663511f96fc81e0720a4a42581f334ad4303aa6b?s=96&d=mm&r=g\",\"url\":\"https:\/\/secure.gravatar.com\/avatar\/e0a867bdedb85fd243eadf09663511f96fc81e0720a4a42581f334ad4303aa6b?s=96&d=mm&r=g\",\"contentUrl\":\"https:\/\/secure.gravatar.com\/avatar\/e0a867bdedb85fd243eadf09663511f96fc81e0720a4a42581f334ad4303aa6b?s=96&d=mm&r=g\",\"caption\":\"Reda\u00e7\u00e3o\"}}]}<\/script>\n<!-- \/ Yoast SEO plugin. -->","yoast_head_json":{"title":"Comunidades tradicionais saem em defesa do Cerrado - Notibras","robots":{"index":"index","follow":"follow","max-snippet":"max-snippet:-1","max-image-preview":"max-image-preview:large","max-video-preview":"max-video-preview:-1"},"canonical":"https:\/\/www.notibras.com\/site\/comunidades-tradicionais-saem-em-defesa-do-cerrado\/","og_locale":"pt_BR","og_type":"article","og_title":"Comunidades tradicionais saem em defesa do Cerrado - Notibras","og_description":"\u201cO capim dourado mudou as nossas vidas. \u00c9 o capim dourado que coloca p\u00e3o na mesa, que gera renda para comprar comida, roupa, cal\u00e7ado. Ainda hoje \u00e9 a principal fonte de renda da comunidade e muda a vida das artes\u00e3s dando qualidade de vida melhor\u201d, conta Railane de Brito da Silva, 27 anos, presidente da [&hellip;]","og_url":"https:\/\/www.notibras.com\/site\/comunidades-tradicionais-saem-em-defesa-do-cerrado\/","og_site_name":"Notibras","article_publisher":"https:\/\/www.facebook.com\/notibras\/","article_published_time":"2023-05-15T10:50:54+00:00","og_image":[{"width":1170,"height":700,"url":"https:\/\/www.notibras.com\/site\/wp-content\/uploads\/2023\/05\/seca_cerrado170920112013_0.jpg","type":"image\/jpeg"}],"author":"Reda\u00e7\u00e3o","twitter_card":"summary_large_image","twitter_creator":"@Notibras","twitter_site":"@Notibras","twitter_misc":{"Escrito por":"Reda\u00e7\u00e3o","Est. tempo de leitura":"7 minutos"},"schema":{"@context":"https:\/\/schema.org","@graph":[{"@type":"Article","@id":"https:\/\/www.notibras.com\/site\/comunidades-tradicionais-saem-em-defesa-do-cerrado\/#article","isPartOf":{"@id":"https:\/\/www.notibras.com\/site\/comunidades-tradicionais-saem-em-defesa-do-cerrado\/"},"author":{"name":"Reda\u00e7\u00e3o","@id":"https:\/\/www.notibras.com\/site\/#\/schema\/person\/36ab0979449956132d3e5b517ea76ac8"},"headline":"Comunidades tradicionais saem em defesa do Cerrado","datePublished":"2023-05-15T10:50:54+00:00","mainEntityOfPage":{"@id":"https:\/\/www.notibras.com\/site\/comunidades-tradicionais-saem-em-defesa-do-cerrado\/"},"wordCount":1260,"publisher":{"@id":"https:\/\/www.notibras.com\/site\/#organization"},"image":{"@id":"https:\/\/www.notibras.com\/site\/comunidades-tradicionais-saem-em-defesa-do-cerrado\/#primaryimage"},"thumbnailUrl":"https:\/\/www.notibras.com\/site\/wp-content\/uploads\/2023\/05\/seca_cerrado170920112013_0.jpg","articleSection":["Quadradinho em Foco"],"inLanguage":"pt-BR"},{"@type":"WebPage","@id":"https:\/\/www.notibras.com\/site\/comunidades-tradicionais-saem-em-defesa-do-cerrado\/","url":"https:\/\/www.notibras.com\/site\/comunidades-tradicionais-saem-em-defesa-do-cerrado\/","name":"Comunidades tradicionais saem em defesa do Cerrado - Notibras","isPartOf":{"@id":"https:\/\/www.notibras.com\/site\/#website"},"primaryImageOfPage":{"@id":"https:\/\/www.notibras.com\/site\/comunidades-tradicionais-saem-em-defesa-do-cerrado\/#primaryimage"},"image":{"@id":"https:\/\/www.notibras.com\/site\/comunidades-tradicionais-saem-em-defesa-do-cerrado\/#primaryimage"},"thumbnailUrl":"https:\/\/www.notibras.com\/site\/wp-content\/uploads\/2023\/05\/seca_cerrado170920112013_0.jpg","datePublished":"2023-05-15T10:50:54+00:00","breadcrumb":{"@id":"https:\/\/www.notibras.com\/site\/comunidades-tradicionais-saem-em-defesa-do-cerrado\/#breadcrumb"},"inLanguage":"pt-BR","potentialAction":[{"@type":"ReadAction","target":["https:\/\/www.notibras.com\/site\/comunidades-tradicionais-saem-em-defesa-do-cerrado\/"]}]},{"@type":"ImageObject","inLanguage":"pt-BR","@id":"https:\/\/www.notibras.com\/site\/comunidades-tradicionais-saem-em-defesa-do-cerrado\/#primaryimage","url":"https:\/\/www.notibras.com\/site\/wp-content\/uploads\/2023\/05\/seca_cerrado170920112013_0.jpg","contentUrl":"https:\/\/www.notibras.com\/site\/wp-content\/uploads\/2023\/05\/seca_cerrado170920112013_0.jpg","width":1170,"height":700,"caption":"Seca, cerrado"},{"@type":"BreadcrumbList","@id":"https:\/\/www.notibras.com\/site\/comunidades-tradicionais-saem-em-defesa-do-cerrado\/#breadcrumb","itemListElement":[{"@type":"ListItem","position":1,"name":"In\u00edcio","item":"https:\/\/www.notibras.com\/site\/"},{"@type":"ListItem","position":2,"name":"Comunidades tradicionais saem em defesa do Cerrado"}]},{"@type":"WebSite","@id":"https:\/\/www.notibras.com\/site\/#website","url":"https:\/\/www.notibras.com\/site\/","name":"Notibras","description":"Not\u00edcias de Bras\u00edlia, do Brasil e do Mundo","publisher":{"@id":"https:\/\/www.notibras.com\/site\/#organization"},"potentialAction":[{"@type":"SearchAction","target":{"@type":"EntryPoint","urlTemplate":"https:\/\/www.notibras.com\/site\/?s={search_term_string}"},"query-input":{"@type":"PropertyValueSpecification","valueRequired":true,"valueName":"search_term_string"}}],"inLanguage":"pt-BR"},{"@type":"Organization","@id":"https:\/\/www.notibras.com\/site\/#organization","name":"Grupo Notibras de Comunica\u00e7\u00e3o","url":"https:\/\/www.notibras.com\/site\/","logo":{"@type":"ImageObject","inLanguage":"pt-BR","@id":"https:\/\/www.notibras.com\/site\/#\/schema\/logo\/image\/","url":"https:\/\/www.notibras.com\/site\/wp-content\/uploads\/2023\/01\/notibras23.png","contentUrl":"https:\/\/www.notibras.com\/site\/wp-content\/uploads\/2023\/01\/notibras23.png","width":350,"height":87,"caption":"Grupo Notibras de Comunica\u00e7\u00e3o"},"image":{"@id":"https:\/\/www.notibras.com\/site\/#\/schema\/logo\/image\/"},"sameAs":["https:\/\/www.facebook.com\/notibras\/","https:\/\/x.com\/Notibras","https:\/\/www.instagram.com\/notibras\/"]},{"@type":"Person","@id":"https:\/\/www.notibras.com\/site\/#\/schema\/person\/36ab0979449956132d3e5b517ea76ac8","name":"Reda\u00e7\u00e3o","image":{"@type":"ImageObject","inLanguage":"pt-BR","@id":"https:\/\/secure.gravatar.com\/avatar\/e0a867bdedb85fd243eadf09663511f96fc81e0720a4a42581f334ad4303aa6b?s=96&d=mm&r=g","url":"https:\/\/secure.gravatar.com\/avatar\/e0a867bdedb85fd243eadf09663511f96fc81e0720a4a42581f334ad4303aa6b?s=96&d=mm&r=g","contentUrl":"https:\/\/secure.gravatar.com\/avatar\/e0a867bdedb85fd243eadf09663511f96fc81e0720a4a42581f334ad4303aa6b?s=96&d=mm&r=g","caption":"Reda\u00e7\u00e3o"}}]}},"amp_enabled":true,"_links":{"self":[{"href":"https:\/\/www.notibras.com\/site\/wp-json\/wp\/v2\/posts\/304928","targetHints":{"allow":["GET"]}}],"collection":[{"href":"https:\/\/www.notibras.com\/site\/wp-json\/wp\/v2\/posts"}],"about":[{"href":"https:\/\/www.notibras.com\/site\/wp-json\/wp\/v2\/types\/post"}],"author":[{"embeddable":true,"href":"https:\/\/www.notibras.com\/site\/wp-json\/wp\/v2\/users\/2"}],"replies":[{"embeddable":true,"href":"https:\/\/www.notibras.com\/site\/wp-json\/wp\/v2\/comments?post=304928"}],"version-history":[{"count":1,"href":"https:\/\/www.notibras.com\/site\/wp-json\/wp\/v2\/posts\/304928\/revisions"}],"predecessor-version":[{"id":304930,"href":"https:\/\/www.notibras.com\/site\/wp-json\/wp\/v2\/posts\/304928\/revisions\/304930"}],"wp:featuredmedia":[{"embeddable":true,"href":"https:\/\/www.notibras.com\/site\/wp-json\/wp\/v2\/media\/304929"}],"wp:attachment":[{"href":"https:\/\/www.notibras.com\/site\/wp-json\/wp\/v2\/media?parent=304928"}],"wp:term":[{"taxonomy":"category","embeddable":true,"href":"https:\/\/www.notibras.com\/site\/wp-json\/wp\/v2\/categories?post=304928"},{"taxonomy":"post_tag","embeddable":true,"href":"https:\/\/www.notibras.com\/site\/wp-json\/wp\/v2\/tags?post=304928"}],"curies":[{"name":"wp","href":"https:\/\/api.w.org\/{rel}","templated":true}]}}