{"id":304941,"date":"2023-05-15T11:29:45","date_gmt":"2023-05-15T14:29:45","guid":{"rendered":"https:\/\/www.notibras.com\/site\/?p=304941"},"modified":"2023-05-15T15:32:08","modified_gmt":"2023-05-15T18:32:08","slug":"governo-cria-programas-e-democratiza-lazer-e-esporte","status":"publish","type":"post","link":"https:\/\/www.notibras.com\/site\/governo-cria-programas-e-democratiza-lazer-e-esporte\/","title":{"rendered":"Governo cria programas e democratiza lazer e esporte"},"content":{"rendered":"<p>Portaria do Minist\u00e9rio do Esporte publicada nesta segunda-feira (15) no Di\u00e1rio Oficial da Uni\u00e3o institui os programas Esporte e Lazer da Cidade e Vida Saud\u00e1vel. A proposta, de acordo com a pasta, \u00e9 democratizar o lazer e o esporte recreativo no pa\u00eds por meio da pr\u00e1tica de atividades f\u00edsicas, culturais e de lazer.<\/p>\n<p>\u201cEnquanto o Programa Esporte e Lazer da Cidade \u00e9 intergeracional, o Programa Vida Saud\u00e1vel se dedica ao atendimento preferencial ao p\u00fablico idoso, sendo que ambos atendem pessoas com defici\u00eancia, contribuindo para que o esporte e o lazer sejam tratados como pol\u00edticas p\u00fablicas e direitos de todos.\u201d<\/p>\n<p>De acordo com o minist\u00e9rio, os seguintes requisitos devem ser seguidos nas propostas apresentadas pelos entes federativos da Uni\u00e3o, estados e munic\u00edpios: territ\u00f3rios com vulnerabilidade social; territ\u00f3rios com alto \u00edndice de viol\u00eancia; escassez ou inexist\u00eancia de equipamentos nas adjac\u00eancias; locais pr\u00f3ximos a escolas p\u00fablicas, centros de refer\u00eancia de assist\u00eancia social (CRAS) e unidades b\u00e1sicas de sa\u00fade (UBS); diversidade e amplia\u00e7\u00e3o do p\u00fablico usu\u00e1rio; e disponibilidade or\u00e7ament\u00e1ria e financeira.<\/p>\n<p>O prazo para a apresenta\u00e7\u00e3o de propostas de infraestrutura de esporte e lazer come\u00e7a hoje e segue at\u00e9 29 de maio. O cadastramento das propostas nessa modalidade deve ser feito por meio da Plataforma TransfereGov. Os canais para sanar d\u00favidas s\u00e3o: dealis.sneaelis@esporte.gov.br e (61) 3217-1732\/ 2026-1499.<\/p>\n","protected":false},"excerpt":{"rendered":"<p>Portaria do Minist\u00e9rio do Esporte publicada nesta segunda-feira (15) no Di\u00e1rio Oficial da Uni\u00e3o institui os programas Esporte e Lazer da Cidade e Vida Saud\u00e1vel. A proposta, de acordo com a pasta, \u00e9 democratizar o lazer e o esporte recreativo no pa\u00eds por meio da pr\u00e1tica de atividades f\u00edsicas, culturais e de lazer. \u201cEnquanto o [&hellip;]<\/p>\n","protected":false},"author":2,"featured_media":304942,"comment_status":"closed","ping_status":"closed","sticky":false,"template":"","format":"standard","meta":{"_acf_changed":false,"footnotes":""},"categories":[161],"tags":[95],"class_list":["post-304941","post","type-post","status-publish","format-standard","has-post-thumbnail","hentry","category-quadradinho-em-foco","tag-capa"],"acf":[],"yoast_head":"<!-- This site is optimized with the Yoast SEO plugin v27.2 - https:\/\/yoast.com\/product\/yoast-seo-wordpress\/ -->\n<title>Governo cria programas e democratiza lazer e esporte - Notibras<\/title>\n<meta name=\"robots\" content=\"index, follow, max-snippet:-1, max-image-preview:large, max-video-preview:-1\" \/>\n<link rel=\"canonical\" href=\"https:\/\/www.notibras.com\/site\/governo-cria-programas-e-democratiza-lazer-e-esporte\/\" \/>\n<meta property=\"og:locale\" content=\"pt_BR\" \/>\n<meta property=\"og:type\" content=\"article\" \/>\n<meta property=\"og:title\" content=\"Governo cria programas e democratiza lazer e esporte - Notibras\" \/>\n<meta property=\"og:description\" content=\"Portaria do Minist\u00e9rio do Esporte publicada nesta segunda-feira (15) no Di\u00e1rio Oficial da Uni\u00e3o institui os programas Esporte e Lazer da Cidade e Vida Saud\u00e1vel. A proposta, de acordo com a pasta, \u00e9 democratizar o lazer e o esporte recreativo no pa\u00eds por meio da pr\u00e1tica de atividades f\u00edsicas, culturais e de lazer. \u201cEnquanto o [&hellip;]\" \/>\n<meta property=\"og:url\" content=\"https:\/\/www.notibras.com\/site\/governo-cria-programas-e-democratiza-lazer-e-esporte\/\" \/>\n<meta property=\"og:site_name\" content=\"Notibras\" \/>\n<meta property=\"article:publisher\" content=\"https:\/\/www.facebook.com\/notibras\/\" \/>\n<meta property=\"article:published_time\" content=\"2023-05-15T14:29:45+00:00\" \/>\n<meta property=\"article:modified_time\" content=\"2023-05-15T18:32:08+00:00\" \/>\n<meta property=\"og:image\" content=\"https:\/\/www.notibras.com\/site\/wp-content\/uploads\/2023\/05\/img_0883_0.jpg\" \/>\n\t<meta property=\"og:image:width\" content=\"1170\" \/>\n\t<meta property=\"og:image:height\" content=\"700\" \/>\n\t<meta property=\"og:image:type\" content=\"image\/jpeg\" \/>\n<meta name=\"author\" content=\"Reda\u00e7\u00e3o\" \/>\n<meta name=\"twitter:card\" content=\"summary_large_image\" \/>\n<meta name=\"twitter:creator\" content=\"@Notibras\" \/>\n<meta name=\"twitter:site\" content=\"@Notibras\" \/>\n<meta name=\"twitter:label1\" content=\"Escrito por\" \/>\n\t<meta name=\"twitter:data1\" content=\"Reda\u00e7\u00e3o\" \/>\n\t<meta name=\"twitter:label2\" content=\"Est. tempo de leitura\" \/>\n\t<meta name=\"twitter:data2\" content=\"2 minutos\" \/>\n<script type=\"application\/ld+json\" class=\"yoast-schema-graph\">{\"@context\":\"https:\/\/schema.org\",\"@graph\":[{\"@type\":\"Article\",\"@id\":\"https:\/\/www.notibras.com\/site\/governo-cria-programas-e-democratiza-lazer-e-esporte\/#article\",\"isPartOf\":{\"@id\":\"https:\/\/www.notibras.com\/site\/governo-cria-programas-e-democratiza-lazer-e-esporte\/\"},\"author\":{\"name\":\"Reda\u00e7\u00e3o\",\"@id\":\"https:\/\/www.notibras.com\/site\/#\/schema\/person\/36ab0979449956132d3e5b517ea76ac8\"},\"headline\":\"Governo cria programas e democratiza lazer e esporte\",\"datePublished\":\"2023-05-15T14:29:45+00:00\",\"dateModified\":\"2023-05-15T18:32:08+00:00\",\"mainEntityOfPage\":{\"@id\":\"https:\/\/www.notibras.com\/site\/governo-cria-programas-e-democratiza-lazer-e-esporte\/\"},\"wordCount\":255,\"publisher\":{\"@id\":\"https:\/\/www.notibras.com\/site\/#organization\"},\"image\":{\"@id\":\"https:\/\/www.notibras.com\/site\/governo-cria-programas-e-democratiza-lazer-e-esporte\/#primaryimage\"},\"thumbnailUrl\":\"https:\/\/www.notibras.com\/site\/wp-content\/uploads\/2023\/05\/img_0883_0.jpg\",\"keywords\":[\"capa\"],\"articleSection\":[\"Quadradinho em Foco\"],\"inLanguage\":\"pt-BR\"},{\"@type\":\"WebPage\",\"@id\":\"https:\/\/www.notibras.com\/site\/governo-cria-programas-e-democratiza-lazer-e-esporte\/\",\"url\":\"https:\/\/www.notibras.com\/site\/governo-cria-programas-e-democratiza-lazer-e-esporte\/\",\"name\":\"Governo cria programas e democratiza lazer e esporte - Notibras\",\"isPartOf\":{\"@id\":\"https:\/\/www.notibras.com\/site\/#website\"},\"primaryImageOfPage\":{\"@id\":\"https:\/\/www.notibras.com\/site\/governo-cria-programas-e-democratiza-lazer-e-esporte\/#primaryimage\"},\"image\":{\"@id\":\"https:\/\/www.notibras.com\/site\/governo-cria-programas-e-democratiza-lazer-e-esporte\/#primaryimage\"},\"thumbnailUrl\":\"https:\/\/www.notibras.com\/site\/wp-content\/uploads\/2023\/05\/img_0883_0.jpg\",\"datePublished\":\"2023-05-15T14:29:45+00:00\",\"dateModified\":\"2023-05-15T18:32:08+00:00\",\"breadcrumb\":{\"@id\":\"https:\/\/www.notibras.com\/site\/governo-cria-programas-e-democratiza-lazer-e-esporte\/#breadcrumb\"},\"inLanguage\":\"pt-BR\",\"potentialAction\":[{\"@type\":\"ReadAction\",\"target\":[\"https:\/\/www.notibras.com\/site\/governo-cria-programas-e-democratiza-lazer-e-esporte\/\"]}]},{\"@type\":\"ImageObject\",\"inLanguage\":\"pt-BR\",\"@id\":\"https:\/\/www.notibras.com\/site\/governo-cria-programas-e-democratiza-lazer-e-esporte\/#primaryimage\",\"url\":\"https:\/\/www.notibras.com\/site\/wp-content\/uploads\/2023\/05\/img_0883_0.jpg\",\"contentUrl\":\"https:\/\/www.notibras.com\/site\/wp-content\/uploads\/2023\/05\/img_0883_0.jpg\",\"width\":1170,\"height\":700},{\"@type\":\"BreadcrumbList\",\"@id\":\"https:\/\/www.notibras.com\/site\/governo-cria-programas-e-democratiza-lazer-e-esporte\/#breadcrumb\",\"itemListElement\":[{\"@type\":\"ListItem\",\"position\":1,\"name\":\"In\u00edcio\",\"item\":\"https:\/\/www.notibras.com\/site\/\"},{\"@type\":\"ListItem\",\"position\":2,\"name\":\"Governo cria programas e democratiza lazer e esporte\"}]},{\"@type\":\"WebSite\",\"@id\":\"https:\/\/www.notibras.com\/site\/#website\",\"url\":\"https:\/\/www.notibras.com\/site\/\",\"name\":\"Notibras\",\"description\":\"Not\u00edcias de Bras\u00edlia, do Brasil e do Mundo\",\"publisher\":{\"@id\":\"https:\/\/www.notibras.com\/site\/#organization\"},\"potentialAction\":[{\"@type\":\"SearchAction\",\"target\":{\"@type\":\"EntryPoint\",\"urlTemplate\":\"https:\/\/www.notibras.com\/site\/?s={search_term_string}\"},\"query-input\":{\"@type\":\"PropertyValueSpecification\",\"valueRequired\":true,\"valueName\":\"search_term_string\"}}],\"inLanguage\":\"pt-BR\"},{\"@type\":\"Organization\",\"@id\":\"https:\/\/www.notibras.com\/site\/#organization\",\"name\":\"Grupo Notibras de Comunica\u00e7\u00e3o\",\"url\":\"https:\/\/www.notibras.com\/site\/\",\"logo\":{\"@type\":\"ImageObject\",\"inLanguage\":\"pt-BR\",\"@id\":\"https:\/\/www.notibras.com\/site\/#\/schema\/logo\/image\/\",\"url\":\"https:\/\/www.notibras.com\/site\/wp-content\/uploads\/2023\/01\/notibras23.png\",\"contentUrl\":\"https:\/\/www.notibras.com\/site\/wp-content\/uploads\/2023\/01\/notibras23.png\",\"width\":350,\"height\":87,\"caption\":\"Grupo Notibras de Comunica\u00e7\u00e3o\"},\"image\":{\"@id\":\"https:\/\/www.notibras.com\/site\/#\/schema\/logo\/image\/\"},\"sameAs\":[\"https:\/\/www.facebook.com\/notibras\/\",\"https:\/\/x.com\/Notibras\",\"https:\/\/www.instagram.com\/notibras\/\"]},{\"@type\":\"Person\",\"@id\":\"https:\/\/www.notibras.com\/site\/#\/schema\/person\/36ab0979449956132d3e5b517ea76ac8\",\"name\":\"Reda\u00e7\u00e3o\",\"image\":{\"@type\":\"ImageObject\",\"inLanguage\":\"pt-BR\",\"@id\":\"https:\/\/secure.gravatar.com\/avatar\/e0a867bdedb85fd243eadf09663511f96fc81e0720a4a42581f334ad4303aa6b?s=96&d=mm&r=g\",\"url\":\"https:\/\/secure.gravatar.com\/avatar\/e0a867bdedb85fd243eadf09663511f96fc81e0720a4a42581f334ad4303aa6b?s=96&d=mm&r=g\",\"contentUrl\":\"https:\/\/secure.gravatar.com\/avatar\/e0a867bdedb85fd243eadf09663511f96fc81e0720a4a42581f334ad4303aa6b?s=96&d=mm&r=g\",\"caption\":\"Reda\u00e7\u00e3o\"}}]}<\/script>\n<!-- \/ Yoast SEO plugin. -->","yoast_head_json":{"title":"Governo cria programas e democratiza lazer e esporte - Notibras","robots":{"index":"index","follow":"follow","max-snippet":"max-snippet:-1","max-image-preview":"max-image-preview:large","max-video-preview":"max-video-preview:-1"},"canonical":"https:\/\/www.notibras.com\/site\/governo-cria-programas-e-democratiza-lazer-e-esporte\/","og_locale":"pt_BR","og_type":"article","og_title":"Governo cria programas e democratiza lazer e esporte - Notibras","og_description":"Portaria do Minist\u00e9rio do Esporte publicada nesta segunda-feira (15) no Di\u00e1rio Oficial da Uni\u00e3o institui os programas Esporte e Lazer da Cidade e Vida Saud\u00e1vel. A proposta, de acordo com a pasta, \u00e9 democratizar o lazer e o esporte recreativo no pa\u00eds por meio da pr\u00e1tica de atividades f\u00edsicas, culturais e de lazer. \u201cEnquanto o [&hellip;]","og_url":"https:\/\/www.notibras.com\/site\/governo-cria-programas-e-democratiza-lazer-e-esporte\/","og_site_name":"Notibras","article_publisher":"https:\/\/www.facebook.com\/notibras\/","article_published_time":"2023-05-15T14:29:45+00:00","article_modified_time":"2023-05-15T18:32:08+00:00","og_image":[{"width":1170,"height":700,"url":"https:\/\/www.notibras.com\/site\/wp-content\/uploads\/2023\/05\/img_0883_0.jpg","type":"image\/jpeg"}],"author":"Reda\u00e7\u00e3o","twitter_card":"summary_large_image","twitter_creator":"@Notibras","twitter_site":"@Notibras","twitter_misc":{"Escrito por":"Reda\u00e7\u00e3o","Est. tempo de leitura":"2 minutos"},"schema":{"@context":"https:\/\/schema.org","@graph":[{"@type":"Article","@id":"https:\/\/www.notibras.com\/site\/governo-cria-programas-e-democratiza-lazer-e-esporte\/#article","isPartOf":{"@id":"https:\/\/www.notibras.com\/site\/governo-cria-programas-e-democratiza-lazer-e-esporte\/"},"author":{"name":"Reda\u00e7\u00e3o","@id":"https:\/\/www.notibras.com\/site\/#\/schema\/person\/36ab0979449956132d3e5b517ea76ac8"},"headline":"Governo cria programas e democratiza lazer e esporte","datePublished":"2023-05-15T14:29:45+00:00","dateModified":"2023-05-15T18:32:08+00:00","mainEntityOfPage":{"@id":"https:\/\/www.notibras.com\/site\/governo-cria-programas-e-democratiza-lazer-e-esporte\/"},"wordCount":255,"publisher":{"@id":"https:\/\/www.notibras.com\/site\/#organization"},"image":{"@id":"https:\/\/www.notibras.com\/site\/governo-cria-programas-e-democratiza-lazer-e-esporte\/#primaryimage"},"thumbnailUrl":"https:\/\/www.notibras.com\/site\/wp-content\/uploads\/2023\/05\/img_0883_0.jpg","keywords":["capa"],"articleSection":["Quadradinho em Foco"],"inLanguage":"pt-BR"},{"@type":"WebPage","@id":"https:\/\/www.notibras.com\/site\/governo-cria-programas-e-democratiza-lazer-e-esporte\/","url":"https:\/\/www.notibras.com\/site\/governo-cria-programas-e-democratiza-lazer-e-esporte\/","name":"Governo cria programas e democratiza lazer e esporte - Notibras","isPartOf":{"@id":"https:\/\/www.notibras.com\/site\/#website"},"primaryImageOfPage":{"@id":"https:\/\/www.notibras.com\/site\/governo-cria-programas-e-democratiza-lazer-e-esporte\/#primaryimage"},"image":{"@id":"https:\/\/www.notibras.com\/site\/governo-cria-programas-e-democratiza-lazer-e-esporte\/#primaryimage"},"thumbnailUrl":"https:\/\/www.notibras.com\/site\/wp-content\/uploads\/2023\/05\/img_0883_0.jpg","datePublished":"2023-05-15T14:29:45+00:00","dateModified":"2023-05-15T18:32:08+00:00","breadcrumb":{"@id":"https:\/\/www.notibras.com\/site\/governo-cria-programas-e-democratiza-lazer-e-esporte\/#breadcrumb"},"inLanguage":"pt-BR","potentialAction":[{"@type":"ReadAction","target":["https:\/\/www.notibras.com\/site\/governo-cria-programas-e-democratiza-lazer-e-esporte\/"]}]},{"@type":"ImageObject","inLanguage":"pt-BR","@id":"https:\/\/www.notibras.com\/site\/governo-cria-programas-e-democratiza-lazer-e-esporte\/#primaryimage","url":"https:\/\/www.notibras.com\/site\/wp-content\/uploads\/2023\/05\/img_0883_0.jpg","contentUrl":"https:\/\/www.notibras.com\/site\/wp-content\/uploads\/2023\/05\/img_0883_0.jpg","width":1170,"height":700},{"@type":"BreadcrumbList","@id":"https:\/\/www.notibras.com\/site\/governo-cria-programas-e-democratiza-lazer-e-esporte\/#breadcrumb","itemListElement":[{"@type":"ListItem","position":1,"name":"In\u00edcio","item":"https:\/\/www.notibras.com\/site\/"},{"@type":"ListItem","position":2,"name":"Governo cria programas e democratiza lazer e esporte"}]},{"@type":"WebSite","@id":"https:\/\/www.notibras.com\/site\/#website","url":"https:\/\/www.notibras.com\/site\/","name":"Notibras","description":"Not\u00edcias de Bras\u00edlia, do Brasil e do Mundo","publisher":{"@id":"https:\/\/www.notibras.com\/site\/#organization"},"potentialAction":[{"@type":"SearchAction","target":{"@type":"EntryPoint","urlTemplate":"https:\/\/www.notibras.com\/site\/?s={search_term_string}"},"query-input":{"@type":"PropertyValueSpecification","valueRequired":true,"valueName":"search_term_string"}}],"inLanguage":"pt-BR"},{"@type":"Organization","@id":"https:\/\/www.notibras.com\/site\/#organization","name":"Grupo Notibras de Comunica\u00e7\u00e3o","url":"https:\/\/www.notibras.com\/site\/","logo":{"@type":"ImageObject","inLanguage":"pt-BR","@id":"https:\/\/www.notibras.com\/site\/#\/schema\/logo\/image\/","url":"https:\/\/www.notibras.com\/site\/wp-content\/uploads\/2023\/01\/notibras23.png","contentUrl":"https:\/\/www.notibras.com\/site\/wp-content\/uploads\/2023\/01\/notibras23.png","width":350,"height":87,"caption":"Grupo Notibras de Comunica\u00e7\u00e3o"},"image":{"@id":"https:\/\/www.notibras.com\/site\/#\/schema\/logo\/image\/"},"sameAs":["https:\/\/www.facebook.com\/notibras\/","https:\/\/x.com\/Notibras","https:\/\/www.instagram.com\/notibras\/"]},{"@type":"Person","@id":"https:\/\/www.notibras.com\/site\/#\/schema\/person\/36ab0979449956132d3e5b517ea76ac8","name":"Reda\u00e7\u00e3o","image":{"@type":"ImageObject","inLanguage":"pt-BR","@id":"https:\/\/secure.gravatar.com\/avatar\/e0a867bdedb85fd243eadf09663511f96fc81e0720a4a42581f334ad4303aa6b?s=96&d=mm&r=g","url":"https:\/\/secure.gravatar.com\/avatar\/e0a867bdedb85fd243eadf09663511f96fc81e0720a4a42581f334ad4303aa6b?s=96&d=mm&r=g","contentUrl":"https:\/\/secure.gravatar.com\/avatar\/e0a867bdedb85fd243eadf09663511f96fc81e0720a4a42581f334ad4303aa6b?s=96&d=mm&r=g","caption":"Reda\u00e7\u00e3o"}}]}},"amp_enabled":true,"_links":{"self":[{"href":"https:\/\/www.notibras.com\/site\/wp-json\/wp\/v2\/posts\/304941","targetHints":{"allow":["GET"]}}],"collection":[{"href":"https:\/\/www.notibras.com\/site\/wp-json\/wp\/v2\/posts"}],"about":[{"href":"https:\/\/www.notibras.com\/site\/wp-json\/wp\/v2\/types\/post"}],"author":[{"embeddable":true,"href":"https:\/\/www.notibras.com\/site\/wp-json\/wp\/v2\/users\/2"}],"replies":[{"embeddable":true,"href":"https:\/\/www.notibras.com\/site\/wp-json\/wp\/v2\/comments?post=304941"}],"version-history":[{"count":1,"href":"https:\/\/www.notibras.com\/site\/wp-json\/wp\/v2\/posts\/304941\/revisions"}],"predecessor-version":[{"id":304943,"href":"https:\/\/www.notibras.com\/site\/wp-json\/wp\/v2\/posts\/304941\/revisions\/304943"}],"wp:featuredmedia":[{"embeddable":true,"href":"https:\/\/www.notibras.com\/site\/wp-json\/wp\/v2\/media\/304942"}],"wp:attachment":[{"href":"https:\/\/www.notibras.com\/site\/wp-json\/wp\/v2\/media?parent=304941"}],"wp:term":[{"taxonomy":"category","embeddable":true,"href":"https:\/\/www.notibras.com\/site\/wp-json\/wp\/v2\/categories?post=304941"},{"taxonomy":"post_tag","embeddable":true,"href":"https:\/\/www.notibras.com\/site\/wp-json\/wp\/v2\/tags?post=304941"}],"curies":[{"name":"wp","href":"https:\/\/api.w.org\/{rel}","templated":true}]}}