{"id":304947,"date":"2023-05-15T11:40:13","date_gmt":"2023-05-15T14:40:13","guid":{"rendered":"https:\/\/www.notibras.com\/site\/?p=304947"},"modified":"2023-05-15T15:52:34","modified_gmt":"2023-05-15T18:52:34","slug":"supremo-forma-maioria-para-enquadrar-mais-275-golpistas","status":"publish","type":"post","link":"https:\/\/www.notibras.com\/site\/supremo-forma-maioria-para-enquadrar-mais-275-golpistas\/","title":{"rendered":"Supremo forma maioria e enquadra mais 275 golpistas"},"content":{"rendered":"<p>O plen\u00e1rio do Supremo Tribunal Federal (STF) formou nesta segunda (15) maioria para tornar mais 245 denunciados r\u00e9us por envolvimento nos atos antidemocr\u00e1ticos de 8 de janeiro, data em que o Congresso Nacional, o Pal\u00e1cio do Planalto e a sede do Supremo Tribunal Federal foram invadidas e depredadas, em Bras\u00edlia.<\/p>\n<p>\u00c9 a quarta leva de den\u00fancias a serem recebidas. As an\u00e1lises ocorrem no plen\u00e1rio virtual do Supremo, modalidade em que o ministros depositam seus votos eletronicamente, sem delibera\u00e7\u00e3o presencial. O julgamento atual est\u00e1 previsto para ocorrer at\u00e9 as 23h59 desta segunda-feira (15).<\/p>\n<p>Nesta semana, havia sido marcada a an\u00e1lise de 250 den\u00fancias, mas cinco casos acabaram adiados porque os advogados dos acusados tiveram dificuldades t\u00e9cnicas para o envio da sustenta\u00e7\u00e3o oral gravada no sistema do Supremo. Apesar de estarem sendo pautadas em bloco, as acusa\u00e7\u00f5es precisam ser analisadas individualmente, no caso a caso.<\/p>\n<p>At\u00e9 o momento, votaram pela abertura de a\u00e7\u00e3o penal contra mais 245 pessoas o relator, ministro Alexandre de Moraes, que foi seguido por Dias Toffoli, C\u00e1rmen L\u00facia, Edson Fachin, Rosa Weber e Gilmar Mendes.<\/p>\n<p>Assim como em vota\u00e7\u00f5es anteriores, apenas os ministros Andr\u00e9 Mendon\u00e7a e Nunes Marques divergiram. Para eles, as den\u00fancias n\u00e3o conseguiram individualizar a contento a conduta das pessoas que foram presas no acampamento montado em frente ao Quartel-General do Ex\u00e9rcito, em Bras\u00edlia. As diverg\u00eancias tamb\u00e9m argumentam que os casos deveriam ser remetidos para a primeira inst\u00e2ncia da Justi\u00e7a Federal.<\/p>\n<p>Com a maioria desta segunda (15), 795 pessoas se tornaram r\u00e9s devido ao envolvimento com o 8 de janeiro. Outro bloco com 250 den\u00fancias est\u00e1 com o julgamento marcado para come\u00e7ar nos primeiros instantes de amanh\u00e3 (16).<\/p>\n<p><strong>Crimes<\/strong><br \/>\nNa semana passada foram aceitas den\u00fancias contra 220 pessoas acusadas de incitarem os atos golpistas. A maioria foi presa em frente ao QG do Ex\u00e9rcito, onde pediam pela interven\u00e7\u00e3o militar sobre o resultado das elei\u00e7\u00f5es, no dia seguinte aos atos golpistas. Elas respondem tamb\u00e9m por outros crimes, como associa\u00e7\u00e3o criminosa.<\/p>\n<p>Outras 25 den\u00fancias foram aceitas contra pessoas acusadas de participarem diretamente dos atos de vandalismo. Nesse caso, s\u00e3o imputados a elas diversos crimes, como tentativa de golpe de Estado e depreda\u00e7\u00e3o de patrim\u00f4nio p\u00fablico tombado, entre outros.<\/p>\n<p>Ao todo, a Procuradoria-Geral da Rep\u00fablica (PGR) apresentou 1.390 acusa\u00e7\u00f5es formais ao Supremo, todas contra pessoas que participaram diretamente dos atos de vandalismo ou que incitaram a viol\u00eancia. At\u00e9 o momento, ningu\u00e9m foi denunciado por financiar ou idealizar os atos golpistas.<\/p>\n<p>A previs\u00e3o \u00e9 que o eventual recebimento de todas as den\u00fancias seja apreciado at\u00e9 junho. Ap\u00f3s deve ter in\u00edcio a fase de a\u00e7\u00e3o penal, com nova instru\u00e7\u00e3o processual e poss\u00edvel produ\u00e7\u00e3o de novas provas e coleta de depoimentos, inclusive a pedido das defesas. N\u00e3o h\u00e1 prazo definido para o julgamento final.<\/p>\n","protected":false},"excerpt":{"rendered":"<p>O plen\u00e1rio do Supremo Tribunal Federal (STF) formou nesta segunda (15) maioria para tornar mais 245 denunciados r\u00e9us por envolvimento nos atos antidemocr\u00e1ticos de 8 de janeiro, data em que o Congresso Nacional, o Pal\u00e1cio do Planalto e a sede do Supremo Tribunal Federal foram invadidas e depredadas, em Bras\u00edlia. \u00c9 a quarta leva de [&hellip;]<\/p>\n","protected":false},"author":2,"featured_media":304948,"comment_status":"closed","ping_status":"closed","sticky":false,"template":"","format":"standard","meta":{"_acf_changed":false,"footnotes":""},"categories":[161],"tags":[95],"class_list":["post-304947","post","type-post","status-publish","format-standard","has-post-thumbnail","hentry","category-quadradinho-em-foco","tag-capa"],"acf":[],"yoast_head":"<!-- This site is optimized with the Yoast SEO plugin v27.2 - https:\/\/yoast.com\/product\/yoast-seo-wordpress\/ -->\n<title>Supremo forma maioria e enquadra mais 275 golpistas - Notibras<\/title>\n<meta name=\"robots\" content=\"index, follow, max-snippet:-1, max-image-preview:large, max-video-preview:-1\" \/>\n<link rel=\"canonical\" href=\"https:\/\/www.notibras.com\/site\/supremo-forma-maioria-para-enquadrar-mais-275-golpistas\/\" \/>\n<meta property=\"og:locale\" content=\"pt_BR\" \/>\n<meta property=\"og:type\" content=\"article\" \/>\n<meta property=\"og:title\" content=\"Supremo forma maioria e enquadra mais 275 golpistas - Notibras\" \/>\n<meta property=\"og:description\" content=\"O plen\u00e1rio do Supremo Tribunal Federal (STF) formou nesta segunda (15) maioria para tornar mais 245 denunciados r\u00e9us por envolvimento nos atos antidemocr\u00e1ticos de 8 de janeiro, data em que o Congresso Nacional, o Pal\u00e1cio do Planalto e a sede do Supremo Tribunal Federal foram invadidas e depredadas, em Bras\u00edlia. \u00c9 a quarta leva de [&hellip;]\" \/>\n<meta property=\"og:url\" content=\"https:\/\/www.notibras.com\/site\/supremo-forma-maioria-para-enquadrar-mais-275-golpistas\/\" \/>\n<meta property=\"og:site_name\" content=\"Notibras\" \/>\n<meta property=\"article:publisher\" content=\"https:\/\/www.facebook.com\/notibras\/\" \/>\n<meta property=\"article:published_time\" content=\"2023-05-15T14:40:13+00:00\" \/>\n<meta property=\"article:modified_time\" content=\"2023-05-15T18:52:34+00:00\" \/>\n<meta property=\"og:image\" content=\"https:\/\/www.notibras.com\/site\/wp-content\/uploads\/2023\/05\/manifestacao1_mcamgo_abr_080120231818-7-1.jpg\" \/>\n\t<meta property=\"og:image:width\" content=\"1170\" \/>\n\t<meta property=\"og:image:height\" content=\"700\" \/>\n\t<meta property=\"og:image:type\" content=\"image\/jpeg\" \/>\n<meta name=\"author\" content=\"Reda\u00e7\u00e3o\" \/>\n<meta name=\"twitter:card\" content=\"summary_large_image\" \/>\n<meta name=\"twitter:creator\" content=\"@Notibras\" \/>\n<meta name=\"twitter:site\" content=\"@Notibras\" \/>\n<meta name=\"twitter:label1\" content=\"Escrito por\" \/>\n\t<meta name=\"twitter:data1\" content=\"Reda\u00e7\u00e3o\" \/>\n\t<meta name=\"twitter:label2\" content=\"Est. tempo de leitura\" \/>\n\t<meta name=\"twitter:data2\" content=\"3 minutos\" \/>\n<script type=\"application\/ld+json\" class=\"yoast-schema-graph\">{\"@context\":\"https:\/\/schema.org\",\"@graph\":[{\"@type\":\"Article\",\"@id\":\"https:\/\/www.notibras.com\/site\/supremo-forma-maioria-para-enquadrar-mais-275-golpistas\/#article\",\"isPartOf\":{\"@id\":\"https:\/\/www.notibras.com\/site\/supremo-forma-maioria-para-enquadrar-mais-275-golpistas\/\"},\"author\":{\"name\":\"Reda\u00e7\u00e3o\",\"@id\":\"https:\/\/www.notibras.com\/site\/#\/schema\/person\/36ab0979449956132d3e5b517ea76ac8\"},\"headline\":\"Supremo forma maioria e enquadra mais 275 golpistas\",\"datePublished\":\"2023-05-15T14:40:13+00:00\",\"dateModified\":\"2023-05-15T18:52:34+00:00\",\"mainEntityOfPage\":{\"@id\":\"https:\/\/www.notibras.com\/site\/supremo-forma-maioria-para-enquadrar-mais-275-golpistas\/\"},\"wordCount\":497,\"publisher\":{\"@id\":\"https:\/\/www.notibras.com\/site\/#organization\"},\"image\":{\"@id\":\"https:\/\/www.notibras.com\/site\/supremo-forma-maioria-para-enquadrar-mais-275-golpistas\/#primaryimage\"},\"thumbnailUrl\":\"https:\/\/www.notibras.com\/site\/wp-content\/uploads\/2023\/05\/manifestacao1_mcamgo_abr_080120231818-7-1.jpg\",\"keywords\":[\"capa\"],\"articleSection\":[\"Quadradinho em Foco\"],\"inLanguage\":\"pt-BR\"},{\"@type\":\"WebPage\",\"@id\":\"https:\/\/www.notibras.com\/site\/supremo-forma-maioria-para-enquadrar-mais-275-golpistas\/\",\"url\":\"https:\/\/www.notibras.com\/site\/supremo-forma-maioria-para-enquadrar-mais-275-golpistas\/\",\"name\":\"Supremo forma maioria e enquadra mais 275 golpistas - Notibras\",\"isPartOf\":{\"@id\":\"https:\/\/www.notibras.com\/site\/#website\"},\"primaryImageOfPage\":{\"@id\":\"https:\/\/www.notibras.com\/site\/supremo-forma-maioria-para-enquadrar-mais-275-golpistas\/#primaryimage\"},\"image\":{\"@id\":\"https:\/\/www.notibras.com\/site\/supremo-forma-maioria-para-enquadrar-mais-275-golpistas\/#primaryimage\"},\"thumbnailUrl\":\"https:\/\/www.notibras.com\/site\/wp-content\/uploads\/2023\/05\/manifestacao1_mcamgo_abr_080120231818-7-1.jpg\",\"datePublished\":\"2023-05-15T14:40:13+00:00\",\"dateModified\":\"2023-05-15T18:52:34+00:00\",\"breadcrumb\":{\"@id\":\"https:\/\/www.notibras.com\/site\/supremo-forma-maioria-para-enquadrar-mais-275-golpistas\/#breadcrumb\"},\"inLanguage\":\"pt-BR\",\"potentialAction\":[{\"@type\":\"ReadAction\",\"target\":[\"https:\/\/www.notibras.com\/site\/supremo-forma-maioria-para-enquadrar-mais-275-golpistas\/\"]}]},{\"@type\":\"ImageObject\",\"inLanguage\":\"pt-BR\",\"@id\":\"https:\/\/www.notibras.com\/site\/supremo-forma-maioria-para-enquadrar-mais-275-golpistas\/#primaryimage\",\"url\":\"https:\/\/www.notibras.com\/site\/wp-content\/uploads\/2023\/05\/manifestacao1_mcamgo_abr_080120231818-7-1.jpg\",\"contentUrl\":\"https:\/\/www.notibras.com\/site\/wp-content\/uploads\/2023\/05\/manifestacao1_mcamgo_abr_080120231818-7-1.jpg\",\"width\":1170,\"height\":700,\"caption\":\"Manifestantes invadem Congresso, STF e Pal\u00e1cio do Planalto.\"},{\"@type\":\"BreadcrumbList\",\"@id\":\"https:\/\/www.notibras.com\/site\/supremo-forma-maioria-para-enquadrar-mais-275-golpistas\/#breadcrumb\",\"itemListElement\":[{\"@type\":\"ListItem\",\"position\":1,\"name\":\"In\u00edcio\",\"item\":\"https:\/\/www.notibras.com\/site\/\"},{\"@type\":\"ListItem\",\"position\":2,\"name\":\"Supremo forma maioria e enquadra mais 275 golpistas\"}]},{\"@type\":\"WebSite\",\"@id\":\"https:\/\/www.notibras.com\/site\/#website\",\"url\":\"https:\/\/www.notibras.com\/site\/\",\"name\":\"Notibras\",\"description\":\"Not\u00edcias de Bras\u00edlia, do Brasil e do Mundo\",\"publisher\":{\"@id\":\"https:\/\/www.notibras.com\/site\/#organization\"},\"potentialAction\":[{\"@type\":\"SearchAction\",\"target\":{\"@type\":\"EntryPoint\",\"urlTemplate\":\"https:\/\/www.notibras.com\/site\/?s={search_term_string}\"},\"query-input\":{\"@type\":\"PropertyValueSpecification\",\"valueRequired\":true,\"valueName\":\"search_term_string\"}}],\"inLanguage\":\"pt-BR\"},{\"@type\":\"Organization\",\"@id\":\"https:\/\/www.notibras.com\/site\/#organization\",\"name\":\"Grupo Notibras de Comunica\u00e7\u00e3o\",\"url\":\"https:\/\/www.notibras.com\/site\/\",\"logo\":{\"@type\":\"ImageObject\",\"inLanguage\":\"pt-BR\",\"@id\":\"https:\/\/www.notibras.com\/site\/#\/schema\/logo\/image\/\",\"url\":\"https:\/\/www.notibras.com\/site\/wp-content\/uploads\/2023\/01\/notibras23.png\",\"contentUrl\":\"https:\/\/www.notibras.com\/site\/wp-content\/uploads\/2023\/01\/notibras23.png\",\"width\":350,\"height\":87,\"caption\":\"Grupo Notibras de Comunica\u00e7\u00e3o\"},\"image\":{\"@id\":\"https:\/\/www.notibras.com\/site\/#\/schema\/logo\/image\/\"},\"sameAs\":[\"https:\/\/www.facebook.com\/notibras\/\",\"https:\/\/x.com\/Notibras\",\"https:\/\/www.instagram.com\/notibras\/\"]},{\"@type\":\"Person\",\"@id\":\"https:\/\/www.notibras.com\/site\/#\/schema\/person\/36ab0979449956132d3e5b517ea76ac8\",\"name\":\"Reda\u00e7\u00e3o\",\"image\":{\"@type\":\"ImageObject\",\"inLanguage\":\"pt-BR\",\"@id\":\"https:\/\/secure.gravatar.com\/avatar\/e0a867bdedb85fd243eadf09663511f96fc81e0720a4a42581f334ad4303aa6b?s=96&d=mm&r=g\",\"url\":\"https:\/\/secure.gravatar.com\/avatar\/e0a867bdedb85fd243eadf09663511f96fc81e0720a4a42581f334ad4303aa6b?s=96&d=mm&r=g\",\"contentUrl\":\"https:\/\/secure.gravatar.com\/avatar\/e0a867bdedb85fd243eadf09663511f96fc81e0720a4a42581f334ad4303aa6b?s=96&d=mm&r=g\",\"caption\":\"Reda\u00e7\u00e3o\"}}]}<\/script>\n<!-- \/ Yoast SEO plugin. -->","yoast_head_json":{"title":"Supremo forma maioria e enquadra mais 275 golpistas - Notibras","robots":{"index":"index","follow":"follow","max-snippet":"max-snippet:-1","max-image-preview":"max-image-preview:large","max-video-preview":"max-video-preview:-1"},"canonical":"https:\/\/www.notibras.com\/site\/supremo-forma-maioria-para-enquadrar-mais-275-golpistas\/","og_locale":"pt_BR","og_type":"article","og_title":"Supremo forma maioria e enquadra mais 275 golpistas - Notibras","og_description":"O plen\u00e1rio do Supremo Tribunal Federal (STF) formou nesta segunda (15) maioria para tornar mais 245 denunciados r\u00e9us por envolvimento nos atos antidemocr\u00e1ticos de 8 de janeiro, data em que o Congresso Nacional, o Pal\u00e1cio do Planalto e a sede do Supremo Tribunal Federal foram invadidas e depredadas, em Bras\u00edlia. \u00c9 a quarta leva de [&hellip;]","og_url":"https:\/\/www.notibras.com\/site\/supremo-forma-maioria-para-enquadrar-mais-275-golpistas\/","og_site_name":"Notibras","article_publisher":"https:\/\/www.facebook.com\/notibras\/","article_published_time":"2023-05-15T14:40:13+00:00","article_modified_time":"2023-05-15T18:52:34+00:00","og_image":[{"width":1170,"height":700,"url":"https:\/\/www.notibras.com\/site\/wp-content\/uploads\/2023\/05\/manifestacao1_mcamgo_abr_080120231818-7-1.jpg","type":"image\/jpeg"}],"author":"Reda\u00e7\u00e3o","twitter_card":"summary_large_image","twitter_creator":"@Notibras","twitter_site":"@Notibras","twitter_misc":{"Escrito por":"Reda\u00e7\u00e3o","Est. tempo de leitura":"3 minutos"},"schema":{"@context":"https:\/\/schema.org","@graph":[{"@type":"Article","@id":"https:\/\/www.notibras.com\/site\/supremo-forma-maioria-para-enquadrar-mais-275-golpistas\/#article","isPartOf":{"@id":"https:\/\/www.notibras.com\/site\/supremo-forma-maioria-para-enquadrar-mais-275-golpistas\/"},"author":{"name":"Reda\u00e7\u00e3o","@id":"https:\/\/www.notibras.com\/site\/#\/schema\/person\/36ab0979449956132d3e5b517ea76ac8"},"headline":"Supremo forma maioria e enquadra mais 275 golpistas","datePublished":"2023-05-15T14:40:13+00:00","dateModified":"2023-05-15T18:52:34+00:00","mainEntityOfPage":{"@id":"https:\/\/www.notibras.com\/site\/supremo-forma-maioria-para-enquadrar-mais-275-golpistas\/"},"wordCount":497,"publisher":{"@id":"https:\/\/www.notibras.com\/site\/#organization"},"image":{"@id":"https:\/\/www.notibras.com\/site\/supremo-forma-maioria-para-enquadrar-mais-275-golpistas\/#primaryimage"},"thumbnailUrl":"https:\/\/www.notibras.com\/site\/wp-content\/uploads\/2023\/05\/manifestacao1_mcamgo_abr_080120231818-7-1.jpg","keywords":["capa"],"articleSection":["Quadradinho em Foco"],"inLanguage":"pt-BR"},{"@type":"WebPage","@id":"https:\/\/www.notibras.com\/site\/supremo-forma-maioria-para-enquadrar-mais-275-golpistas\/","url":"https:\/\/www.notibras.com\/site\/supremo-forma-maioria-para-enquadrar-mais-275-golpistas\/","name":"Supremo forma maioria e enquadra mais 275 golpistas - Notibras","isPartOf":{"@id":"https:\/\/www.notibras.com\/site\/#website"},"primaryImageOfPage":{"@id":"https:\/\/www.notibras.com\/site\/supremo-forma-maioria-para-enquadrar-mais-275-golpistas\/#primaryimage"},"image":{"@id":"https:\/\/www.notibras.com\/site\/supremo-forma-maioria-para-enquadrar-mais-275-golpistas\/#primaryimage"},"thumbnailUrl":"https:\/\/www.notibras.com\/site\/wp-content\/uploads\/2023\/05\/manifestacao1_mcamgo_abr_080120231818-7-1.jpg","datePublished":"2023-05-15T14:40:13+00:00","dateModified":"2023-05-15T18:52:34+00:00","breadcrumb":{"@id":"https:\/\/www.notibras.com\/site\/supremo-forma-maioria-para-enquadrar-mais-275-golpistas\/#breadcrumb"},"inLanguage":"pt-BR","potentialAction":[{"@type":"ReadAction","target":["https:\/\/www.notibras.com\/site\/supremo-forma-maioria-para-enquadrar-mais-275-golpistas\/"]}]},{"@type":"ImageObject","inLanguage":"pt-BR","@id":"https:\/\/www.notibras.com\/site\/supremo-forma-maioria-para-enquadrar-mais-275-golpistas\/#primaryimage","url":"https:\/\/www.notibras.com\/site\/wp-content\/uploads\/2023\/05\/manifestacao1_mcamgo_abr_080120231818-7-1.jpg","contentUrl":"https:\/\/www.notibras.com\/site\/wp-content\/uploads\/2023\/05\/manifestacao1_mcamgo_abr_080120231818-7-1.jpg","width":1170,"height":700,"caption":"Manifestantes invadem Congresso, STF e Pal\u00e1cio do Planalto."},{"@type":"BreadcrumbList","@id":"https:\/\/www.notibras.com\/site\/supremo-forma-maioria-para-enquadrar-mais-275-golpistas\/#breadcrumb","itemListElement":[{"@type":"ListItem","position":1,"name":"In\u00edcio","item":"https:\/\/www.notibras.com\/site\/"},{"@type":"ListItem","position":2,"name":"Supremo forma maioria e enquadra mais 275 golpistas"}]},{"@type":"WebSite","@id":"https:\/\/www.notibras.com\/site\/#website","url":"https:\/\/www.notibras.com\/site\/","name":"Notibras","description":"Not\u00edcias de Bras\u00edlia, do Brasil e do Mundo","publisher":{"@id":"https:\/\/www.notibras.com\/site\/#organization"},"potentialAction":[{"@type":"SearchAction","target":{"@type":"EntryPoint","urlTemplate":"https:\/\/www.notibras.com\/site\/?s={search_term_string}"},"query-input":{"@type":"PropertyValueSpecification","valueRequired":true,"valueName":"search_term_string"}}],"inLanguage":"pt-BR"},{"@type":"Organization","@id":"https:\/\/www.notibras.com\/site\/#organization","name":"Grupo Notibras de Comunica\u00e7\u00e3o","url":"https:\/\/www.notibras.com\/site\/","logo":{"@type":"ImageObject","inLanguage":"pt-BR","@id":"https:\/\/www.notibras.com\/site\/#\/schema\/logo\/image\/","url":"https:\/\/www.notibras.com\/site\/wp-content\/uploads\/2023\/01\/notibras23.png","contentUrl":"https:\/\/www.notibras.com\/site\/wp-content\/uploads\/2023\/01\/notibras23.png","width":350,"height":87,"caption":"Grupo Notibras de Comunica\u00e7\u00e3o"},"image":{"@id":"https:\/\/www.notibras.com\/site\/#\/schema\/logo\/image\/"},"sameAs":["https:\/\/www.facebook.com\/notibras\/","https:\/\/x.com\/Notibras","https:\/\/www.instagram.com\/notibras\/"]},{"@type":"Person","@id":"https:\/\/www.notibras.com\/site\/#\/schema\/person\/36ab0979449956132d3e5b517ea76ac8","name":"Reda\u00e7\u00e3o","image":{"@type":"ImageObject","inLanguage":"pt-BR","@id":"https:\/\/secure.gravatar.com\/avatar\/e0a867bdedb85fd243eadf09663511f96fc81e0720a4a42581f334ad4303aa6b?s=96&d=mm&r=g","url":"https:\/\/secure.gravatar.com\/avatar\/e0a867bdedb85fd243eadf09663511f96fc81e0720a4a42581f334ad4303aa6b?s=96&d=mm&r=g","contentUrl":"https:\/\/secure.gravatar.com\/avatar\/e0a867bdedb85fd243eadf09663511f96fc81e0720a4a42581f334ad4303aa6b?s=96&d=mm&r=g","caption":"Reda\u00e7\u00e3o"}}]}},"amp_enabled":true,"_links":{"self":[{"href":"https:\/\/www.notibras.com\/site\/wp-json\/wp\/v2\/posts\/304947","targetHints":{"allow":["GET"]}}],"collection":[{"href":"https:\/\/www.notibras.com\/site\/wp-json\/wp\/v2\/posts"}],"about":[{"href":"https:\/\/www.notibras.com\/site\/wp-json\/wp\/v2\/types\/post"}],"author":[{"embeddable":true,"href":"https:\/\/www.notibras.com\/site\/wp-json\/wp\/v2\/users\/2"}],"replies":[{"embeddable":true,"href":"https:\/\/www.notibras.com\/site\/wp-json\/wp\/v2\/comments?post=304947"}],"version-history":[{"count":2,"href":"https:\/\/www.notibras.com\/site\/wp-json\/wp\/v2\/posts\/304947\/revisions"}],"predecessor-version":[{"id":304955,"href":"https:\/\/www.notibras.com\/site\/wp-json\/wp\/v2\/posts\/304947\/revisions\/304955"}],"wp:featuredmedia":[{"embeddable":true,"href":"https:\/\/www.notibras.com\/site\/wp-json\/wp\/v2\/media\/304948"}],"wp:attachment":[{"href":"https:\/\/www.notibras.com\/site\/wp-json\/wp\/v2\/media?parent=304947"}],"wp:term":[{"taxonomy":"category","embeddable":true,"href":"https:\/\/www.notibras.com\/site\/wp-json\/wp\/v2\/categories?post=304947"},{"taxonomy":"post_tag","embeddable":true,"href":"https:\/\/www.notibras.com\/site\/wp-json\/wp\/v2\/tags?post=304947"}],"curies":[{"name":"wp","href":"https:\/\/api.w.org\/{rel}","templated":true}]}}