{"id":304950,"date":"2023-05-15T10:45:15","date_gmt":"2023-05-15T13:45:15","guid":{"rendered":"https:\/\/www.notibras.com\/site\/?p=304950"},"modified":"2023-05-15T15:47:16","modified_gmt":"2023-05-15T18:47:16","slug":"todo-mundo-com-mais-de-6-meses-ja-pode-se-vacinar","status":"publish","type":"post","link":"https:\/\/www.notibras.com\/site\/todo-mundo-com-mais-de-6-meses-ja-pode-se-vacinar\/","title":{"rendered":"Todo mundo com mais de 6 meses j\u00e1 pode se vacinar"},"content":{"rendered":"<p>A partir desta segunda-feira (15), toda a popula\u00e7\u00e3o com mais de 6 meses pode tomar a vacina contra a gripe. A amplia\u00e7\u00e3o do p\u00fablico foi anunciada pelo Minist\u00e9rio da Sa\u00fade na \u00faltima sexta-feira (12). O objetivo, segundo a pasta, \u00e9 expandir a cobertura vacinal contra a doen\u00e7a antes do inverno, quando as infec\u00e7\u00f5es respirat\u00f3rias tendem a aumentar.<\/p>\n<p>\u201cA orienta\u00e7\u00e3o atende a pedido de estados e munic\u00edpios, que podem usar as vacinas em estoque e adotar estrat\u00e9gias locais para operacionalizar a imuniza\u00e7\u00e3o, atendendo \u00e0s realidades de cada regi\u00e3o. Mais de 80 milh\u00f5es de doses da vacina trivalente, produzidas pelo Instituto Butantan, foram distribu\u00eddas para todo o pa\u00eds. A meta \u00e9 vacinar 90% da popula\u00e7\u00e3o\u201d, destacou o minist\u00e9rio, por meio de nota.<\/p>\n<p>A vacina estava sendo aplicada apenas em idosos acima de 60 anos; crian\u00e7as com idade a partir de 6 meses a menores de 6 anos; gestantes, pu\u00e9rperas (at\u00e9 45 dias ap\u00f3s o parto); imunossuprimidos; ind\u00edgenas; profissionais da sa\u00fade e da educa\u00e7\u00e3o; pessoas com defici\u00eancia permanente ou com comorbidades; profissionais de transporte coletivo e portu\u00e1rios; trabalhadores das for\u00e7as de seguran\u00e7a e salvamento; trabalhadores das for\u00e7as armadas e do sistema prisional; e popula\u00e7\u00e3o privada de liberdade.<\/p>\n<p>A pasta refor\u00e7ou que a imuniza\u00e7\u00e3o \u00e9 fundamental porque reduz a carga da doen\u00e7a, sobretudo em pessoas com problemas de sa\u00fade e idosos, prevenindo hospitaliza\u00e7\u00f5es e mortes, al\u00e9m de diminuir a sobrecarga nos servi\u00e7os de sa\u00fade. At\u00e9 o fim de abril, pelo menos 253 mortes por gripe foram confirmadas no pa\u00eds.<\/p>\n<p><strong>Emerg\u00eancia<\/strong><br \/>\nUm aumento de mais de 108%, entre janeiro e maio deste ano, nas interna\u00e7\u00f5es de crian\u00e7as com s\u00edndromes gripais fez com que o governo do Amap\u00e1 decretasse emerg\u00eancia em sa\u00fade p\u00fablica no \u00faltimo s\u00e1bado (13).<\/p>\n<p>A superlota\u00e7\u00e3o no Hospital da Crian\u00e7a e do Adolescente, na capital Macap\u00e1, fez com que at\u00e9 salas administrativas fossem transformadas em espa\u00e7os para 32 novos leitos cl\u00ednicos. O hospital tamb\u00e9m ampliou o n\u00famero de vagas na Unidade de Terapia Intensiva (UTI) pedi\u00e1trica, de 20 para 24.<\/p>\n<p>Dados da Secretaria de Sa\u00fade do Amap\u00e1 indicam que, at\u00e9 o fim da semana passada, a rede hospitalar p\u00fablica e privada registrou mais de 190 casos de interna\u00e7\u00e3o s\u00edndrome gripal, sendo 109 no Hospital da Crian\u00e7a e do Adolescente e no Pronto Atendimento Infantil. A maioria dos pacientes tem idade entre 7 meses e 4 anos. Do total de pacientes internados, 29 estavam entubados.<\/p>\n","protected":false},"excerpt":{"rendered":"<p>A partir desta segunda-feira (15), toda a popula\u00e7\u00e3o com mais de 6 meses pode tomar a vacina contra a gripe. A amplia\u00e7\u00e3o do p\u00fablico foi anunciada pelo Minist\u00e9rio da Sa\u00fade na \u00faltima sexta-feira (12). O objetivo, segundo a pasta, \u00e9 expandir a cobertura vacinal contra a doen\u00e7a antes do inverno, quando as infec\u00e7\u00f5es respirat\u00f3rias tendem [&hellip;]<\/p>\n","protected":false},"author":2,"featured_media":304951,"comment_status":"closed","ping_status":"closed","sticky":false,"template":"","format":"standard","meta":{"_acf_changed":false,"footnotes":""},"categories":[161],"tags":[95],"class_list":["post-304950","post","type-post","status-publish","format-standard","has-post-thumbnail","hentry","category-quadradinho-em-foco","tag-capa"],"acf":[],"yoast_head":"<!-- This site is optimized with the Yoast SEO plugin v27.2 - https:\/\/yoast.com\/product\/yoast-seo-wordpress\/ -->\n<title>Todo mundo com mais de 6 meses j\u00e1 pode se vacinar - Notibras<\/title>\n<meta name=\"robots\" content=\"index, follow, max-snippet:-1, max-image-preview:large, max-video-preview:-1\" \/>\n<link rel=\"canonical\" href=\"https:\/\/www.notibras.com\/site\/todo-mundo-com-mais-de-6-meses-ja-pode-se-vacinar\/\" \/>\n<meta property=\"og:locale\" content=\"pt_BR\" \/>\n<meta property=\"og:type\" content=\"article\" \/>\n<meta property=\"og:title\" content=\"Todo mundo com mais de 6 meses j\u00e1 pode se vacinar - Notibras\" \/>\n<meta property=\"og:description\" content=\"A partir desta segunda-feira (15), toda a popula\u00e7\u00e3o com mais de 6 meses pode tomar a vacina contra a gripe. A amplia\u00e7\u00e3o do p\u00fablico foi anunciada pelo Minist\u00e9rio da Sa\u00fade na \u00faltima sexta-feira (12). O objetivo, segundo a pasta, \u00e9 expandir a cobertura vacinal contra a doen\u00e7a antes do inverno, quando as infec\u00e7\u00f5es respirat\u00f3rias tendem [&hellip;]\" \/>\n<meta property=\"og:url\" content=\"https:\/\/www.notibras.com\/site\/todo-mundo-com-mais-de-6-meses-ja-pode-se-vacinar\/\" \/>\n<meta property=\"og:site_name\" content=\"Notibras\" \/>\n<meta property=\"article:publisher\" content=\"https:\/\/www.facebook.com\/notibras\/\" \/>\n<meta property=\"article:published_time\" content=\"2023-05-15T13:45:15+00:00\" \/>\n<meta property=\"article:modified_time\" content=\"2023-05-15T18:47:16+00:00\" \/>\n<meta property=\"og:image\" content=\"https:\/\/www.notibras.com\/site\/wp-content\/uploads\/2023\/05\/vac_abr0104232151.jpg\" \/>\n\t<meta property=\"og:image:width\" content=\"1170\" \/>\n\t<meta property=\"og:image:height\" content=\"700\" \/>\n\t<meta property=\"og:image:type\" content=\"image\/jpeg\" \/>\n<meta name=\"author\" content=\"Reda\u00e7\u00e3o\" \/>\n<meta name=\"twitter:card\" content=\"summary_large_image\" \/>\n<meta name=\"twitter:creator\" content=\"@Notibras\" \/>\n<meta name=\"twitter:site\" content=\"@Notibras\" \/>\n<meta name=\"twitter:label1\" content=\"Escrito por\" \/>\n\t<meta name=\"twitter:data1\" content=\"Reda\u00e7\u00e3o\" \/>\n\t<meta name=\"twitter:label2\" content=\"Est. tempo de leitura\" \/>\n\t<meta name=\"twitter:data2\" content=\"3 minutos\" \/>\n<script type=\"application\/ld+json\" class=\"yoast-schema-graph\">{\"@context\":\"https:\/\/schema.org\",\"@graph\":[{\"@type\":\"Article\",\"@id\":\"https:\/\/www.notibras.com\/site\/todo-mundo-com-mais-de-6-meses-ja-pode-se-vacinar\/#article\",\"isPartOf\":{\"@id\":\"https:\/\/www.notibras.com\/site\/todo-mundo-com-mais-de-6-meses-ja-pode-se-vacinar\/\"},\"author\":{\"name\":\"Reda\u00e7\u00e3o\",\"@id\":\"https:\/\/www.notibras.com\/site\/#\/schema\/person\/36ab0979449956132d3e5b517ea76ac8\"},\"headline\":\"Todo mundo com mais de 6 meses j\u00e1 pode se vacinar\",\"datePublished\":\"2023-05-15T13:45:15+00:00\",\"dateModified\":\"2023-05-15T18:47:16+00:00\",\"mainEntityOfPage\":{\"@id\":\"https:\/\/www.notibras.com\/site\/todo-mundo-com-mais-de-6-meses-ja-pode-se-vacinar\/\"},\"wordCount\":437,\"publisher\":{\"@id\":\"https:\/\/www.notibras.com\/site\/#organization\"},\"image\":{\"@id\":\"https:\/\/www.notibras.com\/site\/todo-mundo-com-mais-de-6-meses-ja-pode-se-vacinar\/#primaryimage\"},\"thumbnailUrl\":\"https:\/\/www.notibras.com\/site\/wp-content\/uploads\/2023\/05\/vac_abr0104232151.jpg\",\"keywords\":[\"capa\"],\"articleSection\":[\"Quadradinho em Foco\"],\"inLanguage\":\"pt-BR\"},{\"@type\":\"WebPage\",\"@id\":\"https:\/\/www.notibras.com\/site\/todo-mundo-com-mais-de-6-meses-ja-pode-se-vacinar\/\",\"url\":\"https:\/\/www.notibras.com\/site\/todo-mundo-com-mais-de-6-meses-ja-pode-se-vacinar\/\",\"name\":\"Todo mundo com mais de 6 meses j\u00e1 pode se vacinar - Notibras\",\"isPartOf\":{\"@id\":\"https:\/\/www.notibras.com\/site\/#website\"},\"primaryImageOfPage\":{\"@id\":\"https:\/\/www.notibras.com\/site\/todo-mundo-com-mais-de-6-meses-ja-pode-se-vacinar\/#primaryimage\"},\"image\":{\"@id\":\"https:\/\/www.notibras.com\/site\/todo-mundo-com-mais-de-6-meses-ja-pode-se-vacinar\/#primaryimage\"},\"thumbnailUrl\":\"https:\/\/www.notibras.com\/site\/wp-content\/uploads\/2023\/05\/vac_abr0104232151.jpg\",\"datePublished\":\"2023-05-15T13:45:15+00:00\",\"dateModified\":\"2023-05-15T18:47:16+00:00\",\"breadcrumb\":{\"@id\":\"https:\/\/www.notibras.com\/site\/todo-mundo-com-mais-de-6-meses-ja-pode-se-vacinar\/#breadcrumb\"},\"inLanguage\":\"pt-BR\",\"potentialAction\":[{\"@type\":\"ReadAction\",\"target\":[\"https:\/\/www.notibras.com\/site\/todo-mundo-com-mais-de-6-meses-ja-pode-se-vacinar\/\"]}]},{\"@type\":\"ImageObject\",\"inLanguage\":\"pt-BR\",\"@id\":\"https:\/\/www.notibras.com\/site\/todo-mundo-com-mais-de-6-meses-ja-pode-se-vacinar\/#primaryimage\",\"url\":\"https:\/\/www.notibras.com\/site\/wp-content\/uploads\/2023\/05\/vac_abr0104232151.jpg\",\"contentUrl\":\"https:\/\/www.notibras.com\/site\/wp-content\/uploads\/2023\/05\/vac_abr0104232151.jpg\",\"width\":1170,\"height\":700,\"caption\":\"Bras\u00edlia (DF) Vacina\u00e7\u00e3o contra a gripe para crian\u00e7as a partir de seis meses at\u00e9 11 anos de idade.\"},{\"@type\":\"BreadcrumbList\",\"@id\":\"https:\/\/www.notibras.com\/site\/todo-mundo-com-mais-de-6-meses-ja-pode-se-vacinar\/#breadcrumb\",\"itemListElement\":[{\"@type\":\"ListItem\",\"position\":1,\"name\":\"In\u00edcio\",\"item\":\"https:\/\/www.notibras.com\/site\/\"},{\"@type\":\"ListItem\",\"position\":2,\"name\":\"Todo mundo com mais de 6 meses j\u00e1 pode se vacinar\"}]},{\"@type\":\"WebSite\",\"@id\":\"https:\/\/www.notibras.com\/site\/#website\",\"url\":\"https:\/\/www.notibras.com\/site\/\",\"name\":\"Notibras\",\"description\":\"Not\u00edcias de Bras\u00edlia, do Brasil e do Mundo\",\"publisher\":{\"@id\":\"https:\/\/www.notibras.com\/site\/#organization\"},\"potentialAction\":[{\"@type\":\"SearchAction\",\"target\":{\"@type\":\"EntryPoint\",\"urlTemplate\":\"https:\/\/www.notibras.com\/site\/?s={search_term_string}\"},\"query-input\":{\"@type\":\"PropertyValueSpecification\",\"valueRequired\":true,\"valueName\":\"search_term_string\"}}],\"inLanguage\":\"pt-BR\"},{\"@type\":\"Organization\",\"@id\":\"https:\/\/www.notibras.com\/site\/#organization\",\"name\":\"Grupo Notibras de Comunica\u00e7\u00e3o\",\"url\":\"https:\/\/www.notibras.com\/site\/\",\"logo\":{\"@type\":\"ImageObject\",\"inLanguage\":\"pt-BR\",\"@id\":\"https:\/\/www.notibras.com\/site\/#\/schema\/logo\/image\/\",\"url\":\"https:\/\/www.notibras.com\/site\/wp-content\/uploads\/2023\/01\/notibras23.png\",\"contentUrl\":\"https:\/\/www.notibras.com\/site\/wp-content\/uploads\/2023\/01\/notibras23.png\",\"width\":350,\"height\":87,\"caption\":\"Grupo Notibras de Comunica\u00e7\u00e3o\"},\"image\":{\"@id\":\"https:\/\/www.notibras.com\/site\/#\/schema\/logo\/image\/\"},\"sameAs\":[\"https:\/\/www.facebook.com\/notibras\/\",\"https:\/\/x.com\/Notibras\",\"https:\/\/www.instagram.com\/notibras\/\"]},{\"@type\":\"Person\",\"@id\":\"https:\/\/www.notibras.com\/site\/#\/schema\/person\/36ab0979449956132d3e5b517ea76ac8\",\"name\":\"Reda\u00e7\u00e3o\",\"image\":{\"@type\":\"ImageObject\",\"inLanguage\":\"pt-BR\",\"@id\":\"https:\/\/secure.gravatar.com\/avatar\/e0a867bdedb85fd243eadf09663511f96fc81e0720a4a42581f334ad4303aa6b?s=96&d=mm&r=g\",\"url\":\"https:\/\/secure.gravatar.com\/avatar\/e0a867bdedb85fd243eadf09663511f96fc81e0720a4a42581f334ad4303aa6b?s=96&d=mm&r=g\",\"contentUrl\":\"https:\/\/secure.gravatar.com\/avatar\/e0a867bdedb85fd243eadf09663511f96fc81e0720a4a42581f334ad4303aa6b?s=96&d=mm&r=g\",\"caption\":\"Reda\u00e7\u00e3o\"}}]}<\/script>\n<!-- \/ Yoast SEO plugin. -->","yoast_head_json":{"title":"Todo mundo com mais de 6 meses j\u00e1 pode se vacinar - Notibras","robots":{"index":"index","follow":"follow","max-snippet":"max-snippet:-1","max-image-preview":"max-image-preview:large","max-video-preview":"max-video-preview:-1"},"canonical":"https:\/\/www.notibras.com\/site\/todo-mundo-com-mais-de-6-meses-ja-pode-se-vacinar\/","og_locale":"pt_BR","og_type":"article","og_title":"Todo mundo com mais de 6 meses j\u00e1 pode se vacinar - Notibras","og_description":"A partir desta segunda-feira (15), toda a popula\u00e7\u00e3o com mais de 6 meses pode tomar a vacina contra a gripe. A amplia\u00e7\u00e3o do p\u00fablico foi anunciada pelo Minist\u00e9rio da Sa\u00fade na \u00faltima sexta-feira (12). O objetivo, segundo a pasta, \u00e9 expandir a cobertura vacinal contra a doen\u00e7a antes do inverno, quando as infec\u00e7\u00f5es respirat\u00f3rias tendem [&hellip;]","og_url":"https:\/\/www.notibras.com\/site\/todo-mundo-com-mais-de-6-meses-ja-pode-se-vacinar\/","og_site_name":"Notibras","article_publisher":"https:\/\/www.facebook.com\/notibras\/","article_published_time":"2023-05-15T13:45:15+00:00","article_modified_time":"2023-05-15T18:47:16+00:00","og_image":[{"width":1170,"height":700,"url":"https:\/\/www.notibras.com\/site\/wp-content\/uploads\/2023\/05\/vac_abr0104232151.jpg","type":"image\/jpeg"}],"author":"Reda\u00e7\u00e3o","twitter_card":"summary_large_image","twitter_creator":"@Notibras","twitter_site":"@Notibras","twitter_misc":{"Escrito por":"Reda\u00e7\u00e3o","Est. tempo de leitura":"3 minutos"},"schema":{"@context":"https:\/\/schema.org","@graph":[{"@type":"Article","@id":"https:\/\/www.notibras.com\/site\/todo-mundo-com-mais-de-6-meses-ja-pode-se-vacinar\/#article","isPartOf":{"@id":"https:\/\/www.notibras.com\/site\/todo-mundo-com-mais-de-6-meses-ja-pode-se-vacinar\/"},"author":{"name":"Reda\u00e7\u00e3o","@id":"https:\/\/www.notibras.com\/site\/#\/schema\/person\/36ab0979449956132d3e5b517ea76ac8"},"headline":"Todo mundo com mais de 6 meses j\u00e1 pode se vacinar","datePublished":"2023-05-15T13:45:15+00:00","dateModified":"2023-05-15T18:47:16+00:00","mainEntityOfPage":{"@id":"https:\/\/www.notibras.com\/site\/todo-mundo-com-mais-de-6-meses-ja-pode-se-vacinar\/"},"wordCount":437,"publisher":{"@id":"https:\/\/www.notibras.com\/site\/#organization"},"image":{"@id":"https:\/\/www.notibras.com\/site\/todo-mundo-com-mais-de-6-meses-ja-pode-se-vacinar\/#primaryimage"},"thumbnailUrl":"https:\/\/www.notibras.com\/site\/wp-content\/uploads\/2023\/05\/vac_abr0104232151.jpg","keywords":["capa"],"articleSection":["Quadradinho em Foco"],"inLanguage":"pt-BR"},{"@type":"WebPage","@id":"https:\/\/www.notibras.com\/site\/todo-mundo-com-mais-de-6-meses-ja-pode-se-vacinar\/","url":"https:\/\/www.notibras.com\/site\/todo-mundo-com-mais-de-6-meses-ja-pode-se-vacinar\/","name":"Todo mundo com mais de 6 meses j\u00e1 pode se vacinar - Notibras","isPartOf":{"@id":"https:\/\/www.notibras.com\/site\/#website"},"primaryImageOfPage":{"@id":"https:\/\/www.notibras.com\/site\/todo-mundo-com-mais-de-6-meses-ja-pode-se-vacinar\/#primaryimage"},"image":{"@id":"https:\/\/www.notibras.com\/site\/todo-mundo-com-mais-de-6-meses-ja-pode-se-vacinar\/#primaryimage"},"thumbnailUrl":"https:\/\/www.notibras.com\/site\/wp-content\/uploads\/2023\/05\/vac_abr0104232151.jpg","datePublished":"2023-05-15T13:45:15+00:00","dateModified":"2023-05-15T18:47:16+00:00","breadcrumb":{"@id":"https:\/\/www.notibras.com\/site\/todo-mundo-com-mais-de-6-meses-ja-pode-se-vacinar\/#breadcrumb"},"inLanguage":"pt-BR","potentialAction":[{"@type":"ReadAction","target":["https:\/\/www.notibras.com\/site\/todo-mundo-com-mais-de-6-meses-ja-pode-se-vacinar\/"]}]},{"@type":"ImageObject","inLanguage":"pt-BR","@id":"https:\/\/www.notibras.com\/site\/todo-mundo-com-mais-de-6-meses-ja-pode-se-vacinar\/#primaryimage","url":"https:\/\/www.notibras.com\/site\/wp-content\/uploads\/2023\/05\/vac_abr0104232151.jpg","contentUrl":"https:\/\/www.notibras.com\/site\/wp-content\/uploads\/2023\/05\/vac_abr0104232151.jpg","width":1170,"height":700,"caption":"Bras\u00edlia (DF) Vacina\u00e7\u00e3o contra a gripe para crian\u00e7as a partir de seis meses at\u00e9 11 anos de idade."},{"@type":"BreadcrumbList","@id":"https:\/\/www.notibras.com\/site\/todo-mundo-com-mais-de-6-meses-ja-pode-se-vacinar\/#breadcrumb","itemListElement":[{"@type":"ListItem","position":1,"name":"In\u00edcio","item":"https:\/\/www.notibras.com\/site\/"},{"@type":"ListItem","position":2,"name":"Todo mundo com mais de 6 meses j\u00e1 pode se vacinar"}]},{"@type":"WebSite","@id":"https:\/\/www.notibras.com\/site\/#website","url":"https:\/\/www.notibras.com\/site\/","name":"Notibras","description":"Not\u00edcias de Bras\u00edlia, do Brasil e do Mundo","publisher":{"@id":"https:\/\/www.notibras.com\/site\/#organization"},"potentialAction":[{"@type":"SearchAction","target":{"@type":"EntryPoint","urlTemplate":"https:\/\/www.notibras.com\/site\/?s={search_term_string}"},"query-input":{"@type":"PropertyValueSpecification","valueRequired":true,"valueName":"search_term_string"}}],"inLanguage":"pt-BR"},{"@type":"Organization","@id":"https:\/\/www.notibras.com\/site\/#organization","name":"Grupo Notibras de Comunica\u00e7\u00e3o","url":"https:\/\/www.notibras.com\/site\/","logo":{"@type":"ImageObject","inLanguage":"pt-BR","@id":"https:\/\/www.notibras.com\/site\/#\/schema\/logo\/image\/","url":"https:\/\/www.notibras.com\/site\/wp-content\/uploads\/2023\/01\/notibras23.png","contentUrl":"https:\/\/www.notibras.com\/site\/wp-content\/uploads\/2023\/01\/notibras23.png","width":350,"height":87,"caption":"Grupo Notibras de Comunica\u00e7\u00e3o"},"image":{"@id":"https:\/\/www.notibras.com\/site\/#\/schema\/logo\/image\/"},"sameAs":["https:\/\/www.facebook.com\/notibras\/","https:\/\/x.com\/Notibras","https:\/\/www.instagram.com\/notibras\/"]},{"@type":"Person","@id":"https:\/\/www.notibras.com\/site\/#\/schema\/person\/36ab0979449956132d3e5b517ea76ac8","name":"Reda\u00e7\u00e3o","image":{"@type":"ImageObject","inLanguage":"pt-BR","@id":"https:\/\/secure.gravatar.com\/avatar\/e0a867bdedb85fd243eadf09663511f96fc81e0720a4a42581f334ad4303aa6b?s=96&d=mm&r=g","url":"https:\/\/secure.gravatar.com\/avatar\/e0a867bdedb85fd243eadf09663511f96fc81e0720a4a42581f334ad4303aa6b?s=96&d=mm&r=g","contentUrl":"https:\/\/secure.gravatar.com\/avatar\/e0a867bdedb85fd243eadf09663511f96fc81e0720a4a42581f334ad4303aa6b?s=96&d=mm&r=g","caption":"Reda\u00e7\u00e3o"}}]}},"amp_enabled":true,"_links":{"self":[{"href":"https:\/\/www.notibras.com\/site\/wp-json\/wp\/v2\/posts\/304950","targetHints":{"allow":["GET"]}}],"collection":[{"href":"https:\/\/www.notibras.com\/site\/wp-json\/wp\/v2\/posts"}],"about":[{"href":"https:\/\/www.notibras.com\/site\/wp-json\/wp\/v2\/types\/post"}],"author":[{"embeddable":true,"href":"https:\/\/www.notibras.com\/site\/wp-json\/wp\/v2\/users\/2"}],"replies":[{"embeddable":true,"href":"https:\/\/www.notibras.com\/site\/wp-json\/wp\/v2\/comments?post=304950"}],"version-history":[{"count":1,"href":"https:\/\/www.notibras.com\/site\/wp-json\/wp\/v2\/posts\/304950\/revisions"}],"predecessor-version":[{"id":304952,"href":"https:\/\/www.notibras.com\/site\/wp-json\/wp\/v2\/posts\/304950\/revisions\/304952"}],"wp:featuredmedia":[{"embeddable":true,"href":"https:\/\/www.notibras.com\/site\/wp-json\/wp\/v2\/media\/304951"}],"wp:attachment":[{"href":"https:\/\/www.notibras.com\/site\/wp-json\/wp\/v2\/media?parent=304950"}],"wp:term":[{"taxonomy":"category","embeddable":true,"href":"https:\/\/www.notibras.com\/site\/wp-json\/wp\/v2\/categories?post=304950"},{"taxonomy":"post_tag","embeddable":true,"href":"https:\/\/www.notibras.com\/site\/wp-json\/wp\/v2\/tags?post=304950"}],"curies":[{"name":"wp","href":"https:\/\/api.w.org\/{rel}","templated":true}]}}