{"id":304969,"date":"2023-05-16T07:55:18","date_gmt":"2023-05-16T10:55:18","guid":{"rendered":"https:\/\/www.notibras.com\/site\/?p=304969"},"modified":"2023-05-16T08:25:49","modified_gmt":"2023-05-16T11:25:49","slug":"universidades-ficam-fora-do-ranking-das-100-melhores","status":"publish","type":"post","link":"https:\/\/www.notibras.com\/site\/universidades-ficam-fora-do-ranking-das-100-melhores\/","title":{"rendered":"Universidades ficam fora do ranking das 100 melhores"},"content":{"rendered":"<p>Um estudo realizado pela World University Rankings (CWUR) mostrou que nenhuma universidade estadual ou federal brasileira est\u00e1 no top 100. A lista mostra 22 institui\u00e7\u00f5es nacionais est\u00e1 entre as mil melhores. O levantamento leva em conta quatro \u00e1reas para fazer a classifica\u00e7\u00e3o: o sucesso acad\u00eamico de ex-alunos, empregabilidade, distin\u00e7\u00f5es do corpo docente e pesquisas realizadas.<\/p>\n<p>No ranking, as primeiras coloca\u00e7\u00f5es s\u00e3o de institui\u00e7\u00f5es estadunidenses: a Universidade de Harvard, o Instituto de Tecnologia de Massachusetts (MIT) e a Universidade de Stanford. Ali\u00e1s, nas 10 melhores posi\u00e7\u00f5es est\u00e3o oito institui\u00e7\u00f5es estadunidenses e duas inglesas.<\/p>\n<p>Entre as brasileiras, a melhor coloca\u00e7\u00e3o (109\u00aa) ficou com a Universidade de S\u00e3o Paulo (USP). No ano passado, a estadual havia ficado quatro posi\u00e7\u00f5es na frente. A segunda brasileira \u00e9 tamb\u00e9m de S\u00e3o Paulo, a Universidade de Campinas (Unicamp) (que era a 347\u00aa, subiu para a 344\u00aa posi\u00e7\u00e3o).<\/p>\n<p>A Universidade Federal do Rio de Janeiro (UFRJ, a terceira posi\u00e7\u00e3o entre as nacionais e a que tem melhor coloca\u00e7\u00e3o entre as federais) caiu da 360\u00aa posi\u00e7\u00e3o para 376\u00aa. A Estadual de S\u00e3o Paulo (Unesp) tamb\u00e9m desceu no ranking (era a 421\u00aa e foi para 424\u00aa). A Federal do Rio Grande do Sul subiu da posi\u00e7\u00e3o 474 para 467.<\/p>\n<p><strong>Recomposi\u00e7\u00e3o do or\u00e7amento<\/strong><br \/>\nA respeito do resultado do levantamento, o Minist\u00e9rio da Educa\u00e7\u00e3o (MEC) informou \u00e0 Ag\u00eancia Brasil que o trabalho atual \u00e9 de recomposi\u00e7\u00e3o do or\u00e7amento da pasta, que sofreu perdas no governo anterior e atua para diminuir os efeitos da pandemia que atingiu todas as dimens\u00f5es do ensino no pa\u00eds.<\/p>\n<p>O MEC ainda acrescentou que todas as a\u00e7\u00f5es implementadas t\u00eam como finalidade ampliar as oportunidades de acesso e perman\u00eancia dos jovens na educa\u00e7\u00e3o superior. \u201cNeste ano, j\u00e1 foram anunciados R$ 2,44 bilh\u00f5es em investimentos para fortalecer a educa\u00e7\u00e3o superior e o ensino profissional e tecnol\u00f3gico p\u00fablico no pa\u00eds, recuperando a tend\u00eancia de cortes e contingenciamentos dos \u00faltimos anos\u201d.<\/p>\n<p><strong>Avalia\u00e7\u00e3o<\/strong><br \/>\nPara o pesquisador Fabr\u00edcio Garcia, s\u00f3cio-fundador da plataforma Qstione, o Brasil precisa aperfei\u00e7oar os sistemas de avalia\u00e7\u00e3o do ensino superior. \u201cA avalia\u00e7\u00e3o \u00e9 muito importante para que a gente tenha indicadores mais claros sobre o que t\u00e1 acontecendo no ensino superior\u201d. Uma ferramenta que existe nesse momento \u00e9 o Exame Nacional de Desempenho dos Estudantes (Enade). O problema, segundo enfatiza o professor, \u00e9 que o universit\u00e1rio n\u00e3o tem sido estimulado a fazer uma boa prova. \u201cA responsabilidade, muitas vezes, fica apenas nas costas da institui\u00e7\u00e3o de ensino. Isso dificulta conhecer o que est\u00e1 bom e o que precisa melhorar\u201d.<\/p>\n","protected":false},"excerpt":{"rendered":"<p>Um estudo realizado pela World University Rankings (CWUR) mostrou que nenhuma universidade estadual ou federal brasileira est\u00e1 no top 100. A lista mostra 22 institui\u00e7\u00f5es nacionais est\u00e1 entre as mil melhores. O levantamento leva em conta quatro \u00e1reas para fazer a classifica\u00e7\u00e3o: o sucesso acad\u00eamico de ex-alunos, empregabilidade, distin\u00e7\u00f5es do corpo docente e pesquisas realizadas. [&hellip;]<\/p>\n","protected":false},"author":2,"featured_media":304970,"comment_status":"closed","ping_status":"closed","sticky":false,"template":"","format":"standard","meta":{"_acf_changed":false,"footnotes":""},"categories":[1],"tags":[95],"class_list":["post-304969","post","type-post","status-publish","format-standard","has-post-thumbnail","hentry","category-brasilia","tag-capa"],"acf":[],"yoast_head":"<!-- This site is optimized with the Yoast SEO plugin v27.2 - https:\/\/yoast.com\/product\/yoast-seo-wordpress\/ -->\n<title>Universidades ficam fora do ranking das 100 melhores - Notibras<\/title>\n<meta name=\"robots\" content=\"index, follow, max-snippet:-1, max-image-preview:large, max-video-preview:-1\" \/>\n<link rel=\"canonical\" href=\"https:\/\/www.notibras.com\/site\/universidades-ficam-fora-do-ranking-das-100-melhores\/\" \/>\n<meta property=\"og:locale\" content=\"pt_BR\" \/>\n<meta property=\"og:type\" content=\"article\" \/>\n<meta property=\"og:title\" content=\"Universidades ficam fora do ranking das 100 melhores - Notibras\" \/>\n<meta property=\"og:description\" content=\"Um estudo realizado pela World University Rankings (CWUR) mostrou que nenhuma universidade estadual ou federal brasileira est\u00e1 no top 100. A lista mostra 22 institui\u00e7\u00f5es nacionais est\u00e1 entre as mil melhores. O levantamento leva em conta quatro \u00e1reas para fazer a classifica\u00e7\u00e3o: o sucesso acad\u00eamico de ex-alunos, empregabilidade, distin\u00e7\u00f5es do corpo docente e pesquisas realizadas. [&hellip;]\" \/>\n<meta property=\"og:url\" content=\"https:\/\/www.notibras.com\/site\/universidades-ficam-fora-do-ranking-das-100-melhores\/\" \/>\n<meta property=\"og:site_name\" content=\"Notibras\" \/>\n<meta property=\"article:publisher\" content=\"https:\/\/www.facebook.com\/notibras\/\" \/>\n<meta property=\"article:published_time\" content=\"2023-05-16T10:55:18+00:00\" \/>\n<meta property=\"article:modified_time\" content=\"2023-05-16T11:25:49+00:00\" \/>\n<meta property=\"og:image\" content=\"https:\/\/www.notibras.com\/site\/wp-content\/uploads\/2023\/05\/dsc6725.jpg\" \/>\n\t<meta property=\"og:image:width\" content=\"1170\" \/>\n\t<meta property=\"og:image:height\" content=\"700\" \/>\n\t<meta property=\"og:image:type\" content=\"image\/jpeg\" \/>\n<meta name=\"author\" content=\"Reda\u00e7\u00e3o\" \/>\n<meta name=\"twitter:card\" content=\"summary_large_image\" \/>\n<meta name=\"twitter:creator\" content=\"@Notibras\" \/>\n<meta name=\"twitter:site\" content=\"@Notibras\" \/>\n<meta name=\"twitter:label1\" content=\"Escrito por\" \/>\n\t<meta name=\"twitter:data1\" content=\"Reda\u00e7\u00e3o\" \/>\n\t<meta name=\"twitter:label2\" content=\"Est. tempo de leitura\" \/>\n\t<meta name=\"twitter:data2\" content=\"3 minutos\" \/>\n<script type=\"application\/ld+json\" class=\"yoast-schema-graph\">{\"@context\":\"https:\/\/schema.org\",\"@graph\":[{\"@type\":\"Article\",\"@id\":\"https:\/\/www.notibras.com\/site\/universidades-ficam-fora-do-ranking-das-100-melhores\/#article\",\"isPartOf\":{\"@id\":\"https:\/\/www.notibras.com\/site\/universidades-ficam-fora-do-ranking-das-100-melhores\/\"},\"author\":{\"name\":\"Reda\u00e7\u00e3o\",\"@id\":\"https:\/\/www.notibras.com\/site\/#\/schema\/person\/36ab0979449956132d3e5b517ea76ac8\"},\"headline\":\"Universidades ficam fora do ranking das 100 melhores\",\"datePublished\":\"2023-05-16T10:55:18+00:00\",\"dateModified\":\"2023-05-16T11:25:49+00:00\",\"mainEntityOfPage\":{\"@id\":\"https:\/\/www.notibras.com\/site\/universidades-ficam-fora-do-ranking-das-100-melhores\/\"},\"wordCount\":448,\"publisher\":{\"@id\":\"https:\/\/www.notibras.com\/site\/#organization\"},\"image\":{\"@id\":\"https:\/\/www.notibras.com\/site\/universidades-ficam-fora-do-ranking-das-100-melhores\/#primaryimage\"},\"thumbnailUrl\":\"https:\/\/www.notibras.com\/site\/wp-content\/uploads\/2023\/05\/dsc6725.jpg\",\"keywords\":[\"capa\"],\"articleSection\":[\"Bras\u00edlia\"],\"inLanguage\":\"pt-BR\"},{\"@type\":\"WebPage\",\"@id\":\"https:\/\/www.notibras.com\/site\/universidades-ficam-fora-do-ranking-das-100-melhores\/\",\"url\":\"https:\/\/www.notibras.com\/site\/universidades-ficam-fora-do-ranking-das-100-melhores\/\",\"name\":\"Universidades ficam fora do ranking das 100 melhores - Notibras\",\"isPartOf\":{\"@id\":\"https:\/\/www.notibras.com\/site\/#website\"},\"primaryImageOfPage\":{\"@id\":\"https:\/\/www.notibras.com\/site\/universidades-ficam-fora-do-ranking-das-100-melhores\/#primaryimage\"},\"image\":{\"@id\":\"https:\/\/www.notibras.com\/site\/universidades-ficam-fora-do-ranking-das-100-melhores\/#primaryimage\"},\"thumbnailUrl\":\"https:\/\/www.notibras.com\/site\/wp-content\/uploads\/2023\/05\/dsc6725.jpg\",\"datePublished\":\"2023-05-16T10:55:18+00:00\",\"dateModified\":\"2023-05-16T11:25:49+00:00\",\"breadcrumb\":{\"@id\":\"https:\/\/www.notibras.com\/site\/universidades-ficam-fora-do-ranking-das-100-melhores\/#breadcrumb\"},\"inLanguage\":\"pt-BR\",\"potentialAction\":[{\"@type\":\"ReadAction\",\"target\":[\"https:\/\/www.notibras.com\/site\/universidades-ficam-fora-do-ranking-das-100-melhores\/\"]}]},{\"@type\":\"ImageObject\",\"inLanguage\":\"pt-BR\",\"@id\":\"https:\/\/www.notibras.com\/site\/universidades-ficam-fora-do-ranking-das-100-melhores\/#primaryimage\",\"url\":\"https:\/\/www.notibras.com\/site\/wp-content\/uploads\/2023\/05\/dsc6725.jpg\",\"contentUrl\":\"https:\/\/www.notibras.com\/site\/wp-content\/uploads\/2023\/05\/dsc6725.jpg\",\"width\":1170,\"height\":700,\"caption\":\"Estudantes chegam para o primeiro dia de prova do Enem 2021.\"},{\"@type\":\"BreadcrumbList\",\"@id\":\"https:\/\/www.notibras.com\/site\/universidades-ficam-fora-do-ranking-das-100-melhores\/#breadcrumb\",\"itemListElement\":[{\"@type\":\"ListItem\",\"position\":1,\"name\":\"In\u00edcio\",\"item\":\"https:\/\/www.notibras.com\/site\/\"},{\"@type\":\"ListItem\",\"position\":2,\"name\":\"Universidades ficam fora do ranking das 100 melhores\"}]},{\"@type\":\"WebSite\",\"@id\":\"https:\/\/www.notibras.com\/site\/#website\",\"url\":\"https:\/\/www.notibras.com\/site\/\",\"name\":\"Notibras\",\"description\":\"Not\u00edcias de Bras\u00edlia, do Brasil e do Mundo\",\"publisher\":{\"@id\":\"https:\/\/www.notibras.com\/site\/#organization\"},\"potentialAction\":[{\"@type\":\"SearchAction\",\"target\":{\"@type\":\"EntryPoint\",\"urlTemplate\":\"https:\/\/www.notibras.com\/site\/?s={search_term_string}\"},\"query-input\":{\"@type\":\"PropertyValueSpecification\",\"valueRequired\":true,\"valueName\":\"search_term_string\"}}],\"inLanguage\":\"pt-BR\"},{\"@type\":\"Organization\",\"@id\":\"https:\/\/www.notibras.com\/site\/#organization\",\"name\":\"Grupo Notibras de Comunica\u00e7\u00e3o\",\"url\":\"https:\/\/www.notibras.com\/site\/\",\"logo\":{\"@type\":\"ImageObject\",\"inLanguage\":\"pt-BR\",\"@id\":\"https:\/\/www.notibras.com\/site\/#\/schema\/logo\/image\/\",\"url\":\"https:\/\/www.notibras.com\/site\/wp-content\/uploads\/2023\/01\/notibras23.png\",\"contentUrl\":\"https:\/\/www.notibras.com\/site\/wp-content\/uploads\/2023\/01\/notibras23.png\",\"width\":350,\"height\":87,\"caption\":\"Grupo Notibras de Comunica\u00e7\u00e3o\"},\"image\":{\"@id\":\"https:\/\/www.notibras.com\/site\/#\/schema\/logo\/image\/\"},\"sameAs\":[\"https:\/\/www.facebook.com\/notibras\/\",\"https:\/\/x.com\/Notibras\",\"https:\/\/www.instagram.com\/notibras\/\"]},{\"@type\":\"Person\",\"@id\":\"https:\/\/www.notibras.com\/site\/#\/schema\/person\/36ab0979449956132d3e5b517ea76ac8\",\"name\":\"Reda\u00e7\u00e3o\",\"image\":{\"@type\":\"ImageObject\",\"inLanguage\":\"pt-BR\",\"@id\":\"https:\/\/secure.gravatar.com\/avatar\/e0a867bdedb85fd243eadf09663511f96fc81e0720a4a42581f334ad4303aa6b?s=96&d=mm&r=g\",\"url\":\"https:\/\/secure.gravatar.com\/avatar\/e0a867bdedb85fd243eadf09663511f96fc81e0720a4a42581f334ad4303aa6b?s=96&d=mm&r=g\",\"contentUrl\":\"https:\/\/secure.gravatar.com\/avatar\/e0a867bdedb85fd243eadf09663511f96fc81e0720a4a42581f334ad4303aa6b?s=96&d=mm&r=g\",\"caption\":\"Reda\u00e7\u00e3o\"}}]}<\/script>\n<!-- \/ Yoast SEO plugin. -->","yoast_head_json":{"title":"Universidades ficam fora do ranking das 100 melhores - Notibras","robots":{"index":"index","follow":"follow","max-snippet":"max-snippet:-1","max-image-preview":"max-image-preview:large","max-video-preview":"max-video-preview:-1"},"canonical":"https:\/\/www.notibras.com\/site\/universidades-ficam-fora-do-ranking-das-100-melhores\/","og_locale":"pt_BR","og_type":"article","og_title":"Universidades ficam fora do ranking das 100 melhores - Notibras","og_description":"Um estudo realizado pela World University Rankings (CWUR) mostrou que nenhuma universidade estadual ou federal brasileira est\u00e1 no top 100. A lista mostra 22 institui\u00e7\u00f5es nacionais est\u00e1 entre as mil melhores. O levantamento leva em conta quatro \u00e1reas para fazer a classifica\u00e7\u00e3o: o sucesso acad\u00eamico de ex-alunos, empregabilidade, distin\u00e7\u00f5es do corpo docente e pesquisas realizadas. [&hellip;]","og_url":"https:\/\/www.notibras.com\/site\/universidades-ficam-fora-do-ranking-das-100-melhores\/","og_site_name":"Notibras","article_publisher":"https:\/\/www.facebook.com\/notibras\/","article_published_time":"2023-05-16T10:55:18+00:00","article_modified_time":"2023-05-16T11:25:49+00:00","og_image":[{"width":1170,"height":700,"url":"https:\/\/www.notibras.com\/site\/wp-content\/uploads\/2023\/05\/dsc6725.jpg","type":"image\/jpeg"}],"author":"Reda\u00e7\u00e3o","twitter_card":"summary_large_image","twitter_creator":"@Notibras","twitter_site":"@Notibras","twitter_misc":{"Escrito por":"Reda\u00e7\u00e3o","Est. tempo de leitura":"3 minutos"},"schema":{"@context":"https:\/\/schema.org","@graph":[{"@type":"Article","@id":"https:\/\/www.notibras.com\/site\/universidades-ficam-fora-do-ranking-das-100-melhores\/#article","isPartOf":{"@id":"https:\/\/www.notibras.com\/site\/universidades-ficam-fora-do-ranking-das-100-melhores\/"},"author":{"name":"Reda\u00e7\u00e3o","@id":"https:\/\/www.notibras.com\/site\/#\/schema\/person\/36ab0979449956132d3e5b517ea76ac8"},"headline":"Universidades ficam fora do ranking das 100 melhores","datePublished":"2023-05-16T10:55:18+00:00","dateModified":"2023-05-16T11:25:49+00:00","mainEntityOfPage":{"@id":"https:\/\/www.notibras.com\/site\/universidades-ficam-fora-do-ranking-das-100-melhores\/"},"wordCount":448,"publisher":{"@id":"https:\/\/www.notibras.com\/site\/#organization"},"image":{"@id":"https:\/\/www.notibras.com\/site\/universidades-ficam-fora-do-ranking-das-100-melhores\/#primaryimage"},"thumbnailUrl":"https:\/\/www.notibras.com\/site\/wp-content\/uploads\/2023\/05\/dsc6725.jpg","keywords":["capa"],"articleSection":["Bras\u00edlia"],"inLanguage":"pt-BR"},{"@type":"WebPage","@id":"https:\/\/www.notibras.com\/site\/universidades-ficam-fora-do-ranking-das-100-melhores\/","url":"https:\/\/www.notibras.com\/site\/universidades-ficam-fora-do-ranking-das-100-melhores\/","name":"Universidades ficam fora do ranking das 100 melhores - Notibras","isPartOf":{"@id":"https:\/\/www.notibras.com\/site\/#website"},"primaryImageOfPage":{"@id":"https:\/\/www.notibras.com\/site\/universidades-ficam-fora-do-ranking-das-100-melhores\/#primaryimage"},"image":{"@id":"https:\/\/www.notibras.com\/site\/universidades-ficam-fora-do-ranking-das-100-melhores\/#primaryimage"},"thumbnailUrl":"https:\/\/www.notibras.com\/site\/wp-content\/uploads\/2023\/05\/dsc6725.jpg","datePublished":"2023-05-16T10:55:18+00:00","dateModified":"2023-05-16T11:25:49+00:00","breadcrumb":{"@id":"https:\/\/www.notibras.com\/site\/universidades-ficam-fora-do-ranking-das-100-melhores\/#breadcrumb"},"inLanguage":"pt-BR","potentialAction":[{"@type":"ReadAction","target":["https:\/\/www.notibras.com\/site\/universidades-ficam-fora-do-ranking-das-100-melhores\/"]}]},{"@type":"ImageObject","inLanguage":"pt-BR","@id":"https:\/\/www.notibras.com\/site\/universidades-ficam-fora-do-ranking-das-100-melhores\/#primaryimage","url":"https:\/\/www.notibras.com\/site\/wp-content\/uploads\/2023\/05\/dsc6725.jpg","contentUrl":"https:\/\/www.notibras.com\/site\/wp-content\/uploads\/2023\/05\/dsc6725.jpg","width":1170,"height":700,"caption":"Estudantes chegam para o primeiro dia de prova do Enem 2021."},{"@type":"BreadcrumbList","@id":"https:\/\/www.notibras.com\/site\/universidades-ficam-fora-do-ranking-das-100-melhores\/#breadcrumb","itemListElement":[{"@type":"ListItem","position":1,"name":"In\u00edcio","item":"https:\/\/www.notibras.com\/site\/"},{"@type":"ListItem","position":2,"name":"Universidades ficam fora do ranking das 100 melhores"}]},{"@type":"WebSite","@id":"https:\/\/www.notibras.com\/site\/#website","url":"https:\/\/www.notibras.com\/site\/","name":"Notibras","description":"Not\u00edcias de Bras\u00edlia, do Brasil e do Mundo","publisher":{"@id":"https:\/\/www.notibras.com\/site\/#organization"},"potentialAction":[{"@type":"SearchAction","target":{"@type":"EntryPoint","urlTemplate":"https:\/\/www.notibras.com\/site\/?s={search_term_string}"},"query-input":{"@type":"PropertyValueSpecification","valueRequired":true,"valueName":"search_term_string"}}],"inLanguage":"pt-BR"},{"@type":"Organization","@id":"https:\/\/www.notibras.com\/site\/#organization","name":"Grupo Notibras de Comunica\u00e7\u00e3o","url":"https:\/\/www.notibras.com\/site\/","logo":{"@type":"ImageObject","inLanguage":"pt-BR","@id":"https:\/\/www.notibras.com\/site\/#\/schema\/logo\/image\/","url":"https:\/\/www.notibras.com\/site\/wp-content\/uploads\/2023\/01\/notibras23.png","contentUrl":"https:\/\/www.notibras.com\/site\/wp-content\/uploads\/2023\/01\/notibras23.png","width":350,"height":87,"caption":"Grupo Notibras de Comunica\u00e7\u00e3o"},"image":{"@id":"https:\/\/www.notibras.com\/site\/#\/schema\/logo\/image\/"},"sameAs":["https:\/\/www.facebook.com\/notibras\/","https:\/\/x.com\/Notibras","https:\/\/www.instagram.com\/notibras\/"]},{"@type":"Person","@id":"https:\/\/www.notibras.com\/site\/#\/schema\/person\/36ab0979449956132d3e5b517ea76ac8","name":"Reda\u00e7\u00e3o","image":{"@type":"ImageObject","inLanguage":"pt-BR","@id":"https:\/\/secure.gravatar.com\/avatar\/e0a867bdedb85fd243eadf09663511f96fc81e0720a4a42581f334ad4303aa6b?s=96&d=mm&r=g","url":"https:\/\/secure.gravatar.com\/avatar\/e0a867bdedb85fd243eadf09663511f96fc81e0720a4a42581f334ad4303aa6b?s=96&d=mm&r=g","contentUrl":"https:\/\/secure.gravatar.com\/avatar\/e0a867bdedb85fd243eadf09663511f96fc81e0720a4a42581f334ad4303aa6b?s=96&d=mm&r=g","caption":"Reda\u00e7\u00e3o"}}]}},"amp_enabled":true,"_links":{"self":[{"href":"https:\/\/www.notibras.com\/site\/wp-json\/wp\/v2\/posts\/304969","targetHints":{"allow":["GET"]}}],"collection":[{"href":"https:\/\/www.notibras.com\/site\/wp-json\/wp\/v2\/posts"}],"about":[{"href":"https:\/\/www.notibras.com\/site\/wp-json\/wp\/v2\/types\/post"}],"author":[{"embeddable":true,"href":"https:\/\/www.notibras.com\/site\/wp-json\/wp\/v2\/users\/2"}],"replies":[{"embeddable":true,"href":"https:\/\/www.notibras.com\/site\/wp-json\/wp\/v2\/comments?post=304969"}],"version-history":[{"count":1,"href":"https:\/\/www.notibras.com\/site\/wp-json\/wp\/v2\/posts\/304969\/revisions"}],"predecessor-version":[{"id":304971,"href":"https:\/\/www.notibras.com\/site\/wp-json\/wp\/v2\/posts\/304969\/revisions\/304971"}],"wp:featuredmedia":[{"embeddable":true,"href":"https:\/\/www.notibras.com\/site\/wp-json\/wp\/v2\/media\/304970"}],"wp:attachment":[{"href":"https:\/\/www.notibras.com\/site\/wp-json\/wp\/v2\/media?parent=304969"}],"wp:term":[{"taxonomy":"category","embeddable":true,"href":"https:\/\/www.notibras.com\/site\/wp-json\/wp\/v2\/categories?post=304969"},{"taxonomy":"post_tag","embeddable":true,"href":"https:\/\/www.notibras.com\/site\/wp-json\/wp\/v2\/tags?post=304969"}],"curies":[{"name":"wp","href":"https:\/\/api.w.org\/{rel}","templated":true}]}}