{"id":304990,"date":"2023-05-16T11:43:24","date_gmt":"2023-05-16T14:43:24","guid":{"rendered":"https:\/\/www.notibras.com\/site\/?p=304990"},"modified":"2023-05-16T11:43:24","modified_gmt":"2023-05-16T14:43:24","slug":"arnaldo-galanteador-comecou-pelo-obituario","status":"publish","type":"post","link":"https:\/\/www.notibras.com\/site\/arnaldo-galanteador-comecou-pelo-obituario\/","title":{"rendered":"Arnaldo, galanteador, come\u00e7ou pelo obitu\u00e1rio"},"content":{"rendered":"<p>Mesmo o enorme espelho do quarto era incapaz de captar tamanha soberba. Aquele homem de beleza algo acima da m\u00e9dia sorria todos os sorrisos poss\u00edveis. Os \u00e2ngulos eram caprichosamente observados, como se Arnaldo n\u00e3o os conhecessem de cor desde sempre.<\/p>\n<p>Aos 47, lutava contra a balan\u00e7a quase diariamente para manter os exatos 82 kg distribu\u00eddos em 1,78 m, que se transformava em algo pouco al\u00e9m de 1,80 por conta das palmilhas especiais. Um charme, diria boa parte das mulheres do Distrito Federal. E como falava bem, tal qual conhecesse assuntos diversos, dos mais simples aos mais rebuscados. N\u00e3o que isso fosse necessariamente verdade. Todavia, diante daquele rosto t\u00e3o distinto, como algu\u00e9m poderia desconfiar?<\/p>\n<p>Arnaldo, sentado \u00e0 mesa na sacada, observava com aten\u00e7\u00e3o o obitu\u00e1rio do jornal. Ali\u00e1s, um h\u00e1bito que herdou de sua falecida av\u00f3, mas com inten\u00e7\u00f5es diversas. Enquanto a finada tinha l\u00e1 seus costumes m\u00f3rbidos, Arnaldo buscava vi\u00favas desamparadas e endinheiradas. Um cafajeste, alguns diriam. Entretanto, o gajo tinha l\u00e1 uma boa desculpa para tal intento: &#8220;Eu ofere\u00e7o meus servi\u00e7os de qualidade em troca de alguns mimos. Nada mais do que meros mimos.&#8221;<\/p>\n<p>N\u00e3o por acaso, a desamparada Ruth, vi\u00fava recente do finado Alberico, se sentiu compelida a retribuir tamanha devo\u00e7\u00e3o com um Rolex. N\u00e3o que o Arnaldo tivesse pedido algo em troca de tantos afagos, beijos e car\u00edcias. Ele simplesmente n\u00e3o pode dizer n\u00e3o \u00e0quela mulher de duas dezenas de anos mais vivida. Ademais, o que era um Rolex diante de tamanha fortuna herdada por Ruth? Uma ninharia, creio que todos concordariam.<\/p>\n<p>Arnaldo sorriu diante do an\u00fancio do falecimento de Afr\u00e2nio Barreto, conhecido empres\u00e1rio do ramo de cal\u00e7ados. A vi\u00fava, Sarah, convidava para a despedida repentina do saudoso marido, que mal havia completado 70. O vel\u00f3rio e o enterro seriam naquele mesmo dia, ali no cemit\u00e9rio Campo da Esperan\u00e7a, na Asa Sul.<\/p>\n<p>Diante de tais informa\u00e7\u00f5es, ele fez uma breve busca na internet e, depois de fazer algumas anota\u00e7\u00f5es, tratou de se arrumar, pois o espet\u00e1culo estava pr\u00f3ximo a come\u00e7ar. O arremate final foi justamente o car\u00edssimo rel\u00f3gio dourado, t\u00e3o bem ajustado no pulso esquerdo da ave de rapina.<\/p>\n<p><strong>Na quarta, 17, o cap\u00edtulo II<\/strong><\/p>\n","protected":false},"excerpt":{"rendered":"<p>Mesmo o enorme espelho do quarto era incapaz de captar tamanha soberba. Aquele homem de beleza algo acima da m\u00e9dia sorria todos os sorrisos poss\u00edveis. Os \u00e2ngulos eram caprichosamente observados, como se Arnaldo n\u00e3o os conhecessem de cor desde sempre. Aos 47, lutava contra a balan\u00e7a quase diariamente para manter os exatos 82 kg distribu\u00eddos [&hellip;]<\/p>\n","protected":false},"author":2,"featured_media":304991,"comment_status":"closed","ping_status":"closed","sticky":false,"template":"","format":"standard","meta":{"_acf_changed":false,"footnotes":""},"categories":[161],"tags":[],"class_list":["post-304990","post","type-post","status-publish","format-standard","has-post-thumbnail","hentry","category-quadradinho-em-foco"],"acf":[],"yoast_head":"<!-- This site is optimized with the Yoast SEO plugin v27.2 - https:\/\/yoast.com\/product\/yoast-seo-wordpress\/ -->\n<title>Arnaldo, galanteador, come\u00e7ou pelo obitu\u00e1rio - Notibras<\/title>\n<meta name=\"robots\" content=\"index, follow, max-snippet:-1, max-image-preview:large, max-video-preview:-1\" \/>\n<link rel=\"canonical\" href=\"https:\/\/www.notibras.com\/site\/arnaldo-galanteador-comecou-pelo-obituario\/\" \/>\n<meta property=\"og:locale\" content=\"pt_BR\" \/>\n<meta property=\"og:type\" content=\"article\" \/>\n<meta property=\"og:title\" content=\"Arnaldo, galanteador, come\u00e7ou pelo obitu\u00e1rio - Notibras\" \/>\n<meta property=\"og:description\" content=\"Mesmo o enorme espelho do quarto era incapaz de captar tamanha soberba. Aquele homem de beleza algo acima da m\u00e9dia sorria todos os sorrisos poss\u00edveis. Os \u00e2ngulos eram caprichosamente observados, como se Arnaldo n\u00e3o os conhecessem de cor desde sempre. Aos 47, lutava contra a balan\u00e7a quase diariamente para manter os exatos 82 kg distribu\u00eddos [&hellip;]\" \/>\n<meta property=\"og:url\" content=\"https:\/\/www.notibras.com\/site\/arnaldo-galanteador-comecou-pelo-obituario\/\" \/>\n<meta property=\"og:site_name\" content=\"Notibras\" \/>\n<meta property=\"article:publisher\" content=\"https:\/\/www.facebook.com\/notibras\/\" \/>\n<meta property=\"article:published_time\" content=\"2023-05-16T14:43:24+00:00\" \/>\n<meta property=\"og:image\" content=\"https:\/\/www.notibras.com\/site\/wp-content\/uploads\/2023\/05\/milgauss_portee_html.jpg\" \/>\n\t<meta property=\"og:image:width\" content=\"960\" \/>\n\t<meta property=\"og:image:height\" content=\"552\" \/>\n\t<meta property=\"og:image:type\" content=\"image\/jpeg\" \/>\n<meta name=\"author\" content=\"Reda\u00e7\u00e3o\" \/>\n<meta name=\"twitter:card\" content=\"summary_large_image\" \/>\n<meta name=\"twitter:creator\" content=\"@Notibras\" \/>\n<meta name=\"twitter:site\" content=\"@Notibras\" \/>\n<meta name=\"twitter:label1\" content=\"Escrito por\" \/>\n\t<meta name=\"twitter:data1\" content=\"Reda\u00e7\u00e3o\" \/>\n\t<meta name=\"twitter:label2\" content=\"Est. tempo de leitura\" \/>\n\t<meta name=\"twitter:data2\" content=\"2 minutos\" \/>\n<script type=\"application\/ld+json\" class=\"yoast-schema-graph\">{\"@context\":\"https:\/\/schema.org\",\"@graph\":[{\"@type\":\"Article\",\"@id\":\"https:\/\/www.notibras.com\/site\/arnaldo-galanteador-comecou-pelo-obituario\/#article\",\"isPartOf\":{\"@id\":\"https:\/\/www.notibras.com\/site\/arnaldo-galanteador-comecou-pelo-obituario\/\"},\"author\":{\"name\":\"Reda\u00e7\u00e3o\",\"@id\":\"https:\/\/www.notibras.com\/site\/#\/schema\/person\/36ab0979449956132d3e5b517ea76ac8\"},\"headline\":\"Arnaldo, galanteador, come\u00e7ou pelo obitu\u00e1rio\",\"datePublished\":\"2023-05-16T14:43:24+00:00\",\"mainEntityOfPage\":{\"@id\":\"https:\/\/www.notibras.com\/site\/arnaldo-galanteador-comecou-pelo-obituario\/\"},\"wordCount\":400,\"publisher\":{\"@id\":\"https:\/\/www.notibras.com\/site\/#organization\"},\"image\":{\"@id\":\"https:\/\/www.notibras.com\/site\/arnaldo-galanteador-comecou-pelo-obituario\/#primaryimage\"},\"thumbnailUrl\":\"https:\/\/www.notibras.com\/site\/wp-content\/uploads\/2023\/05\/milgauss_portee_html.jpg\",\"articleSection\":[\"Quadradinho em Foco\"],\"inLanguage\":\"pt-BR\"},{\"@type\":\"WebPage\",\"@id\":\"https:\/\/www.notibras.com\/site\/arnaldo-galanteador-comecou-pelo-obituario\/\",\"url\":\"https:\/\/www.notibras.com\/site\/arnaldo-galanteador-comecou-pelo-obituario\/\",\"name\":\"Arnaldo, galanteador, come\u00e7ou pelo obitu\u00e1rio - Notibras\",\"isPartOf\":{\"@id\":\"https:\/\/www.notibras.com\/site\/#website\"},\"primaryImageOfPage\":{\"@id\":\"https:\/\/www.notibras.com\/site\/arnaldo-galanteador-comecou-pelo-obituario\/#primaryimage\"},\"image\":{\"@id\":\"https:\/\/www.notibras.com\/site\/arnaldo-galanteador-comecou-pelo-obituario\/#primaryimage\"},\"thumbnailUrl\":\"https:\/\/www.notibras.com\/site\/wp-content\/uploads\/2023\/05\/milgauss_portee_html.jpg\",\"datePublished\":\"2023-05-16T14:43:24+00:00\",\"breadcrumb\":{\"@id\":\"https:\/\/www.notibras.com\/site\/arnaldo-galanteador-comecou-pelo-obituario\/#breadcrumb\"},\"inLanguage\":\"pt-BR\",\"potentialAction\":[{\"@type\":\"ReadAction\",\"target\":[\"https:\/\/www.notibras.com\/site\/arnaldo-galanteador-comecou-pelo-obituario\/\"]}]},{\"@type\":\"ImageObject\",\"inLanguage\":\"pt-BR\",\"@id\":\"https:\/\/www.notibras.com\/site\/arnaldo-galanteador-comecou-pelo-obituario\/#primaryimage\",\"url\":\"https:\/\/www.notibras.com\/site\/wp-content\/uploads\/2023\/05\/milgauss_portee_html.jpg\",\"contentUrl\":\"https:\/\/www.notibras.com\/site\/wp-content\/uploads\/2023\/05\/milgauss_portee_html.jpg\",\"width\":960,\"height\":552},{\"@type\":\"BreadcrumbList\",\"@id\":\"https:\/\/www.notibras.com\/site\/arnaldo-galanteador-comecou-pelo-obituario\/#breadcrumb\",\"itemListElement\":[{\"@type\":\"ListItem\",\"position\":1,\"name\":\"In\u00edcio\",\"item\":\"https:\/\/www.notibras.com\/site\/\"},{\"@type\":\"ListItem\",\"position\":2,\"name\":\"Arnaldo, galanteador, come\u00e7ou pelo obitu\u00e1rio\"}]},{\"@type\":\"WebSite\",\"@id\":\"https:\/\/www.notibras.com\/site\/#website\",\"url\":\"https:\/\/www.notibras.com\/site\/\",\"name\":\"Notibras\",\"description\":\"Not\u00edcias de Bras\u00edlia, do Brasil e do Mundo\",\"publisher\":{\"@id\":\"https:\/\/www.notibras.com\/site\/#organization\"},\"potentialAction\":[{\"@type\":\"SearchAction\",\"target\":{\"@type\":\"EntryPoint\",\"urlTemplate\":\"https:\/\/www.notibras.com\/site\/?s={search_term_string}\"},\"query-input\":{\"@type\":\"PropertyValueSpecification\",\"valueRequired\":true,\"valueName\":\"search_term_string\"}}],\"inLanguage\":\"pt-BR\"},{\"@type\":\"Organization\",\"@id\":\"https:\/\/www.notibras.com\/site\/#organization\",\"name\":\"Grupo Notibras de Comunica\u00e7\u00e3o\",\"url\":\"https:\/\/www.notibras.com\/site\/\",\"logo\":{\"@type\":\"ImageObject\",\"inLanguage\":\"pt-BR\",\"@id\":\"https:\/\/www.notibras.com\/site\/#\/schema\/logo\/image\/\",\"url\":\"https:\/\/www.notibras.com\/site\/wp-content\/uploads\/2023\/01\/notibras23.png\",\"contentUrl\":\"https:\/\/www.notibras.com\/site\/wp-content\/uploads\/2023\/01\/notibras23.png\",\"width\":350,\"height\":87,\"caption\":\"Grupo Notibras de Comunica\u00e7\u00e3o\"},\"image\":{\"@id\":\"https:\/\/www.notibras.com\/site\/#\/schema\/logo\/image\/\"},\"sameAs\":[\"https:\/\/www.facebook.com\/notibras\/\",\"https:\/\/x.com\/Notibras\",\"https:\/\/www.instagram.com\/notibras\/\"]},{\"@type\":\"Person\",\"@id\":\"https:\/\/www.notibras.com\/site\/#\/schema\/person\/36ab0979449956132d3e5b517ea76ac8\",\"name\":\"Reda\u00e7\u00e3o\",\"image\":{\"@type\":\"ImageObject\",\"inLanguage\":\"pt-BR\",\"@id\":\"https:\/\/secure.gravatar.com\/avatar\/e0a867bdedb85fd243eadf09663511f96fc81e0720a4a42581f334ad4303aa6b?s=96&d=mm&r=g\",\"url\":\"https:\/\/secure.gravatar.com\/avatar\/e0a867bdedb85fd243eadf09663511f96fc81e0720a4a42581f334ad4303aa6b?s=96&d=mm&r=g\",\"contentUrl\":\"https:\/\/secure.gravatar.com\/avatar\/e0a867bdedb85fd243eadf09663511f96fc81e0720a4a42581f334ad4303aa6b?s=96&d=mm&r=g\",\"caption\":\"Reda\u00e7\u00e3o\"}}]}<\/script>\n<!-- \/ Yoast SEO plugin. -->","yoast_head_json":{"title":"Arnaldo, galanteador, come\u00e7ou pelo obitu\u00e1rio - Notibras","robots":{"index":"index","follow":"follow","max-snippet":"max-snippet:-1","max-image-preview":"max-image-preview:large","max-video-preview":"max-video-preview:-1"},"canonical":"https:\/\/www.notibras.com\/site\/arnaldo-galanteador-comecou-pelo-obituario\/","og_locale":"pt_BR","og_type":"article","og_title":"Arnaldo, galanteador, come\u00e7ou pelo obitu\u00e1rio - Notibras","og_description":"Mesmo o enorme espelho do quarto era incapaz de captar tamanha soberba. Aquele homem de beleza algo acima da m\u00e9dia sorria todos os sorrisos poss\u00edveis. Os \u00e2ngulos eram caprichosamente observados, como se Arnaldo n\u00e3o os conhecessem de cor desde sempre. Aos 47, lutava contra a balan\u00e7a quase diariamente para manter os exatos 82 kg distribu\u00eddos [&hellip;]","og_url":"https:\/\/www.notibras.com\/site\/arnaldo-galanteador-comecou-pelo-obituario\/","og_site_name":"Notibras","article_publisher":"https:\/\/www.facebook.com\/notibras\/","article_published_time":"2023-05-16T14:43:24+00:00","og_image":[{"width":960,"height":552,"url":"https:\/\/www.notibras.com\/site\/wp-content\/uploads\/2023\/05\/milgauss_portee_html.jpg","type":"image\/jpeg"}],"author":"Reda\u00e7\u00e3o","twitter_card":"summary_large_image","twitter_creator":"@Notibras","twitter_site":"@Notibras","twitter_misc":{"Escrito por":"Reda\u00e7\u00e3o","Est. tempo de leitura":"2 minutos"},"schema":{"@context":"https:\/\/schema.org","@graph":[{"@type":"Article","@id":"https:\/\/www.notibras.com\/site\/arnaldo-galanteador-comecou-pelo-obituario\/#article","isPartOf":{"@id":"https:\/\/www.notibras.com\/site\/arnaldo-galanteador-comecou-pelo-obituario\/"},"author":{"name":"Reda\u00e7\u00e3o","@id":"https:\/\/www.notibras.com\/site\/#\/schema\/person\/36ab0979449956132d3e5b517ea76ac8"},"headline":"Arnaldo, galanteador, come\u00e7ou pelo obitu\u00e1rio","datePublished":"2023-05-16T14:43:24+00:00","mainEntityOfPage":{"@id":"https:\/\/www.notibras.com\/site\/arnaldo-galanteador-comecou-pelo-obituario\/"},"wordCount":400,"publisher":{"@id":"https:\/\/www.notibras.com\/site\/#organization"},"image":{"@id":"https:\/\/www.notibras.com\/site\/arnaldo-galanteador-comecou-pelo-obituario\/#primaryimage"},"thumbnailUrl":"https:\/\/www.notibras.com\/site\/wp-content\/uploads\/2023\/05\/milgauss_portee_html.jpg","articleSection":["Quadradinho em Foco"],"inLanguage":"pt-BR"},{"@type":"WebPage","@id":"https:\/\/www.notibras.com\/site\/arnaldo-galanteador-comecou-pelo-obituario\/","url":"https:\/\/www.notibras.com\/site\/arnaldo-galanteador-comecou-pelo-obituario\/","name":"Arnaldo, galanteador, come\u00e7ou pelo obitu\u00e1rio - Notibras","isPartOf":{"@id":"https:\/\/www.notibras.com\/site\/#website"},"primaryImageOfPage":{"@id":"https:\/\/www.notibras.com\/site\/arnaldo-galanteador-comecou-pelo-obituario\/#primaryimage"},"image":{"@id":"https:\/\/www.notibras.com\/site\/arnaldo-galanteador-comecou-pelo-obituario\/#primaryimage"},"thumbnailUrl":"https:\/\/www.notibras.com\/site\/wp-content\/uploads\/2023\/05\/milgauss_portee_html.jpg","datePublished":"2023-05-16T14:43:24+00:00","breadcrumb":{"@id":"https:\/\/www.notibras.com\/site\/arnaldo-galanteador-comecou-pelo-obituario\/#breadcrumb"},"inLanguage":"pt-BR","potentialAction":[{"@type":"ReadAction","target":["https:\/\/www.notibras.com\/site\/arnaldo-galanteador-comecou-pelo-obituario\/"]}]},{"@type":"ImageObject","inLanguage":"pt-BR","@id":"https:\/\/www.notibras.com\/site\/arnaldo-galanteador-comecou-pelo-obituario\/#primaryimage","url":"https:\/\/www.notibras.com\/site\/wp-content\/uploads\/2023\/05\/milgauss_portee_html.jpg","contentUrl":"https:\/\/www.notibras.com\/site\/wp-content\/uploads\/2023\/05\/milgauss_portee_html.jpg","width":960,"height":552},{"@type":"BreadcrumbList","@id":"https:\/\/www.notibras.com\/site\/arnaldo-galanteador-comecou-pelo-obituario\/#breadcrumb","itemListElement":[{"@type":"ListItem","position":1,"name":"In\u00edcio","item":"https:\/\/www.notibras.com\/site\/"},{"@type":"ListItem","position":2,"name":"Arnaldo, galanteador, come\u00e7ou pelo obitu\u00e1rio"}]},{"@type":"WebSite","@id":"https:\/\/www.notibras.com\/site\/#website","url":"https:\/\/www.notibras.com\/site\/","name":"Notibras","description":"Not\u00edcias de Bras\u00edlia, do Brasil e do Mundo","publisher":{"@id":"https:\/\/www.notibras.com\/site\/#organization"},"potentialAction":[{"@type":"SearchAction","target":{"@type":"EntryPoint","urlTemplate":"https:\/\/www.notibras.com\/site\/?s={search_term_string}"},"query-input":{"@type":"PropertyValueSpecification","valueRequired":true,"valueName":"search_term_string"}}],"inLanguage":"pt-BR"},{"@type":"Organization","@id":"https:\/\/www.notibras.com\/site\/#organization","name":"Grupo Notibras de Comunica\u00e7\u00e3o","url":"https:\/\/www.notibras.com\/site\/","logo":{"@type":"ImageObject","inLanguage":"pt-BR","@id":"https:\/\/www.notibras.com\/site\/#\/schema\/logo\/image\/","url":"https:\/\/www.notibras.com\/site\/wp-content\/uploads\/2023\/01\/notibras23.png","contentUrl":"https:\/\/www.notibras.com\/site\/wp-content\/uploads\/2023\/01\/notibras23.png","width":350,"height":87,"caption":"Grupo Notibras de Comunica\u00e7\u00e3o"},"image":{"@id":"https:\/\/www.notibras.com\/site\/#\/schema\/logo\/image\/"},"sameAs":["https:\/\/www.facebook.com\/notibras\/","https:\/\/x.com\/Notibras","https:\/\/www.instagram.com\/notibras\/"]},{"@type":"Person","@id":"https:\/\/www.notibras.com\/site\/#\/schema\/person\/36ab0979449956132d3e5b517ea76ac8","name":"Reda\u00e7\u00e3o","image":{"@type":"ImageObject","inLanguage":"pt-BR","@id":"https:\/\/secure.gravatar.com\/avatar\/e0a867bdedb85fd243eadf09663511f96fc81e0720a4a42581f334ad4303aa6b?s=96&d=mm&r=g","url":"https:\/\/secure.gravatar.com\/avatar\/e0a867bdedb85fd243eadf09663511f96fc81e0720a4a42581f334ad4303aa6b?s=96&d=mm&r=g","contentUrl":"https:\/\/secure.gravatar.com\/avatar\/e0a867bdedb85fd243eadf09663511f96fc81e0720a4a42581f334ad4303aa6b?s=96&d=mm&r=g","caption":"Reda\u00e7\u00e3o"}}]}},"amp_enabled":true,"_links":{"self":[{"href":"https:\/\/www.notibras.com\/site\/wp-json\/wp\/v2\/posts\/304990","targetHints":{"allow":["GET"]}}],"collection":[{"href":"https:\/\/www.notibras.com\/site\/wp-json\/wp\/v2\/posts"}],"about":[{"href":"https:\/\/www.notibras.com\/site\/wp-json\/wp\/v2\/types\/post"}],"author":[{"embeddable":true,"href":"https:\/\/www.notibras.com\/site\/wp-json\/wp\/v2\/users\/2"}],"replies":[{"embeddable":true,"href":"https:\/\/www.notibras.com\/site\/wp-json\/wp\/v2\/comments?post=304990"}],"version-history":[{"count":1,"href":"https:\/\/www.notibras.com\/site\/wp-json\/wp\/v2\/posts\/304990\/revisions"}],"predecessor-version":[{"id":304992,"href":"https:\/\/www.notibras.com\/site\/wp-json\/wp\/v2\/posts\/304990\/revisions\/304992"}],"wp:featuredmedia":[{"embeddable":true,"href":"https:\/\/www.notibras.com\/site\/wp-json\/wp\/v2\/media\/304991"}],"wp:attachment":[{"href":"https:\/\/www.notibras.com\/site\/wp-json\/wp\/v2\/media?parent=304990"}],"wp:term":[{"taxonomy":"category","embeddable":true,"href":"https:\/\/www.notibras.com\/site\/wp-json\/wp\/v2\/categories?post=304990"},{"taxonomy":"post_tag","embeddable":true,"href":"https:\/\/www.notibras.com\/site\/wp-json\/wp\/v2\/tags?post=304990"}],"curies":[{"name":"wp","href":"https:\/\/api.w.org\/{rel}","templated":true}]}}