{"id":304999,"date":"2023-05-16T09:36:47","date_gmt":"2023-05-16T12:36:47","guid":{"rendered":"https:\/\/www.notibras.com\/site\/?p=304999"},"modified":"2023-05-16T13:39:33","modified_gmt":"2023-05-16T16:39:33","slug":"tenis-entra-em-quadra-para-o-torneio-salve-a-si","status":"publish","type":"post","link":"https:\/\/www.notibras.com\/site\/tenis-entra-em-quadra-para-o-torneio-salve-a-si\/","title":{"rendered":"T\u00eanis entra em quadra para o torneio Salve a Si"},"content":{"rendered":"<p>O Beach Tennis vive um momento de efervesc\u00eancia no pa\u00eds, com mais de um milh\u00e3o de praticantes e cerca de 400 atletas por torneio, s\u00f3 no Distrito Federal. Dentro do calend\u00e1rio oficial do esporte que mais cresce no mundo, Bras\u00edlia sediar\u00e1 um torneio solid\u00e1rio que vale pontos na classifica\u00e7\u00e3o para a Copa das Federa\u00e7\u00f5es.<\/p>\n<p>Com o nome de Torneio Solid\u00e1rio Salve a Si de Beach Tennis, a competi\u00e7\u00e3o foi idealizada pela Federa\u00e7\u00e3o Brasiliense de T\u00eanis e Beach Tennis (FBT) e tem a meta de arrecada\u00e7\u00e3o de uma tonelada de alimentos n\u00e3o perec\u00edveis durante todos os dias da competi\u00e7\u00e3o, que acontecer\u00e1 na AABR, entre 23 e 28 de maio. O torneio tamb\u00e9m valer\u00e1 pontos para o ranking de Beach Tennis do Distrito Federal.<\/p>\n<p>A benefici\u00e1ria da arrecada\u00e7\u00e3o ser\u00e1 a ONG Salve a Si, que d\u00e1 nome ao torneio. A institui\u00e7\u00e3o oferece tratamento gratuito para dependentes qu\u00edmicos do Distrito Federal e de Goi\u00e1s, h\u00e1 mais de dez anos. O local recebe hoje 130 acolhidos com acompanhamento de assistente social e de psic\u00f3logo, dentro de um modelo de tratamento inspirado nos \u201cDoze Passos da Sobriedade\u201d, al\u00e9m de um programa de orienta\u00e7\u00e3o e acompanhamento que inclui atividades visando uma interven\u00e7\u00e3o na din\u00e2mica familiar do acolhido.<\/p>\n<p>Os campe\u00f5es da categoria profissional do Torneio Solid\u00e1rio Salve a Si receber\u00e3o o wild card para o maior torneio do mundo, o Sand Series Brasil &#8211; Classic, que acontecer\u00e1 em Bras\u00edlia, de 15 a 18 junho, na Arena BRB, competindo com os maiores atletas internacionais. Al\u00e9m disso, as duplas campe\u00e3s de todas as categorias amadoras ganhar\u00e3o um passaporte VIP no Hospitality Center do Sand Series Brasil, tendo a oportunidade de assistir de perto os melhores do mundo<\/p>\n","protected":false},"excerpt":{"rendered":"<p>O Beach Tennis vive um momento de efervesc\u00eancia no pa\u00eds, com mais de um milh\u00e3o de praticantes e cerca de 400 atletas por torneio, s\u00f3 no Distrito Federal. Dentro do calend\u00e1rio oficial do esporte que mais cresce no mundo, Bras\u00edlia sediar\u00e1 um torneio solid\u00e1rio que vale pontos na classifica\u00e7\u00e3o para a Copa das Federa\u00e7\u00f5es. Com [&hellip;]<\/p>\n","protected":false},"author":2,"featured_media":305000,"comment_status":"closed","ping_status":"closed","sticky":false,"template":"","format":"standard","meta":{"_acf_changed":false,"footnotes":""},"categories":[161],"tags":[],"class_list":["post-304999","post","type-post","status-publish","format-standard","has-post-thumbnail","hentry","category-quadradinho-em-foco"],"acf":[],"yoast_head":"<!-- This site is optimized with the Yoast SEO plugin v27.2 - https:\/\/yoast.com\/product\/yoast-seo-wordpress\/ -->\n<title>T\u00eanis entra em quadra para o torneio Salve a Si - Notibras<\/title>\n<meta name=\"robots\" content=\"index, follow, max-snippet:-1, max-image-preview:large, max-video-preview:-1\" \/>\n<link rel=\"canonical\" href=\"https:\/\/www.notibras.com\/site\/tenis-entra-em-quadra-para-o-torneio-salve-a-si\/\" \/>\n<meta property=\"og:locale\" content=\"pt_BR\" \/>\n<meta property=\"og:type\" content=\"article\" \/>\n<meta property=\"og:title\" content=\"T\u00eanis entra em quadra para o torneio Salve a Si - Notibras\" \/>\n<meta property=\"og:description\" content=\"O Beach Tennis vive um momento de efervesc\u00eancia no pa\u00eds, com mais de um milh\u00e3o de praticantes e cerca de 400 atletas por torneio, s\u00f3 no Distrito Federal. Dentro do calend\u00e1rio oficial do esporte que mais cresce no mundo, Bras\u00edlia sediar\u00e1 um torneio solid\u00e1rio que vale pontos na classifica\u00e7\u00e3o para a Copa das Federa\u00e7\u00f5es. Com [&hellip;]\" \/>\n<meta property=\"og:url\" content=\"https:\/\/www.notibras.com\/site\/tenis-entra-em-quadra-para-o-torneio-salve-a-si\/\" \/>\n<meta property=\"og:site_name\" content=\"Notibras\" \/>\n<meta property=\"article:publisher\" content=\"https:\/\/www.facebook.com\/notibras\/\" \/>\n<meta property=\"article:published_time\" content=\"2023-05-16T12:36:47+00:00\" \/>\n<meta property=\"article:modified_time\" content=\"2023-05-16T16:39:33+00:00\" \/>\n<meta property=\"og:image\" content=\"https:\/\/www.notibras.com\/site\/wp-content\/uploads\/2023\/05\/unnamed-67.jpg\" \/>\n\t<meta property=\"og:image:width\" content=\"1600\" \/>\n\t<meta property=\"og:image:height\" content=\"940\" \/>\n\t<meta property=\"og:image:type\" content=\"image\/jpeg\" \/>\n<meta name=\"author\" content=\"Reda\u00e7\u00e3o\" \/>\n<meta name=\"twitter:card\" content=\"summary_large_image\" \/>\n<meta name=\"twitter:creator\" content=\"@Notibras\" \/>\n<meta name=\"twitter:site\" content=\"@Notibras\" \/>\n<meta name=\"twitter:label1\" content=\"Escrito por\" \/>\n\t<meta name=\"twitter:data1\" content=\"Reda\u00e7\u00e3o\" \/>\n\t<meta name=\"twitter:label2\" content=\"Est. tempo de leitura\" \/>\n\t<meta name=\"twitter:data2\" content=\"2 minutos\" \/>\n<script type=\"application\/ld+json\" class=\"yoast-schema-graph\">{\"@context\":\"https:\/\/schema.org\",\"@graph\":[{\"@type\":\"Article\",\"@id\":\"https:\/\/www.notibras.com\/site\/tenis-entra-em-quadra-para-o-torneio-salve-a-si\/#article\",\"isPartOf\":{\"@id\":\"https:\/\/www.notibras.com\/site\/tenis-entra-em-quadra-para-o-torneio-salve-a-si\/\"},\"author\":{\"name\":\"Reda\u00e7\u00e3o\",\"@id\":\"https:\/\/www.notibras.com\/site\/#\/schema\/person\/36ab0979449956132d3e5b517ea76ac8\"},\"headline\":\"T\u00eanis entra em quadra para o torneio Salve a Si\",\"datePublished\":\"2023-05-16T12:36:47+00:00\",\"dateModified\":\"2023-05-16T16:39:33+00:00\",\"mainEntityOfPage\":{\"@id\":\"https:\/\/www.notibras.com\/site\/tenis-entra-em-quadra-para-o-torneio-salve-a-si\/\"},\"wordCount\":317,\"publisher\":{\"@id\":\"https:\/\/www.notibras.com\/site\/#organization\"},\"image\":{\"@id\":\"https:\/\/www.notibras.com\/site\/tenis-entra-em-quadra-para-o-torneio-salve-a-si\/#primaryimage\"},\"thumbnailUrl\":\"https:\/\/www.notibras.com\/site\/wp-content\/uploads\/2023\/05\/unnamed-67.jpg\",\"articleSection\":[\"Quadradinho em Foco\"],\"inLanguage\":\"pt-BR\"},{\"@type\":\"WebPage\",\"@id\":\"https:\/\/www.notibras.com\/site\/tenis-entra-em-quadra-para-o-torneio-salve-a-si\/\",\"url\":\"https:\/\/www.notibras.com\/site\/tenis-entra-em-quadra-para-o-torneio-salve-a-si\/\",\"name\":\"T\u00eanis entra em quadra para o torneio Salve a Si - Notibras\",\"isPartOf\":{\"@id\":\"https:\/\/www.notibras.com\/site\/#website\"},\"primaryImageOfPage\":{\"@id\":\"https:\/\/www.notibras.com\/site\/tenis-entra-em-quadra-para-o-torneio-salve-a-si\/#primaryimage\"},\"image\":{\"@id\":\"https:\/\/www.notibras.com\/site\/tenis-entra-em-quadra-para-o-torneio-salve-a-si\/#primaryimage\"},\"thumbnailUrl\":\"https:\/\/www.notibras.com\/site\/wp-content\/uploads\/2023\/05\/unnamed-67.jpg\",\"datePublished\":\"2023-05-16T12:36:47+00:00\",\"dateModified\":\"2023-05-16T16:39:33+00:00\",\"breadcrumb\":{\"@id\":\"https:\/\/www.notibras.com\/site\/tenis-entra-em-quadra-para-o-torneio-salve-a-si\/#breadcrumb\"},\"inLanguage\":\"pt-BR\",\"potentialAction\":[{\"@type\":\"ReadAction\",\"target\":[\"https:\/\/www.notibras.com\/site\/tenis-entra-em-quadra-para-o-torneio-salve-a-si\/\"]}]},{\"@type\":\"ImageObject\",\"inLanguage\":\"pt-BR\",\"@id\":\"https:\/\/www.notibras.com\/site\/tenis-entra-em-quadra-para-o-torneio-salve-a-si\/#primaryimage\",\"url\":\"https:\/\/www.notibras.com\/site\/wp-content\/uploads\/2023\/05\/unnamed-67.jpg\",\"contentUrl\":\"https:\/\/www.notibras.com\/site\/wp-content\/uploads\/2023\/05\/unnamed-67.jpg\",\"width\":1600,\"height\":940},{\"@type\":\"BreadcrumbList\",\"@id\":\"https:\/\/www.notibras.com\/site\/tenis-entra-em-quadra-para-o-torneio-salve-a-si\/#breadcrumb\",\"itemListElement\":[{\"@type\":\"ListItem\",\"position\":1,\"name\":\"In\u00edcio\",\"item\":\"https:\/\/www.notibras.com\/site\/\"},{\"@type\":\"ListItem\",\"position\":2,\"name\":\"T\u00eanis entra em quadra para o torneio Salve a Si\"}]},{\"@type\":\"WebSite\",\"@id\":\"https:\/\/www.notibras.com\/site\/#website\",\"url\":\"https:\/\/www.notibras.com\/site\/\",\"name\":\"Notibras\",\"description\":\"Not\u00edcias de Bras\u00edlia, do Brasil e do Mundo\",\"publisher\":{\"@id\":\"https:\/\/www.notibras.com\/site\/#organization\"},\"potentialAction\":[{\"@type\":\"SearchAction\",\"target\":{\"@type\":\"EntryPoint\",\"urlTemplate\":\"https:\/\/www.notibras.com\/site\/?s={search_term_string}\"},\"query-input\":{\"@type\":\"PropertyValueSpecification\",\"valueRequired\":true,\"valueName\":\"search_term_string\"}}],\"inLanguage\":\"pt-BR\"},{\"@type\":\"Organization\",\"@id\":\"https:\/\/www.notibras.com\/site\/#organization\",\"name\":\"Grupo Notibras de Comunica\u00e7\u00e3o\",\"url\":\"https:\/\/www.notibras.com\/site\/\",\"logo\":{\"@type\":\"ImageObject\",\"inLanguage\":\"pt-BR\",\"@id\":\"https:\/\/www.notibras.com\/site\/#\/schema\/logo\/image\/\",\"url\":\"https:\/\/www.notibras.com\/site\/wp-content\/uploads\/2023\/01\/notibras23.png\",\"contentUrl\":\"https:\/\/www.notibras.com\/site\/wp-content\/uploads\/2023\/01\/notibras23.png\",\"width\":350,\"height\":87,\"caption\":\"Grupo Notibras de Comunica\u00e7\u00e3o\"},\"image\":{\"@id\":\"https:\/\/www.notibras.com\/site\/#\/schema\/logo\/image\/\"},\"sameAs\":[\"https:\/\/www.facebook.com\/notibras\/\",\"https:\/\/x.com\/Notibras\",\"https:\/\/www.instagram.com\/notibras\/\"]},{\"@type\":\"Person\",\"@id\":\"https:\/\/www.notibras.com\/site\/#\/schema\/person\/36ab0979449956132d3e5b517ea76ac8\",\"name\":\"Reda\u00e7\u00e3o\",\"image\":{\"@type\":\"ImageObject\",\"inLanguage\":\"pt-BR\",\"@id\":\"https:\/\/secure.gravatar.com\/avatar\/e0a867bdedb85fd243eadf09663511f96fc81e0720a4a42581f334ad4303aa6b?s=96&d=mm&r=g\",\"url\":\"https:\/\/secure.gravatar.com\/avatar\/e0a867bdedb85fd243eadf09663511f96fc81e0720a4a42581f334ad4303aa6b?s=96&d=mm&r=g\",\"contentUrl\":\"https:\/\/secure.gravatar.com\/avatar\/e0a867bdedb85fd243eadf09663511f96fc81e0720a4a42581f334ad4303aa6b?s=96&d=mm&r=g\",\"caption\":\"Reda\u00e7\u00e3o\"}}]}<\/script>\n<!-- \/ Yoast SEO plugin. -->","yoast_head_json":{"title":"T\u00eanis entra em quadra para o torneio Salve a Si - Notibras","robots":{"index":"index","follow":"follow","max-snippet":"max-snippet:-1","max-image-preview":"max-image-preview:large","max-video-preview":"max-video-preview:-1"},"canonical":"https:\/\/www.notibras.com\/site\/tenis-entra-em-quadra-para-o-torneio-salve-a-si\/","og_locale":"pt_BR","og_type":"article","og_title":"T\u00eanis entra em quadra para o torneio Salve a Si - Notibras","og_description":"O Beach Tennis vive um momento de efervesc\u00eancia no pa\u00eds, com mais de um milh\u00e3o de praticantes e cerca de 400 atletas por torneio, s\u00f3 no Distrito Federal. Dentro do calend\u00e1rio oficial do esporte que mais cresce no mundo, Bras\u00edlia sediar\u00e1 um torneio solid\u00e1rio que vale pontos na classifica\u00e7\u00e3o para a Copa das Federa\u00e7\u00f5es. Com [&hellip;]","og_url":"https:\/\/www.notibras.com\/site\/tenis-entra-em-quadra-para-o-torneio-salve-a-si\/","og_site_name":"Notibras","article_publisher":"https:\/\/www.facebook.com\/notibras\/","article_published_time":"2023-05-16T12:36:47+00:00","article_modified_time":"2023-05-16T16:39:33+00:00","og_image":[{"width":1600,"height":940,"url":"https:\/\/www.notibras.com\/site\/wp-content\/uploads\/2023\/05\/unnamed-67.jpg","type":"image\/jpeg"}],"author":"Reda\u00e7\u00e3o","twitter_card":"summary_large_image","twitter_creator":"@Notibras","twitter_site":"@Notibras","twitter_misc":{"Escrito por":"Reda\u00e7\u00e3o","Est. tempo de leitura":"2 minutos"},"schema":{"@context":"https:\/\/schema.org","@graph":[{"@type":"Article","@id":"https:\/\/www.notibras.com\/site\/tenis-entra-em-quadra-para-o-torneio-salve-a-si\/#article","isPartOf":{"@id":"https:\/\/www.notibras.com\/site\/tenis-entra-em-quadra-para-o-torneio-salve-a-si\/"},"author":{"name":"Reda\u00e7\u00e3o","@id":"https:\/\/www.notibras.com\/site\/#\/schema\/person\/36ab0979449956132d3e5b517ea76ac8"},"headline":"T\u00eanis entra em quadra para o torneio Salve a Si","datePublished":"2023-05-16T12:36:47+00:00","dateModified":"2023-05-16T16:39:33+00:00","mainEntityOfPage":{"@id":"https:\/\/www.notibras.com\/site\/tenis-entra-em-quadra-para-o-torneio-salve-a-si\/"},"wordCount":317,"publisher":{"@id":"https:\/\/www.notibras.com\/site\/#organization"},"image":{"@id":"https:\/\/www.notibras.com\/site\/tenis-entra-em-quadra-para-o-torneio-salve-a-si\/#primaryimage"},"thumbnailUrl":"https:\/\/www.notibras.com\/site\/wp-content\/uploads\/2023\/05\/unnamed-67.jpg","articleSection":["Quadradinho em Foco"],"inLanguage":"pt-BR"},{"@type":"WebPage","@id":"https:\/\/www.notibras.com\/site\/tenis-entra-em-quadra-para-o-torneio-salve-a-si\/","url":"https:\/\/www.notibras.com\/site\/tenis-entra-em-quadra-para-o-torneio-salve-a-si\/","name":"T\u00eanis entra em quadra para o torneio Salve a Si - Notibras","isPartOf":{"@id":"https:\/\/www.notibras.com\/site\/#website"},"primaryImageOfPage":{"@id":"https:\/\/www.notibras.com\/site\/tenis-entra-em-quadra-para-o-torneio-salve-a-si\/#primaryimage"},"image":{"@id":"https:\/\/www.notibras.com\/site\/tenis-entra-em-quadra-para-o-torneio-salve-a-si\/#primaryimage"},"thumbnailUrl":"https:\/\/www.notibras.com\/site\/wp-content\/uploads\/2023\/05\/unnamed-67.jpg","datePublished":"2023-05-16T12:36:47+00:00","dateModified":"2023-05-16T16:39:33+00:00","breadcrumb":{"@id":"https:\/\/www.notibras.com\/site\/tenis-entra-em-quadra-para-o-torneio-salve-a-si\/#breadcrumb"},"inLanguage":"pt-BR","potentialAction":[{"@type":"ReadAction","target":["https:\/\/www.notibras.com\/site\/tenis-entra-em-quadra-para-o-torneio-salve-a-si\/"]}]},{"@type":"ImageObject","inLanguage":"pt-BR","@id":"https:\/\/www.notibras.com\/site\/tenis-entra-em-quadra-para-o-torneio-salve-a-si\/#primaryimage","url":"https:\/\/www.notibras.com\/site\/wp-content\/uploads\/2023\/05\/unnamed-67.jpg","contentUrl":"https:\/\/www.notibras.com\/site\/wp-content\/uploads\/2023\/05\/unnamed-67.jpg","width":1600,"height":940},{"@type":"BreadcrumbList","@id":"https:\/\/www.notibras.com\/site\/tenis-entra-em-quadra-para-o-torneio-salve-a-si\/#breadcrumb","itemListElement":[{"@type":"ListItem","position":1,"name":"In\u00edcio","item":"https:\/\/www.notibras.com\/site\/"},{"@type":"ListItem","position":2,"name":"T\u00eanis entra em quadra para o torneio Salve a Si"}]},{"@type":"WebSite","@id":"https:\/\/www.notibras.com\/site\/#website","url":"https:\/\/www.notibras.com\/site\/","name":"Notibras","description":"Not\u00edcias de Bras\u00edlia, do Brasil e do Mundo","publisher":{"@id":"https:\/\/www.notibras.com\/site\/#organization"},"potentialAction":[{"@type":"SearchAction","target":{"@type":"EntryPoint","urlTemplate":"https:\/\/www.notibras.com\/site\/?s={search_term_string}"},"query-input":{"@type":"PropertyValueSpecification","valueRequired":true,"valueName":"search_term_string"}}],"inLanguage":"pt-BR"},{"@type":"Organization","@id":"https:\/\/www.notibras.com\/site\/#organization","name":"Grupo Notibras de Comunica\u00e7\u00e3o","url":"https:\/\/www.notibras.com\/site\/","logo":{"@type":"ImageObject","inLanguage":"pt-BR","@id":"https:\/\/www.notibras.com\/site\/#\/schema\/logo\/image\/","url":"https:\/\/www.notibras.com\/site\/wp-content\/uploads\/2023\/01\/notibras23.png","contentUrl":"https:\/\/www.notibras.com\/site\/wp-content\/uploads\/2023\/01\/notibras23.png","width":350,"height":87,"caption":"Grupo Notibras de Comunica\u00e7\u00e3o"},"image":{"@id":"https:\/\/www.notibras.com\/site\/#\/schema\/logo\/image\/"},"sameAs":["https:\/\/www.facebook.com\/notibras\/","https:\/\/x.com\/Notibras","https:\/\/www.instagram.com\/notibras\/"]},{"@type":"Person","@id":"https:\/\/www.notibras.com\/site\/#\/schema\/person\/36ab0979449956132d3e5b517ea76ac8","name":"Reda\u00e7\u00e3o","image":{"@type":"ImageObject","inLanguage":"pt-BR","@id":"https:\/\/secure.gravatar.com\/avatar\/e0a867bdedb85fd243eadf09663511f96fc81e0720a4a42581f334ad4303aa6b?s=96&d=mm&r=g","url":"https:\/\/secure.gravatar.com\/avatar\/e0a867bdedb85fd243eadf09663511f96fc81e0720a4a42581f334ad4303aa6b?s=96&d=mm&r=g","contentUrl":"https:\/\/secure.gravatar.com\/avatar\/e0a867bdedb85fd243eadf09663511f96fc81e0720a4a42581f334ad4303aa6b?s=96&d=mm&r=g","caption":"Reda\u00e7\u00e3o"}}]}},"amp_enabled":true,"_links":{"self":[{"href":"https:\/\/www.notibras.com\/site\/wp-json\/wp\/v2\/posts\/304999","targetHints":{"allow":["GET"]}}],"collection":[{"href":"https:\/\/www.notibras.com\/site\/wp-json\/wp\/v2\/posts"}],"about":[{"href":"https:\/\/www.notibras.com\/site\/wp-json\/wp\/v2\/types\/post"}],"author":[{"embeddable":true,"href":"https:\/\/www.notibras.com\/site\/wp-json\/wp\/v2\/users\/2"}],"replies":[{"embeddable":true,"href":"https:\/\/www.notibras.com\/site\/wp-json\/wp\/v2\/comments?post=304999"}],"version-history":[{"count":1,"href":"https:\/\/www.notibras.com\/site\/wp-json\/wp\/v2\/posts\/304999\/revisions"}],"predecessor-version":[{"id":305001,"href":"https:\/\/www.notibras.com\/site\/wp-json\/wp\/v2\/posts\/304999\/revisions\/305001"}],"wp:featuredmedia":[{"embeddable":true,"href":"https:\/\/www.notibras.com\/site\/wp-json\/wp\/v2\/media\/305000"}],"wp:attachment":[{"href":"https:\/\/www.notibras.com\/site\/wp-json\/wp\/v2\/media?parent=304999"}],"wp:term":[{"taxonomy":"category","embeddable":true,"href":"https:\/\/www.notibras.com\/site\/wp-json\/wp\/v2\/categories?post=304999"},{"taxonomy":"post_tag","embeddable":true,"href":"https:\/\/www.notibras.com\/site\/wp-json\/wp\/v2\/tags?post=304999"}],"curies":[{"name":"wp","href":"https:\/\/api.w.org\/{rel}","templated":true}]}}