{"id":305054,"date":"2023-05-17T00:53:46","date_gmt":"2023-05-17T03:53:46","guid":{"rendered":"https:\/\/www.notibras.com\/site\/?p=305054"},"modified":"2023-05-17T09:56:30","modified_gmt":"2023-05-17T12:56:30","slug":"professores-terao-cursos-de-educacao-financeira","status":"publish","type":"post","link":"https:\/\/www.notibras.com\/site\/professores-terao-cursos-de-educacao-financeira\/","title":{"rendered":"Professores ter\u00e3o cursos de educa\u00e7\u00e3o financeira"},"content":{"rendered":"<p>A Comiss\u00e3o de Valores Mobili\u00e1rios (CVM) e o Servi\u00e7o Brasileiro de Apoio \u00e0s Micro e Pequenas Empresas (Sebrae) lan\u00e7aram em parceria com o Minist\u00e9rio da Educa\u00e7\u00e3o (MEC), a s\u00e9rie de cursos gratuitos de \u00e2mbito nacional Educa\u00e7\u00e3o Financeira nas Escolas. A iniciativa tem o apoio da B3 e do Instituto XP. O evento ser\u00e1 realizado na sede do Sebrae Minas, em Belo Horizonte, com transmiss\u00e3o online pelo canal do Sebrae no Youtube para todo o Brasil.<\/p>\n<p>O lan\u00e7amento ocorre durante a 10\u00aa Semana Nacional de Educa\u00e7\u00e3o Financeira (Enef), que vai at\u00e9 o dia 21. O evento Educa\u00e7\u00e3o Financeira: Agir hoje para a sustentabilidade no amanh\u00e3 \u00e9 voltado para prefeitos, secret\u00e1rios municipais de Educa\u00e7\u00e3o, diretores de escolas, coordenadores pedag\u00f3gicos e professores, superintend\u00eancias de ensino e demais profissionais e lideran\u00e7as da \u00e1rea.<\/p>\n<p>Os cursos a dist\u00e2ncia visam a forma\u00e7\u00e3o de professores do primeiro ao nono ano do ensino fundamental das redes p\u00fablica e privada de todo o pa\u00eds, para aplica\u00e7\u00e3o da educa\u00e7\u00e3o financeira em sala de aula. Em uma pr\u00f3xima etapa, a meta \u00e9 levar os cursos tamb\u00e9m aos estudantes do ensino m\u00e9dio. Os cursos est\u00e3o estruturados em trilhas de aprendizagem conectadas \u00e0 Base Nacional Comum Curricular (BNCC), envolvendo educa\u00e7\u00e3o financeira, atitudes empreendedoras, objetivos do desenvolvimento sustent\u00e1vel da Organiza\u00e7\u00e3o das Na\u00e7\u00f5es Unidas (ODS-ONU) e projeto de vida.<\/p>\n<p><strong>Crescimento<\/strong><br \/>\nA superintendente de Prote\u00e7\u00e3o e Orienta\u00e7\u00e3o aos Investidores da CVM, Nathalie Vidual, ressaltou que a capacita\u00e7\u00e3o dos professores est\u00e1 diretamente relacionada ao crescimento do Brasil, porque eles ser\u00e3o multiplicadores de conhecimento e ajudar\u00e3o os jovens a se tornarem mais aut\u00f4nomos e seguros em rela\u00e7\u00e3o ao mundo dos investimentos.<\/p>\n<p>O presidente do Conselho Deliberativo do Sebrae Minas, Marcelo de Souza e Silva, disse que o Sebrae acredita que a educa\u00e7\u00e3o financeira \u00e9 o caminho para transformar a realidade em que os estudantes est\u00e3o inseridos, permitindo que se tornem cidad\u00e3os conscientes de suas escolhas e aptos a planejar e realizar seus projetos de vida.<\/p>\n<p>Os materiais did\u00e1ticos para capacitar os professores ser\u00e3o disponibilizados pelo Instituto XP de forma gratuita.<\/p>\n","protected":false},"excerpt":{"rendered":"<p>A Comiss\u00e3o de Valores Mobili\u00e1rios (CVM) e o Servi\u00e7o Brasileiro de Apoio \u00e0s Micro e Pequenas Empresas (Sebrae) lan\u00e7aram em parceria com o Minist\u00e9rio da Educa\u00e7\u00e3o (MEC), a s\u00e9rie de cursos gratuitos de \u00e2mbito nacional Educa\u00e7\u00e3o Financeira nas Escolas. A iniciativa tem o apoio da B3 e do Instituto XP. O evento ser\u00e1 realizado na [&hellip;]<\/p>\n","protected":false},"author":2,"featured_media":305055,"comment_status":"closed","ping_status":"closed","sticky":false,"template":"","format":"standard","meta":{"_acf_changed":false,"footnotes":""},"categories":[161],"tags":[],"class_list":["post-305054","post","type-post","status-publish","format-standard","has-post-thumbnail","hentry","category-quadradinho-em-foco"],"acf":[],"yoast_head":"<!-- This site is optimized with the Yoast SEO plugin v27.2 - https:\/\/yoast.com\/product\/yoast-seo-wordpress\/ -->\n<title>Professores ter\u00e3o cursos de educa\u00e7\u00e3o financeira - Notibras<\/title>\n<meta name=\"robots\" content=\"index, follow, max-snippet:-1, max-image-preview:large, max-video-preview:-1\" \/>\n<link rel=\"canonical\" href=\"https:\/\/www.notibras.com\/site\/professores-terao-cursos-de-educacao-financeira\/\" \/>\n<meta property=\"og:locale\" content=\"pt_BR\" \/>\n<meta property=\"og:type\" content=\"article\" \/>\n<meta property=\"og:title\" content=\"Professores ter\u00e3o cursos de educa\u00e7\u00e3o financeira - Notibras\" \/>\n<meta property=\"og:description\" content=\"A Comiss\u00e3o de Valores Mobili\u00e1rios (CVM) e o Servi\u00e7o Brasileiro de Apoio \u00e0s Micro e Pequenas Empresas (Sebrae) lan\u00e7aram em parceria com o Minist\u00e9rio da Educa\u00e7\u00e3o (MEC), a s\u00e9rie de cursos gratuitos de \u00e2mbito nacional Educa\u00e7\u00e3o Financeira nas Escolas. A iniciativa tem o apoio da B3 e do Instituto XP. O evento ser\u00e1 realizado na [&hellip;]\" \/>\n<meta property=\"og:url\" content=\"https:\/\/www.notibras.com\/site\/professores-terao-cursos-de-educacao-financeira\/\" \/>\n<meta property=\"og:site_name\" content=\"Notibras\" \/>\n<meta property=\"article:publisher\" content=\"https:\/\/www.facebook.com\/notibras\/\" \/>\n<meta property=\"article:published_time\" content=\"2023-05-17T03:53:46+00:00\" \/>\n<meta property=\"article:modified_time\" content=\"2023-05-17T12:56:30+00:00\" \/>\n<meta property=\"og:image\" content=\"https:\/\/www.notibras.com\/site\/wp-content\/uploads\/2023\/05\/04-_cerca_de_74_das_familias_brasileiras_estao_endividadas.png\" \/>\n\t<meta property=\"og:image:width\" content=\"1170\" \/>\n\t<meta property=\"og:image:height\" content=\"700\" \/>\n\t<meta property=\"og:image:type\" content=\"image\/png\" \/>\n<meta name=\"author\" content=\"Reda\u00e7\u00e3o\" \/>\n<meta name=\"twitter:card\" content=\"summary_large_image\" \/>\n<meta name=\"twitter:creator\" content=\"@Notibras\" \/>\n<meta name=\"twitter:site\" content=\"@Notibras\" \/>\n<meta name=\"twitter:label1\" content=\"Escrito por\" \/>\n\t<meta name=\"twitter:data1\" content=\"Reda\u00e7\u00e3o\" \/>\n\t<meta name=\"twitter:label2\" content=\"Est. tempo de leitura\" \/>\n\t<meta name=\"twitter:data2\" content=\"2 minutos\" \/>\n<script type=\"application\/ld+json\" class=\"yoast-schema-graph\">{\"@context\":\"https:\/\/schema.org\",\"@graph\":[{\"@type\":\"Article\",\"@id\":\"https:\/\/www.notibras.com\/site\/professores-terao-cursos-de-educacao-financeira\/#article\",\"isPartOf\":{\"@id\":\"https:\/\/www.notibras.com\/site\/professores-terao-cursos-de-educacao-financeira\/\"},\"author\":{\"name\":\"Reda\u00e7\u00e3o\",\"@id\":\"https:\/\/www.notibras.com\/site\/#\/schema\/person\/36ab0979449956132d3e5b517ea76ac8\"},\"headline\":\"Professores ter\u00e3o cursos de educa\u00e7\u00e3o financeira\",\"datePublished\":\"2023-05-17T03:53:46+00:00\",\"dateModified\":\"2023-05-17T12:56:30+00:00\",\"mainEntityOfPage\":{\"@id\":\"https:\/\/www.notibras.com\/site\/professores-terao-cursos-de-educacao-financeira\/\"},\"wordCount\":377,\"publisher\":{\"@id\":\"https:\/\/www.notibras.com\/site\/#organization\"},\"image\":{\"@id\":\"https:\/\/www.notibras.com\/site\/professores-terao-cursos-de-educacao-financeira\/#primaryimage\"},\"thumbnailUrl\":\"https:\/\/www.notibras.com\/site\/wp-content\/uploads\/2023\/05\/04-_cerca_de_74_das_familias_brasileiras_estao_endividadas.png\",\"articleSection\":[\"Quadradinho em Foco\"],\"inLanguage\":\"pt-BR\"},{\"@type\":\"WebPage\",\"@id\":\"https:\/\/www.notibras.com\/site\/professores-terao-cursos-de-educacao-financeira\/\",\"url\":\"https:\/\/www.notibras.com\/site\/professores-terao-cursos-de-educacao-financeira\/\",\"name\":\"Professores ter\u00e3o cursos de educa\u00e7\u00e3o financeira - Notibras\",\"isPartOf\":{\"@id\":\"https:\/\/www.notibras.com\/site\/#website\"},\"primaryImageOfPage\":{\"@id\":\"https:\/\/www.notibras.com\/site\/professores-terao-cursos-de-educacao-financeira\/#primaryimage\"},\"image\":{\"@id\":\"https:\/\/www.notibras.com\/site\/professores-terao-cursos-de-educacao-financeira\/#primaryimage\"},\"thumbnailUrl\":\"https:\/\/www.notibras.com\/site\/wp-content\/uploads\/2023\/05\/04-_cerca_de_74_das_familias_brasileiras_estao_endividadas.png\",\"datePublished\":\"2023-05-17T03:53:46+00:00\",\"dateModified\":\"2023-05-17T12:56:30+00:00\",\"breadcrumb\":{\"@id\":\"https:\/\/www.notibras.com\/site\/professores-terao-cursos-de-educacao-financeira\/#breadcrumb\"},\"inLanguage\":\"pt-BR\",\"potentialAction\":[{\"@type\":\"ReadAction\",\"target\":[\"https:\/\/www.notibras.com\/site\/professores-terao-cursos-de-educacao-financeira\/\"]}]},{\"@type\":\"ImageObject\",\"inLanguage\":\"pt-BR\",\"@id\":\"https:\/\/www.notibras.com\/site\/professores-terao-cursos-de-educacao-financeira\/#primaryimage\",\"url\":\"https:\/\/www.notibras.com\/site\/wp-content\/uploads\/2023\/05\/04-_cerca_de_74_das_familias_brasileiras_estao_endividadas.png\",\"contentUrl\":\"https:\/\/www.notibras.com\/site\/wp-content\/uploads\/2023\/05\/04-_cerca_de_74_das_familias_brasileiras_estao_endividadas.png\",\"width\":1170,\"height\":700},{\"@type\":\"BreadcrumbList\",\"@id\":\"https:\/\/www.notibras.com\/site\/professores-terao-cursos-de-educacao-financeira\/#breadcrumb\",\"itemListElement\":[{\"@type\":\"ListItem\",\"position\":1,\"name\":\"In\u00edcio\",\"item\":\"https:\/\/www.notibras.com\/site\/\"},{\"@type\":\"ListItem\",\"position\":2,\"name\":\"Professores ter\u00e3o cursos de educa\u00e7\u00e3o financeira\"}]},{\"@type\":\"WebSite\",\"@id\":\"https:\/\/www.notibras.com\/site\/#website\",\"url\":\"https:\/\/www.notibras.com\/site\/\",\"name\":\"Notibras\",\"description\":\"Not\u00edcias de Bras\u00edlia, do Brasil e do Mundo\",\"publisher\":{\"@id\":\"https:\/\/www.notibras.com\/site\/#organization\"},\"potentialAction\":[{\"@type\":\"SearchAction\",\"target\":{\"@type\":\"EntryPoint\",\"urlTemplate\":\"https:\/\/www.notibras.com\/site\/?s={search_term_string}\"},\"query-input\":{\"@type\":\"PropertyValueSpecification\",\"valueRequired\":true,\"valueName\":\"search_term_string\"}}],\"inLanguage\":\"pt-BR\"},{\"@type\":\"Organization\",\"@id\":\"https:\/\/www.notibras.com\/site\/#organization\",\"name\":\"Grupo Notibras de Comunica\u00e7\u00e3o\",\"url\":\"https:\/\/www.notibras.com\/site\/\",\"logo\":{\"@type\":\"ImageObject\",\"inLanguage\":\"pt-BR\",\"@id\":\"https:\/\/www.notibras.com\/site\/#\/schema\/logo\/image\/\",\"url\":\"https:\/\/www.notibras.com\/site\/wp-content\/uploads\/2023\/01\/notibras23.png\",\"contentUrl\":\"https:\/\/www.notibras.com\/site\/wp-content\/uploads\/2023\/01\/notibras23.png\",\"width\":350,\"height\":87,\"caption\":\"Grupo Notibras de Comunica\u00e7\u00e3o\"},\"image\":{\"@id\":\"https:\/\/www.notibras.com\/site\/#\/schema\/logo\/image\/\"},\"sameAs\":[\"https:\/\/www.facebook.com\/notibras\/\",\"https:\/\/x.com\/Notibras\",\"https:\/\/www.instagram.com\/notibras\/\"]},{\"@type\":\"Person\",\"@id\":\"https:\/\/www.notibras.com\/site\/#\/schema\/person\/36ab0979449956132d3e5b517ea76ac8\",\"name\":\"Reda\u00e7\u00e3o\",\"image\":{\"@type\":\"ImageObject\",\"inLanguage\":\"pt-BR\",\"@id\":\"https:\/\/secure.gravatar.com\/avatar\/e0a867bdedb85fd243eadf09663511f96fc81e0720a4a42581f334ad4303aa6b?s=96&d=mm&r=g\",\"url\":\"https:\/\/secure.gravatar.com\/avatar\/e0a867bdedb85fd243eadf09663511f96fc81e0720a4a42581f334ad4303aa6b?s=96&d=mm&r=g\",\"contentUrl\":\"https:\/\/secure.gravatar.com\/avatar\/e0a867bdedb85fd243eadf09663511f96fc81e0720a4a42581f334ad4303aa6b?s=96&d=mm&r=g\",\"caption\":\"Reda\u00e7\u00e3o\"}}]}<\/script>\n<!-- \/ Yoast SEO plugin. -->","yoast_head_json":{"title":"Professores ter\u00e3o cursos de educa\u00e7\u00e3o financeira - Notibras","robots":{"index":"index","follow":"follow","max-snippet":"max-snippet:-1","max-image-preview":"max-image-preview:large","max-video-preview":"max-video-preview:-1"},"canonical":"https:\/\/www.notibras.com\/site\/professores-terao-cursos-de-educacao-financeira\/","og_locale":"pt_BR","og_type":"article","og_title":"Professores ter\u00e3o cursos de educa\u00e7\u00e3o financeira - Notibras","og_description":"A Comiss\u00e3o de Valores Mobili\u00e1rios (CVM) e o Servi\u00e7o Brasileiro de Apoio \u00e0s Micro e Pequenas Empresas (Sebrae) lan\u00e7aram em parceria com o Minist\u00e9rio da Educa\u00e7\u00e3o (MEC), a s\u00e9rie de cursos gratuitos de \u00e2mbito nacional Educa\u00e7\u00e3o Financeira nas Escolas. A iniciativa tem o apoio da B3 e do Instituto XP. O evento ser\u00e1 realizado na [&hellip;]","og_url":"https:\/\/www.notibras.com\/site\/professores-terao-cursos-de-educacao-financeira\/","og_site_name":"Notibras","article_publisher":"https:\/\/www.facebook.com\/notibras\/","article_published_time":"2023-05-17T03:53:46+00:00","article_modified_time":"2023-05-17T12:56:30+00:00","og_image":[{"width":1170,"height":700,"url":"https:\/\/www.notibras.com\/site\/wp-content\/uploads\/2023\/05\/04-_cerca_de_74_das_familias_brasileiras_estao_endividadas.png","type":"image\/png"}],"author":"Reda\u00e7\u00e3o","twitter_card":"summary_large_image","twitter_creator":"@Notibras","twitter_site":"@Notibras","twitter_misc":{"Escrito por":"Reda\u00e7\u00e3o","Est. tempo de leitura":"2 minutos"},"schema":{"@context":"https:\/\/schema.org","@graph":[{"@type":"Article","@id":"https:\/\/www.notibras.com\/site\/professores-terao-cursos-de-educacao-financeira\/#article","isPartOf":{"@id":"https:\/\/www.notibras.com\/site\/professores-terao-cursos-de-educacao-financeira\/"},"author":{"name":"Reda\u00e7\u00e3o","@id":"https:\/\/www.notibras.com\/site\/#\/schema\/person\/36ab0979449956132d3e5b517ea76ac8"},"headline":"Professores ter\u00e3o cursos de educa\u00e7\u00e3o financeira","datePublished":"2023-05-17T03:53:46+00:00","dateModified":"2023-05-17T12:56:30+00:00","mainEntityOfPage":{"@id":"https:\/\/www.notibras.com\/site\/professores-terao-cursos-de-educacao-financeira\/"},"wordCount":377,"publisher":{"@id":"https:\/\/www.notibras.com\/site\/#organization"},"image":{"@id":"https:\/\/www.notibras.com\/site\/professores-terao-cursos-de-educacao-financeira\/#primaryimage"},"thumbnailUrl":"https:\/\/www.notibras.com\/site\/wp-content\/uploads\/2023\/05\/04-_cerca_de_74_das_familias_brasileiras_estao_endividadas.png","articleSection":["Quadradinho em Foco"],"inLanguage":"pt-BR"},{"@type":"WebPage","@id":"https:\/\/www.notibras.com\/site\/professores-terao-cursos-de-educacao-financeira\/","url":"https:\/\/www.notibras.com\/site\/professores-terao-cursos-de-educacao-financeira\/","name":"Professores ter\u00e3o cursos de educa\u00e7\u00e3o financeira - Notibras","isPartOf":{"@id":"https:\/\/www.notibras.com\/site\/#website"},"primaryImageOfPage":{"@id":"https:\/\/www.notibras.com\/site\/professores-terao-cursos-de-educacao-financeira\/#primaryimage"},"image":{"@id":"https:\/\/www.notibras.com\/site\/professores-terao-cursos-de-educacao-financeira\/#primaryimage"},"thumbnailUrl":"https:\/\/www.notibras.com\/site\/wp-content\/uploads\/2023\/05\/04-_cerca_de_74_das_familias_brasileiras_estao_endividadas.png","datePublished":"2023-05-17T03:53:46+00:00","dateModified":"2023-05-17T12:56:30+00:00","breadcrumb":{"@id":"https:\/\/www.notibras.com\/site\/professores-terao-cursos-de-educacao-financeira\/#breadcrumb"},"inLanguage":"pt-BR","potentialAction":[{"@type":"ReadAction","target":["https:\/\/www.notibras.com\/site\/professores-terao-cursos-de-educacao-financeira\/"]}]},{"@type":"ImageObject","inLanguage":"pt-BR","@id":"https:\/\/www.notibras.com\/site\/professores-terao-cursos-de-educacao-financeira\/#primaryimage","url":"https:\/\/www.notibras.com\/site\/wp-content\/uploads\/2023\/05\/04-_cerca_de_74_das_familias_brasileiras_estao_endividadas.png","contentUrl":"https:\/\/www.notibras.com\/site\/wp-content\/uploads\/2023\/05\/04-_cerca_de_74_das_familias_brasileiras_estao_endividadas.png","width":1170,"height":700},{"@type":"BreadcrumbList","@id":"https:\/\/www.notibras.com\/site\/professores-terao-cursos-de-educacao-financeira\/#breadcrumb","itemListElement":[{"@type":"ListItem","position":1,"name":"In\u00edcio","item":"https:\/\/www.notibras.com\/site\/"},{"@type":"ListItem","position":2,"name":"Professores ter\u00e3o cursos de educa\u00e7\u00e3o financeira"}]},{"@type":"WebSite","@id":"https:\/\/www.notibras.com\/site\/#website","url":"https:\/\/www.notibras.com\/site\/","name":"Notibras","description":"Not\u00edcias de Bras\u00edlia, do Brasil e do Mundo","publisher":{"@id":"https:\/\/www.notibras.com\/site\/#organization"},"potentialAction":[{"@type":"SearchAction","target":{"@type":"EntryPoint","urlTemplate":"https:\/\/www.notibras.com\/site\/?s={search_term_string}"},"query-input":{"@type":"PropertyValueSpecification","valueRequired":true,"valueName":"search_term_string"}}],"inLanguage":"pt-BR"},{"@type":"Organization","@id":"https:\/\/www.notibras.com\/site\/#organization","name":"Grupo Notibras de Comunica\u00e7\u00e3o","url":"https:\/\/www.notibras.com\/site\/","logo":{"@type":"ImageObject","inLanguage":"pt-BR","@id":"https:\/\/www.notibras.com\/site\/#\/schema\/logo\/image\/","url":"https:\/\/www.notibras.com\/site\/wp-content\/uploads\/2023\/01\/notibras23.png","contentUrl":"https:\/\/www.notibras.com\/site\/wp-content\/uploads\/2023\/01\/notibras23.png","width":350,"height":87,"caption":"Grupo Notibras de Comunica\u00e7\u00e3o"},"image":{"@id":"https:\/\/www.notibras.com\/site\/#\/schema\/logo\/image\/"},"sameAs":["https:\/\/www.facebook.com\/notibras\/","https:\/\/x.com\/Notibras","https:\/\/www.instagram.com\/notibras\/"]},{"@type":"Person","@id":"https:\/\/www.notibras.com\/site\/#\/schema\/person\/36ab0979449956132d3e5b517ea76ac8","name":"Reda\u00e7\u00e3o","image":{"@type":"ImageObject","inLanguage":"pt-BR","@id":"https:\/\/secure.gravatar.com\/avatar\/e0a867bdedb85fd243eadf09663511f96fc81e0720a4a42581f334ad4303aa6b?s=96&d=mm&r=g","url":"https:\/\/secure.gravatar.com\/avatar\/e0a867bdedb85fd243eadf09663511f96fc81e0720a4a42581f334ad4303aa6b?s=96&d=mm&r=g","contentUrl":"https:\/\/secure.gravatar.com\/avatar\/e0a867bdedb85fd243eadf09663511f96fc81e0720a4a42581f334ad4303aa6b?s=96&d=mm&r=g","caption":"Reda\u00e7\u00e3o"}}]}},"amp_enabled":true,"_links":{"self":[{"href":"https:\/\/www.notibras.com\/site\/wp-json\/wp\/v2\/posts\/305054","targetHints":{"allow":["GET"]}}],"collection":[{"href":"https:\/\/www.notibras.com\/site\/wp-json\/wp\/v2\/posts"}],"about":[{"href":"https:\/\/www.notibras.com\/site\/wp-json\/wp\/v2\/types\/post"}],"author":[{"embeddable":true,"href":"https:\/\/www.notibras.com\/site\/wp-json\/wp\/v2\/users\/2"}],"replies":[{"embeddable":true,"href":"https:\/\/www.notibras.com\/site\/wp-json\/wp\/v2\/comments?post=305054"}],"version-history":[{"count":1,"href":"https:\/\/www.notibras.com\/site\/wp-json\/wp\/v2\/posts\/305054\/revisions"}],"predecessor-version":[{"id":305056,"href":"https:\/\/www.notibras.com\/site\/wp-json\/wp\/v2\/posts\/305054\/revisions\/305056"}],"wp:featuredmedia":[{"embeddable":true,"href":"https:\/\/www.notibras.com\/site\/wp-json\/wp\/v2\/media\/305055"}],"wp:attachment":[{"href":"https:\/\/www.notibras.com\/site\/wp-json\/wp\/v2\/media?parent=305054"}],"wp:term":[{"taxonomy":"category","embeddable":true,"href":"https:\/\/www.notibras.com\/site\/wp-json\/wp\/v2\/categories?post=305054"},{"taxonomy":"post_tag","embeddable":true,"href":"https:\/\/www.notibras.com\/site\/wp-json\/wp\/v2\/tags?post=305054"}],"curies":[{"name":"wp","href":"https:\/\/api.w.org\/{rel}","templated":true}]}}