{"id":305061,"date":"2023-05-17T10:22:33","date_gmt":"2023-05-17T13:22:33","guid":{"rendered":"https:\/\/www.notibras.com\/site\/?p=305061"},"modified":"2023-05-18T08:51:59","modified_gmt":"2023-05-18T11:51:59","slug":"sarah-desamparada-cai-na-rede-do-sedutor","status":"publish","type":"post","link":"https:\/\/www.notibras.com\/site\/sarah-desamparada-cai-na-rede-do-sedutor\/","title":{"rendered":"Sarah, desamparada, cai na rede do sedutor"},"content":{"rendered":"<p>Um s\u00e9quito consider\u00e1vel dava o \u00faltimo adeus ao finado marido de Sarah, enquanto esta, totalmente desolada pela perda, era amparada por amigos e familiares. Foi justamente nesse ambiente tristonho que entrou Arnaldo. Ele observou o lugar e, com a maior desfa\u00e7atez, foi direto para o caix\u00e3o. Encarou o defunto como se o conhecesse de longa data e, sem qualquer esfor\u00e7o, enxugou uma l\u00e1grima providencial que escorreu pela sua face deslavada.<\/p>\n<p>A vi\u00fava, sentada logo ali, n\u00e3o deixou de notar aquela figura estranha at\u00e9 ent\u00e3o. No entanto, t\u00e3o distinto era o cavalheiro, que se deixou levar por devaneios, ainda mais quando Arnaldo depositou um l\u00edrio sobre o morto. Ela, apesar de nunca t\u00ea-lo visto, teve certeza de que j\u00e1 o conhecia, bem como ouvira falar muito bem dele pela pr\u00f3pria boca do marido.<\/p>\n<p>Arnaldo, que de vez em quando se surpreendia com a sua capacidade de convencimento, foi at\u00e9 Sarah, que j\u00e1 o olhava como se fossem amigos de longa data. Talvez para n\u00e3o contrariar a vi\u00fava, os presentes cumprimentavam aquele estranho com a maior naturalidade. Ele pegou a m\u00e3o direita de Sarah e a levou at\u00e9 seus l\u00e1bios dissimulados. Disse palavras que a mulher queria ouvir, enquanto a encarava, com o intuito de hipnotiz\u00e1-la. Nem precisava de tamanho esfor\u00e7o, pois a vi\u00fava j\u00e1 parecia totalmente envolvida por aquele homem de apar\u00eancia t\u00e3o digna.<\/p>\n<p>&#8211; Desculpe, sei que j\u00e1 nos conhecemos, mas n\u00e3o me recordo do seu nome.<\/p>\n<p>&#8211; Arnaldo Carvalho, \u00e0s suas ordens.<\/p>\n<p>&#8211; Sim, isso mesmo! O Afr\u00e2nio me falava muito bem do senhor.<\/p>\n<p>A conversa durou alguns minutos, at\u00e9 que Arnaldo teve certeza de que havia fisgado a velha. Ele tirou um cart\u00e3o do bolso do palet\u00f3 e o depositou nas m\u00e3os tr\u00eamulas de Sarah. Ela apertou aquele pequeno peda\u00e7o de papel e, t\u00edmida, o guardou em sua bolsa. Arnaldo se afastou e foi para o canto oposto, de onde poderia entender melhor as rela\u00e7\u00f5es do falecido com aquela gente. Sentimentos sinceros, mas tamb\u00e9m abutres se engalfinhavam ao redor do f\u00e9retro.<\/p>\n<p>Ap\u00f3s quase duas horas daquelas lam\u00farias, eis que a desolada mulher autorizou o enterro. Arnaldo, atento a tudo, logo se postou ao lado esquerdo do caix\u00e3o. Fez quest\u00e3o de pegar a al\u00e7a dianteira e, com a ajuda de mais cinco cavalheiros, ergueu o caix\u00e3o em dire\u00e7\u00e3o \u00e0 cova. Aquele gesto n\u00e3o passou despercebido por Sarah, que, mesmo chorosa, se sentiu confortada por tamanha devo\u00e7\u00e3o de um fiel amigo do falecido se fazer presente durante a dolorosa partida.<\/p>\n<p>O ata\u00fade foi cuidadosamente depositado no fundo da tumba previamente preparada. Depois das rezas e com o consentimento de Sarah, o coveiro pegou a p\u00e1 e colheu uma boa quantidade de terra. No entanto, antes que o homem prosseguisse, Arnaldo tomou-lhe a p\u00e1 e, ele mesmo, depositou aquele conte\u00fado sobre o caix\u00e3o do morto. Em seguida, sem se virar para o coveiro, entregou-lhe a p\u00e1. Seus olhos se mantinham conectados aos de Sarah, e assim se prosseguiram at\u00e9 que todos foram se dispersando. Arnaldo, com um leve aceno de cabe\u00e7a, se despediu da vi\u00fava e foi embora, certo de que logo se veriam novamente.<\/p>\n<p><strong>O cap\u00edtulo III ser\u00e1 publicado na quinta, 18<\/strong><\/p>\n","protected":false},"excerpt":{"rendered":"<p>Um s\u00e9quito consider\u00e1vel dava o \u00faltimo adeus ao finado marido de Sarah, enquanto esta, totalmente desolada pela perda, era amparada por amigos e familiares. Foi justamente nesse ambiente tristonho que entrou Arnaldo. Ele observou o lugar e, com a maior desfa\u00e7atez, foi direto para o caix\u00e3o. Encarou o defunto como se o conhecesse de longa [&hellip;]<\/p>\n","protected":false},"author":2,"featured_media":84380,"comment_status":"closed","ping_status":"closed","sticky":false,"template":"","format":"standard","meta":{"_acf_changed":false,"footnotes":""},"categories":[161],"tags":[],"class_list":["post-305061","post","type-post","status-publish","format-standard","has-post-thumbnail","hentry","category-quadradinho-em-foco"],"acf":[],"yoast_head":"<!-- This site is optimized with the Yoast SEO plugin v27.2 - https:\/\/yoast.com\/product\/yoast-seo-wordpress\/ -->\n<title>Sarah, desamparada, cai na rede do sedutor - Notibras<\/title>\n<meta name=\"robots\" content=\"index, follow, max-snippet:-1, max-image-preview:large, max-video-preview:-1\" \/>\n<link rel=\"canonical\" href=\"https:\/\/www.notibras.com\/site\/sarah-desamparada-cai-na-rede-do-sedutor\/\" \/>\n<meta property=\"og:locale\" content=\"pt_BR\" \/>\n<meta property=\"og:type\" content=\"article\" \/>\n<meta property=\"og:title\" content=\"Sarah, desamparada, cai na rede do sedutor - Notibras\" \/>\n<meta property=\"og:description\" content=\"Um s\u00e9quito consider\u00e1vel dava o \u00faltimo adeus ao finado marido de Sarah, enquanto esta, totalmente desolada pela perda, era amparada por amigos e familiares. Foi justamente nesse ambiente tristonho que entrou Arnaldo. Ele observou o lugar e, com a maior desfa\u00e7atez, foi direto para o caix\u00e3o. Encarou o defunto como se o conhecesse de longa [&hellip;]\" \/>\n<meta property=\"og:url\" content=\"https:\/\/www.notibras.com\/site\/sarah-desamparada-cai-na-rede-do-sedutor\/\" \/>\n<meta property=\"og:site_name\" content=\"Notibras\" \/>\n<meta property=\"article:publisher\" content=\"https:\/\/www.facebook.com\/notibras\/\" \/>\n<meta property=\"article:published_time\" content=\"2023-05-17T13:22:33+00:00\" \/>\n<meta property=\"article:modified_time\" content=\"2023-05-18T11:51:59+00:00\" \/>\n<meta property=\"og:image\" content=\"https:\/\/www.notibras.com\/site\/wp-content\/uploads\/2016\/01\/cemiterio1.jpg\" \/>\n\t<meta property=\"og:image:width\" content=\"620\" \/>\n\t<meta property=\"og:image:height\" content=\"465\" \/>\n\t<meta property=\"og:image:type\" content=\"image\/jpeg\" \/>\n<meta name=\"author\" content=\"Reda\u00e7\u00e3o\" \/>\n<meta name=\"twitter:card\" content=\"summary_large_image\" \/>\n<meta name=\"twitter:creator\" content=\"@Notibras\" \/>\n<meta name=\"twitter:site\" content=\"@Notibras\" \/>\n<meta name=\"twitter:label1\" content=\"Escrito por\" \/>\n\t<meta name=\"twitter:data1\" content=\"Reda\u00e7\u00e3o\" \/>\n\t<meta name=\"twitter:label2\" content=\"Est. tempo de leitura\" \/>\n\t<meta name=\"twitter:data2\" content=\"3 minutos\" \/>\n<script type=\"application\/ld+json\" class=\"yoast-schema-graph\">{\"@context\":\"https:\/\/schema.org\",\"@graph\":[{\"@type\":\"Article\",\"@id\":\"https:\/\/www.notibras.com\/site\/sarah-desamparada-cai-na-rede-do-sedutor\/#article\",\"isPartOf\":{\"@id\":\"https:\/\/www.notibras.com\/site\/sarah-desamparada-cai-na-rede-do-sedutor\/\"},\"author\":{\"name\":\"Reda\u00e7\u00e3o\",\"@id\":\"https:\/\/www.notibras.com\/site\/#\/schema\/person\/36ab0979449956132d3e5b517ea76ac8\"},\"headline\":\"Sarah, desamparada, cai na rede do sedutor\",\"datePublished\":\"2023-05-17T13:22:33+00:00\",\"dateModified\":\"2023-05-18T11:51:59+00:00\",\"mainEntityOfPage\":{\"@id\":\"https:\/\/www.notibras.com\/site\/sarah-desamparada-cai-na-rede-do-sedutor\/\"},\"wordCount\":574,\"publisher\":{\"@id\":\"https:\/\/www.notibras.com\/site\/#organization\"},\"image\":{\"@id\":\"https:\/\/www.notibras.com\/site\/sarah-desamparada-cai-na-rede-do-sedutor\/#primaryimage\"},\"thumbnailUrl\":\"https:\/\/www.notibras.com\/site\/wp-content\/uploads\/2016\/01\/cemiterio1.jpg\",\"articleSection\":[\"Quadradinho em Foco\"],\"inLanguage\":\"pt-BR\"},{\"@type\":\"WebPage\",\"@id\":\"https:\/\/www.notibras.com\/site\/sarah-desamparada-cai-na-rede-do-sedutor\/\",\"url\":\"https:\/\/www.notibras.com\/site\/sarah-desamparada-cai-na-rede-do-sedutor\/\",\"name\":\"Sarah, desamparada, cai na rede do sedutor - Notibras\",\"isPartOf\":{\"@id\":\"https:\/\/www.notibras.com\/site\/#website\"},\"primaryImageOfPage\":{\"@id\":\"https:\/\/www.notibras.com\/site\/sarah-desamparada-cai-na-rede-do-sedutor\/#primaryimage\"},\"image\":{\"@id\":\"https:\/\/www.notibras.com\/site\/sarah-desamparada-cai-na-rede-do-sedutor\/#primaryimage\"},\"thumbnailUrl\":\"https:\/\/www.notibras.com\/site\/wp-content\/uploads\/2016\/01\/cemiterio1.jpg\",\"datePublished\":\"2023-05-17T13:22:33+00:00\",\"dateModified\":\"2023-05-18T11:51:59+00:00\",\"breadcrumb\":{\"@id\":\"https:\/\/www.notibras.com\/site\/sarah-desamparada-cai-na-rede-do-sedutor\/#breadcrumb\"},\"inLanguage\":\"pt-BR\",\"potentialAction\":[{\"@type\":\"ReadAction\",\"target\":[\"https:\/\/www.notibras.com\/site\/sarah-desamparada-cai-na-rede-do-sedutor\/\"]}]},{\"@type\":\"ImageObject\",\"inLanguage\":\"pt-BR\",\"@id\":\"https:\/\/www.notibras.com\/site\/sarah-desamparada-cai-na-rede-do-sedutor\/#primaryimage\",\"url\":\"https:\/\/www.notibras.com\/site\/wp-content\/uploads\/2016\/01\/cemiterio1.jpg\",\"contentUrl\":\"https:\/\/www.notibras.com\/site\/wp-content\/uploads\/2016\/01\/cemiterio1.jpg\",\"width\":620,\"height\":465},{\"@type\":\"BreadcrumbList\",\"@id\":\"https:\/\/www.notibras.com\/site\/sarah-desamparada-cai-na-rede-do-sedutor\/#breadcrumb\",\"itemListElement\":[{\"@type\":\"ListItem\",\"position\":1,\"name\":\"In\u00edcio\",\"item\":\"https:\/\/www.notibras.com\/site\/\"},{\"@type\":\"ListItem\",\"position\":2,\"name\":\"Sarah, desamparada, cai na rede do sedutor\"}]},{\"@type\":\"WebSite\",\"@id\":\"https:\/\/www.notibras.com\/site\/#website\",\"url\":\"https:\/\/www.notibras.com\/site\/\",\"name\":\"Notibras\",\"description\":\"Not\u00edcias de Bras\u00edlia, do Brasil e do Mundo\",\"publisher\":{\"@id\":\"https:\/\/www.notibras.com\/site\/#organization\"},\"potentialAction\":[{\"@type\":\"SearchAction\",\"target\":{\"@type\":\"EntryPoint\",\"urlTemplate\":\"https:\/\/www.notibras.com\/site\/?s={search_term_string}\"},\"query-input\":{\"@type\":\"PropertyValueSpecification\",\"valueRequired\":true,\"valueName\":\"search_term_string\"}}],\"inLanguage\":\"pt-BR\"},{\"@type\":\"Organization\",\"@id\":\"https:\/\/www.notibras.com\/site\/#organization\",\"name\":\"Grupo Notibras de Comunica\u00e7\u00e3o\",\"url\":\"https:\/\/www.notibras.com\/site\/\",\"logo\":{\"@type\":\"ImageObject\",\"inLanguage\":\"pt-BR\",\"@id\":\"https:\/\/www.notibras.com\/site\/#\/schema\/logo\/image\/\",\"url\":\"https:\/\/www.notibras.com\/site\/wp-content\/uploads\/2023\/01\/notibras23.png\",\"contentUrl\":\"https:\/\/www.notibras.com\/site\/wp-content\/uploads\/2023\/01\/notibras23.png\",\"width\":350,\"height\":87,\"caption\":\"Grupo Notibras de Comunica\u00e7\u00e3o\"},\"image\":{\"@id\":\"https:\/\/www.notibras.com\/site\/#\/schema\/logo\/image\/\"},\"sameAs\":[\"https:\/\/www.facebook.com\/notibras\/\",\"https:\/\/x.com\/Notibras\",\"https:\/\/www.instagram.com\/notibras\/\"]},{\"@type\":\"Person\",\"@id\":\"https:\/\/www.notibras.com\/site\/#\/schema\/person\/36ab0979449956132d3e5b517ea76ac8\",\"name\":\"Reda\u00e7\u00e3o\",\"image\":{\"@type\":\"ImageObject\",\"inLanguage\":\"pt-BR\",\"@id\":\"https:\/\/secure.gravatar.com\/avatar\/e0a867bdedb85fd243eadf09663511f96fc81e0720a4a42581f334ad4303aa6b?s=96&d=mm&r=g\",\"url\":\"https:\/\/secure.gravatar.com\/avatar\/e0a867bdedb85fd243eadf09663511f96fc81e0720a4a42581f334ad4303aa6b?s=96&d=mm&r=g\",\"contentUrl\":\"https:\/\/secure.gravatar.com\/avatar\/e0a867bdedb85fd243eadf09663511f96fc81e0720a4a42581f334ad4303aa6b?s=96&d=mm&r=g\",\"caption\":\"Reda\u00e7\u00e3o\"}}]}<\/script>\n<!-- \/ Yoast SEO plugin. -->","yoast_head_json":{"title":"Sarah, desamparada, cai na rede do sedutor - Notibras","robots":{"index":"index","follow":"follow","max-snippet":"max-snippet:-1","max-image-preview":"max-image-preview:large","max-video-preview":"max-video-preview:-1"},"canonical":"https:\/\/www.notibras.com\/site\/sarah-desamparada-cai-na-rede-do-sedutor\/","og_locale":"pt_BR","og_type":"article","og_title":"Sarah, desamparada, cai na rede do sedutor - Notibras","og_description":"Um s\u00e9quito consider\u00e1vel dava o \u00faltimo adeus ao finado marido de Sarah, enquanto esta, totalmente desolada pela perda, era amparada por amigos e familiares. Foi justamente nesse ambiente tristonho que entrou Arnaldo. Ele observou o lugar e, com a maior desfa\u00e7atez, foi direto para o caix\u00e3o. Encarou o defunto como se o conhecesse de longa [&hellip;]","og_url":"https:\/\/www.notibras.com\/site\/sarah-desamparada-cai-na-rede-do-sedutor\/","og_site_name":"Notibras","article_publisher":"https:\/\/www.facebook.com\/notibras\/","article_published_time":"2023-05-17T13:22:33+00:00","article_modified_time":"2023-05-18T11:51:59+00:00","og_image":[{"width":620,"height":465,"url":"https:\/\/www.notibras.com\/site\/wp-content\/uploads\/2016\/01\/cemiterio1.jpg","type":"image\/jpeg"}],"author":"Reda\u00e7\u00e3o","twitter_card":"summary_large_image","twitter_creator":"@Notibras","twitter_site":"@Notibras","twitter_misc":{"Escrito por":"Reda\u00e7\u00e3o","Est. tempo de leitura":"3 minutos"},"schema":{"@context":"https:\/\/schema.org","@graph":[{"@type":"Article","@id":"https:\/\/www.notibras.com\/site\/sarah-desamparada-cai-na-rede-do-sedutor\/#article","isPartOf":{"@id":"https:\/\/www.notibras.com\/site\/sarah-desamparada-cai-na-rede-do-sedutor\/"},"author":{"name":"Reda\u00e7\u00e3o","@id":"https:\/\/www.notibras.com\/site\/#\/schema\/person\/36ab0979449956132d3e5b517ea76ac8"},"headline":"Sarah, desamparada, cai na rede do sedutor","datePublished":"2023-05-17T13:22:33+00:00","dateModified":"2023-05-18T11:51:59+00:00","mainEntityOfPage":{"@id":"https:\/\/www.notibras.com\/site\/sarah-desamparada-cai-na-rede-do-sedutor\/"},"wordCount":574,"publisher":{"@id":"https:\/\/www.notibras.com\/site\/#organization"},"image":{"@id":"https:\/\/www.notibras.com\/site\/sarah-desamparada-cai-na-rede-do-sedutor\/#primaryimage"},"thumbnailUrl":"https:\/\/www.notibras.com\/site\/wp-content\/uploads\/2016\/01\/cemiterio1.jpg","articleSection":["Quadradinho em Foco"],"inLanguage":"pt-BR"},{"@type":"WebPage","@id":"https:\/\/www.notibras.com\/site\/sarah-desamparada-cai-na-rede-do-sedutor\/","url":"https:\/\/www.notibras.com\/site\/sarah-desamparada-cai-na-rede-do-sedutor\/","name":"Sarah, desamparada, cai na rede do sedutor - Notibras","isPartOf":{"@id":"https:\/\/www.notibras.com\/site\/#website"},"primaryImageOfPage":{"@id":"https:\/\/www.notibras.com\/site\/sarah-desamparada-cai-na-rede-do-sedutor\/#primaryimage"},"image":{"@id":"https:\/\/www.notibras.com\/site\/sarah-desamparada-cai-na-rede-do-sedutor\/#primaryimage"},"thumbnailUrl":"https:\/\/www.notibras.com\/site\/wp-content\/uploads\/2016\/01\/cemiterio1.jpg","datePublished":"2023-05-17T13:22:33+00:00","dateModified":"2023-05-18T11:51:59+00:00","breadcrumb":{"@id":"https:\/\/www.notibras.com\/site\/sarah-desamparada-cai-na-rede-do-sedutor\/#breadcrumb"},"inLanguage":"pt-BR","potentialAction":[{"@type":"ReadAction","target":["https:\/\/www.notibras.com\/site\/sarah-desamparada-cai-na-rede-do-sedutor\/"]}]},{"@type":"ImageObject","inLanguage":"pt-BR","@id":"https:\/\/www.notibras.com\/site\/sarah-desamparada-cai-na-rede-do-sedutor\/#primaryimage","url":"https:\/\/www.notibras.com\/site\/wp-content\/uploads\/2016\/01\/cemiterio1.jpg","contentUrl":"https:\/\/www.notibras.com\/site\/wp-content\/uploads\/2016\/01\/cemiterio1.jpg","width":620,"height":465},{"@type":"BreadcrumbList","@id":"https:\/\/www.notibras.com\/site\/sarah-desamparada-cai-na-rede-do-sedutor\/#breadcrumb","itemListElement":[{"@type":"ListItem","position":1,"name":"In\u00edcio","item":"https:\/\/www.notibras.com\/site\/"},{"@type":"ListItem","position":2,"name":"Sarah, desamparada, cai na rede do sedutor"}]},{"@type":"WebSite","@id":"https:\/\/www.notibras.com\/site\/#website","url":"https:\/\/www.notibras.com\/site\/","name":"Notibras","description":"Not\u00edcias de Bras\u00edlia, do Brasil e do Mundo","publisher":{"@id":"https:\/\/www.notibras.com\/site\/#organization"},"potentialAction":[{"@type":"SearchAction","target":{"@type":"EntryPoint","urlTemplate":"https:\/\/www.notibras.com\/site\/?s={search_term_string}"},"query-input":{"@type":"PropertyValueSpecification","valueRequired":true,"valueName":"search_term_string"}}],"inLanguage":"pt-BR"},{"@type":"Organization","@id":"https:\/\/www.notibras.com\/site\/#organization","name":"Grupo Notibras de Comunica\u00e7\u00e3o","url":"https:\/\/www.notibras.com\/site\/","logo":{"@type":"ImageObject","inLanguage":"pt-BR","@id":"https:\/\/www.notibras.com\/site\/#\/schema\/logo\/image\/","url":"https:\/\/www.notibras.com\/site\/wp-content\/uploads\/2023\/01\/notibras23.png","contentUrl":"https:\/\/www.notibras.com\/site\/wp-content\/uploads\/2023\/01\/notibras23.png","width":350,"height":87,"caption":"Grupo Notibras de Comunica\u00e7\u00e3o"},"image":{"@id":"https:\/\/www.notibras.com\/site\/#\/schema\/logo\/image\/"},"sameAs":["https:\/\/www.facebook.com\/notibras\/","https:\/\/x.com\/Notibras","https:\/\/www.instagram.com\/notibras\/"]},{"@type":"Person","@id":"https:\/\/www.notibras.com\/site\/#\/schema\/person\/36ab0979449956132d3e5b517ea76ac8","name":"Reda\u00e7\u00e3o","image":{"@type":"ImageObject","inLanguage":"pt-BR","@id":"https:\/\/secure.gravatar.com\/avatar\/e0a867bdedb85fd243eadf09663511f96fc81e0720a4a42581f334ad4303aa6b?s=96&d=mm&r=g","url":"https:\/\/secure.gravatar.com\/avatar\/e0a867bdedb85fd243eadf09663511f96fc81e0720a4a42581f334ad4303aa6b?s=96&d=mm&r=g","contentUrl":"https:\/\/secure.gravatar.com\/avatar\/e0a867bdedb85fd243eadf09663511f96fc81e0720a4a42581f334ad4303aa6b?s=96&d=mm&r=g","caption":"Reda\u00e7\u00e3o"}}]}},"amp_enabled":true,"_links":{"self":[{"href":"https:\/\/www.notibras.com\/site\/wp-json\/wp\/v2\/posts\/305061","targetHints":{"allow":["GET"]}}],"collection":[{"href":"https:\/\/www.notibras.com\/site\/wp-json\/wp\/v2\/posts"}],"about":[{"href":"https:\/\/www.notibras.com\/site\/wp-json\/wp\/v2\/types\/post"}],"author":[{"embeddable":true,"href":"https:\/\/www.notibras.com\/site\/wp-json\/wp\/v2\/users\/2"}],"replies":[{"embeddable":true,"href":"https:\/\/www.notibras.com\/site\/wp-json\/wp\/v2\/comments?post=305061"}],"version-history":[{"count":2,"href":"https:\/\/www.notibras.com\/site\/wp-json\/wp\/v2\/posts\/305061\/revisions"}],"predecessor-version":[{"id":305166,"href":"https:\/\/www.notibras.com\/site\/wp-json\/wp\/v2\/posts\/305061\/revisions\/305166"}],"wp:featuredmedia":[{"embeddable":true,"href":"https:\/\/www.notibras.com\/site\/wp-json\/wp\/v2\/media\/84380"}],"wp:attachment":[{"href":"https:\/\/www.notibras.com\/site\/wp-json\/wp\/v2\/media?parent=305061"}],"wp:term":[{"taxonomy":"category","embeddable":true,"href":"https:\/\/www.notibras.com\/site\/wp-json\/wp\/v2\/categories?post=305061"},{"taxonomy":"post_tag","embeddable":true,"href":"https:\/\/www.notibras.com\/site\/wp-json\/wp\/v2\/tags?post=305061"}],"curies":[{"name":"wp","href":"https:\/\/api.w.org\/{rel}","templated":true}]}}