{"id":305097,"date":"2023-05-17T13:03:29","date_gmt":"2023-05-17T16:03:29","guid":{"rendered":"https:\/\/www.notibras.com\/site\/?p=305097"},"modified":"2023-05-17T13:03:29","modified_gmt":"2023-05-17T16:03:29","slug":"tokarski-inova-de-novo-com-tratamento-de-pele","status":"publish","type":"post","link":"https:\/\/www.notibras.com\/site\/tokarski-inova-de-novo-com-tratamento-de-pele\/","title":{"rendered":"Tokarski inova de novo com tratamento de pele"},"content":{"rendered":"<p>Erasmo Tokarski n\u00e3o para, definitivamente. Com hor\u00e1rios disputad\u00edssimos entre uma clientela \u00e1vida por beleza e bem-estar, o dermatologista que gravou seu nome na hist\u00f3ria da medicina brasiliense parece n\u00e3o sofrer dos males do tempo apertado. Sempre calmo, atencioso, preciso e cir\u00fargico nas respostas, ele diz que o segredo para oferecer um atendimento ultra-qualificado \u00e9 n\u00e3o parar de inovar.<\/p>\n<p>\u201cEstamos h\u00e1 40 anos no mercado da dermatologia. Durante esse tempo, uma palavra nos norteia: inova\u00e7\u00e3o. Nunca paramos de inovar e nos reinventar. O nosso cliente experimenta isso por meio do nosso atendimento, das nossas solu\u00e7\u00f5es, do nosso cuidado e carinho\u201d.<\/p>\n<p>Esse esp\u00edrito inovador garantiu ao dermatologista e \u00e0 sua clinica, a Unipele, a lealdade de um verdadeiro batalh\u00e3o de mulheres e homens que procuram diariamente a sa\u00fade de suas peles por meio de tratamentos dermatol\u00f3gicos. \u201c\u00c9 nesse sentido que o laser Derma V ganha import\u00e2ncia. Ele \u00e9 mais um dos nossos esfor\u00e7os em garantir o melhor tratamento aos nossos clientes amigos\u201d, diz Erasmo Tokarski.<\/p>\n<p>Problemas de pele raramente ocorrem isoladamente. Muitas vezes, pessoas com preocupa\u00e7\u00f5es vasculares como ros\u00e1cea, veias faciais ou vermelhid\u00e3o tamb\u00e9m lutam com efeitos ainda mais significativos de danos causados pelo sol e envelhecimento \u2014 e vice-versa. Mas at\u00e9 agora, m\u00e9dicos e especialistas em cuidados com a pele tinham que fazer malabarismos com v\u00e1rios dispositivos para lidar com condi\u00e7\u00f5es espec\u00edficas, mudando de um laser espec\u00edfico para outro para obter os melhores resultados.<\/p>\n<p>Derma V \u00e9 um laser tudo-em-um inovador que pode tratar algumas das preocupa\u00e7\u00f5es mais comuns com a pele com uma tecnologia \u00fanica e poderosa. Utiliza dois comprimentos de onda extremamente vers\u00e1teis para les\u00f5es vasculares, bem como pigmento. Esses comprimentos de onda s\u00e3o ideais e n\u00e3o novos; no entanto, eles s\u00e3o entregues em altos n\u00edveis de energia com larguras de pulso vari\u00e1veis e tamanhos de pontos para aumentar drasticamente a efic\u00e1cia e a seguran\u00e7a dos tratamentos.<\/p>\n<p>O Derma V pode atingir descolora\u00e7\u00f5es da pele marrom e vermelha simultaneamente, tornando-o ideal para problemas vasculares e de pigmenta\u00e7\u00e3o, como ros\u00e1cea, vasos sangu\u00edneos quebrados, manchas da idade, danos causados pelo sol e marcas de nascen\u00e7a. Al\u00e9m disso, o Derma V oferece dois tratamentos exclusivos de rejuvenescimento da pele para uma pele mais jovem: Face &amp; Body A.R.T. e IntelliTone&#x2122; Clear &amp; Smooth.<\/p>\n<p>O Derma V tamb\u00e9m oferece um sistema avan\u00e7ado de resfriamento de criog\u00eanio que protege a pele para maior conforto e seguran\u00e7a. Isso significa menos tempo de inatividade, menos risco e tempos de recupera\u00e7\u00e3o mais r\u00e1pidos em compara\u00e7\u00e3o com outros tratamentos a laser populares.<\/p>\n","protected":false},"excerpt":{"rendered":"<p>Erasmo Tokarski n\u00e3o para, definitivamente. Com hor\u00e1rios disputad\u00edssimos entre uma clientela \u00e1vida por beleza e bem-estar, o dermatologista que gravou seu nome na hist\u00f3ria da medicina brasiliense parece n\u00e3o sofrer dos males do tempo apertado. Sempre calmo, atencioso, preciso e cir\u00fargico nas respostas, ele diz que o segredo para oferecer um atendimento ultra-qualificado \u00e9 n\u00e3o [&hellip;]<\/p>\n","protected":false},"author":2,"featured_media":305098,"comment_status":"closed","ping_status":"closed","sticky":false,"template":"","format":"standard","meta":{"_acf_changed":false,"footnotes":""},"categories":[161],"tags":[],"class_list":["post-305097","post","type-post","status-publish","format-standard","has-post-thumbnail","hentry","category-quadradinho-em-foco"],"acf":[],"yoast_head":"<!-- This site is optimized with the Yoast SEO plugin v27.2 - https:\/\/yoast.com\/product\/yoast-seo-wordpress\/ -->\n<title>Tokarski inova de novo com tratamento de pele - Notibras<\/title>\n<meta name=\"robots\" content=\"index, follow, max-snippet:-1, max-image-preview:large, max-video-preview:-1\" \/>\n<link rel=\"canonical\" href=\"https:\/\/www.notibras.com\/site\/tokarski-inova-de-novo-com-tratamento-de-pele\/\" \/>\n<meta property=\"og:locale\" content=\"pt_BR\" \/>\n<meta property=\"og:type\" content=\"article\" \/>\n<meta property=\"og:title\" content=\"Tokarski inova de novo com tratamento de pele - Notibras\" \/>\n<meta property=\"og:description\" content=\"Erasmo Tokarski n\u00e3o para, definitivamente. Com hor\u00e1rios disputad\u00edssimos entre uma clientela \u00e1vida por beleza e bem-estar, o dermatologista que gravou seu nome na hist\u00f3ria da medicina brasiliense parece n\u00e3o sofrer dos males do tempo apertado. Sempre calmo, atencioso, preciso e cir\u00fargico nas respostas, ele diz que o segredo para oferecer um atendimento ultra-qualificado \u00e9 n\u00e3o [&hellip;]\" \/>\n<meta property=\"og:url\" content=\"https:\/\/www.notibras.com\/site\/tokarski-inova-de-novo-com-tratamento-de-pele\/\" \/>\n<meta property=\"og:site_name\" content=\"Notibras\" \/>\n<meta property=\"article:publisher\" content=\"https:\/\/www.facebook.com\/notibras\/\" \/>\n<meta property=\"article:published_time\" content=\"2023-05-17T16:03:29+00:00\" \/>\n<meta property=\"og:image\" content=\"https:\/\/www.notibras.com\/site\/wp-content\/uploads\/2023\/05\/8f6f3db5-3d51-43cb-bc40-c9ed39a398fe.jpg\" \/>\n\t<meta property=\"og:image:width\" content=\"1031\" \/>\n\t<meta property=\"og:image:height\" content=\"616\" \/>\n\t<meta property=\"og:image:type\" content=\"image\/jpeg\" \/>\n<meta name=\"author\" content=\"Reda\u00e7\u00e3o\" \/>\n<meta name=\"twitter:card\" content=\"summary_large_image\" \/>\n<meta name=\"twitter:creator\" content=\"@Notibras\" \/>\n<meta name=\"twitter:site\" content=\"@Notibras\" \/>\n<meta name=\"twitter:label1\" content=\"Escrito por\" \/>\n\t<meta name=\"twitter:data1\" content=\"Reda\u00e7\u00e3o\" \/>\n\t<meta name=\"twitter:label2\" content=\"Est. tempo de leitura\" \/>\n\t<meta name=\"twitter:data2\" content=\"3 minutos\" \/>\n<script type=\"application\/ld+json\" class=\"yoast-schema-graph\">{\"@context\":\"https:\/\/schema.org\",\"@graph\":[{\"@type\":\"Article\",\"@id\":\"https:\/\/www.notibras.com\/site\/tokarski-inova-de-novo-com-tratamento-de-pele\/#article\",\"isPartOf\":{\"@id\":\"https:\/\/www.notibras.com\/site\/tokarski-inova-de-novo-com-tratamento-de-pele\/\"},\"author\":{\"name\":\"Reda\u00e7\u00e3o\",\"@id\":\"https:\/\/www.notibras.com\/site\/#\/schema\/person\/36ab0979449956132d3e5b517ea76ac8\"},\"headline\":\"Tokarski inova de novo com tratamento de pele\",\"datePublished\":\"2023-05-17T16:03:29+00:00\",\"mainEntityOfPage\":{\"@id\":\"https:\/\/www.notibras.com\/site\/tokarski-inova-de-novo-com-tratamento-de-pele\/\"},\"wordCount\":465,\"publisher\":{\"@id\":\"https:\/\/www.notibras.com\/site\/#organization\"},\"image\":{\"@id\":\"https:\/\/www.notibras.com\/site\/tokarski-inova-de-novo-com-tratamento-de-pele\/#primaryimage\"},\"thumbnailUrl\":\"https:\/\/www.notibras.com\/site\/wp-content\/uploads\/2023\/05\/8f6f3db5-3d51-43cb-bc40-c9ed39a398fe.jpg\",\"articleSection\":[\"Quadradinho em Foco\"],\"inLanguage\":\"pt-BR\"},{\"@type\":\"WebPage\",\"@id\":\"https:\/\/www.notibras.com\/site\/tokarski-inova-de-novo-com-tratamento-de-pele\/\",\"url\":\"https:\/\/www.notibras.com\/site\/tokarski-inova-de-novo-com-tratamento-de-pele\/\",\"name\":\"Tokarski inova de novo com tratamento de pele - Notibras\",\"isPartOf\":{\"@id\":\"https:\/\/www.notibras.com\/site\/#website\"},\"primaryImageOfPage\":{\"@id\":\"https:\/\/www.notibras.com\/site\/tokarski-inova-de-novo-com-tratamento-de-pele\/#primaryimage\"},\"image\":{\"@id\":\"https:\/\/www.notibras.com\/site\/tokarski-inova-de-novo-com-tratamento-de-pele\/#primaryimage\"},\"thumbnailUrl\":\"https:\/\/www.notibras.com\/site\/wp-content\/uploads\/2023\/05\/8f6f3db5-3d51-43cb-bc40-c9ed39a398fe.jpg\",\"datePublished\":\"2023-05-17T16:03:29+00:00\",\"breadcrumb\":{\"@id\":\"https:\/\/www.notibras.com\/site\/tokarski-inova-de-novo-com-tratamento-de-pele\/#breadcrumb\"},\"inLanguage\":\"pt-BR\",\"potentialAction\":[{\"@type\":\"ReadAction\",\"target\":[\"https:\/\/www.notibras.com\/site\/tokarski-inova-de-novo-com-tratamento-de-pele\/\"]}]},{\"@type\":\"ImageObject\",\"inLanguage\":\"pt-BR\",\"@id\":\"https:\/\/www.notibras.com\/site\/tokarski-inova-de-novo-com-tratamento-de-pele\/#primaryimage\",\"url\":\"https:\/\/www.notibras.com\/site\/wp-content\/uploads\/2023\/05\/8f6f3db5-3d51-43cb-bc40-c9ed39a398fe.jpg\",\"contentUrl\":\"https:\/\/www.notibras.com\/site\/wp-content\/uploads\/2023\/05\/8f6f3db5-3d51-43cb-bc40-c9ed39a398fe.jpg\",\"width\":1031,\"height\":616},{\"@type\":\"BreadcrumbList\",\"@id\":\"https:\/\/www.notibras.com\/site\/tokarski-inova-de-novo-com-tratamento-de-pele\/#breadcrumb\",\"itemListElement\":[{\"@type\":\"ListItem\",\"position\":1,\"name\":\"In\u00edcio\",\"item\":\"https:\/\/www.notibras.com\/site\/\"},{\"@type\":\"ListItem\",\"position\":2,\"name\":\"Tokarski inova de novo com tratamento de pele\"}]},{\"@type\":\"WebSite\",\"@id\":\"https:\/\/www.notibras.com\/site\/#website\",\"url\":\"https:\/\/www.notibras.com\/site\/\",\"name\":\"Notibras\",\"description\":\"Not\u00edcias de Bras\u00edlia, do Brasil e do Mundo\",\"publisher\":{\"@id\":\"https:\/\/www.notibras.com\/site\/#organization\"},\"potentialAction\":[{\"@type\":\"SearchAction\",\"target\":{\"@type\":\"EntryPoint\",\"urlTemplate\":\"https:\/\/www.notibras.com\/site\/?s={search_term_string}\"},\"query-input\":{\"@type\":\"PropertyValueSpecification\",\"valueRequired\":true,\"valueName\":\"search_term_string\"}}],\"inLanguage\":\"pt-BR\"},{\"@type\":\"Organization\",\"@id\":\"https:\/\/www.notibras.com\/site\/#organization\",\"name\":\"Grupo Notibras de Comunica\u00e7\u00e3o\",\"url\":\"https:\/\/www.notibras.com\/site\/\",\"logo\":{\"@type\":\"ImageObject\",\"inLanguage\":\"pt-BR\",\"@id\":\"https:\/\/www.notibras.com\/site\/#\/schema\/logo\/image\/\",\"url\":\"https:\/\/www.notibras.com\/site\/wp-content\/uploads\/2023\/01\/notibras23.png\",\"contentUrl\":\"https:\/\/www.notibras.com\/site\/wp-content\/uploads\/2023\/01\/notibras23.png\",\"width\":350,\"height\":87,\"caption\":\"Grupo Notibras de Comunica\u00e7\u00e3o\"},\"image\":{\"@id\":\"https:\/\/www.notibras.com\/site\/#\/schema\/logo\/image\/\"},\"sameAs\":[\"https:\/\/www.facebook.com\/notibras\/\",\"https:\/\/x.com\/Notibras\",\"https:\/\/www.instagram.com\/notibras\/\"]},{\"@type\":\"Person\",\"@id\":\"https:\/\/www.notibras.com\/site\/#\/schema\/person\/36ab0979449956132d3e5b517ea76ac8\",\"name\":\"Reda\u00e7\u00e3o\",\"image\":{\"@type\":\"ImageObject\",\"inLanguage\":\"pt-BR\",\"@id\":\"https:\/\/secure.gravatar.com\/avatar\/e0a867bdedb85fd243eadf09663511f96fc81e0720a4a42581f334ad4303aa6b?s=96&d=mm&r=g\",\"url\":\"https:\/\/secure.gravatar.com\/avatar\/e0a867bdedb85fd243eadf09663511f96fc81e0720a4a42581f334ad4303aa6b?s=96&d=mm&r=g\",\"contentUrl\":\"https:\/\/secure.gravatar.com\/avatar\/e0a867bdedb85fd243eadf09663511f96fc81e0720a4a42581f334ad4303aa6b?s=96&d=mm&r=g\",\"caption\":\"Reda\u00e7\u00e3o\"}}]}<\/script>\n<!-- \/ Yoast SEO plugin. -->","yoast_head_json":{"title":"Tokarski inova de novo com tratamento de pele - Notibras","robots":{"index":"index","follow":"follow","max-snippet":"max-snippet:-1","max-image-preview":"max-image-preview:large","max-video-preview":"max-video-preview:-1"},"canonical":"https:\/\/www.notibras.com\/site\/tokarski-inova-de-novo-com-tratamento-de-pele\/","og_locale":"pt_BR","og_type":"article","og_title":"Tokarski inova de novo com tratamento de pele - Notibras","og_description":"Erasmo Tokarski n\u00e3o para, definitivamente. Com hor\u00e1rios disputad\u00edssimos entre uma clientela \u00e1vida por beleza e bem-estar, o dermatologista que gravou seu nome na hist\u00f3ria da medicina brasiliense parece n\u00e3o sofrer dos males do tempo apertado. Sempre calmo, atencioso, preciso e cir\u00fargico nas respostas, ele diz que o segredo para oferecer um atendimento ultra-qualificado \u00e9 n\u00e3o [&hellip;]","og_url":"https:\/\/www.notibras.com\/site\/tokarski-inova-de-novo-com-tratamento-de-pele\/","og_site_name":"Notibras","article_publisher":"https:\/\/www.facebook.com\/notibras\/","article_published_time":"2023-05-17T16:03:29+00:00","og_image":[{"width":1031,"height":616,"url":"https:\/\/www.notibras.com\/site\/wp-content\/uploads\/2023\/05\/8f6f3db5-3d51-43cb-bc40-c9ed39a398fe.jpg","type":"image\/jpeg"}],"author":"Reda\u00e7\u00e3o","twitter_card":"summary_large_image","twitter_creator":"@Notibras","twitter_site":"@Notibras","twitter_misc":{"Escrito por":"Reda\u00e7\u00e3o","Est. tempo de leitura":"3 minutos"},"schema":{"@context":"https:\/\/schema.org","@graph":[{"@type":"Article","@id":"https:\/\/www.notibras.com\/site\/tokarski-inova-de-novo-com-tratamento-de-pele\/#article","isPartOf":{"@id":"https:\/\/www.notibras.com\/site\/tokarski-inova-de-novo-com-tratamento-de-pele\/"},"author":{"name":"Reda\u00e7\u00e3o","@id":"https:\/\/www.notibras.com\/site\/#\/schema\/person\/36ab0979449956132d3e5b517ea76ac8"},"headline":"Tokarski inova de novo com tratamento de pele","datePublished":"2023-05-17T16:03:29+00:00","mainEntityOfPage":{"@id":"https:\/\/www.notibras.com\/site\/tokarski-inova-de-novo-com-tratamento-de-pele\/"},"wordCount":465,"publisher":{"@id":"https:\/\/www.notibras.com\/site\/#organization"},"image":{"@id":"https:\/\/www.notibras.com\/site\/tokarski-inova-de-novo-com-tratamento-de-pele\/#primaryimage"},"thumbnailUrl":"https:\/\/www.notibras.com\/site\/wp-content\/uploads\/2023\/05\/8f6f3db5-3d51-43cb-bc40-c9ed39a398fe.jpg","articleSection":["Quadradinho em Foco"],"inLanguage":"pt-BR"},{"@type":"WebPage","@id":"https:\/\/www.notibras.com\/site\/tokarski-inova-de-novo-com-tratamento-de-pele\/","url":"https:\/\/www.notibras.com\/site\/tokarski-inova-de-novo-com-tratamento-de-pele\/","name":"Tokarski inova de novo com tratamento de pele - Notibras","isPartOf":{"@id":"https:\/\/www.notibras.com\/site\/#website"},"primaryImageOfPage":{"@id":"https:\/\/www.notibras.com\/site\/tokarski-inova-de-novo-com-tratamento-de-pele\/#primaryimage"},"image":{"@id":"https:\/\/www.notibras.com\/site\/tokarski-inova-de-novo-com-tratamento-de-pele\/#primaryimage"},"thumbnailUrl":"https:\/\/www.notibras.com\/site\/wp-content\/uploads\/2023\/05\/8f6f3db5-3d51-43cb-bc40-c9ed39a398fe.jpg","datePublished":"2023-05-17T16:03:29+00:00","breadcrumb":{"@id":"https:\/\/www.notibras.com\/site\/tokarski-inova-de-novo-com-tratamento-de-pele\/#breadcrumb"},"inLanguage":"pt-BR","potentialAction":[{"@type":"ReadAction","target":["https:\/\/www.notibras.com\/site\/tokarski-inova-de-novo-com-tratamento-de-pele\/"]}]},{"@type":"ImageObject","inLanguage":"pt-BR","@id":"https:\/\/www.notibras.com\/site\/tokarski-inova-de-novo-com-tratamento-de-pele\/#primaryimage","url":"https:\/\/www.notibras.com\/site\/wp-content\/uploads\/2023\/05\/8f6f3db5-3d51-43cb-bc40-c9ed39a398fe.jpg","contentUrl":"https:\/\/www.notibras.com\/site\/wp-content\/uploads\/2023\/05\/8f6f3db5-3d51-43cb-bc40-c9ed39a398fe.jpg","width":1031,"height":616},{"@type":"BreadcrumbList","@id":"https:\/\/www.notibras.com\/site\/tokarski-inova-de-novo-com-tratamento-de-pele\/#breadcrumb","itemListElement":[{"@type":"ListItem","position":1,"name":"In\u00edcio","item":"https:\/\/www.notibras.com\/site\/"},{"@type":"ListItem","position":2,"name":"Tokarski inova de novo com tratamento de pele"}]},{"@type":"WebSite","@id":"https:\/\/www.notibras.com\/site\/#website","url":"https:\/\/www.notibras.com\/site\/","name":"Notibras","description":"Not\u00edcias de Bras\u00edlia, do Brasil e do Mundo","publisher":{"@id":"https:\/\/www.notibras.com\/site\/#organization"},"potentialAction":[{"@type":"SearchAction","target":{"@type":"EntryPoint","urlTemplate":"https:\/\/www.notibras.com\/site\/?s={search_term_string}"},"query-input":{"@type":"PropertyValueSpecification","valueRequired":true,"valueName":"search_term_string"}}],"inLanguage":"pt-BR"},{"@type":"Organization","@id":"https:\/\/www.notibras.com\/site\/#organization","name":"Grupo Notibras de Comunica\u00e7\u00e3o","url":"https:\/\/www.notibras.com\/site\/","logo":{"@type":"ImageObject","inLanguage":"pt-BR","@id":"https:\/\/www.notibras.com\/site\/#\/schema\/logo\/image\/","url":"https:\/\/www.notibras.com\/site\/wp-content\/uploads\/2023\/01\/notibras23.png","contentUrl":"https:\/\/www.notibras.com\/site\/wp-content\/uploads\/2023\/01\/notibras23.png","width":350,"height":87,"caption":"Grupo Notibras de Comunica\u00e7\u00e3o"},"image":{"@id":"https:\/\/www.notibras.com\/site\/#\/schema\/logo\/image\/"},"sameAs":["https:\/\/www.facebook.com\/notibras\/","https:\/\/x.com\/Notibras","https:\/\/www.instagram.com\/notibras\/"]},{"@type":"Person","@id":"https:\/\/www.notibras.com\/site\/#\/schema\/person\/36ab0979449956132d3e5b517ea76ac8","name":"Reda\u00e7\u00e3o","image":{"@type":"ImageObject","inLanguage":"pt-BR","@id":"https:\/\/secure.gravatar.com\/avatar\/e0a867bdedb85fd243eadf09663511f96fc81e0720a4a42581f334ad4303aa6b?s=96&d=mm&r=g","url":"https:\/\/secure.gravatar.com\/avatar\/e0a867bdedb85fd243eadf09663511f96fc81e0720a4a42581f334ad4303aa6b?s=96&d=mm&r=g","contentUrl":"https:\/\/secure.gravatar.com\/avatar\/e0a867bdedb85fd243eadf09663511f96fc81e0720a4a42581f334ad4303aa6b?s=96&d=mm&r=g","caption":"Reda\u00e7\u00e3o"}}]}},"amp_enabled":true,"_links":{"self":[{"href":"https:\/\/www.notibras.com\/site\/wp-json\/wp\/v2\/posts\/305097","targetHints":{"allow":["GET"]}}],"collection":[{"href":"https:\/\/www.notibras.com\/site\/wp-json\/wp\/v2\/posts"}],"about":[{"href":"https:\/\/www.notibras.com\/site\/wp-json\/wp\/v2\/types\/post"}],"author":[{"embeddable":true,"href":"https:\/\/www.notibras.com\/site\/wp-json\/wp\/v2\/users\/2"}],"replies":[{"embeddable":true,"href":"https:\/\/www.notibras.com\/site\/wp-json\/wp\/v2\/comments?post=305097"}],"version-history":[{"count":1,"href":"https:\/\/www.notibras.com\/site\/wp-json\/wp\/v2\/posts\/305097\/revisions"}],"predecessor-version":[{"id":305099,"href":"https:\/\/www.notibras.com\/site\/wp-json\/wp\/v2\/posts\/305097\/revisions\/305099"}],"wp:featuredmedia":[{"embeddable":true,"href":"https:\/\/www.notibras.com\/site\/wp-json\/wp\/v2\/media\/305098"}],"wp:attachment":[{"href":"https:\/\/www.notibras.com\/site\/wp-json\/wp\/v2\/media?parent=305097"}],"wp:term":[{"taxonomy":"category","embeddable":true,"href":"https:\/\/www.notibras.com\/site\/wp-json\/wp\/v2\/categories?post=305097"},{"taxonomy":"post_tag","embeddable":true,"href":"https:\/\/www.notibras.com\/site\/wp-json\/wp\/v2\/tags?post=305097"}],"curies":[{"name":"wp","href":"https:\/\/api.w.org\/{rel}","templated":true}]}}