{"id":305116,"date":"2023-05-18T02:59:01","date_gmt":"2023-05-18T05:59:01","guid":{"rendered":"https:\/\/www.notibras.com\/site\/?p=305116"},"modified":"2023-05-18T02:59:01","modified_gmt":"2023-05-18T05:59:01","slug":"saiba-como-e-reciclado-o-oleo-das-cozinhas-do-mcdonalds","status":"publish","type":"post","link":"https:\/\/www.notibras.com\/site\/saiba-como-e-reciclado-o-oleo-das-cozinhas-do-mcdonalds\/","title":{"rendered":"Saiba como \u00e9 reciclado o \u00f3leo das cozinhas do McDonald&#8217;s"},"content":{"rendered":"<p>Todos os anos, em 17 de maio, a sociedade se une para a conscientiza\u00e7\u00e3o de uma pr\u00e1tica essencial para o futuro do planeta: a reciclagem. O processo, fundamental na promo\u00e7\u00e3o da economia circular, exige o engajamento e compromisso de todas as esferas da sociedade e no setor de alimenta\u00e7\u00e3o n\u00e3o seria diferente. Entre os diversos tipos de materiais que podem ser reaproveitados, o \u00f3leo de cozinha merece aten\u00e7\u00e3o especial pelo potencial altamente poluente, podendo afetar solos, redes de saneamento, rios e mares quando descartado de forma inadequada.<\/p>\n<p>Diante disso, campanhas alertam sobre a import\u00e2ncia de realizar o descarte correto, tanto em domic\u00edlios quanto em estabelecimentos comerciais. A Arcos Dorados, operadora da rede McDonald\u2019s em 20 pa\u00edses da Am\u00e9rica Latina e Caribe est\u00e1 comprometida em gerar impacto positivo no meio ambiente por meio de iniciativas da sua estrat\u00e9gia ESG, chamada Receita do Futuro, e o cuidado com o ciclo do \u00f3leo \u00e9 uma das prioridades da companhia quando se trata do pilar estrat\u00e9gico de economia circular.<\/p>\n<p>A destina\u00e7\u00e3o de res\u00edduos para reciclagem j\u00e1 acontece em 100% dos restaurantes operados diretamente pela Arcos Dorados e, s\u00f3 em 2022, mais de 650 restaurantes gerenciaram o res\u00edduo e destinaram, juntos, cerca de 1,8 milh\u00f5es de litros de \u00f3leo para processos de reciclagem que o transformam em itens como produtos de limpeza, ra\u00e7\u00e3o animal e biocombust\u00edvel.<\/p>\n<p>Entre os projetos aplicados por todo o pa\u00eds, destaca-se ainda o \u00d3leo Nota 10, uma iniciativa que submete o \u00f3leo das cozinhas a fases adicionais de filtra\u00e7\u00e3o e an\u00e1lise, com o objetivo de melhorar sua qualidade e, com isso, aumentar o seu valor agregado na cadeia antes da destina\u00e7\u00e3o para parceiros especializados na fabrica\u00e7\u00e3o de biodiesel. Criado em 2020, como um projeto piloto, o programa teve sua cobertura ampliada gradativamente e fechou o ano passado com 263 restaurantes participantes, 116% a mais que no mesmo per\u00edodo do ano anterior.<\/p>\n<p>\u201cUma das premissas da Receita do Futuro, nossa estrat\u00e9gia ESG, \u00e9 usar o poder de escala da nossa opera\u00e7\u00e3o para gerar transforma\u00e7\u00f5es. Quando implementamos projetos como esse, com possibilidade de replica\u00e7\u00e3o, lideramos pelo exemplo e podemos inspirar que mudan\u00e7as ainda maiores aconte\u00e7am. Esse \u00e9 um dos caminhos para se construir o verdadeiro impacto positivo e se constr\u00f3i impacto positivo.\u201d, comenta Marie Tarrisse, Gerente S\u00eanior de Impacto Social e Desenvolvimento Sustent\u00e1vel da Divis\u00e3o Brasil da Arcos Dorados.<\/p>\n","protected":false},"excerpt":{"rendered":"<p>Todos os anos, em 17 de maio, a sociedade se une para a conscientiza\u00e7\u00e3o de uma pr\u00e1tica essencial para o futuro do planeta: a reciclagem. O processo, fundamental na promo\u00e7\u00e3o da economia circular, exige o engajamento e compromisso de todas as esferas da sociedade e no setor de alimenta\u00e7\u00e3o n\u00e3o seria diferente. Entre os diversos [&hellip;]<\/p>\n","protected":false},"author":2,"featured_media":305117,"comment_status":"closed","ping_status":"closed","sticky":false,"template":"","format":"standard","meta":{"_acf_changed":false,"footnotes":""},"categories":[161],"tags":[],"class_list":["post-305116","post","type-post","status-publish","format-standard","has-post-thumbnail","hentry","category-quadradinho-em-foco"],"acf":[],"yoast_head":"<!-- This site is optimized with the Yoast SEO plugin v27.2 - https:\/\/yoast.com\/product\/yoast-seo-wordpress\/ -->\n<title>Saiba como \u00e9 reciclado o \u00f3leo das cozinhas do McDonald&#039;s - Notibras<\/title>\n<meta name=\"robots\" content=\"index, follow, max-snippet:-1, max-image-preview:large, max-video-preview:-1\" \/>\n<link rel=\"canonical\" href=\"https:\/\/www.notibras.com\/site\/saiba-como-e-reciclado-o-oleo-das-cozinhas-do-mcdonalds\/\" \/>\n<meta property=\"og:locale\" content=\"pt_BR\" \/>\n<meta property=\"og:type\" content=\"article\" \/>\n<meta property=\"og:title\" content=\"Saiba como \u00e9 reciclado o \u00f3leo das cozinhas do McDonald&#039;s - Notibras\" \/>\n<meta property=\"og:description\" content=\"Todos os anos, em 17 de maio, a sociedade se une para a conscientiza\u00e7\u00e3o de uma pr\u00e1tica essencial para o futuro do planeta: a reciclagem. O processo, fundamental na promo\u00e7\u00e3o da economia circular, exige o engajamento e compromisso de todas as esferas da sociedade e no setor de alimenta\u00e7\u00e3o n\u00e3o seria diferente. Entre os diversos [&hellip;]\" \/>\n<meta property=\"og:url\" content=\"https:\/\/www.notibras.com\/site\/saiba-como-e-reciclado-o-oleo-das-cozinhas-do-mcdonalds\/\" \/>\n<meta property=\"og:site_name\" content=\"Notibras\" \/>\n<meta property=\"article:publisher\" content=\"https:\/\/www.facebook.com\/notibras\/\" \/>\n<meta property=\"article:published_time\" content=\"2023-05-18T05:59:01+00:00\" \/>\n<meta property=\"og:image\" content=\"https:\/\/www.notibras.com\/site\/wp-content\/uploads\/2023\/05\/unnamed-69.jpg\" \/>\n\t<meta property=\"og:image:width\" content=\"1270\" \/>\n\t<meta property=\"og:image:height\" content=\"684\" \/>\n\t<meta property=\"og:image:type\" content=\"image\/jpeg\" \/>\n<meta name=\"author\" content=\"Reda\u00e7\u00e3o\" \/>\n<meta name=\"twitter:card\" content=\"summary_large_image\" \/>\n<meta name=\"twitter:creator\" content=\"@Notibras\" \/>\n<meta name=\"twitter:site\" content=\"@Notibras\" \/>\n<meta name=\"twitter:label1\" content=\"Escrito por\" \/>\n\t<meta name=\"twitter:data1\" content=\"Reda\u00e7\u00e3o\" \/>\n\t<meta name=\"twitter:label2\" content=\"Est. tempo de leitura\" \/>\n\t<meta name=\"twitter:data2\" content=\"3 minutos\" \/>\n<script type=\"application\/ld+json\" class=\"yoast-schema-graph\">{\"@context\":\"https:\/\/schema.org\",\"@graph\":[{\"@type\":\"Article\",\"@id\":\"https:\/\/www.notibras.com\/site\/saiba-como-e-reciclado-o-oleo-das-cozinhas-do-mcdonalds\/#article\",\"isPartOf\":{\"@id\":\"https:\/\/www.notibras.com\/site\/saiba-como-e-reciclado-o-oleo-das-cozinhas-do-mcdonalds\/\"},\"author\":{\"name\":\"Reda\u00e7\u00e3o\",\"@id\":\"https:\/\/www.notibras.com\/site\/#\/schema\/person\/36ab0979449956132d3e5b517ea76ac8\"},\"headline\":\"Saiba como \u00e9 reciclado o \u00f3leo das cozinhas do McDonald&#8217;s\",\"datePublished\":\"2023-05-18T05:59:01+00:00\",\"mainEntityOfPage\":{\"@id\":\"https:\/\/www.notibras.com\/site\/saiba-como-e-reciclado-o-oleo-das-cozinhas-do-mcdonalds\/\"},\"wordCount\":417,\"publisher\":{\"@id\":\"https:\/\/www.notibras.com\/site\/#organization\"},\"image\":{\"@id\":\"https:\/\/www.notibras.com\/site\/saiba-como-e-reciclado-o-oleo-das-cozinhas-do-mcdonalds\/#primaryimage\"},\"thumbnailUrl\":\"https:\/\/www.notibras.com\/site\/wp-content\/uploads\/2023\/05\/unnamed-69.jpg\",\"articleSection\":[\"Quadradinho em Foco\"],\"inLanguage\":\"pt-BR\"},{\"@type\":\"WebPage\",\"@id\":\"https:\/\/www.notibras.com\/site\/saiba-como-e-reciclado-o-oleo-das-cozinhas-do-mcdonalds\/\",\"url\":\"https:\/\/www.notibras.com\/site\/saiba-como-e-reciclado-o-oleo-das-cozinhas-do-mcdonalds\/\",\"name\":\"Saiba como \u00e9 reciclado o \u00f3leo das cozinhas do McDonald's - Notibras\",\"isPartOf\":{\"@id\":\"https:\/\/www.notibras.com\/site\/#website\"},\"primaryImageOfPage\":{\"@id\":\"https:\/\/www.notibras.com\/site\/saiba-como-e-reciclado-o-oleo-das-cozinhas-do-mcdonalds\/#primaryimage\"},\"image\":{\"@id\":\"https:\/\/www.notibras.com\/site\/saiba-como-e-reciclado-o-oleo-das-cozinhas-do-mcdonalds\/#primaryimage\"},\"thumbnailUrl\":\"https:\/\/www.notibras.com\/site\/wp-content\/uploads\/2023\/05\/unnamed-69.jpg\",\"datePublished\":\"2023-05-18T05:59:01+00:00\",\"breadcrumb\":{\"@id\":\"https:\/\/www.notibras.com\/site\/saiba-como-e-reciclado-o-oleo-das-cozinhas-do-mcdonalds\/#breadcrumb\"},\"inLanguage\":\"pt-BR\",\"potentialAction\":[{\"@type\":\"ReadAction\",\"target\":[\"https:\/\/www.notibras.com\/site\/saiba-como-e-reciclado-o-oleo-das-cozinhas-do-mcdonalds\/\"]}]},{\"@type\":\"ImageObject\",\"inLanguage\":\"pt-BR\",\"@id\":\"https:\/\/www.notibras.com\/site\/saiba-como-e-reciclado-o-oleo-das-cozinhas-do-mcdonalds\/#primaryimage\",\"url\":\"https:\/\/www.notibras.com\/site\/wp-content\/uploads\/2023\/05\/unnamed-69.jpg\",\"contentUrl\":\"https:\/\/www.notibras.com\/site\/wp-content\/uploads\/2023\/05\/unnamed-69.jpg\",\"width\":1270,\"height\":684},{\"@type\":\"BreadcrumbList\",\"@id\":\"https:\/\/www.notibras.com\/site\/saiba-como-e-reciclado-o-oleo-das-cozinhas-do-mcdonalds\/#breadcrumb\",\"itemListElement\":[{\"@type\":\"ListItem\",\"position\":1,\"name\":\"In\u00edcio\",\"item\":\"https:\/\/www.notibras.com\/site\/\"},{\"@type\":\"ListItem\",\"position\":2,\"name\":\"Saiba como \u00e9 reciclado o \u00f3leo das cozinhas do McDonald&#8217;s\"}]},{\"@type\":\"WebSite\",\"@id\":\"https:\/\/www.notibras.com\/site\/#website\",\"url\":\"https:\/\/www.notibras.com\/site\/\",\"name\":\"Notibras\",\"description\":\"Not\u00edcias de Bras\u00edlia, do Brasil e do Mundo\",\"publisher\":{\"@id\":\"https:\/\/www.notibras.com\/site\/#organization\"},\"potentialAction\":[{\"@type\":\"SearchAction\",\"target\":{\"@type\":\"EntryPoint\",\"urlTemplate\":\"https:\/\/www.notibras.com\/site\/?s={search_term_string}\"},\"query-input\":{\"@type\":\"PropertyValueSpecification\",\"valueRequired\":true,\"valueName\":\"search_term_string\"}}],\"inLanguage\":\"pt-BR\"},{\"@type\":\"Organization\",\"@id\":\"https:\/\/www.notibras.com\/site\/#organization\",\"name\":\"Grupo Notibras de Comunica\u00e7\u00e3o\",\"url\":\"https:\/\/www.notibras.com\/site\/\",\"logo\":{\"@type\":\"ImageObject\",\"inLanguage\":\"pt-BR\",\"@id\":\"https:\/\/www.notibras.com\/site\/#\/schema\/logo\/image\/\",\"url\":\"https:\/\/www.notibras.com\/site\/wp-content\/uploads\/2023\/01\/notibras23.png\",\"contentUrl\":\"https:\/\/www.notibras.com\/site\/wp-content\/uploads\/2023\/01\/notibras23.png\",\"width\":350,\"height\":87,\"caption\":\"Grupo Notibras de Comunica\u00e7\u00e3o\"},\"image\":{\"@id\":\"https:\/\/www.notibras.com\/site\/#\/schema\/logo\/image\/\"},\"sameAs\":[\"https:\/\/www.facebook.com\/notibras\/\",\"https:\/\/x.com\/Notibras\",\"https:\/\/www.instagram.com\/notibras\/\"]},{\"@type\":\"Person\",\"@id\":\"https:\/\/www.notibras.com\/site\/#\/schema\/person\/36ab0979449956132d3e5b517ea76ac8\",\"name\":\"Reda\u00e7\u00e3o\",\"image\":{\"@type\":\"ImageObject\",\"inLanguage\":\"pt-BR\",\"@id\":\"https:\/\/secure.gravatar.com\/avatar\/e0a867bdedb85fd243eadf09663511f96fc81e0720a4a42581f334ad4303aa6b?s=96&d=mm&r=g\",\"url\":\"https:\/\/secure.gravatar.com\/avatar\/e0a867bdedb85fd243eadf09663511f96fc81e0720a4a42581f334ad4303aa6b?s=96&d=mm&r=g\",\"contentUrl\":\"https:\/\/secure.gravatar.com\/avatar\/e0a867bdedb85fd243eadf09663511f96fc81e0720a4a42581f334ad4303aa6b?s=96&d=mm&r=g\",\"caption\":\"Reda\u00e7\u00e3o\"}}]}<\/script>\n<!-- \/ Yoast SEO plugin. -->","yoast_head_json":{"title":"Saiba como \u00e9 reciclado o \u00f3leo das cozinhas do McDonald's - Notibras","robots":{"index":"index","follow":"follow","max-snippet":"max-snippet:-1","max-image-preview":"max-image-preview:large","max-video-preview":"max-video-preview:-1"},"canonical":"https:\/\/www.notibras.com\/site\/saiba-como-e-reciclado-o-oleo-das-cozinhas-do-mcdonalds\/","og_locale":"pt_BR","og_type":"article","og_title":"Saiba como \u00e9 reciclado o \u00f3leo das cozinhas do McDonald's - Notibras","og_description":"Todos os anos, em 17 de maio, a sociedade se une para a conscientiza\u00e7\u00e3o de uma pr\u00e1tica essencial para o futuro do planeta: a reciclagem. O processo, fundamental na promo\u00e7\u00e3o da economia circular, exige o engajamento e compromisso de todas as esferas da sociedade e no setor de alimenta\u00e7\u00e3o n\u00e3o seria diferente. Entre os diversos [&hellip;]","og_url":"https:\/\/www.notibras.com\/site\/saiba-como-e-reciclado-o-oleo-das-cozinhas-do-mcdonalds\/","og_site_name":"Notibras","article_publisher":"https:\/\/www.facebook.com\/notibras\/","article_published_time":"2023-05-18T05:59:01+00:00","og_image":[{"width":1270,"height":684,"url":"https:\/\/www.notibras.com\/site\/wp-content\/uploads\/2023\/05\/unnamed-69.jpg","type":"image\/jpeg"}],"author":"Reda\u00e7\u00e3o","twitter_card":"summary_large_image","twitter_creator":"@Notibras","twitter_site":"@Notibras","twitter_misc":{"Escrito por":"Reda\u00e7\u00e3o","Est. tempo de leitura":"3 minutos"},"schema":{"@context":"https:\/\/schema.org","@graph":[{"@type":"Article","@id":"https:\/\/www.notibras.com\/site\/saiba-como-e-reciclado-o-oleo-das-cozinhas-do-mcdonalds\/#article","isPartOf":{"@id":"https:\/\/www.notibras.com\/site\/saiba-como-e-reciclado-o-oleo-das-cozinhas-do-mcdonalds\/"},"author":{"name":"Reda\u00e7\u00e3o","@id":"https:\/\/www.notibras.com\/site\/#\/schema\/person\/36ab0979449956132d3e5b517ea76ac8"},"headline":"Saiba como \u00e9 reciclado o \u00f3leo das cozinhas do McDonald&#8217;s","datePublished":"2023-05-18T05:59:01+00:00","mainEntityOfPage":{"@id":"https:\/\/www.notibras.com\/site\/saiba-como-e-reciclado-o-oleo-das-cozinhas-do-mcdonalds\/"},"wordCount":417,"publisher":{"@id":"https:\/\/www.notibras.com\/site\/#organization"},"image":{"@id":"https:\/\/www.notibras.com\/site\/saiba-como-e-reciclado-o-oleo-das-cozinhas-do-mcdonalds\/#primaryimage"},"thumbnailUrl":"https:\/\/www.notibras.com\/site\/wp-content\/uploads\/2023\/05\/unnamed-69.jpg","articleSection":["Quadradinho em Foco"],"inLanguage":"pt-BR"},{"@type":"WebPage","@id":"https:\/\/www.notibras.com\/site\/saiba-como-e-reciclado-o-oleo-das-cozinhas-do-mcdonalds\/","url":"https:\/\/www.notibras.com\/site\/saiba-como-e-reciclado-o-oleo-das-cozinhas-do-mcdonalds\/","name":"Saiba como \u00e9 reciclado o \u00f3leo das cozinhas do McDonald's - Notibras","isPartOf":{"@id":"https:\/\/www.notibras.com\/site\/#website"},"primaryImageOfPage":{"@id":"https:\/\/www.notibras.com\/site\/saiba-como-e-reciclado-o-oleo-das-cozinhas-do-mcdonalds\/#primaryimage"},"image":{"@id":"https:\/\/www.notibras.com\/site\/saiba-como-e-reciclado-o-oleo-das-cozinhas-do-mcdonalds\/#primaryimage"},"thumbnailUrl":"https:\/\/www.notibras.com\/site\/wp-content\/uploads\/2023\/05\/unnamed-69.jpg","datePublished":"2023-05-18T05:59:01+00:00","breadcrumb":{"@id":"https:\/\/www.notibras.com\/site\/saiba-como-e-reciclado-o-oleo-das-cozinhas-do-mcdonalds\/#breadcrumb"},"inLanguage":"pt-BR","potentialAction":[{"@type":"ReadAction","target":["https:\/\/www.notibras.com\/site\/saiba-como-e-reciclado-o-oleo-das-cozinhas-do-mcdonalds\/"]}]},{"@type":"ImageObject","inLanguage":"pt-BR","@id":"https:\/\/www.notibras.com\/site\/saiba-como-e-reciclado-o-oleo-das-cozinhas-do-mcdonalds\/#primaryimage","url":"https:\/\/www.notibras.com\/site\/wp-content\/uploads\/2023\/05\/unnamed-69.jpg","contentUrl":"https:\/\/www.notibras.com\/site\/wp-content\/uploads\/2023\/05\/unnamed-69.jpg","width":1270,"height":684},{"@type":"BreadcrumbList","@id":"https:\/\/www.notibras.com\/site\/saiba-como-e-reciclado-o-oleo-das-cozinhas-do-mcdonalds\/#breadcrumb","itemListElement":[{"@type":"ListItem","position":1,"name":"In\u00edcio","item":"https:\/\/www.notibras.com\/site\/"},{"@type":"ListItem","position":2,"name":"Saiba como \u00e9 reciclado o \u00f3leo das cozinhas do McDonald&#8217;s"}]},{"@type":"WebSite","@id":"https:\/\/www.notibras.com\/site\/#website","url":"https:\/\/www.notibras.com\/site\/","name":"Notibras","description":"Not\u00edcias de Bras\u00edlia, do Brasil e do Mundo","publisher":{"@id":"https:\/\/www.notibras.com\/site\/#organization"},"potentialAction":[{"@type":"SearchAction","target":{"@type":"EntryPoint","urlTemplate":"https:\/\/www.notibras.com\/site\/?s={search_term_string}"},"query-input":{"@type":"PropertyValueSpecification","valueRequired":true,"valueName":"search_term_string"}}],"inLanguage":"pt-BR"},{"@type":"Organization","@id":"https:\/\/www.notibras.com\/site\/#organization","name":"Grupo Notibras de Comunica\u00e7\u00e3o","url":"https:\/\/www.notibras.com\/site\/","logo":{"@type":"ImageObject","inLanguage":"pt-BR","@id":"https:\/\/www.notibras.com\/site\/#\/schema\/logo\/image\/","url":"https:\/\/www.notibras.com\/site\/wp-content\/uploads\/2023\/01\/notibras23.png","contentUrl":"https:\/\/www.notibras.com\/site\/wp-content\/uploads\/2023\/01\/notibras23.png","width":350,"height":87,"caption":"Grupo Notibras de Comunica\u00e7\u00e3o"},"image":{"@id":"https:\/\/www.notibras.com\/site\/#\/schema\/logo\/image\/"},"sameAs":["https:\/\/www.facebook.com\/notibras\/","https:\/\/x.com\/Notibras","https:\/\/www.instagram.com\/notibras\/"]},{"@type":"Person","@id":"https:\/\/www.notibras.com\/site\/#\/schema\/person\/36ab0979449956132d3e5b517ea76ac8","name":"Reda\u00e7\u00e3o","image":{"@type":"ImageObject","inLanguage":"pt-BR","@id":"https:\/\/secure.gravatar.com\/avatar\/e0a867bdedb85fd243eadf09663511f96fc81e0720a4a42581f334ad4303aa6b?s=96&d=mm&r=g","url":"https:\/\/secure.gravatar.com\/avatar\/e0a867bdedb85fd243eadf09663511f96fc81e0720a4a42581f334ad4303aa6b?s=96&d=mm&r=g","contentUrl":"https:\/\/secure.gravatar.com\/avatar\/e0a867bdedb85fd243eadf09663511f96fc81e0720a4a42581f334ad4303aa6b?s=96&d=mm&r=g","caption":"Reda\u00e7\u00e3o"}}]}},"amp_enabled":true,"_links":{"self":[{"href":"https:\/\/www.notibras.com\/site\/wp-json\/wp\/v2\/posts\/305116","targetHints":{"allow":["GET"]}}],"collection":[{"href":"https:\/\/www.notibras.com\/site\/wp-json\/wp\/v2\/posts"}],"about":[{"href":"https:\/\/www.notibras.com\/site\/wp-json\/wp\/v2\/types\/post"}],"author":[{"embeddable":true,"href":"https:\/\/www.notibras.com\/site\/wp-json\/wp\/v2\/users\/2"}],"replies":[{"embeddable":true,"href":"https:\/\/www.notibras.com\/site\/wp-json\/wp\/v2\/comments?post=305116"}],"version-history":[{"count":1,"href":"https:\/\/www.notibras.com\/site\/wp-json\/wp\/v2\/posts\/305116\/revisions"}],"predecessor-version":[{"id":305118,"href":"https:\/\/www.notibras.com\/site\/wp-json\/wp\/v2\/posts\/305116\/revisions\/305118"}],"wp:featuredmedia":[{"embeddable":true,"href":"https:\/\/www.notibras.com\/site\/wp-json\/wp\/v2\/media\/305117"}],"wp:attachment":[{"href":"https:\/\/www.notibras.com\/site\/wp-json\/wp\/v2\/media?parent=305116"}],"wp:term":[{"taxonomy":"category","embeddable":true,"href":"https:\/\/www.notibras.com\/site\/wp-json\/wp\/v2\/categories?post=305116"},{"taxonomy":"post_tag","embeddable":true,"href":"https:\/\/www.notibras.com\/site\/wp-json\/wp\/v2\/tags?post=305116"}],"curies":[{"name":"wp","href":"https:\/\/api.w.org\/{rel}","templated":true}]}}