{"id":305122,"date":"2023-05-18T03:21:42","date_gmt":"2023-05-18T06:21:42","guid":{"rendered":"https:\/\/www.notibras.com\/site\/?p=305122"},"modified":"2023-05-18T03:21:42","modified_gmt":"2023-05-18T06:21:42","slug":"acordo-permite-cooperacao-entre-ouvidorias-publicas","status":"publish","type":"post","link":"https:\/\/www.notibras.com\/site\/acordo-permite-cooperacao-entre-ouvidorias-publicas\/","title":{"rendered":"Acordo permite coopera\u00e7\u00e3o entre Ouvidorias P\u00fablicas"},"content":{"rendered":"<p>O Tribunal de Contas do Distrito Federal (TCDF) agora faz parte da Rede de Ouvidorias P\u00fablicas, a Rede Ouvir &#8211; DF. A parceria entre \u00f3rg\u00e3os da Uni\u00e3o e do Distrito Federal visa tornar mais c\u00e9lere o atendimento e facilitar a comunica\u00e7\u00e3o entre as institui\u00e7\u00f5es e o cidad\u00e3o, trazendo benef\u00edcios \u00e0 popula\u00e7\u00e3o. A parceria foi oficializada com a assinatura de um termo de coopera\u00e7\u00e3o no F\u00f3rum de Bras\u00edlia. O evento contou com a presen\u00e7a do presidente do TCDF, Conselheiro M\u00e1rcio Michel.<\/p>\n<p>Em seu discurso, durante a solenidade, o presidente do TCDF chamou aten\u00e7\u00e3o para a import\u00e2ncia da participa\u00e7\u00e3o da Corte de Contas na rede de ouvidorias. A partir dessa parceria, o TCDF vai poder dar o correto encaminhamento para aquelas demandas que eventualmente n\u00e3o fa\u00e7am parte do contexto de fiscaliza\u00e7\u00e3o do Tribunal, fazendo com que esses questionamentos sejam solucionados de forma muito mais r\u00e1pida.<\/p>\n<p>Com a cria\u00e7\u00e3o da Rede Ouvir e a integra\u00e7\u00e3o entre os diversos \u00f3rg\u00e3os, os usu\u00e1rios poder\u00e3o acessar os servi\u00e7os p\u00fablicos com maior facilidade, pois ainda que a demanda n\u00e3o seja compet\u00eancia do \u00f3rg\u00e3o acionado, ela ser\u00e1 redirecionada ao \u00f3rg\u00e3o competente por meio da rede.<\/p>\n<p>Al\u00e9m do Tribunal de Contas do DF, tamb\u00e9m assinaram o termo o Tribunal de Justi\u00e7a do Distrito Federal e dos Territ\u00f3rios (TJDFT), o Minist\u00e9rio P\u00fablico do Distrito Federal e Territ\u00f3rios (MPDFT), o Minist\u00e9rio P\u00fablico de Contas do Distrito Federal (MPC\/DF), a C\u00e2mara Legislativa do Distrito Federal (CLDF) e a Controladoria-Geral do Distrito de Federal (CGDF).<\/p>\n","protected":false},"excerpt":{"rendered":"<p>O Tribunal de Contas do Distrito Federal (TCDF) agora faz parte da Rede de Ouvidorias P\u00fablicas, a Rede Ouvir &#8211; DF. A parceria entre \u00f3rg\u00e3os da Uni\u00e3o e do Distrito Federal visa tornar mais c\u00e9lere o atendimento e facilitar a comunica\u00e7\u00e3o entre as institui\u00e7\u00f5es e o cidad\u00e3o, trazendo benef\u00edcios \u00e0 popula\u00e7\u00e3o. A parceria foi oficializada [&hellip;]<\/p>\n","protected":false},"author":2,"featured_media":305123,"comment_status":"closed","ping_status":"closed","sticky":false,"template":"","format":"standard","meta":{"_acf_changed":false,"footnotes":""},"categories":[161],"tags":[],"class_list":["post-305122","post","type-post","status-publish","format-standard","has-post-thumbnail","hentry","category-quadradinho-em-foco"],"acf":[],"yoast_head":"<!-- This site is optimized with the Yoast SEO plugin v27.2 - https:\/\/yoast.com\/product\/yoast-seo-wordpress\/ -->\n<title>Acordo permite coopera\u00e7\u00e3o entre Ouvidorias P\u00fablicas - Notibras<\/title>\n<meta name=\"robots\" content=\"index, follow, max-snippet:-1, max-image-preview:large, max-video-preview:-1\" \/>\n<link rel=\"canonical\" href=\"https:\/\/www.notibras.com\/site\/acordo-permite-cooperacao-entre-ouvidorias-publicas\/\" \/>\n<meta property=\"og:locale\" content=\"pt_BR\" \/>\n<meta property=\"og:type\" content=\"article\" \/>\n<meta property=\"og:title\" content=\"Acordo permite coopera\u00e7\u00e3o entre Ouvidorias P\u00fablicas - Notibras\" \/>\n<meta property=\"og:description\" content=\"O Tribunal de Contas do Distrito Federal (TCDF) agora faz parte da Rede de Ouvidorias P\u00fablicas, a Rede Ouvir &#8211; DF. A parceria entre \u00f3rg\u00e3os da Uni\u00e3o e do Distrito Federal visa tornar mais c\u00e9lere o atendimento e facilitar a comunica\u00e7\u00e3o entre as institui\u00e7\u00f5es e o cidad\u00e3o, trazendo benef\u00edcios \u00e0 popula\u00e7\u00e3o. A parceria foi oficializada [&hellip;]\" \/>\n<meta property=\"og:url\" content=\"https:\/\/www.notibras.com\/site\/acordo-permite-cooperacao-entre-ouvidorias-publicas\/\" \/>\n<meta property=\"og:site_name\" content=\"Notibras\" \/>\n<meta property=\"article:publisher\" content=\"https:\/\/www.facebook.com\/notibras\/\" \/>\n<meta property=\"article:published_time\" content=\"2023-05-18T06:21:42+00:00\" \/>\n<meta property=\"og:image\" content=\"https:\/\/www.notibras.com\/site\/wp-content\/uploads\/2023\/05\/Foto-do-evento.jpeg\" \/>\n\t<meta property=\"og:image:width\" content=\"1599\" \/>\n\t<meta property=\"og:image:height\" content=\"1066\" \/>\n\t<meta property=\"og:image:type\" content=\"image\/jpeg\" \/>\n<meta name=\"author\" content=\"Reda\u00e7\u00e3o\" \/>\n<meta name=\"twitter:card\" content=\"summary_large_image\" \/>\n<meta name=\"twitter:creator\" content=\"@Notibras\" \/>\n<meta name=\"twitter:site\" content=\"@Notibras\" \/>\n<meta name=\"twitter:label1\" content=\"Escrito por\" \/>\n\t<meta name=\"twitter:data1\" content=\"Reda\u00e7\u00e3o\" \/>\n\t<meta name=\"twitter:label2\" content=\"Est. tempo de leitura\" \/>\n\t<meta name=\"twitter:data2\" content=\"2 minutos\" \/>\n<script type=\"application\/ld+json\" class=\"yoast-schema-graph\">{\"@context\":\"https:\/\/schema.org\",\"@graph\":[{\"@type\":\"Article\",\"@id\":\"https:\/\/www.notibras.com\/site\/acordo-permite-cooperacao-entre-ouvidorias-publicas\/#article\",\"isPartOf\":{\"@id\":\"https:\/\/www.notibras.com\/site\/acordo-permite-cooperacao-entre-ouvidorias-publicas\/\"},\"author\":{\"name\":\"Reda\u00e7\u00e3o\",\"@id\":\"https:\/\/www.notibras.com\/site\/#\/schema\/person\/36ab0979449956132d3e5b517ea76ac8\"},\"headline\":\"Acordo permite coopera\u00e7\u00e3o entre Ouvidorias P\u00fablicas\",\"datePublished\":\"2023-05-18T06:21:42+00:00\",\"mainEntityOfPage\":{\"@id\":\"https:\/\/www.notibras.com\/site\/acordo-permite-cooperacao-entre-ouvidorias-publicas\/\"},\"wordCount\":292,\"publisher\":{\"@id\":\"https:\/\/www.notibras.com\/site\/#organization\"},\"image\":{\"@id\":\"https:\/\/www.notibras.com\/site\/acordo-permite-cooperacao-entre-ouvidorias-publicas\/#primaryimage\"},\"thumbnailUrl\":\"https:\/\/www.notibras.com\/site\/wp-content\/uploads\/2023\/05\/Foto-do-evento.jpeg\",\"articleSection\":[\"Quadradinho em Foco\"],\"inLanguage\":\"pt-BR\"},{\"@type\":\"WebPage\",\"@id\":\"https:\/\/www.notibras.com\/site\/acordo-permite-cooperacao-entre-ouvidorias-publicas\/\",\"url\":\"https:\/\/www.notibras.com\/site\/acordo-permite-cooperacao-entre-ouvidorias-publicas\/\",\"name\":\"Acordo permite coopera\u00e7\u00e3o entre Ouvidorias P\u00fablicas - Notibras\",\"isPartOf\":{\"@id\":\"https:\/\/www.notibras.com\/site\/#website\"},\"primaryImageOfPage\":{\"@id\":\"https:\/\/www.notibras.com\/site\/acordo-permite-cooperacao-entre-ouvidorias-publicas\/#primaryimage\"},\"image\":{\"@id\":\"https:\/\/www.notibras.com\/site\/acordo-permite-cooperacao-entre-ouvidorias-publicas\/#primaryimage\"},\"thumbnailUrl\":\"https:\/\/www.notibras.com\/site\/wp-content\/uploads\/2023\/05\/Foto-do-evento.jpeg\",\"datePublished\":\"2023-05-18T06:21:42+00:00\",\"breadcrumb\":{\"@id\":\"https:\/\/www.notibras.com\/site\/acordo-permite-cooperacao-entre-ouvidorias-publicas\/#breadcrumb\"},\"inLanguage\":\"pt-BR\",\"potentialAction\":[{\"@type\":\"ReadAction\",\"target\":[\"https:\/\/www.notibras.com\/site\/acordo-permite-cooperacao-entre-ouvidorias-publicas\/\"]}]},{\"@type\":\"ImageObject\",\"inLanguage\":\"pt-BR\",\"@id\":\"https:\/\/www.notibras.com\/site\/acordo-permite-cooperacao-entre-ouvidorias-publicas\/#primaryimage\",\"url\":\"https:\/\/www.notibras.com\/site\/wp-content\/uploads\/2023\/05\/Foto-do-evento.jpeg\",\"contentUrl\":\"https:\/\/www.notibras.com\/site\/wp-content\/uploads\/2023\/05\/Foto-do-evento.jpeg\",\"width\":1599,\"height\":1066},{\"@type\":\"BreadcrumbList\",\"@id\":\"https:\/\/www.notibras.com\/site\/acordo-permite-cooperacao-entre-ouvidorias-publicas\/#breadcrumb\",\"itemListElement\":[{\"@type\":\"ListItem\",\"position\":1,\"name\":\"In\u00edcio\",\"item\":\"https:\/\/www.notibras.com\/site\/\"},{\"@type\":\"ListItem\",\"position\":2,\"name\":\"Acordo permite coopera\u00e7\u00e3o entre Ouvidorias P\u00fablicas\"}]},{\"@type\":\"WebSite\",\"@id\":\"https:\/\/www.notibras.com\/site\/#website\",\"url\":\"https:\/\/www.notibras.com\/site\/\",\"name\":\"Notibras\",\"description\":\"Not\u00edcias de Bras\u00edlia, do Brasil e do Mundo\",\"publisher\":{\"@id\":\"https:\/\/www.notibras.com\/site\/#organization\"},\"potentialAction\":[{\"@type\":\"SearchAction\",\"target\":{\"@type\":\"EntryPoint\",\"urlTemplate\":\"https:\/\/www.notibras.com\/site\/?s={search_term_string}\"},\"query-input\":{\"@type\":\"PropertyValueSpecification\",\"valueRequired\":true,\"valueName\":\"search_term_string\"}}],\"inLanguage\":\"pt-BR\"},{\"@type\":\"Organization\",\"@id\":\"https:\/\/www.notibras.com\/site\/#organization\",\"name\":\"Grupo Notibras de Comunica\u00e7\u00e3o\",\"url\":\"https:\/\/www.notibras.com\/site\/\",\"logo\":{\"@type\":\"ImageObject\",\"inLanguage\":\"pt-BR\",\"@id\":\"https:\/\/www.notibras.com\/site\/#\/schema\/logo\/image\/\",\"url\":\"https:\/\/www.notibras.com\/site\/wp-content\/uploads\/2023\/01\/notibras23.png\",\"contentUrl\":\"https:\/\/www.notibras.com\/site\/wp-content\/uploads\/2023\/01\/notibras23.png\",\"width\":350,\"height\":87,\"caption\":\"Grupo Notibras de Comunica\u00e7\u00e3o\"},\"image\":{\"@id\":\"https:\/\/www.notibras.com\/site\/#\/schema\/logo\/image\/\"},\"sameAs\":[\"https:\/\/www.facebook.com\/notibras\/\",\"https:\/\/x.com\/Notibras\",\"https:\/\/www.instagram.com\/notibras\/\"]},{\"@type\":\"Person\",\"@id\":\"https:\/\/www.notibras.com\/site\/#\/schema\/person\/36ab0979449956132d3e5b517ea76ac8\",\"name\":\"Reda\u00e7\u00e3o\",\"image\":{\"@type\":\"ImageObject\",\"inLanguage\":\"pt-BR\",\"@id\":\"https:\/\/secure.gravatar.com\/avatar\/e0a867bdedb85fd243eadf09663511f96fc81e0720a4a42581f334ad4303aa6b?s=96&d=mm&r=g\",\"url\":\"https:\/\/secure.gravatar.com\/avatar\/e0a867bdedb85fd243eadf09663511f96fc81e0720a4a42581f334ad4303aa6b?s=96&d=mm&r=g\",\"contentUrl\":\"https:\/\/secure.gravatar.com\/avatar\/e0a867bdedb85fd243eadf09663511f96fc81e0720a4a42581f334ad4303aa6b?s=96&d=mm&r=g\",\"caption\":\"Reda\u00e7\u00e3o\"}}]}<\/script>\n<!-- \/ Yoast SEO plugin. -->","yoast_head_json":{"title":"Acordo permite coopera\u00e7\u00e3o entre Ouvidorias P\u00fablicas - Notibras","robots":{"index":"index","follow":"follow","max-snippet":"max-snippet:-1","max-image-preview":"max-image-preview:large","max-video-preview":"max-video-preview:-1"},"canonical":"https:\/\/www.notibras.com\/site\/acordo-permite-cooperacao-entre-ouvidorias-publicas\/","og_locale":"pt_BR","og_type":"article","og_title":"Acordo permite coopera\u00e7\u00e3o entre Ouvidorias P\u00fablicas - Notibras","og_description":"O Tribunal de Contas do Distrito Federal (TCDF) agora faz parte da Rede de Ouvidorias P\u00fablicas, a Rede Ouvir &#8211; DF. A parceria entre \u00f3rg\u00e3os da Uni\u00e3o e do Distrito Federal visa tornar mais c\u00e9lere o atendimento e facilitar a comunica\u00e7\u00e3o entre as institui\u00e7\u00f5es e o cidad\u00e3o, trazendo benef\u00edcios \u00e0 popula\u00e7\u00e3o. A parceria foi oficializada [&hellip;]","og_url":"https:\/\/www.notibras.com\/site\/acordo-permite-cooperacao-entre-ouvidorias-publicas\/","og_site_name":"Notibras","article_publisher":"https:\/\/www.facebook.com\/notibras\/","article_published_time":"2023-05-18T06:21:42+00:00","og_image":[{"width":1599,"height":1066,"url":"https:\/\/www.notibras.com\/site\/wp-content\/uploads\/2023\/05\/Foto-do-evento.jpeg","type":"image\/jpeg"}],"author":"Reda\u00e7\u00e3o","twitter_card":"summary_large_image","twitter_creator":"@Notibras","twitter_site":"@Notibras","twitter_misc":{"Escrito por":"Reda\u00e7\u00e3o","Est. tempo de leitura":"2 minutos"},"schema":{"@context":"https:\/\/schema.org","@graph":[{"@type":"Article","@id":"https:\/\/www.notibras.com\/site\/acordo-permite-cooperacao-entre-ouvidorias-publicas\/#article","isPartOf":{"@id":"https:\/\/www.notibras.com\/site\/acordo-permite-cooperacao-entre-ouvidorias-publicas\/"},"author":{"name":"Reda\u00e7\u00e3o","@id":"https:\/\/www.notibras.com\/site\/#\/schema\/person\/36ab0979449956132d3e5b517ea76ac8"},"headline":"Acordo permite coopera\u00e7\u00e3o entre Ouvidorias P\u00fablicas","datePublished":"2023-05-18T06:21:42+00:00","mainEntityOfPage":{"@id":"https:\/\/www.notibras.com\/site\/acordo-permite-cooperacao-entre-ouvidorias-publicas\/"},"wordCount":292,"publisher":{"@id":"https:\/\/www.notibras.com\/site\/#organization"},"image":{"@id":"https:\/\/www.notibras.com\/site\/acordo-permite-cooperacao-entre-ouvidorias-publicas\/#primaryimage"},"thumbnailUrl":"https:\/\/www.notibras.com\/site\/wp-content\/uploads\/2023\/05\/Foto-do-evento.jpeg","articleSection":["Quadradinho em Foco"],"inLanguage":"pt-BR"},{"@type":"WebPage","@id":"https:\/\/www.notibras.com\/site\/acordo-permite-cooperacao-entre-ouvidorias-publicas\/","url":"https:\/\/www.notibras.com\/site\/acordo-permite-cooperacao-entre-ouvidorias-publicas\/","name":"Acordo permite coopera\u00e7\u00e3o entre Ouvidorias P\u00fablicas - Notibras","isPartOf":{"@id":"https:\/\/www.notibras.com\/site\/#website"},"primaryImageOfPage":{"@id":"https:\/\/www.notibras.com\/site\/acordo-permite-cooperacao-entre-ouvidorias-publicas\/#primaryimage"},"image":{"@id":"https:\/\/www.notibras.com\/site\/acordo-permite-cooperacao-entre-ouvidorias-publicas\/#primaryimage"},"thumbnailUrl":"https:\/\/www.notibras.com\/site\/wp-content\/uploads\/2023\/05\/Foto-do-evento.jpeg","datePublished":"2023-05-18T06:21:42+00:00","breadcrumb":{"@id":"https:\/\/www.notibras.com\/site\/acordo-permite-cooperacao-entre-ouvidorias-publicas\/#breadcrumb"},"inLanguage":"pt-BR","potentialAction":[{"@type":"ReadAction","target":["https:\/\/www.notibras.com\/site\/acordo-permite-cooperacao-entre-ouvidorias-publicas\/"]}]},{"@type":"ImageObject","inLanguage":"pt-BR","@id":"https:\/\/www.notibras.com\/site\/acordo-permite-cooperacao-entre-ouvidorias-publicas\/#primaryimage","url":"https:\/\/www.notibras.com\/site\/wp-content\/uploads\/2023\/05\/Foto-do-evento.jpeg","contentUrl":"https:\/\/www.notibras.com\/site\/wp-content\/uploads\/2023\/05\/Foto-do-evento.jpeg","width":1599,"height":1066},{"@type":"BreadcrumbList","@id":"https:\/\/www.notibras.com\/site\/acordo-permite-cooperacao-entre-ouvidorias-publicas\/#breadcrumb","itemListElement":[{"@type":"ListItem","position":1,"name":"In\u00edcio","item":"https:\/\/www.notibras.com\/site\/"},{"@type":"ListItem","position":2,"name":"Acordo permite coopera\u00e7\u00e3o entre Ouvidorias P\u00fablicas"}]},{"@type":"WebSite","@id":"https:\/\/www.notibras.com\/site\/#website","url":"https:\/\/www.notibras.com\/site\/","name":"Notibras","description":"Not\u00edcias de Bras\u00edlia, do Brasil e do Mundo","publisher":{"@id":"https:\/\/www.notibras.com\/site\/#organization"},"potentialAction":[{"@type":"SearchAction","target":{"@type":"EntryPoint","urlTemplate":"https:\/\/www.notibras.com\/site\/?s={search_term_string}"},"query-input":{"@type":"PropertyValueSpecification","valueRequired":true,"valueName":"search_term_string"}}],"inLanguage":"pt-BR"},{"@type":"Organization","@id":"https:\/\/www.notibras.com\/site\/#organization","name":"Grupo Notibras de Comunica\u00e7\u00e3o","url":"https:\/\/www.notibras.com\/site\/","logo":{"@type":"ImageObject","inLanguage":"pt-BR","@id":"https:\/\/www.notibras.com\/site\/#\/schema\/logo\/image\/","url":"https:\/\/www.notibras.com\/site\/wp-content\/uploads\/2023\/01\/notibras23.png","contentUrl":"https:\/\/www.notibras.com\/site\/wp-content\/uploads\/2023\/01\/notibras23.png","width":350,"height":87,"caption":"Grupo Notibras de Comunica\u00e7\u00e3o"},"image":{"@id":"https:\/\/www.notibras.com\/site\/#\/schema\/logo\/image\/"},"sameAs":["https:\/\/www.facebook.com\/notibras\/","https:\/\/x.com\/Notibras","https:\/\/www.instagram.com\/notibras\/"]},{"@type":"Person","@id":"https:\/\/www.notibras.com\/site\/#\/schema\/person\/36ab0979449956132d3e5b517ea76ac8","name":"Reda\u00e7\u00e3o","image":{"@type":"ImageObject","inLanguage":"pt-BR","@id":"https:\/\/secure.gravatar.com\/avatar\/e0a867bdedb85fd243eadf09663511f96fc81e0720a4a42581f334ad4303aa6b?s=96&d=mm&r=g","url":"https:\/\/secure.gravatar.com\/avatar\/e0a867bdedb85fd243eadf09663511f96fc81e0720a4a42581f334ad4303aa6b?s=96&d=mm&r=g","contentUrl":"https:\/\/secure.gravatar.com\/avatar\/e0a867bdedb85fd243eadf09663511f96fc81e0720a4a42581f334ad4303aa6b?s=96&d=mm&r=g","caption":"Reda\u00e7\u00e3o"}}]}},"amp_enabled":true,"_links":{"self":[{"href":"https:\/\/www.notibras.com\/site\/wp-json\/wp\/v2\/posts\/305122","targetHints":{"allow":["GET"]}}],"collection":[{"href":"https:\/\/www.notibras.com\/site\/wp-json\/wp\/v2\/posts"}],"about":[{"href":"https:\/\/www.notibras.com\/site\/wp-json\/wp\/v2\/types\/post"}],"author":[{"embeddable":true,"href":"https:\/\/www.notibras.com\/site\/wp-json\/wp\/v2\/users\/2"}],"replies":[{"embeddable":true,"href":"https:\/\/www.notibras.com\/site\/wp-json\/wp\/v2\/comments?post=305122"}],"version-history":[{"count":1,"href":"https:\/\/www.notibras.com\/site\/wp-json\/wp\/v2\/posts\/305122\/revisions"}],"predecessor-version":[{"id":305124,"href":"https:\/\/www.notibras.com\/site\/wp-json\/wp\/v2\/posts\/305122\/revisions\/305124"}],"wp:featuredmedia":[{"embeddable":true,"href":"https:\/\/www.notibras.com\/site\/wp-json\/wp\/v2\/media\/305123"}],"wp:attachment":[{"href":"https:\/\/www.notibras.com\/site\/wp-json\/wp\/v2\/media?parent=305122"}],"wp:term":[{"taxonomy":"category","embeddable":true,"href":"https:\/\/www.notibras.com\/site\/wp-json\/wp\/v2\/categories?post=305122"},{"taxonomy":"post_tag","embeddable":true,"href":"https:\/\/www.notibras.com\/site\/wp-json\/wp\/v2\/tags?post=305122"}],"curies":[{"name":"wp","href":"https:\/\/api.w.org\/{rel}","templated":true}]}}