{"id":305127,"date":"2023-05-18T05:25:21","date_gmt":"2023-05-18T08:25:21","guid":{"rendered":"https:\/\/www.notibras.com\/site\/?p=305127"},"modified":"2023-05-18T05:25:21","modified_gmt":"2023-05-18T08:25:21","slug":"governo-dara-dura-em-posto-para-ter-gasolina-boa-e-barata","status":"publish","type":"post","link":"https:\/\/www.notibras.com\/site\/governo-dara-dura-em-posto-para-ter-gasolina-boa-e-barata\/","title":{"rendered":"Governo dar\u00e1 dura em posto para ter gasolina boa e barata"},"content":{"rendered":"<p>O ministro de Minas e Energia, Alexandre Silveira, disse nesta quarta-feira (17) que a Ag\u00eancia Nacional de Petr\u00f3leo (ANP) ir\u00e1 fiscalizar postos de gasolina para garantir a redu\u00e7\u00e3o dos pre\u00e7os dos combust\u00edveis nas bombas.<\/p>\n<p>A Petrobras anunciou redu\u00e7\u00e3o de R$ 0,44 por litro do pre\u00e7o m\u00e9dio do diesel para as distribuidoras, que passar\u00e1 de R$ 3,46 para R$ 3,02 e a redu\u00e7\u00e3o do pre\u00e7o m\u00e9dio da gasolina de R$ 0,40 por litro, passando de R$ 3,18 para R$ 2,78, valor tamb\u00e9m pago pelas distribuidoras.<\/p>\n<p>A declara\u00e7\u00e3o do ministro ocorre ap\u00f3s a empresa estabelecer o fim da pol\u00edtica de atrelar os pre\u00e7os dos combust\u00edveis \u00e0s varia\u00e7\u00f5es do mercado internacional, chamada Pre\u00e7o de Paridade de Internacional (PPI).<\/p>\n<p>\u201cTeremos a m\u00e3o firme do governo para que o pre\u00e7o chegue na bomba. O brasileiro tem que ser beneficiado por esse esfor\u00e7o do governo do presidente Lula de impulsionar e criar uma pol\u00edtica nacional de pre\u00e7os dos combust\u00edveis justa com o povo brasileiro\u201d, afirmou o ministro em entrevista ao programa <em>A Voz do Brasil,<\/em> da Empresa Brasil de Comunica\u00e7\u00e3o (EBC).<\/p>\n<p>Ele informou que teve reuni\u00f5es com a ANP para tratar da fiscaliza\u00e7\u00e3o. \u201cN\u00e3o vamos transigir. Aqueles que, porventura, tentarem capturar essa conquista dos brasileiros e brasileiras que s\u00e3o combust\u00edveis mais baratos, ser\u00e3o punidos com rigor da lei.\u201d<\/p>\n<p>Na ter\u00e7a-feira (16), a Petrobras anunciou nova estrat\u00e9gia comercial para defini\u00e7\u00e3o de pre\u00e7os de diesel, gasolina e g\u00e1s, aprovada pela diretoria executiva da companhia. A nova estrat\u00e9gia acaba com o Pre\u00e7o de Paridade de Internacional (PPI), a pol\u00edtica de pre\u00e7os que, desde 2016, atrelava os pre\u00e7os m\u00e9dios dos combust\u00edveis que a Petrobras vende \u00e0s distribuidoras \u00e0s varia\u00e7\u00f5es dos produtos no mercado internacional, entre outros fatores, para proteger a empresa quanto aos riscos operacionais do setor.<\/p>\n<p>Cr\u00edtico do PPI, Alexandre Silveira disse que a pol\u00edtica era uma barreira para a Petrobras se tornar mais competitiva e cumprir o papel social previsto em lei. \u201cN\u00e3o fazia nenhum sentido e amarrava a maior petroleira do Brasil em um pre\u00e7o de refer\u00eancia que, muitas vezes, impedia a Petrobras de ser competitiva, inclusive dentro do Brasil. Ela tem que, al\u00e9m de ser uma empresa est\u00e1vel, ter lucro natural para se tornar cada vez mais moderna, competitiva e perene, tem que cumprir seu papel social\u201d.<\/p>\n","protected":false},"excerpt":{"rendered":"<p>O ministro de Minas e Energia, Alexandre Silveira, disse nesta quarta-feira (17) que a Ag\u00eancia Nacional de Petr\u00f3leo (ANP) ir\u00e1 fiscalizar postos de gasolina para garantir a redu\u00e7\u00e3o dos pre\u00e7os dos combust\u00edveis nas bombas. A Petrobras anunciou redu\u00e7\u00e3o de R$ 0,44 por litro do pre\u00e7o m\u00e9dio do diesel para as distribuidoras, que passar\u00e1 de R$ [&hellip;]<\/p>\n","protected":false},"author":2,"featured_media":305128,"comment_status":"closed","ping_status":"closed","sticky":false,"template":"","format":"standard","meta":{"_acf_changed":false,"footnotes":""},"categories":[161],"tags":[95],"class_list":["post-305127","post","type-post","status-publish","format-standard","has-post-thumbnail","hentry","category-quadradinho-em-foco","tag-capa"],"acf":[],"yoast_head":"<!-- This site is optimized with the Yoast SEO plugin v27.2 - https:\/\/yoast.com\/product\/yoast-seo-wordpress\/ -->\n<title>Governo dar\u00e1 dura em posto para ter gasolina boa e barata - Notibras<\/title>\n<meta name=\"robots\" content=\"index, follow, max-snippet:-1, max-image-preview:large, max-video-preview:-1\" \/>\n<link rel=\"canonical\" href=\"https:\/\/www.notibras.com\/site\/governo-dara-dura-em-posto-para-ter-gasolina-boa-e-barata\/\" \/>\n<meta property=\"og:locale\" content=\"pt_BR\" \/>\n<meta property=\"og:type\" content=\"article\" \/>\n<meta property=\"og:title\" content=\"Governo dar\u00e1 dura em posto para ter gasolina boa e barata - Notibras\" \/>\n<meta property=\"og:description\" content=\"O ministro de Minas e Energia, Alexandre Silveira, disse nesta quarta-feira (17) que a Ag\u00eancia Nacional de Petr\u00f3leo (ANP) ir\u00e1 fiscalizar postos de gasolina para garantir a redu\u00e7\u00e3o dos pre\u00e7os dos combust\u00edveis nas bombas. A Petrobras anunciou redu\u00e7\u00e3o de R$ 0,44 por litro do pre\u00e7o m\u00e9dio do diesel para as distribuidoras, que passar\u00e1 de R$ [&hellip;]\" \/>\n<meta property=\"og:url\" content=\"https:\/\/www.notibras.com\/site\/governo-dara-dura-em-posto-para-ter-gasolina-boa-e-barata\/\" \/>\n<meta property=\"og:site_name\" content=\"Notibras\" \/>\n<meta property=\"article:publisher\" content=\"https:\/\/www.facebook.com\/notibras\/\" \/>\n<meta property=\"article:published_time\" content=\"2023-05-18T08:25:21+00:00\" \/>\n<meta property=\"og:image\" content=\"https:\/\/www.notibras.com\/site\/wp-content\/uploads\/2023\/05\/gasolinapreco.jpg\" \/>\n\t<meta property=\"og:image:width\" content=\"770\" \/>\n\t<meta property=\"og:image:height\" content=\"513\" \/>\n\t<meta property=\"og:image:type\" content=\"image\/jpeg\" \/>\n<meta name=\"author\" content=\"Reda\u00e7\u00e3o\" \/>\n<meta name=\"twitter:card\" content=\"summary_large_image\" \/>\n<meta name=\"twitter:creator\" content=\"@Notibras\" \/>\n<meta name=\"twitter:site\" content=\"@Notibras\" \/>\n<meta name=\"twitter:label1\" content=\"Escrito por\" \/>\n\t<meta name=\"twitter:data1\" content=\"Reda\u00e7\u00e3o\" \/>\n\t<meta name=\"twitter:label2\" content=\"Est. tempo de leitura\" \/>\n\t<meta name=\"twitter:data2\" content=\"3 minutos\" \/>\n<script type=\"application\/ld+json\" class=\"yoast-schema-graph\">{\"@context\":\"https:\/\/schema.org\",\"@graph\":[{\"@type\":\"Article\",\"@id\":\"https:\/\/www.notibras.com\/site\/governo-dara-dura-em-posto-para-ter-gasolina-boa-e-barata\/#article\",\"isPartOf\":{\"@id\":\"https:\/\/www.notibras.com\/site\/governo-dara-dura-em-posto-para-ter-gasolina-boa-e-barata\/\"},\"author\":{\"name\":\"Reda\u00e7\u00e3o\",\"@id\":\"https:\/\/www.notibras.com\/site\/#\/schema\/person\/36ab0979449956132d3e5b517ea76ac8\"},\"headline\":\"Governo dar\u00e1 dura em posto para ter gasolina boa e barata\",\"datePublished\":\"2023-05-18T08:25:21+00:00\",\"mainEntityOfPage\":{\"@id\":\"https:\/\/www.notibras.com\/site\/governo-dara-dura-em-posto-para-ter-gasolina-boa-e-barata\/\"},\"wordCount\":425,\"publisher\":{\"@id\":\"https:\/\/www.notibras.com\/site\/#organization\"},\"image\":{\"@id\":\"https:\/\/www.notibras.com\/site\/governo-dara-dura-em-posto-para-ter-gasolina-boa-e-barata\/#primaryimage\"},\"thumbnailUrl\":\"https:\/\/www.notibras.com\/site\/wp-content\/uploads\/2023\/05\/gasolinapreco.jpg\",\"keywords\":[\"capa\"],\"articleSection\":[\"Quadradinho em Foco\"],\"inLanguage\":\"pt-BR\"},{\"@type\":\"WebPage\",\"@id\":\"https:\/\/www.notibras.com\/site\/governo-dara-dura-em-posto-para-ter-gasolina-boa-e-barata\/\",\"url\":\"https:\/\/www.notibras.com\/site\/governo-dara-dura-em-posto-para-ter-gasolina-boa-e-barata\/\",\"name\":\"Governo dar\u00e1 dura em posto para ter gasolina boa e barata - Notibras\",\"isPartOf\":{\"@id\":\"https:\/\/www.notibras.com\/site\/#website\"},\"primaryImageOfPage\":{\"@id\":\"https:\/\/www.notibras.com\/site\/governo-dara-dura-em-posto-para-ter-gasolina-boa-e-barata\/#primaryimage\"},\"image\":{\"@id\":\"https:\/\/www.notibras.com\/site\/governo-dara-dura-em-posto-para-ter-gasolina-boa-e-barata\/#primaryimage\"},\"thumbnailUrl\":\"https:\/\/www.notibras.com\/site\/wp-content\/uploads\/2023\/05\/gasolinapreco.jpg\",\"datePublished\":\"2023-05-18T08:25:21+00:00\",\"breadcrumb\":{\"@id\":\"https:\/\/www.notibras.com\/site\/governo-dara-dura-em-posto-para-ter-gasolina-boa-e-barata\/#breadcrumb\"},\"inLanguage\":\"pt-BR\",\"potentialAction\":[{\"@type\":\"ReadAction\",\"target\":[\"https:\/\/www.notibras.com\/site\/governo-dara-dura-em-posto-para-ter-gasolina-boa-e-barata\/\"]}]},{\"@type\":\"ImageObject\",\"inLanguage\":\"pt-BR\",\"@id\":\"https:\/\/www.notibras.com\/site\/governo-dara-dura-em-posto-para-ter-gasolina-boa-e-barata\/#primaryimage\",\"url\":\"https:\/\/www.notibras.com\/site\/wp-content\/uploads\/2023\/05\/gasolinapreco.jpg\",\"contentUrl\":\"https:\/\/www.notibras.com\/site\/wp-content\/uploads\/2023\/05\/gasolinapreco.jpg\",\"width\":770,\"height\":513},{\"@type\":\"BreadcrumbList\",\"@id\":\"https:\/\/www.notibras.com\/site\/governo-dara-dura-em-posto-para-ter-gasolina-boa-e-barata\/#breadcrumb\",\"itemListElement\":[{\"@type\":\"ListItem\",\"position\":1,\"name\":\"In\u00edcio\",\"item\":\"https:\/\/www.notibras.com\/site\/\"},{\"@type\":\"ListItem\",\"position\":2,\"name\":\"Governo dar\u00e1 dura em posto para ter gasolina boa e barata\"}]},{\"@type\":\"WebSite\",\"@id\":\"https:\/\/www.notibras.com\/site\/#website\",\"url\":\"https:\/\/www.notibras.com\/site\/\",\"name\":\"Notibras\",\"description\":\"Not\u00edcias de Bras\u00edlia, do Brasil e do Mundo\",\"publisher\":{\"@id\":\"https:\/\/www.notibras.com\/site\/#organization\"},\"potentialAction\":[{\"@type\":\"SearchAction\",\"target\":{\"@type\":\"EntryPoint\",\"urlTemplate\":\"https:\/\/www.notibras.com\/site\/?s={search_term_string}\"},\"query-input\":{\"@type\":\"PropertyValueSpecification\",\"valueRequired\":true,\"valueName\":\"search_term_string\"}}],\"inLanguage\":\"pt-BR\"},{\"@type\":\"Organization\",\"@id\":\"https:\/\/www.notibras.com\/site\/#organization\",\"name\":\"Grupo Notibras de Comunica\u00e7\u00e3o\",\"url\":\"https:\/\/www.notibras.com\/site\/\",\"logo\":{\"@type\":\"ImageObject\",\"inLanguage\":\"pt-BR\",\"@id\":\"https:\/\/www.notibras.com\/site\/#\/schema\/logo\/image\/\",\"url\":\"https:\/\/www.notibras.com\/site\/wp-content\/uploads\/2023\/01\/notibras23.png\",\"contentUrl\":\"https:\/\/www.notibras.com\/site\/wp-content\/uploads\/2023\/01\/notibras23.png\",\"width\":350,\"height\":87,\"caption\":\"Grupo Notibras de Comunica\u00e7\u00e3o\"},\"image\":{\"@id\":\"https:\/\/www.notibras.com\/site\/#\/schema\/logo\/image\/\"},\"sameAs\":[\"https:\/\/www.facebook.com\/notibras\/\",\"https:\/\/x.com\/Notibras\",\"https:\/\/www.instagram.com\/notibras\/\"]},{\"@type\":\"Person\",\"@id\":\"https:\/\/www.notibras.com\/site\/#\/schema\/person\/36ab0979449956132d3e5b517ea76ac8\",\"name\":\"Reda\u00e7\u00e3o\",\"image\":{\"@type\":\"ImageObject\",\"inLanguage\":\"pt-BR\",\"@id\":\"https:\/\/secure.gravatar.com\/avatar\/e0a867bdedb85fd243eadf09663511f96fc81e0720a4a42581f334ad4303aa6b?s=96&d=mm&r=g\",\"url\":\"https:\/\/secure.gravatar.com\/avatar\/e0a867bdedb85fd243eadf09663511f96fc81e0720a4a42581f334ad4303aa6b?s=96&d=mm&r=g\",\"contentUrl\":\"https:\/\/secure.gravatar.com\/avatar\/e0a867bdedb85fd243eadf09663511f96fc81e0720a4a42581f334ad4303aa6b?s=96&d=mm&r=g\",\"caption\":\"Reda\u00e7\u00e3o\"}}]}<\/script>\n<!-- \/ Yoast SEO plugin. -->","yoast_head_json":{"title":"Governo dar\u00e1 dura em posto para ter gasolina boa e barata - Notibras","robots":{"index":"index","follow":"follow","max-snippet":"max-snippet:-1","max-image-preview":"max-image-preview:large","max-video-preview":"max-video-preview:-1"},"canonical":"https:\/\/www.notibras.com\/site\/governo-dara-dura-em-posto-para-ter-gasolina-boa-e-barata\/","og_locale":"pt_BR","og_type":"article","og_title":"Governo dar\u00e1 dura em posto para ter gasolina boa e barata - Notibras","og_description":"O ministro de Minas e Energia, Alexandre Silveira, disse nesta quarta-feira (17) que a Ag\u00eancia Nacional de Petr\u00f3leo (ANP) ir\u00e1 fiscalizar postos de gasolina para garantir a redu\u00e7\u00e3o dos pre\u00e7os dos combust\u00edveis nas bombas. A Petrobras anunciou redu\u00e7\u00e3o de R$ 0,44 por litro do pre\u00e7o m\u00e9dio do diesel para as distribuidoras, que passar\u00e1 de R$ [&hellip;]","og_url":"https:\/\/www.notibras.com\/site\/governo-dara-dura-em-posto-para-ter-gasolina-boa-e-barata\/","og_site_name":"Notibras","article_publisher":"https:\/\/www.facebook.com\/notibras\/","article_published_time":"2023-05-18T08:25:21+00:00","og_image":[{"width":770,"height":513,"url":"https:\/\/www.notibras.com\/site\/wp-content\/uploads\/2023\/05\/gasolinapreco.jpg","type":"image\/jpeg"}],"author":"Reda\u00e7\u00e3o","twitter_card":"summary_large_image","twitter_creator":"@Notibras","twitter_site":"@Notibras","twitter_misc":{"Escrito por":"Reda\u00e7\u00e3o","Est. tempo de leitura":"3 minutos"},"schema":{"@context":"https:\/\/schema.org","@graph":[{"@type":"Article","@id":"https:\/\/www.notibras.com\/site\/governo-dara-dura-em-posto-para-ter-gasolina-boa-e-barata\/#article","isPartOf":{"@id":"https:\/\/www.notibras.com\/site\/governo-dara-dura-em-posto-para-ter-gasolina-boa-e-barata\/"},"author":{"name":"Reda\u00e7\u00e3o","@id":"https:\/\/www.notibras.com\/site\/#\/schema\/person\/36ab0979449956132d3e5b517ea76ac8"},"headline":"Governo dar\u00e1 dura em posto para ter gasolina boa e barata","datePublished":"2023-05-18T08:25:21+00:00","mainEntityOfPage":{"@id":"https:\/\/www.notibras.com\/site\/governo-dara-dura-em-posto-para-ter-gasolina-boa-e-barata\/"},"wordCount":425,"publisher":{"@id":"https:\/\/www.notibras.com\/site\/#organization"},"image":{"@id":"https:\/\/www.notibras.com\/site\/governo-dara-dura-em-posto-para-ter-gasolina-boa-e-barata\/#primaryimage"},"thumbnailUrl":"https:\/\/www.notibras.com\/site\/wp-content\/uploads\/2023\/05\/gasolinapreco.jpg","keywords":["capa"],"articleSection":["Quadradinho em Foco"],"inLanguage":"pt-BR"},{"@type":"WebPage","@id":"https:\/\/www.notibras.com\/site\/governo-dara-dura-em-posto-para-ter-gasolina-boa-e-barata\/","url":"https:\/\/www.notibras.com\/site\/governo-dara-dura-em-posto-para-ter-gasolina-boa-e-barata\/","name":"Governo dar\u00e1 dura em posto para ter gasolina boa e barata - Notibras","isPartOf":{"@id":"https:\/\/www.notibras.com\/site\/#website"},"primaryImageOfPage":{"@id":"https:\/\/www.notibras.com\/site\/governo-dara-dura-em-posto-para-ter-gasolina-boa-e-barata\/#primaryimage"},"image":{"@id":"https:\/\/www.notibras.com\/site\/governo-dara-dura-em-posto-para-ter-gasolina-boa-e-barata\/#primaryimage"},"thumbnailUrl":"https:\/\/www.notibras.com\/site\/wp-content\/uploads\/2023\/05\/gasolinapreco.jpg","datePublished":"2023-05-18T08:25:21+00:00","breadcrumb":{"@id":"https:\/\/www.notibras.com\/site\/governo-dara-dura-em-posto-para-ter-gasolina-boa-e-barata\/#breadcrumb"},"inLanguage":"pt-BR","potentialAction":[{"@type":"ReadAction","target":["https:\/\/www.notibras.com\/site\/governo-dara-dura-em-posto-para-ter-gasolina-boa-e-barata\/"]}]},{"@type":"ImageObject","inLanguage":"pt-BR","@id":"https:\/\/www.notibras.com\/site\/governo-dara-dura-em-posto-para-ter-gasolina-boa-e-barata\/#primaryimage","url":"https:\/\/www.notibras.com\/site\/wp-content\/uploads\/2023\/05\/gasolinapreco.jpg","contentUrl":"https:\/\/www.notibras.com\/site\/wp-content\/uploads\/2023\/05\/gasolinapreco.jpg","width":770,"height":513},{"@type":"BreadcrumbList","@id":"https:\/\/www.notibras.com\/site\/governo-dara-dura-em-posto-para-ter-gasolina-boa-e-barata\/#breadcrumb","itemListElement":[{"@type":"ListItem","position":1,"name":"In\u00edcio","item":"https:\/\/www.notibras.com\/site\/"},{"@type":"ListItem","position":2,"name":"Governo dar\u00e1 dura em posto para ter gasolina boa e barata"}]},{"@type":"WebSite","@id":"https:\/\/www.notibras.com\/site\/#website","url":"https:\/\/www.notibras.com\/site\/","name":"Notibras","description":"Not\u00edcias de Bras\u00edlia, do Brasil e do Mundo","publisher":{"@id":"https:\/\/www.notibras.com\/site\/#organization"},"potentialAction":[{"@type":"SearchAction","target":{"@type":"EntryPoint","urlTemplate":"https:\/\/www.notibras.com\/site\/?s={search_term_string}"},"query-input":{"@type":"PropertyValueSpecification","valueRequired":true,"valueName":"search_term_string"}}],"inLanguage":"pt-BR"},{"@type":"Organization","@id":"https:\/\/www.notibras.com\/site\/#organization","name":"Grupo Notibras de Comunica\u00e7\u00e3o","url":"https:\/\/www.notibras.com\/site\/","logo":{"@type":"ImageObject","inLanguage":"pt-BR","@id":"https:\/\/www.notibras.com\/site\/#\/schema\/logo\/image\/","url":"https:\/\/www.notibras.com\/site\/wp-content\/uploads\/2023\/01\/notibras23.png","contentUrl":"https:\/\/www.notibras.com\/site\/wp-content\/uploads\/2023\/01\/notibras23.png","width":350,"height":87,"caption":"Grupo Notibras de Comunica\u00e7\u00e3o"},"image":{"@id":"https:\/\/www.notibras.com\/site\/#\/schema\/logo\/image\/"},"sameAs":["https:\/\/www.facebook.com\/notibras\/","https:\/\/x.com\/Notibras","https:\/\/www.instagram.com\/notibras\/"]},{"@type":"Person","@id":"https:\/\/www.notibras.com\/site\/#\/schema\/person\/36ab0979449956132d3e5b517ea76ac8","name":"Reda\u00e7\u00e3o","image":{"@type":"ImageObject","inLanguage":"pt-BR","@id":"https:\/\/secure.gravatar.com\/avatar\/e0a867bdedb85fd243eadf09663511f96fc81e0720a4a42581f334ad4303aa6b?s=96&d=mm&r=g","url":"https:\/\/secure.gravatar.com\/avatar\/e0a867bdedb85fd243eadf09663511f96fc81e0720a4a42581f334ad4303aa6b?s=96&d=mm&r=g","contentUrl":"https:\/\/secure.gravatar.com\/avatar\/e0a867bdedb85fd243eadf09663511f96fc81e0720a4a42581f334ad4303aa6b?s=96&d=mm&r=g","caption":"Reda\u00e7\u00e3o"}}]}},"amp_enabled":true,"_links":{"self":[{"href":"https:\/\/www.notibras.com\/site\/wp-json\/wp\/v2\/posts\/305127","targetHints":{"allow":["GET"]}}],"collection":[{"href":"https:\/\/www.notibras.com\/site\/wp-json\/wp\/v2\/posts"}],"about":[{"href":"https:\/\/www.notibras.com\/site\/wp-json\/wp\/v2\/types\/post"}],"author":[{"embeddable":true,"href":"https:\/\/www.notibras.com\/site\/wp-json\/wp\/v2\/users\/2"}],"replies":[{"embeddable":true,"href":"https:\/\/www.notibras.com\/site\/wp-json\/wp\/v2\/comments?post=305127"}],"version-history":[{"count":1,"href":"https:\/\/www.notibras.com\/site\/wp-json\/wp\/v2\/posts\/305127\/revisions"}],"predecessor-version":[{"id":305129,"href":"https:\/\/www.notibras.com\/site\/wp-json\/wp\/v2\/posts\/305127\/revisions\/305129"}],"wp:featuredmedia":[{"embeddable":true,"href":"https:\/\/www.notibras.com\/site\/wp-json\/wp\/v2\/media\/305128"}],"wp:attachment":[{"href":"https:\/\/www.notibras.com\/site\/wp-json\/wp\/v2\/media?parent=305127"}],"wp:term":[{"taxonomy":"category","embeddable":true,"href":"https:\/\/www.notibras.com\/site\/wp-json\/wp\/v2\/categories?post=305127"},{"taxonomy":"post_tag","embeddable":true,"href":"https:\/\/www.notibras.com\/site\/wp-json\/wp\/v2\/tags?post=305127"}],"curies":[{"name":"wp","href":"https:\/\/api.w.org\/{rel}","templated":true}]}}