{"id":305161,"date":"2023-05-18T00:00:56","date_gmt":"2023-05-18T03:00:56","guid":{"rendered":"https:\/\/www.notibras.com\/site\/?p=305161"},"modified":"2023-05-18T08:13:08","modified_gmt":"2023-05-18T11:13:08","slug":"festival-leva-esportes-paralimpicos-a-criancas-com-e-sem-deficiencia","status":"publish","type":"post","link":"https:\/\/www.notibras.com\/site\/festival-leva-esportes-paralimpicos-a-criancas-com-e-sem-deficiencia\/","title":{"rendered":"Festival leva esportes paral\u00edmpicos a crian\u00e7as com e sem defici\u00eancia"},"content":{"rendered":"<p>A primeira edi\u00e7\u00e3o do Festival Paral\u00edmpico de 2023 ser\u00e1 realizada neste s\u00e1bado (20), das 9h \u00e0s 12h30 (hor\u00e1rio de cada local), em 119 n\u00facleos espalhados pelos 26 estados do pa\u00eds e o Distrito Federal. O evento promove a experimenta\u00e7\u00e3o de esportes paral\u00edmpicos a crian\u00e7as de jovens de 8 a 17 anos, por meio de atividades que os simulam de forma l\u00fadica.<\/p>\n<p>A participa\u00e7\u00e3o se d\u00e1 mediante inscri\u00e7\u00e3o gratuita, que estar\u00e1 aberta at\u00e9 o dia do festival. Segundo o Comit\u00ea Paral\u00edmpico Brasileiro (CPB), organizador do evento, 80% das vagas s\u00e3o para crian\u00e7as e jovens com algum comprometimento f\u00edsico, visual ou intelectual. As demais s\u00e3o destinadas ao p\u00fablico sem defici\u00eancia. A expectativa \u00e9 receber cerca de 16 mil pessoas.<\/p>\n<p>&#8220;O nosso objetivo \u00e9 mostrar as modalidades para os participantes e despertar neles a vontade de praticar esportes diariamente. \u00c9 uma forma de impactarmos suas vidas, de forma positiva&#8221;, destacou o diretor de Desenvolvimento Esportivo do CPB, Ramon Pereira, ao site da entidade.<\/p>\n<p>Os locais selecionados para o festival foram anunciados em mar\u00e7o. Trinta e quatro das 119 sedes integram o projeto de Centros de Refer\u00eancia, elaborado pelo CPB em 2017, que oferece modalidades paral\u00edmpicas, da inicia\u00e7\u00e3o ao alto rendimento, em espa\u00e7os esportivos situados em diferentes pontos do pa\u00eds.<\/p>\n<p>\u00c9 a primeira vez que a a\u00e7\u00e3o acontecer\u00e1 duas vezes no mesmo ano. A pr\u00f3xima edi\u00e7\u00e3o est\u00e1 marcada para 23 de setembro, um s\u00e1bado, encerrando a semana em que se comemora o Dia Nacional de Luta das Pessoas com Defici\u00eancia (21 de setembro) e o Dia Nacional do Atleta Paral\u00edmpico (22 de setembro).<\/p>\n<p>O Festival Paral\u00edmpico foi realizado pela primeira vez em 2018, reunindo mais de sete mil crian\u00e7as e jovens de 48 cidades do pa\u00eds. A edi\u00e7\u00e3o com mais participantes at\u00e9 o momento foi a do ano passado, envolvendo cerca de 15 mil pessoas em 98 munic\u00edpios.<\/p>\n<p>Um caso recente da doen\u00e7a foi confirmado em Loreto, no Peru, o que aumentou o risco do Brasil, lembra a coordenadora do PMI. \u201cTemos risco porque o Brasil \u00e9 um pa\u00eds de portas abertas, recebemos imigrantes e refugiados, ent\u00e3o precisamos manter a nossas coberturas vacinais exatamente por isso, porque recebemos pessoas de outros pa\u00edses que t\u00eam casos e sabemos que onde tem casos de p\u00f3lio s\u00e3o os pa\u00edses com baixas coberturas vacinais. Ent\u00e3o a nossa cobertura vacinal alta \u00e9 a \u00fanica forma de evitar que o v\u00edrus se reintroduza no pa\u00eds\u201d.<\/p>\n","protected":false},"excerpt":{"rendered":"<p>A primeira edi\u00e7\u00e3o do Festival Paral\u00edmpico de 2023 ser\u00e1 realizada neste s\u00e1bado (20), das 9h \u00e0s 12h30 (hor\u00e1rio de cada local), em 119 n\u00facleos espalhados pelos 26 estados do pa\u00eds e o Distrito Federal. O evento promove a experimenta\u00e7\u00e3o de esportes paral\u00edmpicos a crian\u00e7as de jovens de 8 a 17 anos, por meio de atividades [&hellip;]<\/p>\n","protected":false},"author":2,"featured_media":305162,"comment_status":"closed","ping_status":"closed","sticky":false,"template":"","format":"standard","meta":{"_acf_changed":false,"footnotes":""},"categories":[161],"tags":[],"class_list":["post-305161","post","type-post","status-publish","format-standard","has-post-thumbnail","hentry","category-quadradinho-em-foco"],"acf":[],"yoast_head":"<!-- This site is optimized with the Yoast SEO plugin v27.2 - https:\/\/yoast.com\/product\/yoast-seo-wordpress\/ -->\n<title>Festival leva esportes paral\u00edmpicos a crian\u00e7as com e sem defici\u00eancia - Notibras<\/title>\n<meta name=\"robots\" content=\"index, follow, max-snippet:-1, max-image-preview:large, max-video-preview:-1\" \/>\n<link rel=\"canonical\" href=\"https:\/\/www.notibras.com\/site\/festival-leva-esportes-paralimpicos-a-criancas-com-e-sem-deficiencia\/\" \/>\n<meta property=\"og:locale\" content=\"pt_BR\" \/>\n<meta property=\"og:type\" content=\"article\" \/>\n<meta property=\"og:title\" content=\"Festival leva esportes paral\u00edmpicos a crian\u00e7as com e sem defici\u00eancia - Notibras\" \/>\n<meta property=\"og:description\" content=\"A primeira edi\u00e7\u00e3o do Festival Paral\u00edmpico de 2023 ser\u00e1 realizada neste s\u00e1bado (20), das 9h \u00e0s 12h30 (hor\u00e1rio de cada local), em 119 n\u00facleos espalhados pelos 26 estados do pa\u00eds e o Distrito Federal. O evento promove a experimenta\u00e7\u00e3o de esportes paral\u00edmpicos a crian\u00e7as de jovens de 8 a 17 anos, por meio de atividades [&hellip;]\" \/>\n<meta property=\"og:url\" content=\"https:\/\/www.notibras.com\/site\/festival-leva-esportes-paralimpicos-a-criancas-com-e-sem-deficiencia\/\" \/>\n<meta property=\"og:site_name\" content=\"Notibras\" \/>\n<meta property=\"article:publisher\" content=\"https:\/\/www.facebook.com\/notibras\/\" \/>\n<meta property=\"article:published_time\" content=\"2023-05-18T03:00:56+00:00\" \/>\n<meta property=\"article:modified_time\" content=\"2023-05-18T11:13:08+00:00\" \/>\n<meta property=\"og:image\" content=\"https:\/\/www.notibras.com\/site\/wp-content\/uploads\/2023\/05\/festival_paralimpico_2_2022.jpg\" \/>\n\t<meta property=\"og:image:width\" content=\"1170\" \/>\n\t<meta property=\"og:image:height\" content=\"700\" \/>\n\t<meta property=\"og:image:type\" content=\"image\/jpeg\" \/>\n<meta name=\"author\" content=\"Reda\u00e7\u00e3o\" \/>\n<meta name=\"twitter:card\" content=\"summary_large_image\" \/>\n<meta name=\"twitter:creator\" content=\"@Notibras\" \/>\n<meta name=\"twitter:site\" content=\"@Notibras\" \/>\n<meta name=\"twitter:label1\" content=\"Escrito por\" \/>\n\t<meta name=\"twitter:data1\" content=\"Reda\u00e7\u00e3o\" \/>\n\t<meta name=\"twitter:label2\" content=\"Est. tempo de leitura\" \/>\n\t<meta name=\"twitter:data2\" content=\"3 minutos\" \/>\n<script type=\"application\/ld+json\" class=\"yoast-schema-graph\">{\"@context\":\"https:\/\/schema.org\",\"@graph\":[{\"@type\":\"Article\",\"@id\":\"https:\/\/www.notibras.com\/site\/festival-leva-esportes-paralimpicos-a-criancas-com-e-sem-deficiencia\/#article\",\"isPartOf\":{\"@id\":\"https:\/\/www.notibras.com\/site\/festival-leva-esportes-paralimpicos-a-criancas-com-e-sem-deficiencia\/\"},\"author\":{\"name\":\"Reda\u00e7\u00e3o\",\"@id\":\"https:\/\/www.notibras.com\/site\/#\/schema\/person\/36ab0979449956132d3e5b517ea76ac8\"},\"headline\":\"Festival leva esportes paral\u00edmpicos a crian\u00e7as com e sem defici\u00eancia\",\"datePublished\":\"2023-05-18T03:00:56+00:00\",\"dateModified\":\"2023-05-18T11:13:08+00:00\",\"mainEntityOfPage\":{\"@id\":\"https:\/\/www.notibras.com\/site\/festival-leva-esportes-paralimpicos-a-criancas-com-e-sem-deficiencia\/\"},\"wordCount\":432,\"publisher\":{\"@id\":\"https:\/\/www.notibras.com\/site\/#organization\"},\"image\":{\"@id\":\"https:\/\/www.notibras.com\/site\/festival-leva-esportes-paralimpicos-a-criancas-com-e-sem-deficiencia\/#primaryimage\"},\"thumbnailUrl\":\"https:\/\/www.notibras.com\/site\/wp-content\/uploads\/2023\/05\/festival_paralimpico_2_2022.jpg\",\"articleSection\":[\"Quadradinho em Foco\"],\"inLanguage\":\"pt-BR\"},{\"@type\":\"WebPage\",\"@id\":\"https:\/\/www.notibras.com\/site\/festival-leva-esportes-paralimpicos-a-criancas-com-e-sem-deficiencia\/\",\"url\":\"https:\/\/www.notibras.com\/site\/festival-leva-esportes-paralimpicos-a-criancas-com-e-sem-deficiencia\/\",\"name\":\"Festival leva esportes paral\u00edmpicos a crian\u00e7as com e sem defici\u00eancia - Notibras\",\"isPartOf\":{\"@id\":\"https:\/\/www.notibras.com\/site\/#website\"},\"primaryImageOfPage\":{\"@id\":\"https:\/\/www.notibras.com\/site\/festival-leva-esportes-paralimpicos-a-criancas-com-e-sem-deficiencia\/#primaryimage\"},\"image\":{\"@id\":\"https:\/\/www.notibras.com\/site\/festival-leva-esportes-paralimpicos-a-criancas-com-e-sem-deficiencia\/#primaryimage\"},\"thumbnailUrl\":\"https:\/\/www.notibras.com\/site\/wp-content\/uploads\/2023\/05\/festival_paralimpico_2_2022.jpg\",\"datePublished\":\"2023-05-18T03:00:56+00:00\",\"dateModified\":\"2023-05-18T11:13:08+00:00\",\"breadcrumb\":{\"@id\":\"https:\/\/www.notibras.com\/site\/festival-leva-esportes-paralimpicos-a-criancas-com-e-sem-deficiencia\/#breadcrumb\"},\"inLanguage\":\"pt-BR\",\"potentialAction\":[{\"@type\":\"ReadAction\",\"target\":[\"https:\/\/www.notibras.com\/site\/festival-leva-esportes-paralimpicos-a-criancas-com-e-sem-deficiencia\/\"]}]},{\"@type\":\"ImageObject\",\"inLanguage\":\"pt-BR\",\"@id\":\"https:\/\/www.notibras.com\/site\/festival-leva-esportes-paralimpicos-a-criancas-com-e-sem-deficiencia\/#primaryimage\",\"url\":\"https:\/\/www.notibras.com\/site\/wp-content\/uploads\/2023\/05\/festival_paralimpico_2_2022.jpg\",\"contentUrl\":\"https:\/\/www.notibras.com\/site\/wp-content\/uploads\/2023\/05\/festival_paralimpico_2_2022.jpg\",\"width\":1170,\"height\":700},{\"@type\":\"BreadcrumbList\",\"@id\":\"https:\/\/www.notibras.com\/site\/festival-leva-esportes-paralimpicos-a-criancas-com-e-sem-deficiencia\/#breadcrumb\",\"itemListElement\":[{\"@type\":\"ListItem\",\"position\":1,\"name\":\"In\u00edcio\",\"item\":\"https:\/\/www.notibras.com\/site\/\"},{\"@type\":\"ListItem\",\"position\":2,\"name\":\"Festival leva esportes paral\u00edmpicos a crian\u00e7as com e sem defici\u00eancia\"}]},{\"@type\":\"WebSite\",\"@id\":\"https:\/\/www.notibras.com\/site\/#website\",\"url\":\"https:\/\/www.notibras.com\/site\/\",\"name\":\"Notibras\",\"description\":\"Not\u00edcias de Bras\u00edlia, do Brasil e do Mundo\",\"publisher\":{\"@id\":\"https:\/\/www.notibras.com\/site\/#organization\"},\"potentialAction\":[{\"@type\":\"SearchAction\",\"target\":{\"@type\":\"EntryPoint\",\"urlTemplate\":\"https:\/\/www.notibras.com\/site\/?s={search_term_string}\"},\"query-input\":{\"@type\":\"PropertyValueSpecification\",\"valueRequired\":true,\"valueName\":\"search_term_string\"}}],\"inLanguage\":\"pt-BR\"},{\"@type\":\"Organization\",\"@id\":\"https:\/\/www.notibras.com\/site\/#organization\",\"name\":\"Grupo Notibras de Comunica\u00e7\u00e3o\",\"url\":\"https:\/\/www.notibras.com\/site\/\",\"logo\":{\"@type\":\"ImageObject\",\"inLanguage\":\"pt-BR\",\"@id\":\"https:\/\/www.notibras.com\/site\/#\/schema\/logo\/image\/\",\"url\":\"https:\/\/www.notibras.com\/site\/wp-content\/uploads\/2023\/01\/notibras23.png\",\"contentUrl\":\"https:\/\/www.notibras.com\/site\/wp-content\/uploads\/2023\/01\/notibras23.png\",\"width\":350,\"height\":87,\"caption\":\"Grupo Notibras de Comunica\u00e7\u00e3o\"},\"image\":{\"@id\":\"https:\/\/www.notibras.com\/site\/#\/schema\/logo\/image\/\"},\"sameAs\":[\"https:\/\/www.facebook.com\/notibras\/\",\"https:\/\/x.com\/Notibras\",\"https:\/\/www.instagram.com\/notibras\/\"]},{\"@type\":\"Person\",\"@id\":\"https:\/\/www.notibras.com\/site\/#\/schema\/person\/36ab0979449956132d3e5b517ea76ac8\",\"name\":\"Reda\u00e7\u00e3o\",\"image\":{\"@type\":\"ImageObject\",\"inLanguage\":\"pt-BR\",\"@id\":\"https:\/\/secure.gravatar.com\/avatar\/e0a867bdedb85fd243eadf09663511f96fc81e0720a4a42581f334ad4303aa6b?s=96&d=mm&r=g\",\"url\":\"https:\/\/secure.gravatar.com\/avatar\/e0a867bdedb85fd243eadf09663511f96fc81e0720a4a42581f334ad4303aa6b?s=96&d=mm&r=g\",\"contentUrl\":\"https:\/\/secure.gravatar.com\/avatar\/e0a867bdedb85fd243eadf09663511f96fc81e0720a4a42581f334ad4303aa6b?s=96&d=mm&r=g\",\"caption\":\"Reda\u00e7\u00e3o\"}}]}<\/script>\n<!-- \/ Yoast SEO plugin. -->","yoast_head_json":{"title":"Festival leva esportes paral\u00edmpicos a crian\u00e7as com e sem defici\u00eancia - Notibras","robots":{"index":"index","follow":"follow","max-snippet":"max-snippet:-1","max-image-preview":"max-image-preview:large","max-video-preview":"max-video-preview:-1"},"canonical":"https:\/\/www.notibras.com\/site\/festival-leva-esportes-paralimpicos-a-criancas-com-e-sem-deficiencia\/","og_locale":"pt_BR","og_type":"article","og_title":"Festival leva esportes paral\u00edmpicos a crian\u00e7as com e sem defici\u00eancia - Notibras","og_description":"A primeira edi\u00e7\u00e3o do Festival Paral\u00edmpico de 2023 ser\u00e1 realizada neste s\u00e1bado (20), das 9h \u00e0s 12h30 (hor\u00e1rio de cada local), em 119 n\u00facleos espalhados pelos 26 estados do pa\u00eds e o Distrito Federal. O evento promove a experimenta\u00e7\u00e3o de esportes paral\u00edmpicos a crian\u00e7as de jovens de 8 a 17 anos, por meio de atividades [&hellip;]","og_url":"https:\/\/www.notibras.com\/site\/festival-leva-esportes-paralimpicos-a-criancas-com-e-sem-deficiencia\/","og_site_name":"Notibras","article_publisher":"https:\/\/www.facebook.com\/notibras\/","article_published_time":"2023-05-18T03:00:56+00:00","article_modified_time":"2023-05-18T11:13:08+00:00","og_image":[{"width":1170,"height":700,"url":"https:\/\/www.notibras.com\/site\/wp-content\/uploads\/2023\/05\/festival_paralimpico_2_2022.jpg","type":"image\/jpeg"}],"author":"Reda\u00e7\u00e3o","twitter_card":"summary_large_image","twitter_creator":"@Notibras","twitter_site":"@Notibras","twitter_misc":{"Escrito por":"Reda\u00e7\u00e3o","Est. tempo de leitura":"3 minutos"},"schema":{"@context":"https:\/\/schema.org","@graph":[{"@type":"Article","@id":"https:\/\/www.notibras.com\/site\/festival-leva-esportes-paralimpicos-a-criancas-com-e-sem-deficiencia\/#article","isPartOf":{"@id":"https:\/\/www.notibras.com\/site\/festival-leva-esportes-paralimpicos-a-criancas-com-e-sem-deficiencia\/"},"author":{"name":"Reda\u00e7\u00e3o","@id":"https:\/\/www.notibras.com\/site\/#\/schema\/person\/36ab0979449956132d3e5b517ea76ac8"},"headline":"Festival leva esportes paral\u00edmpicos a crian\u00e7as com e sem defici\u00eancia","datePublished":"2023-05-18T03:00:56+00:00","dateModified":"2023-05-18T11:13:08+00:00","mainEntityOfPage":{"@id":"https:\/\/www.notibras.com\/site\/festival-leva-esportes-paralimpicos-a-criancas-com-e-sem-deficiencia\/"},"wordCount":432,"publisher":{"@id":"https:\/\/www.notibras.com\/site\/#organization"},"image":{"@id":"https:\/\/www.notibras.com\/site\/festival-leva-esportes-paralimpicos-a-criancas-com-e-sem-deficiencia\/#primaryimage"},"thumbnailUrl":"https:\/\/www.notibras.com\/site\/wp-content\/uploads\/2023\/05\/festival_paralimpico_2_2022.jpg","articleSection":["Quadradinho em Foco"],"inLanguage":"pt-BR"},{"@type":"WebPage","@id":"https:\/\/www.notibras.com\/site\/festival-leva-esportes-paralimpicos-a-criancas-com-e-sem-deficiencia\/","url":"https:\/\/www.notibras.com\/site\/festival-leva-esportes-paralimpicos-a-criancas-com-e-sem-deficiencia\/","name":"Festival leva esportes paral\u00edmpicos a crian\u00e7as com e sem defici\u00eancia - Notibras","isPartOf":{"@id":"https:\/\/www.notibras.com\/site\/#website"},"primaryImageOfPage":{"@id":"https:\/\/www.notibras.com\/site\/festival-leva-esportes-paralimpicos-a-criancas-com-e-sem-deficiencia\/#primaryimage"},"image":{"@id":"https:\/\/www.notibras.com\/site\/festival-leva-esportes-paralimpicos-a-criancas-com-e-sem-deficiencia\/#primaryimage"},"thumbnailUrl":"https:\/\/www.notibras.com\/site\/wp-content\/uploads\/2023\/05\/festival_paralimpico_2_2022.jpg","datePublished":"2023-05-18T03:00:56+00:00","dateModified":"2023-05-18T11:13:08+00:00","breadcrumb":{"@id":"https:\/\/www.notibras.com\/site\/festival-leva-esportes-paralimpicos-a-criancas-com-e-sem-deficiencia\/#breadcrumb"},"inLanguage":"pt-BR","potentialAction":[{"@type":"ReadAction","target":["https:\/\/www.notibras.com\/site\/festival-leva-esportes-paralimpicos-a-criancas-com-e-sem-deficiencia\/"]}]},{"@type":"ImageObject","inLanguage":"pt-BR","@id":"https:\/\/www.notibras.com\/site\/festival-leva-esportes-paralimpicos-a-criancas-com-e-sem-deficiencia\/#primaryimage","url":"https:\/\/www.notibras.com\/site\/wp-content\/uploads\/2023\/05\/festival_paralimpico_2_2022.jpg","contentUrl":"https:\/\/www.notibras.com\/site\/wp-content\/uploads\/2023\/05\/festival_paralimpico_2_2022.jpg","width":1170,"height":700},{"@type":"BreadcrumbList","@id":"https:\/\/www.notibras.com\/site\/festival-leva-esportes-paralimpicos-a-criancas-com-e-sem-deficiencia\/#breadcrumb","itemListElement":[{"@type":"ListItem","position":1,"name":"In\u00edcio","item":"https:\/\/www.notibras.com\/site\/"},{"@type":"ListItem","position":2,"name":"Festival leva esportes paral\u00edmpicos a crian\u00e7as com e sem defici\u00eancia"}]},{"@type":"WebSite","@id":"https:\/\/www.notibras.com\/site\/#website","url":"https:\/\/www.notibras.com\/site\/","name":"Notibras","description":"Not\u00edcias de Bras\u00edlia, do Brasil e do Mundo","publisher":{"@id":"https:\/\/www.notibras.com\/site\/#organization"},"potentialAction":[{"@type":"SearchAction","target":{"@type":"EntryPoint","urlTemplate":"https:\/\/www.notibras.com\/site\/?s={search_term_string}"},"query-input":{"@type":"PropertyValueSpecification","valueRequired":true,"valueName":"search_term_string"}}],"inLanguage":"pt-BR"},{"@type":"Organization","@id":"https:\/\/www.notibras.com\/site\/#organization","name":"Grupo Notibras de Comunica\u00e7\u00e3o","url":"https:\/\/www.notibras.com\/site\/","logo":{"@type":"ImageObject","inLanguage":"pt-BR","@id":"https:\/\/www.notibras.com\/site\/#\/schema\/logo\/image\/","url":"https:\/\/www.notibras.com\/site\/wp-content\/uploads\/2023\/01\/notibras23.png","contentUrl":"https:\/\/www.notibras.com\/site\/wp-content\/uploads\/2023\/01\/notibras23.png","width":350,"height":87,"caption":"Grupo Notibras de Comunica\u00e7\u00e3o"},"image":{"@id":"https:\/\/www.notibras.com\/site\/#\/schema\/logo\/image\/"},"sameAs":["https:\/\/www.facebook.com\/notibras\/","https:\/\/x.com\/Notibras","https:\/\/www.instagram.com\/notibras\/"]},{"@type":"Person","@id":"https:\/\/www.notibras.com\/site\/#\/schema\/person\/36ab0979449956132d3e5b517ea76ac8","name":"Reda\u00e7\u00e3o","image":{"@type":"ImageObject","inLanguage":"pt-BR","@id":"https:\/\/secure.gravatar.com\/avatar\/e0a867bdedb85fd243eadf09663511f96fc81e0720a4a42581f334ad4303aa6b?s=96&d=mm&r=g","url":"https:\/\/secure.gravatar.com\/avatar\/e0a867bdedb85fd243eadf09663511f96fc81e0720a4a42581f334ad4303aa6b?s=96&d=mm&r=g","contentUrl":"https:\/\/secure.gravatar.com\/avatar\/e0a867bdedb85fd243eadf09663511f96fc81e0720a4a42581f334ad4303aa6b?s=96&d=mm&r=g","caption":"Reda\u00e7\u00e3o"}}]}},"amp_enabled":true,"_links":{"self":[{"href":"https:\/\/www.notibras.com\/site\/wp-json\/wp\/v2\/posts\/305161","targetHints":{"allow":["GET"]}}],"collection":[{"href":"https:\/\/www.notibras.com\/site\/wp-json\/wp\/v2\/posts"}],"about":[{"href":"https:\/\/www.notibras.com\/site\/wp-json\/wp\/v2\/types\/post"}],"author":[{"embeddable":true,"href":"https:\/\/www.notibras.com\/site\/wp-json\/wp\/v2\/users\/2"}],"replies":[{"embeddable":true,"href":"https:\/\/www.notibras.com\/site\/wp-json\/wp\/v2\/comments?post=305161"}],"version-history":[{"count":1,"href":"https:\/\/www.notibras.com\/site\/wp-json\/wp\/v2\/posts\/305161\/revisions"}],"predecessor-version":[{"id":305163,"href":"https:\/\/www.notibras.com\/site\/wp-json\/wp\/v2\/posts\/305161\/revisions\/305163"}],"wp:featuredmedia":[{"embeddable":true,"href":"https:\/\/www.notibras.com\/site\/wp-json\/wp\/v2\/media\/305162"}],"wp:attachment":[{"href":"https:\/\/www.notibras.com\/site\/wp-json\/wp\/v2\/media?parent=305161"}],"wp:term":[{"taxonomy":"category","embeddable":true,"href":"https:\/\/www.notibras.com\/site\/wp-json\/wp\/v2\/categories?post=305161"},{"taxonomy":"post_tag","embeddable":true,"href":"https:\/\/www.notibras.com\/site\/wp-json\/wp\/v2\/tags?post=305161"}],"curies":[{"name":"wp","href":"https:\/\/api.w.org\/{rel}","templated":true}]}}