{"id":305198,"date":"2023-05-18T13:56:00","date_gmt":"2023-05-18T16:56:00","guid":{"rendered":"https:\/\/www.notibras.com\/site\/?p=305198"},"modified":"2023-05-18T14:59:11","modified_gmt":"2023-05-18T17:59:11","slug":"proteger-crianca-de-abuso-exige-atencao-familiar-diz-ministro","status":"publish","type":"post","link":"https:\/\/www.notibras.com\/site\/proteger-crianca-de-abuso-exige-atencao-familiar-diz-ministro\/","title":{"rendered":"Proteger crian\u00e7a de abuso exige aten\u00e7\u00e3o familiar, diz ministro"},"content":{"rendered":"<p>O presidente da Rep\u00fablica em exerc\u00edcio, Geraldo Alckmin, assinou, nesta quinta-feira (18), decreto dando posse aos novos membros da Comiss\u00e3o Intersetorial de Enfrentamento \u00e0 Viol\u00eancia Sexual contra Crian\u00e7as e Adolescentes. Como \u00f3rg\u00e3o de consulta, estudos e articula\u00e7\u00e3o, cabe \u00e0 comiss\u00e3o formular propostas de a\u00e7\u00f5es no \u00e2mbito do plano nacional de combate a esse tipo de viol\u00eancia.<\/p>\n<p>O ato ocorreu durante cerim\u00f4nia, no Pal\u00e1cio do Planalto, alusiva ao Dia Nacional de Enfrentamento ao Abuso e \u00e0 Explora\u00e7\u00e3o Sexual de Crian\u00e7as e Adolescentes, neste 18 de maio.<\/p>\n<p>Para o ministro dos Direitos Humanos e da Cidadania, Silvio Almeida, para o combate \u00e0 explora\u00e7\u00e3o sexual infantil \u00e9 necess\u00e1rio um sistema de rela\u00e7\u00f5es intersetoriais que envolva diversos atores do Estado e da sociedade civil.<\/p>\n<p>\u201cA gente precisa ter sistema de preven\u00e7\u00e3o, o que envolve, em larga medida, forma\u00e7\u00e3o, educa\u00e7\u00e3o, envolve rela\u00e7\u00f5es intersetoriais\u201d, disse. \u201cProteger as crian\u00e7as \u00e9 proteger as fam\u00edlias das crian\u00e7as e, nesse sentido, proteger as fam\u00edlias \u00e9 garantir que as pessoas tenham comida, que as pessoas tenham sa\u00fade, que as pessoas tenham educa\u00e7\u00e3o de qualidade. Ou seja, o que destr\u00f3i a vida de uma crian\u00e7a \u00e9 a destrui\u00e7\u00e3o, tamb\u00e9m, da capacidade material da sua fam\u00edlia de prover aquilo que \u00e9 necess\u00e1rio para sua subsist\u00eancia. Ent\u00e3o, temos que pensar numa dimens\u00e3o l\u00fadica, na forma\u00e7\u00e3o do imagin\u00e1rio da crian\u00e7a, mas \u00e9 preciso que a crian\u00e7a tenha as bases materiais para o seu pleno de desenvolvimento\u201d, destacou.<\/p>\n<p>O evento foi realizado em parceria com o Pacto Global da Organiza\u00e7\u00e3o das Na\u00e7\u00f5es Unidas, a Childhood Brasil, a Rede Ecpat Brasil, o Freedom Fund, o Comit\u00ea Nacional de Enfrentamento \u00e0 Viol\u00eancia Sexual contra Crian\u00e7as e Adolescentes e o Instituto Alana. Na ocasi\u00e3o, tamb\u00e9m foram anunciadas outras a\u00e7\u00f5es do governo para preven\u00e7\u00e3o, combate \u00e0 explora\u00e7\u00e3o e defesa dos direitos de crian\u00e7as e adolescentes em situa\u00e7\u00e3o de viol\u00eancia sexual.<\/p>\n<p>Desde o in\u00edcio do m\u00eas, a Secretaria Nacional dos Direitos da Crian\u00e7a e do Adolescente do Minist\u00e9rio dos Direitos Humanos e da Cidadania e seus parceiros institucionais, inclusive da sociedade civil, promovem uma s\u00e9rie de a\u00e7\u00f5es com o objetivo de disseminar, desenvolver e implementar estrat\u00e9gias de combate \u00e0 viol\u00eancia sexual e demais tipos de viol\u00eancia contra crian\u00e7as e adolescentes.<\/p>\n<p>Entre as entregas realizadas hoje est\u00e1 a assinatura de um protocolo de inten\u00e7\u00f5es pelo Minist\u00e9rio dos Direitos Humanos e da Cidadania, Pacto Global da Organiza\u00e7\u00e3o das Na\u00e7\u00f5es Unidas (ONU), Instituto Alana e Coaliz\u00e3o Brasileira pelo Fim da Viol\u00eancia contra Crian\u00e7as e Adolescentes com o objetivo de fortalecer o engajamento de empresas com a ado\u00e7\u00e3o de medidas efetivas para promover os direitos de crian\u00e7as e adolescentes em todas as suas atividades.<\/p>\n<p>Segundo o minist\u00e9rio, a assinatura busca garantir o compromisso do setor privado na promo\u00e7\u00e3o dos direitos desses grupos, como estabelece o Artigo 227 da Constitui\u00e7\u00e3o Federal.<\/p>\n<p><strong>Fa\u00e7a Bonito<\/strong><br \/>\nO Dia D da campanha Fa\u00e7a Bonito. Proteja nossas crian\u00e7as e adolescentes \u00e9 em 18 de maio em mem\u00f3ria da menina Araceli Crespo, de 8 anos, que nesta data em 1973 foi raptada, drogada, violentada, estuprada, assassinada e carbonizada por jovens de classe m\u00e9dia de Vit\u00f3ria, que at\u00e9 hoje nunca foram punidos. O tr\u00e1gico epis\u00f3dio completa 50 anos em 2023.<\/p>\n<p>O jovem Raul Zainedin, de 15 anos, integrante do comit\u00ea de participa\u00e7\u00e3o dos adolescentes do Conselho Nacional dos Direitos da Crian\u00e7a e do Adolescente (Conanda), disse que o crime \u00e9 um dos mais atrozes que a sociedade brasileira j\u00e1 presenciou e que \u00e9 dever de todos \u201clutar incansavelmente para que esses abusos sejam erradicados\u201d. Para ele, \u00e9 preciso um amplo trabalho de conscientiza\u00e7\u00e3o para o reconhecimento dos diversos tipos de explora\u00e7\u00e3o sexual que existem nas rela\u00e7\u00f5es sociais e nas institui\u00e7\u00f5es.<\/p>\n<p>\u201cEsse crime [contra Araceli] deve ser lembrado, deve ser uma ferida que n\u00e3o pode se cicatrizar na nossa sociedade, porque quem esquece a sua hist\u00f3ria est\u00e1 condenado a repeti-la. Infelizmente, a explora\u00e7\u00e3o sexual infantil \u00e9 uma realidade triste e perturbadora em nossa sociedade. Cada crian\u00e7a que sofre com essa terr\u00edvel viol\u00eancia \u00e9 uma vida inocente que tem seu sonhos e sua dignidade brutalmente violados\u201d, disse em discurso no evento.<\/p>\n<p>Anualmente, 500 mil crian\u00e7as e adolescentes s\u00e3o explorados sexualmente no Brasil, mas somente cerca de 7,5% dos casos s\u00e3o denunciados. Segundo dados do Minist\u00e9rio dos Direitos Humanos e Cidadania, nos primeiros quatro meses de 2023, o Disque 100 registrou 69,3 mil den\u00fancias e 397 mil viola\u00e7\u00f5es de direitos humanos de crian\u00e7as e adolescentes, das quais 9,5 mil den\u00fancias e 17,5 mil viola\u00e7\u00f5es envolvem viol\u00eancias sexuais f\u00edsicas \u2013 abuso, estupro e explora\u00e7\u00e3o sexual \u2013 e ps\u00edquicas.<\/p>\n<p>A casa da v\u00edtima, do suspeito ou de familiares est\u00e1 entre os piores cen\u00e1rios, com quase 14 mil viola\u00e7\u00f5es. Para especialistas, o abuso sexual de crian\u00e7as e adolescentes \u00e9 um tema complexo, sobretudo por envolver pessoas conhecidas da fam\u00edlia. Por isso, o di\u00e1logo com o menor de idade tamb\u00e9m \u00e9 um mecanismo de preven\u00e7\u00e3o e identifica\u00e7\u00e3o a essa viol\u00eancia.<\/p>\n<p><strong>Agravamento<\/strong><br \/>\nEm carta lida durante o evento, a primeira-dama Janja Lula da Silva lembrou que a situa\u00e7\u00e3o da viol\u00eancia contra crian\u00e7as e adolescentes foi agravada com a pandemia de covid-19 e pela \u201cpostura de governantes que atuaram nos \u00faltimos anos contra o sistema de prote\u00e7\u00e3o da inf\u00e2ncia e adolesc\u00eancia\u201d.<\/p>\n<p>\u201cVamos seguir trabalhando juntos, como est\u00e1 no ECA [Estatuto da Crian\u00e7a e do Adolescente]: Estado, sociedade civil e fam\u00edlias unidos, garantindo uma inf\u00e2ncia segura e feliz para os brasileirinhos \u2013 e tamb\u00e9m os n\u00e3o brasileirinhos, que s\u00e3o muito bem acolhidos no nosso pa\u00eds. Meu \u00faltimo recado para voc\u00eas \u00e9 este: a parceria entre a sociedade civil e o Estado na reconstru\u00e7\u00e3o e execu\u00e7\u00e3o das pol\u00edticas de prote\u00e7\u00e3o para crian\u00e7as e adolescentes \u00e9 o \u00fanico clima que pode pintar\u201d, destacou.<\/p>\n<p>A frase de Janja faz refer\u00eancia ao epis\u00f3dio em que o ex-presidente Jair Bolsonaro disse que \u201cpintou um clima\u201d ao se referir a adolescentes venezuelanas refugiadas em Bras\u00edlia. Em entrevista a um podcast, em outubro de 2022, Bolsonaro narrou que, em visita \u00e0 localidade de S\u00e3o Sebasti\u00e3o, no Distrito Federal, em 2021, deparou com adolescentes venezuelanas bem arrumadas, o que, para ele, demonstraria estarem submetidas \u00e0 explora\u00e7\u00e3o sexual para \u201cganhar a vida\u201d.<\/p>\n<p>\u201cEu estava em Bras\u00edlia, na comunidade de S\u00e3o Sebasti\u00e3o, se eu n\u00e3o me engano, em um s\u00e1bado, de moto. Parei a moto em uma esquina, tirei o capacete e olhei umas menininhas. Tr\u00eas, quatro. Bonitas. De 14, 15 anos. Arrumadinhas, num s\u00e1bado, em uma comunidade. E vi que eram meio parecidas. Pintou um clima, voltei. &#8216;Posso entrar na sua casa?&#8217; Entrei. Tinha umas 15, 20 meninas, s\u00e1bado de manh\u00e3, se arrumando, todas venezuelanas. E eu pergunto: meninas bonitinhas de 14, 15 anos, se arrumando no s\u00e1bado para qu\u00ea? Ganhar a vida\u201d, contou Bolsonaro no podcast.<\/p>\n<p>Diante da repercuss\u00e3o, Bolsonaro se explicou dizendo que a fala foi tirada de contexto e que sua inten\u00e7\u00e3o era demonstrar indigna\u00e7\u00e3o diante da situa\u00e7\u00e3o em que as meninas venezuelanas estavam vivendo.<\/p>\n<p>Em 2023, o Brasil subiu duas posi\u00e7\u00f5es no \u00edndice Out of the Shadows (Fora das Sombras), ranking que avalia o enfrentamento \u00e0 explora\u00e7\u00e3o e ao abuso sexual de crian\u00e7as e adolescentes em 60 pa\u00edses, incluindo Am\u00e9rica Latina e Caribe. Na primeira edi\u00e7\u00e3o do estudo, publicado em 2018, o Brasil ficou em 13\u00ba lugar, e, passados cinco anos, o pa\u00eds subiu para a 11\u00aa posi\u00e7\u00e3o.<\/p>\n","protected":false},"excerpt":{"rendered":"<p>O presidente da Rep\u00fablica em exerc\u00edcio, Geraldo Alckmin, assinou, nesta quinta-feira (18), decreto dando posse aos novos membros da Comiss\u00e3o Intersetorial de Enfrentamento \u00e0 Viol\u00eancia Sexual contra Crian\u00e7as e Adolescentes. Como \u00f3rg\u00e3o de consulta, estudos e articula\u00e7\u00e3o, cabe \u00e0 comiss\u00e3o formular propostas de a\u00e7\u00f5es no \u00e2mbito do plano nacional de combate a esse tipo de [&hellip;]<\/p>\n","protected":false},"author":2,"featured_media":305199,"comment_status":"closed","ping_status":"closed","sticky":false,"template":"","format":"standard","meta":{"_acf_changed":false,"footnotes":""},"categories":[161],"tags":[95],"class_list":["post-305198","post","type-post","status-publish","format-standard","has-post-thumbnail","hentry","category-quadradinho-em-foco","tag-capa"],"acf":[],"yoast_head":"<!-- This site is optimized with the Yoast SEO plugin v27.2 - https:\/\/yoast.com\/product\/yoast-seo-wordpress\/ -->\n<title>Proteger crian\u00e7a de abuso exige aten\u00e7\u00e3o familiar, diz ministro - Notibras<\/title>\n<meta name=\"robots\" content=\"index, follow, max-snippet:-1, max-image-preview:large, max-video-preview:-1\" \/>\n<link rel=\"canonical\" href=\"https:\/\/www.notibras.com\/site\/proteger-crianca-de-abuso-exige-atencao-familiar-diz-ministro\/\" \/>\n<meta property=\"og:locale\" content=\"pt_BR\" \/>\n<meta property=\"og:type\" content=\"article\" \/>\n<meta property=\"og:title\" content=\"Proteger crian\u00e7a de abuso exige aten\u00e7\u00e3o familiar, diz ministro - Notibras\" \/>\n<meta property=\"og:description\" content=\"O presidente da Rep\u00fablica em exerc\u00edcio, Geraldo Alckmin, assinou, nesta quinta-feira (18), decreto dando posse aos novos membros da Comiss\u00e3o Intersetorial de Enfrentamento \u00e0 Viol\u00eancia Sexual contra Crian\u00e7as e Adolescentes. Como \u00f3rg\u00e3o de consulta, estudos e articula\u00e7\u00e3o, cabe \u00e0 comiss\u00e3o formular propostas de a\u00e7\u00f5es no \u00e2mbito do plano nacional de combate a esse tipo de [&hellip;]\" \/>\n<meta property=\"og:url\" content=\"https:\/\/www.notibras.com\/site\/proteger-crianca-de-abuso-exige-atencao-familiar-diz-ministro\/\" \/>\n<meta property=\"og:site_name\" content=\"Notibras\" \/>\n<meta property=\"article:publisher\" content=\"https:\/\/www.facebook.com\/notibras\/\" \/>\n<meta property=\"article:published_time\" content=\"2023-05-18T16:56:00+00:00\" \/>\n<meta property=\"article:modified_time\" content=\"2023-05-18T17:59:11+00:00\" \/>\n<meta property=\"og:image\" content=\"https:\/\/www.notibras.com\/site\/wp-content\/uploads\/2023\/05\/pzzb2667_0.jpg\" \/>\n\t<meta property=\"og:image:width\" content=\"1170\" \/>\n\t<meta property=\"og:image:height\" content=\"700\" \/>\n\t<meta property=\"og:image:type\" content=\"image\/jpeg\" \/>\n<meta name=\"author\" content=\"Reda\u00e7\u00e3o\" \/>\n<meta name=\"twitter:card\" content=\"summary_large_image\" \/>\n<meta name=\"twitter:creator\" content=\"@Notibras\" \/>\n<meta name=\"twitter:site\" content=\"@Notibras\" \/>\n<meta name=\"twitter:label1\" content=\"Escrito por\" \/>\n\t<meta name=\"twitter:data1\" content=\"Reda\u00e7\u00e3o\" \/>\n\t<meta name=\"twitter:label2\" content=\"Est. tempo de leitura\" \/>\n\t<meta name=\"twitter:data2\" content=\"7 minutos\" \/>\n<script type=\"application\/ld+json\" class=\"yoast-schema-graph\">{\"@context\":\"https:\/\/schema.org\",\"@graph\":[{\"@type\":\"Article\",\"@id\":\"https:\/\/www.notibras.com\/site\/proteger-crianca-de-abuso-exige-atencao-familiar-diz-ministro\/#article\",\"isPartOf\":{\"@id\":\"https:\/\/www.notibras.com\/site\/proteger-crianca-de-abuso-exige-atencao-familiar-diz-ministro\/\"},\"author\":{\"name\":\"Reda\u00e7\u00e3o\",\"@id\":\"https:\/\/www.notibras.com\/site\/#\/schema\/person\/36ab0979449956132d3e5b517ea76ac8\"},\"headline\":\"Proteger crian\u00e7a de abuso exige aten\u00e7\u00e3o familiar, diz ministro\",\"datePublished\":\"2023-05-18T16:56:00+00:00\",\"dateModified\":\"2023-05-18T17:59:11+00:00\",\"mainEntityOfPage\":{\"@id\":\"https:\/\/www.notibras.com\/site\/proteger-crianca-de-abuso-exige-atencao-familiar-diz-ministro\/\"},\"wordCount\":1306,\"publisher\":{\"@id\":\"https:\/\/www.notibras.com\/site\/#organization\"},\"image\":{\"@id\":\"https:\/\/www.notibras.com\/site\/proteger-crianca-de-abuso-exige-atencao-familiar-diz-ministro\/#primaryimage\"},\"thumbnailUrl\":\"https:\/\/www.notibras.com\/site\/wp-content\/uploads\/2023\/05\/pzzb2667_0.jpg\",\"keywords\":[\"capa\"],\"articleSection\":[\"Quadradinho em Foco\"],\"inLanguage\":\"pt-BR\"},{\"@type\":\"WebPage\",\"@id\":\"https:\/\/www.notibras.com\/site\/proteger-crianca-de-abuso-exige-atencao-familiar-diz-ministro\/\",\"url\":\"https:\/\/www.notibras.com\/site\/proteger-crianca-de-abuso-exige-atencao-familiar-diz-ministro\/\",\"name\":\"Proteger crian\u00e7a de abuso exige aten\u00e7\u00e3o familiar, diz ministro - Notibras\",\"isPartOf\":{\"@id\":\"https:\/\/www.notibras.com\/site\/#website\"},\"primaryImageOfPage\":{\"@id\":\"https:\/\/www.notibras.com\/site\/proteger-crianca-de-abuso-exige-atencao-familiar-diz-ministro\/#primaryimage\"},\"image\":{\"@id\":\"https:\/\/www.notibras.com\/site\/proteger-crianca-de-abuso-exige-atencao-familiar-diz-ministro\/#primaryimage\"},\"thumbnailUrl\":\"https:\/\/www.notibras.com\/site\/wp-content\/uploads\/2023\/05\/pzzb2667_0.jpg\",\"datePublished\":\"2023-05-18T16:56:00+00:00\",\"dateModified\":\"2023-05-18T17:59:11+00:00\",\"breadcrumb\":{\"@id\":\"https:\/\/www.notibras.com\/site\/proteger-crianca-de-abuso-exige-atencao-familiar-diz-ministro\/#breadcrumb\"},\"inLanguage\":\"pt-BR\",\"potentialAction\":[{\"@type\":\"ReadAction\",\"target\":[\"https:\/\/www.notibras.com\/site\/proteger-crianca-de-abuso-exige-atencao-familiar-diz-ministro\/\"]}]},{\"@type\":\"ImageObject\",\"inLanguage\":\"pt-BR\",\"@id\":\"https:\/\/www.notibras.com\/site\/proteger-crianca-de-abuso-exige-atencao-familiar-diz-ministro\/#primaryimage\",\"url\":\"https:\/\/www.notibras.com\/site\/wp-content\/uploads\/2023\/05\/pzzb2667_0.jpg\",\"contentUrl\":\"https:\/\/www.notibras.com\/site\/wp-content\/uploads\/2023\/05\/pzzb2667_0.jpg\",\"width\":1170,\"height\":700,\"caption\":\"Bras\u00edlia - DF 18\/05\/2023 O presidente em exerc\u00edcio, Geraldo Alckmin, e o ministro da Cidadania e Direitos Humanos, Silvio Almeida, durante cerim\u00f4nia alusiva ao Dia Nacional de Enfrentamento ao Abuso e \u00e0 Explora\u00e7\u00e3o Sexual das Crian\u00e7as e Adolescentes. Foto: Fabio Rodrigues-Pozzebom\/ Ag\u00eancia Brasil\"},{\"@type\":\"BreadcrumbList\",\"@id\":\"https:\/\/www.notibras.com\/site\/proteger-crianca-de-abuso-exige-atencao-familiar-diz-ministro\/#breadcrumb\",\"itemListElement\":[{\"@type\":\"ListItem\",\"position\":1,\"name\":\"In\u00edcio\",\"item\":\"https:\/\/www.notibras.com\/site\/\"},{\"@type\":\"ListItem\",\"position\":2,\"name\":\"Proteger crian\u00e7a de abuso exige aten\u00e7\u00e3o familiar, diz ministro\"}]},{\"@type\":\"WebSite\",\"@id\":\"https:\/\/www.notibras.com\/site\/#website\",\"url\":\"https:\/\/www.notibras.com\/site\/\",\"name\":\"Notibras\",\"description\":\"Not\u00edcias de Bras\u00edlia, do Brasil e do Mundo\",\"publisher\":{\"@id\":\"https:\/\/www.notibras.com\/site\/#organization\"},\"potentialAction\":[{\"@type\":\"SearchAction\",\"target\":{\"@type\":\"EntryPoint\",\"urlTemplate\":\"https:\/\/www.notibras.com\/site\/?s={search_term_string}\"},\"query-input\":{\"@type\":\"PropertyValueSpecification\",\"valueRequired\":true,\"valueName\":\"search_term_string\"}}],\"inLanguage\":\"pt-BR\"},{\"@type\":\"Organization\",\"@id\":\"https:\/\/www.notibras.com\/site\/#organization\",\"name\":\"Grupo Notibras de Comunica\u00e7\u00e3o\",\"url\":\"https:\/\/www.notibras.com\/site\/\",\"logo\":{\"@type\":\"ImageObject\",\"inLanguage\":\"pt-BR\",\"@id\":\"https:\/\/www.notibras.com\/site\/#\/schema\/logo\/image\/\",\"url\":\"https:\/\/www.notibras.com\/site\/wp-content\/uploads\/2023\/01\/notibras23.png\",\"contentUrl\":\"https:\/\/www.notibras.com\/site\/wp-content\/uploads\/2023\/01\/notibras23.png\",\"width\":350,\"height\":87,\"caption\":\"Grupo Notibras de Comunica\u00e7\u00e3o\"},\"image\":{\"@id\":\"https:\/\/www.notibras.com\/site\/#\/schema\/logo\/image\/\"},\"sameAs\":[\"https:\/\/www.facebook.com\/notibras\/\",\"https:\/\/x.com\/Notibras\",\"https:\/\/www.instagram.com\/notibras\/\"]},{\"@type\":\"Person\",\"@id\":\"https:\/\/www.notibras.com\/site\/#\/schema\/person\/36ab0979449956132d3e5b517ea76ac8\",\"name\":\"Reda\u00e7\u00e3o\",\"image\":{\"@type\":\"ImageObject\",\"inLanguage\":\"pt-BR\",\"@id\":\"https:\/\/secure.gravatar.com\/avatar\/e0a867bdedb85fd243eadf09663511f96fc81e0720a4a42581f334ad4303aa6b?s=96&d=mm&r=g\",\"url\":\"https:\/\/secure.gravatar.com\/avatar\/e0a867bdedb85fd243eadf09663511f96fc81e0720a4a42581f334ad4303aa6b?s=96&d=mm&r=g\",\"contentUrl\":\"https:\/\/secure.gravatar.com\/avatar\/e0a867bdedb85fd243eadf09663511f96fc81e0720a4a42581f334ad4303aa6b?s=96&d=mm&r=g\",\"caption\":\"Reda\u00e7\u00e3o\"}}]}<\/script>\n<!-- \/ Yoast SEO plugin. -->","yoast_head_json":{"title":"Proteger crian\u00e7a de abuso exige aten\u00e7\u00e3o familiar, diz ministro - Notibras","robots":{"index":"index","follow":"follow","max-snippet":"max-snippet:-1","max-image-preview":"max-image-preview:large","max-video-preview":"max-video-preview:-1"},"canonical":"https:\/\/www.notibras.com\/site\/proteger-crianca-de-abuso-exige-atencao-familiar-diz-ministro\/","og_locale":"pt_BR","og_type":"article","og_title":"Proteger crian\u00e7a de abuso exige aten\u00e7\u00e3o familiar, diz ministro - Notibras","og_description":"O presidente da Rep\u00fablica em exerc\u00edcio, Geraldo Alckmin, assinou, nesta quinta-feira (18), decreto dando posse aos novos membros da Comiss\u00e3o Intersetorial de Enfrentamento \u00e0 Viol\u00eancia Sexual contra Crian\u00e7as e Adolescentes. Como \u00f3rg\u00e3o de consulta, estudos e articula\u00e7\u00e3o, cabe \u00e0 comiss\u00e3o formular propostas de a\u00e7\u00f5es no \u00e2mbito do plano nacional de combate a esse tipo de [&hellip;]","og_url":"https:\/\/www.notibras.com\/site\/proteger-crianca-de-abuso-exige-atencao-familiar-diz-ministro\/","og_site_name":"Notibras","article_publisher":"https:\/\/www.facebook.com\/notibras\/","article_published_time":"2023-05-18T16:56:00+00:00","article_modified_time":"2023-05-18T17:59:11+00:00","og_image":[{"width":1170,"height":700,"url":"https:\/\/www.notibras.com\/site\/wp-content\/uploads\/2023\/05\/pzzb2667_0.jpg","type":"image\/jpeg"}],"author":"Reda\u00e7\u00e3o","twitter_card":"summary_large_image","twitter_creator":"@Notibras","twitter_site":"@Notibras","twitter_misc":{"Escrito por":"Reda\u00e7\u00e3o","Est. tempo de leitura":"7 minutos"},"schema":{"@context":"https:\/\/schema.org","@graph":[{"@type":"Article","@id":"https:\/\/www.notibras.com\/site\/proteger-crianca-de-abuso-exige-atencao-familiar-diz-ministro\/#article","isPartOf":{"@id":"https:\/\/www.notibras.com\/site\/proteger-crianca-de-abuso-exige-atencao-familiar-diz-ministro\/"},"author":{"name":"Reda\u00e7\u00e3o","@id":"https:\/\/www.notibras.com\/site\/#\/schema\/person\/36ab0979449956132d3e5b517ea76ac8"},"headline":"Proteger crian\u00e7a de abuso exige aten\u00e7\u00e3o familiar, diz ministro","datePublished":"2023-05-18T16:56:00+00:00","dateModified":"2023-05-18T17:59:11+00:00","mainEntityOfPage":{"@id":"https:\/\/www.notibras.com\/site\/proteger-crianca-de-abuso-exige-atencao-familiar-diz-ministro\/"},"wordCount":1306,"publisher":{"@id":"https:\/\/www.notibras.com\/site\/#organization"},"image":{"@id":"https:\/\/www.notibras.com\/site\/proteger-crianca-de-abuso-exige-atencao-familiar-diz-ministro\/#primaryimage"},"thumbnailUrl":"https:\/\/www.notibras.com\/site\/wp-content\/uploads\/2023\/05\/pzzb2667_0.jpg","keywords":["capa"],"articleSection":["Quadradinho em Foco"],"inLanguage":"pt-BR"},{"@type":"WebPage","@id":"https:\/\/www.notibras.com\/site\/proteger-crianca-de-abuso-exige-atencao-familiar-diz-ministro\/","url":"https:\/\/www.notibras.com\/site\/proteger-crianca-de-abuso-exige-atencao-familiar-diz-ministro\/","name":"Proteger crian\u00e7a de abuso exige aten\u00e7\u00e3o familiar, diz ministro - Notibras","isPartOf":{"@id":"https:\/\/www.notibras.com\/site\/#website"},"primaryImageOfPage":{"@id":"https:\/\/www.notibras.com\/site\/proteger-crianca-de-abuso-exige-atencao-familiar-diz-ministro\/#primaryimage"},"image":{"@id":"https:\/\/www.notibras.com\/site\/proteger-crianca-de-abuso-exige-atencao-familiar-diz-ministro\/#primaryimage"},"thumbnailUrl":"https:\/\/www.notibras.com\/site\/wp-content\/uploads\/2023\/05\/pzzb2667_0.jpg","datePublished":"2023-05-18T16:56:00+00:00","dateModified":"2023-05-18T17:59:11+00:00","breadcrumb":{"@id":"https:\/\/www.notibras.com\/site\/proteger-crianca-de-abuso-exige-atencao-familiar-diz-ministro\/#breadcrumb"},"inLanguage":"pt-BR","potentialAction":[{"@type":"ReadAction","target":["https:\/\/www.notibras.com\/site\/proteger-crianca-de-abuso-exige-atencao-familiar-diz-ministro\/"]}]},{"@type":"ImageObject","inLanguage":"pt-BR","@id":"https:\/\/www.notibras.com\/site\/proteger-crianca-de-abuso-exige-atencao-familiar-diz-ministro\/#primaryimage","url":"https:\/\/www.notibras.com\/site\/wp-content\/uploads\/2023\/05\/pzzb2667_0.jpg","contentUrl":"https:\/\/www.notibras.com\/site\/wp-content\/uploads\/2023\/05\/pzzb2667_0.jpg","width":1170,"height":700,"caption":"Bras\u00edlia - DF 18\/05\/2023 O presidente em exerc\u00edcio, Geraldo Alckmin, e o ministro da Cidadania e Direitos Humanos, Silvio Almeida, durante cerim\u00f4nia alusiva ao Dia Nacional de Enfrentamento ao Abuso e \u00e0 Explora\u00e7\u00e3o Sexual das Crian\u00e7as e Adolescentes. Foto: Fabio Rodrigues-Pozzebom\/ Ag\u00eancia Brasil"},{"@type":"BreadcrumbList","@id":"https:\/\/www.notibras.com\/site\/proteger-crianca-de-abuso-exige-atencao-familiar-diz-ministro\/#breadcrumb","itemListElement":[{"@type":"ListItem","position":1,"name":"In\u00edcio","item":"https:\/\/www.notibras.com\/site\/"},{"@type":"ListItem","position":2,"name":"Proteger crian\u00e7a de abuso exige aten\u00e7\u00e3o familiar, diz ministro"}]},{"@type":"WebSite","@id":"https:\/\/www.notibras.com\/site\/#website","url":"https:\/\/www.notibras.com\/site\/","name":"Notibras","description":"Not\u00edcias de Bras\u00edlia, do Brasil e do Mundo","publisher":{"@id":"https:\/\/www.notibras.com\/site\/#organization"},"potentialAction":[{"@type":"SearchAction","target":{"@type":"EntryPoint","urlTemplate":"https:\/\/www.notibras.com\/site\/?s={search_term_string}"},"query-input":{"@type":"PropertyValueSpecification","valueRequired":true,"valueName":"search_term_string"}}],"inLanguage":"pt-BR"},{"@type":"Organization","@id":"https:\/\/www.notibras.com\/site\/#organization","name":"Grupo Notibras de Comunica\u00e7\u00e3o","url":"https:\/\/www.notibras.com\/site\/","logo":{"@type":"ImageObject","inLanguage":"pt-BR","@id":"https:\/\/www.notibras.com\/site\/#\/schema\/logo\/image\/","url":"https:\/\/www.notibras.com\/site\/wp-content\/uploads\/2023\/01\/notibras23.png","contentUrl":"https:\/\/www.notibras.com\/site\/wp-content\/uploads\/2023\/01\/notibras23.png","width":350,"height":87,"caption":"Grupo Notibras de Comunica\u00e7\u00e3o"},"image":{"@id":"https:\/\/www.notibras.com\/site\/#\/schema\/logo\/image\/"},"sameAs":["https:\/\/www.facebook.com\/notibras\/","https:\/\/x.com\/Notibras","https:\/\/www.instagram.com\/notibras\/"]},{"@type":"Person","@id":"https:\/\/www.notibras.com\/site\/#\/schema\/person\/36ab0979449956132d3e5b517ea76ac8","name":"Reda\u00e7\u00e3o","image":{"@type":"ImageObject","inLanguage":"pt-BR","@id":"https:\/\/secure.gravatar.com\/avatar\/e0a867bdedb85fd243eadf09663511f96fc81e0720a4a42581f334ad4303aa6b?s=96&d=mm&r=g","url":"https:\/\/secure.gravatar.com\/avatar\/e0a867bdedb85fd243eadf09663511f96fc81e0720a4a42581f334ad4303aa6b?s=96&d=mm&r=g","contentUrl":"https:\/\/secure.gravatar.com\/avatar\/e0a867bdedb85fd243eadf09663511f96fc81e0720a4a42581f334ad4303aa6b?s=96&d=mm&r=g","caption":"Reda\u00e7\u00e3o"}}]}},"amp_enabled":true,"_links":{"self":[{"href":"https:\/\/www.notibras.com\/site\/wp-json\/wp\/v2\/posts\/305198","targetHints":{"allow":["GET"]}}],"collection":[{"href":"https:\/\/www.notibras.com\/site\/wp-json\/wp\/v2\/posts"}],"about":[{"href":"https:\/\/www.notibras.com\/site\/wp-json\/wp\/v2\/types\/post"}],"author":[{"embeddable":true,"href":"https:\/\/www.notibras.com\/site\/wp-json\/wp\/v2\/users\/2"}],"replies":[{"embeddable":true,"href":"https:\/\/www.notibras.com\/site\/wp-json\/wp\/v2\/comments?post=305198"}],"version-history":[{"count":1,"href":"https:\/\/www.notibras.com\/site\/wp-json\/wp\/v2\/posts\/305198\/revisions"}],"predecessor-version":[{"id":305200,"href":"https:\/\/www.notibras.com\/site\/wp-json\/wp\/v2\/posts\/305198\/revisions\/305200"}],"wp:featuredmedia":[{"embeddable":true,"href":"https:\/\/www.notibras.com\/site\/wp-json\/wp\/v2\/media\/305199"}],"wp:attachment":[{"href":"https:\/\/www.notibras.com\/site\/wp-json\/wp\/v2\/media?parent=305198"}],"wp:term":[{"taxonomy":"category","embeddable":true,"href":"https:\/\/www.notibras.com\/site\/wp-json\/wp\/v2\/categories?post=305198"},{"taxonomy":"post_tag","embeddable":true,"href":"https:\/\/www.notibras.com\/site\/wp-json\/wp\/v2\/tags?post=305198"}],"curies":[{"name":"wp","href":"https:\/\/api.w.org\/{rel}","templated":true}]}}