{"id":305202,"date":"2023-05-18T12:01:41","date_gmt":"2023-05-18T15:01:41","guid":{"rendered":"https:\/\/www.notibras.com\/site\/?p=305202"},"modified":"2023-05-18T15:06:26","modified_gmt":"2023-05-18T18:06:26","slug":"mentiras-deixam-pais-sem-vacinar-as-criancas","status":"publish","type":"post","link":"https:\/\/www.notibras.com\/site\/mentiras-deixam-pais-sem-vacinar-as-criancas\/","title":{"rendered":"Mentiras deixam pais sem vacinar as crian\u00e7as"},"content":{"rendered":"<p>Medo de poss\u00edveis efeitos adversos e falta de confian\u00e7a nas vacinas s\u00e3o os principais motivos que levam pais e respons\u00e1veis a negligenciar a vacina\u00e7\u00e3o de crian\u00e7as e adolescentes. \u00c9 o que demonstra pesquisa apresentada pela Sociedade Brasileira de Pediatria e pelo Instituto Quest\u00e3o de Ci\u00eancia. Outras alega\u00e7\u00f5es comumente ouvidas em consult\u00f3rios s\u00e3o o esquecimento, a falta de vacinas no servi\u00e7o p\u00fablico e o pre\u00e7o das doses nos servi\u00e7os privados.<\/p>\n<p>A pesquisa Hesita\u00e7\u00e3o vacinal: por que estamos recuando em conquistas t\u00e3o importantes? ouviu cerca de mil pediatras brasileiros no intuito de descobrir as d\u00favidas mais comuns sobre vacina\u00e7\u00e3o relatadas pelas fam\u00edlias durante o atendimento pedi\u00e1trico. A \u00edntegra do estudo ser\u00e1 conhecida no fim de maio, mas dados preliminares indicam influ\u00eancia relevante de informa\u00e7\u00f5es n\u00e3o confi\u00e1veis ou fake news sobre o comportamento das fam\u00edlias.<\/p>\n<p>\u201cMuitas d\u00favidas e afirma\u00e7\u00f5es falsas baseadas em desinforma\u00e7\u00e3o t\u00eam chegado at\u00e9 os pediatras. Entre as principais est\u00e3o frases como \u2018Minha filha n\u00e3o precisa da vacina para HPV, pois ainda n\u00e3o iniciou a vida sexual\u2019; \u2018Vacina para HPV pode gerar efeitos neurol\u00f3gicos graves\u2019; e ainda \u2018A doen\u00e7a por rotav\u00edrus \u00e9 leve em crian\u00e7as\u2019\u201d, destacou a Sociedade Brasileira de Pediatria, por meio de nota.<\/p>\n<p>Covid-19<br \/>\nDe acordo com 81,29% dos pediatras entrevistados, a vacina contra a covid-19 \u00e9 a que tem gerado maior apreens\u00e3o entre as fam\u00edlias, seguida pelas doses contra a gripe (6,7%) e a febre amarela (6,09%), doen\u00e7as mais conhecidas pela popula\u00e7\u00e3o. Os principais motivos alegados nos consult\u00f3rios, no caso da vacina contra a covid, s\u00e3o:<\/p>\n<p>&#8211; \u201cA vacina da covid-19 com tecnologia RNA pode trazer riscos \u00e0 sa\u00fade das crian\u00e7as\u201d (18,09%);<\/p>\n<p>&#8211; \u201cN\u00e3o aceitar correr riscos, uma vez que imuniza\u00e7\u00f5es podem causar doen\u00e7as como miocardite e trombose\u201d (16,58%);<\/p>\n<p>&#8211; \u201cAs vacinas de RNA n\u00e3o s\u00e3o seguras no longo prazo\u201d (13%);<\/p>\n<p>&#8211; \u201cCrian\u00e7as n\u00e3o t\u00eam covid grave\u201d (12,84%);<\/p>\n<p>&#8211; \u201cN\u00e3o conhe\u00e7o nenhuma crian\u00e7a que morreu de covid\u201d (8,8%).<\/p>\n<p><strong>Redes sociais<\/strong><br \/>\nSegundo a percep\u00e7\u00e3o dos especialistas, informa\u00e7\u00f5es n\u00e3o confi\u00e1veis ou fake news s\u00e3o veiculadas, sobretudo, por meio das redes sociais (30,95%). Aplicativos de mensagens como WhatsApp (8,43%) e a internet como um todo (13,6%) aparecem com um poder de influ\u00eancia superior ao da televis\u00e3o (3,34%).<\/p>\n<p><strong>An\u00e1lise<\/strong><br \/>\nO presidente da Sociedade Brasileira de Pediatria, Cl\u00f3vis Francisco Constantino, lembrou que, ao longo dos \u00faltimos seis ou sete anos, o pa\u00eds registrou uma queda \u201cacentuada e perigos\u00edssima\u201d da cobertura vacinal como um todo. O problema, segundo ele, se acentuou durante o per\u00edodo mais cr\u00edtico da pandemia de covid-19.<\/p>\n<p>\u201cIsso fez com que nos depar\u00e1ssemos com um momento perigos\u00edssimo em rela\u00e7\u00e3o a crian\u00e7as e adolescentes, que s\u00e3o alvo da aten\u00e7\u00e3o do pediatra. Rec\u00e9m-nascidos, crian\u00e7as e adolescentes est\u00e3o correndo risco com doen\u00e7as infecciosas, algumas erradicadas, e que podem voltar. Estamos na rota de retorno de muitas doen\u00e7as, alguns grav\u00edssimas.\u201d<\/p>\n<p>\u201cOs pais dessas crian\u00e7as e adolescentes foram vacinados, mas n\u00e3o est\u00e3o levando seus filhos para serem vacinados\u201d, disse. \u201cSer\u00e1 que acham que essas doen\u00e7as, por terem sido algumas erradicadas, nunca mais voltar\u00e3o? Ser\u00e1 que essa \u00e9 uma pergunta que eles fazem a si pr\u00f3prios? Ou n\u00e3o fazem pergunta nenhuma e se entregam a falsas not\u00edcias que veem nas redes sociais sobre \u2018perigos das vacinas\u2019?\u201d<\/p>\n<p>A presidente do Instituto Quest\u00e3o de Ci\u00eancia, Natalia Pasternak, explicou que a proposta da pesquisa \u00e9 tra\u00e7ar um panorama acerca da dificuldade enfrentadas pelos pediatras no consult\u00f3rio associadas \u00e0 hesita\u00e7\u00e3o vacinal. \u201c\u00c9 uma coisa nova no Brasil.\u201d<\/p>\n<p>\u201cO pediatra brasileiro estava acostumado a dizer \u2018Seu filho est\u00e1 com X anos e est\u00e1 na hora de tomar as vacinas Y e Z\u2019. N\u00e3o tinha muita discuss\u00e3o. O brasileiro sempre foi muito adepto \u00e0 vacina\u00e7\u00e3o, at\u00e9 pela cultura que temos, de um programa de vacina\u00e7\u00e3o muito atuante h\u00e1 50 anos.\u201d<\/p>\n<p>Segundo ela, a partir dos resultados da pesquisa, o instituto, em parceria com a Sociedade Brasileira de Pediatria, desenhou um curso, j\u00e1 foi realizado, para representantes das regionais de pediatria espalhadas pelo pa\u00eds.<\/p>\n<p>\u201cA gente dividiu com eles v\u00e1rias t\u00e9cnicas de comunica\u00e7\u00e3o de ci\u00eancia e sa\u00fade sobre como lidar com essas d\u00favidas [dos pais], como identificar de onde v\u00eam as d\u00favidas, por que esses pais est\u00e3o chegando, onde eles escutaram, como eles foram contaminados pela hesita\u00e7\u00e3o vacinal que acaba aparecendo no consult\u00f3rio.\u201d<\/p>\n","protected":false},"excerpt":{"rendered":"<p>Medo de poss\u00edveis efeitos adversos e falta de confian\u00e7a nas vacinas s\u00e3o os principais motivos que levam pais e respons\u00e1veis a negligenciar a vacina\u00e7\u00e3o de crian\u00e7as e adolescentes. \u00c9 o que demonstra pesquisa apresentada pela Sociedade Brasileira de Pediatria e pelo Instituto Quest\u00e3o de Ci\u00eancia. Outras alega\u00e7\u00f5es comumente ouvidas em consult\u00f3rios s\u00e3o o esquecimento, a [&hellip;]<\/p>\n","protected":false},"author":2,"featured_media":305203,"comment_status":"closed","ping_status":"closed","sticky":false,"template":"","format":"standard","meta":{"_acf_changed":false,"footnotes":""},"categories":[161],"tags":[95],"class_list":["post-305202","post","type-post","status-publish","format-standard","has-post-thumbnail","hentry","category-quadradinho-em-foco","tag-capa"],"acf":[],"yoast_head":"<!-- This site is optimized with the Yoast SEO plugin v27.2 - https:\/\/yoast.com\/product\/yoast-seo-wordpress\/ -->\n<title>Mentiras deixam pais sem vacinar as crian\u00e7as - Notibras<\/title>\n<meta name=\"robots\" content=\"index, follow, max-snippet:-1, max-image-preview:large, max-video-preview:-1\" \/>\n<link rel=\"canonical\" href=\"https:\/\/www.notibras.com\/site\/mentiras-deixam-pais-sem-vacinar-as-criancas\/\" \/>\n<meta property=\"og:locale\" content=\"pt_BR\" \/>\n<meta property=\"og:type\" content=\"article\" \/>\n<meta property=\"og:title\" content=\"Mentiras deixam pais sem vacinar as crian\u00e7as - Notibras\" \/>\n<meta property=\"og:description\" content=\"Medo de poss\u00edveis efeitos adversos e falta de confian\u00e7a nas vacinas s\u00e3o os principais motivos que levam pais e respons\u00e1veis a negligenciar a vacina\u00e7\u00e3o de crian\u00e7as e adolescentes. \u00c9 o que demonstra pesquisa apresentada pela Sociedade Brasileira de Pediatria e pelo Instituto Quest\u00e3o de Ci\u00eancia. Outras alega\u00e7\u00f5es comumente ouvidas em consult\u00f3rios s\u00e3o o esquecimento, a [&hellip;]\" \/>\n<meta property=\"og:url\" content=\"https:\/\/www.notibras.com\/site\/mentiras-deixam-pais-sem-vacinar-as-criancas\/\" \/>\n<meta property=\"og:site_name\" content=\"Notibras\" \/>\n<meta property=\"article:publisher\" content=\"https:\/\/www.facebook.com\/notibras\/\" \/>\n<meta property=\"article:published_time\" content=\"2023-05-18T15:01:41+00:00\" \/>\n<meta property=\"article:modified_time\" content=\"2023-05-18T18:06:26+00:00\" \/>\n<meta property=\"og:image\" content=\"https:\/\/www.notibras.com\/site\/wp-content\/uploads\/2023\/05\/vac_abr0104232150.jpg\" \/>\n\t<meta property=\"og:image:width\" content=\"1170\" \/>\n\t<meta property=\"og:image:height\" content=\"700\" \/>\n\t<meta property=\"og:image:type\" content=\"image\/jpeg\" \/>\n<meta name=\"author\" content=\"Reda\u00e7\u00e3o\" \/>\n<meta name=\"twitter:card\" content=\"summary_large_image\" \/>\n<meta name=\"twitter:creator\" content=\"@Notibras\" \/>\n<meta name=\"twitter:site\" content=\"@Notibras\" \/>\n<meta name=\"twitter:label1\" content=\"Escrito por\" \/>\n\t<meta name=\"twitter:data1\" content=\"Reda\u00e7\u00e3o\" \/>\n\t<meta name=\"twitter:label2\" content=\"Est. tempo de leitura\" \/>\n\t<meta name=\"twitter:data2\" content=\"4 minutos\" \/>\n<script type=\"application\/ld+json\" class=\"yoast-schema-graph\">{\"@context\":\"https:\/\/schema.org\",\"@graph\":[{\"@type\":\"Article\",\"@id\":\"https:\/\/www.notibras.com\/site\/mentiras-deixam-pais-sem-vacinar-as-criancas\/#article\",\"isPartOf\":{\"@id\":\"https:\/\/www.notibras.com\/site\/mentiras-deixam-pais-sem-vacinar-as-criancas\/\"},\"author\":{\"name\":\"Reda\u00e7\u00e3o\",\"@id\":\"https:\/\/www.notibras.com\/site\/#\/schema\/person\/36ab0979449956132d3e5b517ea76ac8\"},\"headline\":\"Mentiras deixam pais sem vacinar as crian\u00e7as\",\"datePublished\":\"2023-05-18T15:01:41+00:00\",\"dateModified\":\"2023-05-18T18:06:26+00:00\",\"mainEntityOfPage\":{\"@id\":\"https:\/\/www.notibras.com\/site\/mentiras-deixam-pais-sem-vacinar-as-criancas\/\"},\"wordCount\":785,\"publisher\":{\"@id\":\"https:\/\/www.notibras.com\/site\/#organization\"},\"image\":{\"@id\":\"https:\/\/www.notibras.com\/site\/mentiras-deixam-pais-sem-vacinar-as-criancas\/#primaryimage\"},\"thumbnailUrl\":\"https:\/\/www.notibras.com\/site\/wp-content\/uploads\/2023\/05\/vac_abr0104232150.jpg\",\"keywords\":[\"capa\"],\"articleSection\":[\"Quadradinho em Foco\"],\"inLanguage\":\"pt-BR\"},{\"@type\":\"WebPage\",\"@id\":\"https:\/\/www.notibras.com\/site\/mentiras-deixam-pais-sem-vacinar-as-criancas\/\",\"url\":\"https:\/\/www.notibras.com\/site\/mentiras-deixam-pais-sem-vacinar-as-criancas\/\",\"name\":\"Mentiras deixam pais sem vacinar as crian\u00e7as - Notibras\",\"isPartOf\":{\"@id\":\"https:\/\/www.notibras.com\/site\/#website\"},\"primaryImageOfPage\":{\"@id\":\"https:\/\/www.notibras.com\/site\/mentiras-deixam-pais-sem-vacinar-as-criancas\/#primaryimage\"},\"image\":{\"@id\":\"https:\/\/www.notibras.com\/site\/mentiras-deixam-pais-sem-vacinar-as-criancas\/#primaryimage\"},\"thumbnailUrl\":\"https:\/\/www.notibras.com\/site\/wp-content\/uploads\/2023\/05\/vac_abr0104232150.jpg\",\"datePublished\":\"2023-05-18T15:01:41+00:00\",\"dateModified\":\"2023-05-18T18:06:26+00:00\",\"breadcrumb\":{\"@id\":\"https:\/\/www.notibras.com\/site\/mentiras-deixam-pais-sem-vacinar-as-criancas\/#breadcrumb\"},\"inLanguage\":\"pt-BR\",\"potentialAction\":[{\"@type\":\"ReadAction\",\"target\":[\"https:\/\/www.notibras.com\/site\/mentiras-deixam-pais-sem-vacinar-as-criancas\/\"]}]},{\"@type\":\"ImageObject\",\"inLanguage\":\"pt-BR\",\"@id\":\"https:\/\/www.notibras.com\/site\/mentiras-deixam-pais-sem-vacinar-as-criancas\/#primaryimage\",\"url\":\"https:\/\/www.notibras.com\/site\/wp-content\/uploads\/2023\/05\/vac_abr0104232150.jpg\",\"contentUrl\":\"https:\/\/www.notibras.com\/site\/wp-content\/uploads\/2023\/05\/vac_abr0104232150.jpg\",\"width\":1170,\"height\":700,\"caption\":\"Bras\u00edlia (DF) Vacina\u00e7\u00e3o contra a gripe para crian\u00e7as a partir de seis meses at\u00e9 11 anos de idade.\"},{\"@type\":\"BreadcrumbList\",\"@id\":\"https:\/\/www.notibras.com\/site\/mentiras-deixam-pais-sem-vacinar-as-criancas\/#breadcrumb\",\"itemListElement\":[{\"@type\":\"ListItem\",\"position\":1,\"name\":\"In\u00edcio\",\"item\":\"https:\/\/www.notibras.com\/site\/\"},{\"@type\":\"ListItem\",\"position\":2,\"name\":\"Mentiras deixam pais sem vacinar as crian\u00e7as\"}]},{\"@type\":\"WebSite\",\"@id\":\"https:\/\/www.notibras.com\/site\/#website\",\"url\":\"https:\/\/www.notibras.com\/site\/\",\"name\":\"Notibras\",\"description\":\"Not\u00edcias de Bras\u00edlia, do Brasil e do Mundo\",\"publisher\":{\"@id\":\"https:\/\/www.notibras.com\/site\/#organization\"},\"potentialAction\":[{\"@type\":\"SearchAction\",\"target\":{\"@type\":\"EntryPoint\",\"urlTemplate\":\"https:\/\/www.notibras.com\/site\/?s={search_term_string}\"},\"query-input\":{\"@type\":\"PropertyValueSpecification\",\"valueRequired\":true,\"valueName\":\"search_term_string\"}}],\"inLanguage\":\"pt-BR\"},{\"@type\":\"Organization\",\"@id\":\"https:\/\/www.notibras.com\/site\/#organization\",\"name\":\"Grupo Notibras de Comunica\u00e7\u00e3o\",\"url\":\"https:\/\/www.notibras.com\/site\/\",\"logo\":{\"@type\":\"ImageObject\",\"inLanguage\":\"pt-BR\",\"@id\":\"https:\/\/www.notibras.com\/site\/#\/schema\/logo\/image\/\",\"url\":\"https:\/\/www.notibras.com\/site\/wp-content\/uploads\/2023\/01\/notibras23.png\",\"contentUrl\":\"https:\/\/www.notibras.com\/site\/wp-content\/uploads\/2023\/01\/notibras23.png\",\"width\":350,\"height\":87,\"caption\":\"Grupo Notibras de Comunica\u00e7\u00e3o\"},\"image\":{\"@id\":\"https:\/\/www.notibras.com\/site\/#\/schema\/logo\/image\/\"},\"sameAs\":[\"https:\/\/www.facebook.com\/notibras\/\",\"https:\/\/x.com\/Notibras\",\"https:\/\/www.instagram.com\/notibras\/\"]},{\"@type\":\"Person\",\"@id\":\"https:\/\/www.notibras.com\/site\/#\/schema\/person\/36ab0979449956132d3e5b517ea76ac8\",\"name\":\"Reda\u00e7\u00e3o\",\"image\":{\"@type\":\"ImageObject\",\"inLanguage\":\"pt-BR\",\"@id\":\"https:\/\/secure.gravatar.com\/avatar\/e0a867bdedb85fd243eadf09663511f96fc81e0720a4a42581f334ad4303aa6b?s=96&d=mm&r=g\",\"url\":\"https:\/\/secure.gravatar.com\/avatar\/e0a867bdedb85fd243eadf09663511f96fc81e0720a4a42581f334ad4303aa6b?s=96&d=mm&r=g\",\"contentUrl\":\"https:\/\/secure.gravatar.com\/avatar\/e0a867bdedb85fd243eadf09663511f96fc81e0720a4a42581f334ad4303aa6b?s=96&d=mm&r=g\",\"caption\":\"Reda\u00e7\u00e3o\"}}]}<\/script>\n<!-- \/ Yoast SEO plugin. -->","yoast_head_json":{"title":"Mentiras deixam pais sem vacinar as crian\u00e7as - Notibras","robots":{"index":"index","follow":"follow","max-snippet":"max-snippet:-1","max-image-preview":"max-image-preview:large","max-video-preview":"max-video-preview:-1"},"canonical":"https:\/\/www.notibras.com\/site\/mentiras-deixam-pais-sem-vacinar-as-criancas\/","og_locale":"pt_BR","og_type":"article","og_title":"Mentiras deixam pais sem vacinar as crian\u00e7as - Notibras","og_description":"Medo de poss\u00edveis efeitos adversos e falta de confian\u00e7a nas vacinas s\u00e3o os principais motivos que levam pais e respons\u00e1veis a negligenciar a vacina\u00e7\u00e3o de crian\u00e7as e adolescentes. \u00c9 o que demonstra pesquisa apresentada pela Sociedade Brasileira de Pediatria e pelo Instituto Quest\u00e3o de Ci\u00eancia. Outras alega\u00e7\u00f5es comumente ouvidas em consult\u00f3rios s\u00e3o o esquecimento, a [&hellip;]","og_url":"https:\/\/www.notibras.com\/site\/mentiras-deixam-pais-sem-vacinar-as-criancas\/","og_site_name":"Notibras","article_publisher":"https:\/\/www.facebook.com\/notibras\/","article_published_time":"2023-05-18T15:01:41+00:00","article_modified_time":"2023-05-18T18:06:26+00:00","og_image":[{"width":1170,"height":700,"url":"https:\/\/www.notibras.com\/site\/wp-content\/uploads\/2023\/05\/vac_abr0104232150.jpg","type":"image\/jpeg"}],"author":"Reda\u00e7\u00e3o","twitter_card":"summary_large_image","twitter_creator":"@Notibras","twitter_site":"@Notibras","twitter_misc":{"Escrito por":"Reda\u00e7\u00e3o","Est. tempo de leitura":"4 minutos"},"schema":{"@context":"https:\/\/schema.org","@graph":[{"@type":"Article","@id":"https:\/\/www.notibras.com\/site\/mentiras-deixam-pais-sem-vacinar-as-criancas\/#article","isPartOf":{"@id":"https:\/\/www.notibras.com\/site\/mentiras-deixam-pais-sem-vacinar-as-criancas\/"},"author":{"name":"Reda\u00e7\u00e3o","@id":"https:\/\/www.notibras.com\/site\/#\/schema\/person\/36ab0979449956132d3e5b517ea76ac8"},"headline":"Mentiras deixam pais sem vacinar as crian\u00e7as","datePublished":"2023-05-18T15:01:41+00:00","dateModified":"2023-05-18T18:06:26+00:00","mainEntityOfPage":{"@id":"https:\/\/www.notibras.com\/site\/mentiras-deixam-pais-sem-vacinar-as-criancas\/"},"wordCount":785,"publisher":{"@id":"https:\/\/www.notibras.com\/site\/#organization"},"image":{"@id":"https:\/\/www.notibras.com\/site\/mentiras-deixam-pais-sem-vacinar-as-criancas\/#primaryimage"},"thumbnailUrl":"https:\/\/www.notibras.com\/site\/wp-content\/uploads\/2023\/05\/vac_abr0104232150.jpg","keywords":["capa"],"articleSection":["Quadradinho em Foco"],"inLanguage":"pt-BR"},{"@type":"WebPage","@id":"https:\/\/www.notibras.com\/site\/mentiras-deixam-pais-sem-vacinar-as-criancas\/","url":"https:\/\/www.notibras.com\/site\/mentiras-deixam-pais-sem-vacinar-as-criancas\/","name":"Mentiras deixam pais sem vacinar as crian\u00e7as - Notibras","isPartOf":{"@id":"https:\/\/www.notibras.com\/site\/#website"},"primaryImageOfPage":{"@id":"https:\/\/www.notibras.com\/site\/mentiras-deixam-pais-sem-vacinar-as-criancas\/#primaryimage"},"image":{"@id":"https:\/\/www.notibras.com\/site\/mentiras-deixam-pais-sem-vacinar-as-criancas\/#primaryimage"},"thumbnailUrl":"https:\/\/www.notibras.com\/site\/wp-content\/uploads\/2023\/05\/vac_abr0104232150.jpg","datePublished":"2023-05-18T15:01:41+00:00","dateModified":"2023-05-18T18:06:26+00:00","breadcrumb":{"@id":"https:\/\/www.notibras.com\/site\/mentiras-deixam-pais-sem-vacinar-as-criancas\/#breadcrumb"},"inLanguage":"pt-BR","potentialAction":[{"@type":"ReadAction","target":["https:\/\/www.notibras.com\/site\/mentiras-deixam-pais-sem-vacinar-as-criancas\/"]}]},{"@type":"ImageObject","inLanguage":"pt-BR","@id":"https:\/\/www.notibras.com\/site\/mentiras-deixam-pais-sem-vacinar-as-criancas\/#primaryimage","url":"https:\/\/www.notibras.com\/site\/wp-content\/uploads\/2023\/05\/vac_abr0104232150.jpg","contentUrl":"https:\/\/www.notibras.com\/site\/wp-content\/uploads\/2023\/05\/vac_abr0104232150.jpg","width":1170,"height":700,"caption":"Bras\u00edlia (DF) Vacina\u00e7\u00e3o contra a gripe para crian\u00e7as a partir de seis meses at\u00e9 11 anos de idade."},{"@type":"BreadcrumbList","@id":"https:\/\/www.notibras.com\/site\/mentiras-deixam-pais-sem-vacinar-as-criancas\/#breadcrumb","itemListElement":[{"@type":"ListItem","position":1,"name":"In\u00edcio","item":"https:\/\/www.notibras.com\/site\/"},{"@type":"ListItem","position":2,"name":"Mentiras deixam pais sem vacinar as crian\u00e7as"}]},{"@type":"WebSite","@id":"https:\/\/www.notibras.com\/site\/#website","url":"https:\/\/www.notibras.com\/site\/","name":"Notibras","description":"Not\u00edcias de Bras\u00edlia, do Brasil e do Mundo","publisher":{"@id":"https:\/\/www.notibras.com\/site\/#organization"},"potentialAction":[{"@type":"SearchAction","target":{"@type":"EntryPoint","urlTemplate":"https:\/\/www.notibras.com\/site\/?s={search_term_string}"},"query-input":{"@type":"PropertyValueSpecification","valueRequired":true,"valueName":"search_term_string"}}],"inLanguage":"pt-BR"},{"@type":"Organization","@id":"https:\/\/www.notibras.com\/site\/#organization","name":"Grupo Notibras de Comunica\u00e7\u00e3o","url":"https:\/\/www.notibras.com\/site\/","logo":{"@type":"ImageObject","inLanguage":"pt-BR","@id":"https:\/\/www.notibras.com\/site\/#\/schema\/logo\/image\/","url":"https:\/\/www.notibras.com\/site\/wp-content\/uploads\/2023\/01\/notibras23.png","contentUrl":"https:\/\/www.notibras.com\/site\/wp-content\/uploads\/2023\/01\/notibras23.png","width":350,"height":87,"caption":"Grupo Notibras de Comunica\u00e7\u00e3o"},"image":{"@id":"https:\/\/www.notibras.com\/site\/#\/schema\/logo\/image\/"},"sameAs":["https:\/\/www.facebook.com\/notibras\/","https:\/\/x.com\/Notibras","https:\/\/www.instagram.com\/notibras\/"]},{"@type":"Person","@id":"https:\/\/www.notibras.com\/site\/#\/schema\/person\/36ab0979449956132d3e5b517ea76ac8","name":"Reda\u00e7\u00e3o","image":{"@type":"ImageObject","inLanguage":"pt-BR","@id":"https:\/\/secure.gravatar.com\/avatar\/e0a867bdedb85fd243eadf09663511f96fc81e0720a4a42581f334ad4303aa6b?s=96&d=mm&r=g","url":"https:\/\/secure.gravatar.com\/avatar\/e0a867bdedb85fd243eadf09663511f96fc81e0720a4a42581f334ad4303aa6b?s=96&d=mm&r=g","contentUrl":"https:\/\/secure.gravatar.com\/avatar\/e0a867bdedb85fd243eadf09663511f96fc81e0720a4a42581f334ad4303aa6b?s=96&d=mm&r=g","caption":"Reda\u00e7\u00e3o"}}]}},"amp_enabled":true,"_links":{"self":[{"href":"https:\/\/www.notibras.com\/site\/wp-json\/wp\/v2\/posts\/305202","targetHints":{"allow":["GET"]}}],"collection":[{"href":"https:\/\/www.notibras.com\/site\/wp-json\/wp\/v2\/posts"}],"about":[{"href":"https:\/\/www.notibras.com\/site\/wp-json\/wp\/v2\/types\/post"}],"author":[{"embeddable":true,"href":"https:\/\/www.notibras.com\/site\/wp-json\/wp\/v2\/users\/2"}],"replies":[{"embeddable":true,"href":"https:\/\/www.notibras.com\/site\/wp-json\/wp\/v2\/comments?post=305202"}],"version-history":[{"count":1,"href":"https:\/\/www.notibras.com\/site\/wp-json\/wp\/v2\/posts\/305202\/revisions"}],"predecessor-version":[{"id":305204,"href":"https:\/\/www.notibras.com\/site\/wp-json\/wp\/v2\/posts\/305202\/revisions\/305204"}],"wp:featuredmedia":[{"embeddable":true,"href":"https:\/\/www.notibras.com\/site\/wp-json\/wp\/v2\/media\/305203"}],"wp:attachment":[{"href":"https:\/\/www.notibras.com\/site\/wp-json\/wp\/v2\/media?parent=305202"}],"wp:term":[{"taxonomy":"category","embeddable":true,"href":"https:\/\/www.notibras.com\/site\/wp-json\/wp\/v2\/categories?post=305202"},{"taxonomy":"post_tag","embeddable":true,"href":"https:\/\/www.notibras.com\/site\/wp-json\/wp\/v2\/tags?post=305202"}],"curies":[{"name":"wp","href":"https:\/\/api.w.org\/{rel}","templated":true}]}}