{"id":305205,"date":"2023-05-18T16:53:07","date_gmt":"2023-05-18T19:53:07","guid":{"rendered":"https:\/\/www.notibras.com\/site\/?p=305205"},"modified":"2023-05-18T16:54:24","modified_gmt":"2023-05-18T19:54:24","slug":"machoes-da-pm-armados-vao-pra-cima-sem-do-nem-piedade","status":"publish","type":"post","link":"https:\/\/www.notibras.com\/site\/machoes-da-pm-armados-vao-pra-cima-sem-do-nem-piedade\/","title":{"rendered":"&#8216;Mach\u00f5es&#8217; da PM, armados, v\u00e3o pra cima sem d\u00f3 nem piedade"},"content":{"rendered":"<p>Substantivo feminino que significa o ato ou efeito de segurar, seguran\u00e7a tamb\u00e9m pode ser sin\u00f4nimo de confian\u00e7a, garantia, firmeza, estabilidade e certeza. De acordo com o artigo 144 da Constitui\u00e7\u00e3o Federal, a seguran\u00e7a p\u00fablica \u00e9 um dever do Estado, constituindo um direito e responsabilidade de todos. Em suma, semanticamente \u00e9 um processo exercido para preservar a ordem p\u00fablica e o bem-estar das pessoas e do patrim\u00f4nio. Na pr\u00e1tica, deveriam ser quest\u00f5es b\u00e1sicas a manuten\u00e7\u00e3o da ordem, o combate \u00e0 viol\u00eancia e a prote\u00e7\u00e3o do cidad\u00e3o. Deveriam. No Distrito Federal, o que se tem visto \u00e9 justamente o contr\u00e1rio.<\/p>\n<p>Em algumas situa\u00e7\u00f5es e localidades, os agentes de seguran\u00e7a, particularmente os vinculados \u00e0 Pol\u00edcia Militar, incentivam a viol\u00eancia, desrespeitam o contribuinte e ainda esculacham, agridem e tiram vidas de inocentes. Tudo em nome da lei. A deles, \u00e9 claro. Sob os olhares e as canetas complacentes do governador, do secret\u00e1rio de Seguran\u00e7a, do comandante e do corregedor da Corpora\u00e7\u00e3o, a pol\u00edcia local parece ter resolvido fazer justi\u00e7a com as pr\u00f3prias m\u00e3os. O covarde e violento desrespeito atinge idosos, mulheres, crian\u00e7as e cidad\u00e3os algemados. Enquanto isso, os \u201ccolegas\u201d marginais agem impunemente em frente, ao lado ou nas redondezas dos quart\u00e9is e dos pal\u00e1cios, locais preferidos para a tropa encostar a viatura e as motos e tirar longos cochilos.<\/p>\n<p>Escancaradamente, os mach\u00f5es armados da PMDF s\u00f3 atacam pessoas corretas, desarmadas e indefesas. Mesmo ganhando o maior sal\u00e1rio do pa\u00eds, entrar nas bocas e nas comunidades consideradas mais perigosas n\u00e3o \u00e9 problema deles. Que morram os moradores. Felizmente, o grupo bandido da PM brasiliense \u00e9 restrito e reflete o despreparo superior, notadamente o do comandante supremo, o governador. Para a maioria do povo, esses PMs agressores e foras da lei n\u00e3o s\u00e3o apenas maus policiais. S\u00e3o marginais travestidos de homens da lei. E tudo, conforme os comandantes de batalh\u00f5es, dentro das normas de abordagem. Ser\u00e1? Ent\u00e3o, realmente estamos entregues \u00e0 pr\u00f3pria sorte. A viol\u00eancia da PM virou moda no DF.<\/p>\n<p>Nesse caso, at\u00e9 um pedido de informa\u00e7\u00e3o deve ser considerado desacato. A resposta pode ser uma porrada ou um \u201ctiro\u201d de arma el\u00e9trica. Como o governador, o secret\u00e1rio, o comandante, o corregedor e os chefes imediatos fazem vista grossa, n\u00e3o h\u00e1 outra coisa a se pensar. Ou eles t\u00eam medo da banda podre da PMDF ou s\u00e3o coniventes e contra a popula\u00e7\u00e3o que paga impostos e o sal\u00e1rios desses malfeitores fardados que envergonham o povo e deveriam envergonhar a Corpora\u00e7\u00e3o. Em algumas regi\u00f5es do DF, os roubos e assaltos cresceram acima de 100%. E n\u00e3o s\u00e3o casos isolados. Falta seguran\u00e7a e sobra viol\u00eancia contra os indefesos. No entanto, a PM se limita \u00e0s notas frias para explicar o inexplic\u00e1vel. Lembro que o concurso p\u00fablico n\u00e3o d\u00e1 ao PM o direito de espancar e matar inocentes.<\/p>\n","protected":false},"excerpt":{"rendered":"<p>Substantivo feminino que significa o ato ou efeito de segurar, seguran\u00e7a tamb\u00e9m pode ser sin\u00f4nimo de confian\u00e7a, garantia, firmeza, estabilidade e certeza. De acordo com o artigo 144 da Constitui\u00e7\u00e3o Federal, a seguran\u00e7a p\u00fablica \u00e9 um dever do Estado, constituindo um direito e responsabilidade de todos. Em suma, semanticamente \u00e9 um processo exercido para preservar [&hellip;]<\/p>\n","protected":false},"author":2,"featured_media":305206,"comment_status":"closed","ping_status":"closed","sticky":false,"template":"","format":"standard","meta":{"_acf_changed":false,"footnotes":""},"categories":[161],"tags":[95],"class_list":["post-305205","post","type-post","status-publish","format-standard","has-post-thumbnail","hentry","category-quadradinho-em-foco","tag-capa"],"acf":[],"yoast_head":"<!-- This site is optimized with the Yoast SEO plugin v27.2 - https:\/\/yoast.com\/product\/yoast-seo-wordpress\/ -->\n<title>&#039;Mach\u00f5es&#039; da PM, armados, v\u00e3o pra cima sem d\u00f3 nem piedade - Notibras<\/title>\n<meta name=\"robots\" content=\"index, follow, max-snippet:-1, max-image-preview:large, max-video-preview:-1\" \/>\n<link rel=\"canonical\" href=\"https:\/\/www.notibras.com\/site\/machoes-da-pm-armados-vao-pra-cima-sem-do-nem-piedade\/\" \/>\n<meta property=\"og:locale\" content=\"pt_BR\" \/>\n<meta property=\"og:type\" content=\"article\" \/>\n<meta property=\"og:title\" content=\"&#039;Mach\u00f5es&#039; da PM, armados, v\u00e3o pra cima sem d\u00f3 nem piedade - Notibras\" \/>\n<meta property=\"og:description\" content=\"Substantivo feminino que significa o ato ou efeito de segurar, seguran\u00e7a tamb\u00e9m pode ser sin\u00f4nimo de confian\u00e7a, garantia, firmeza, estabilidade e certeza. De acordo com o artigo 144 da Constitui\u00e7\u00e3o Federal, a seguran\u00e7a p\u00fablica \u00e9 um dever do Estado, constituindo um direito e responsabilidade de todos. Em suma, semanticamente \u00e9 um processo exercido para preservar [&hellip;]\" \/>\n<meta property=\"og:url\" content=\"https:\/\/www.notibras.com\/site\/machoes-da-pm-armados-vao-pra-cima-sem-do-nem-piedade\/\" \/>\n<meta property=\"og:site_name\" content=\"Notibras\" \/>\n<meta property=\"article:publisher\" content=\"https:\/\/www.facebook.com\/notibras\/\" \/>\n<meta property=\"article:published_time\" content=\"2023-05-18T19:53:07+00:00\" \/>\n<meta property=\"article:modified_time\" content=\"2023-05-18T19:54:24+00:00\" \/>\n<meta property=\"og:image\" content=\"https:\/\/www.notibras.com\/site\/wp-content\/uploads\/2023\/05\/ibaneis-demite-anderson-torres-e-manda-todo-efetivo-da-pm-para-a-esplanada.jpg\" \/>\n\t<meta property=\"og:image:width\" content=\"1000\" \/>\n\t<meta property=\"og:image:height\" content=\"612\" \/>\n\t<meta property=\"og:image:type\" content=\"image\/jpeg\" \/>\n<meta name=\"author\" content=\"Reda\u00e7\u00e3o\" \/>\n<meta name=\"twitter:card\" content=\"summary_large_image\" \/>\n<meta name=\"twitter:creator\" content=\"@Notibras\" \/>\n<meta name=\"twitter:site\" content=\"@Notibras\" \/>\n<meta name=\"twitter:label1\" content=\"Escrito por\" \/>\n\t<meta name=\"twitter:data1\" content=\"Reda\u00e7\u00e3o\" \/>\n\t<meta name=\"twitter:label2\" content=\"Est. tempo de leitura\" \/>\n\t<meta name=\"twitter:data2\" content=\"3 minutos\" \/>\n<script type=\"application\/ld+json\" class=\"yoast-schema-graph\">{\"@context\":\"https:\/\/schema.org\",\"@graph\":[{\"@type\":\"Article\",\"@id\":\"https:\/\/www.notibras.com\/site\/machoes-da-pm-armados-vao-pra-cima-sem-do-nem-piedade\/#article\",\"isPartOf\":{\"@id\":\"https:\/\/www.notibras.com\/site\/machoes-da-pm-armados-vao-pra-cima-sem-do-nem-piedade\/\"},\"author\":{\"name\":\"Reda\u00e7\u00e3o\",\"@id\":\"https:\/\/www.notibras.com\/site\/#\/schema\/person\/36ab0979449956132d3e5b517ea76ac8\"},\"headline\":\"&#8216;Mach\u00f5es&#8217; da PM, armados, v\u00e3o pra cima sem d\u00f3 nem piedade\",\"datePublished\":\"2023-05-18T19:53:07+00:00\",\"dateModified\":\"2023-05-18T19:54:24+00:00\",\"mainEntityOfPage\":{\"@id\":\"https:\/\/www.notibras.com\/site\/machoes-da-pm-armados-vao-pra-cima-sem-do-nem-piedade\/\"},\"wordCount\":522,\"publisher\":{\"@id\":\"https:\/\/www.notibras.com\/site\/#organization\"},\"image\":{\"@id\":\"https:\/\/www.notibras.com\/site\/machoes-da-pm-armados-vao-pra-cima-sem-do-nem-piedade\/#primaryimage\"},\"thumbnailUrl\":\"https:\/\/www.notibras.com\/site\/wp-content\/uploads\/2023\/05\/ibaneis-demite-anderson-torres-e-manda-todo-efetivo-da-pm-para-a-esplanada.jpg\",\"keywords\":[\"capa\"],\"articleSection\":[\"Quadradinho em Foco\"],\"inLanguage\":\"pt-BR\"},{\"@type\":\"WebPage\",\"@id\":\"https:\/\/www.notibras.com\/site\/machoes-da-pm-armados-vao-pra-cima-sem-do-nem-piedade\/\",\"url\":\"https:\/\/www.notibras.com\/site\/machoes-da-pm-armados-vao-pra-cima-sem-do-nem-piedade\/\",\"name\":\"'Mach\u00f5es' da PM, armados, v\u00e3o pra cima sem d\u00f3 nem piedade - Notibras\",\"isPartOf\":{\"@id\":\"https:\/\/www.notibras.com\/site\/#website\"},\"primaryImageOfPage\":{\"@id\":\"https:\/\/www.notibras.com\/site\/machoes-da-pm-armados-vao-pra-cima-sem-do-nem-piedade\/#primaryimage\"},\"image\":{\"@id\":\"https:\/\/www.notibras.com\/site\/machoes-da-pm-armados-vao-pra-cima-sem-do-nem-piedade\/#primaryimage\"},\"thumbnailUrl\":\"https:\/\/www.notibras.com\/site\/wp-content\/uploads\/2023\/05\/ibaneis-demite-anderson-torres-e-manda-todo-efetivo-da-pm-para-a-esplanada.jpg\",\"datePublished\":\"2023-05-18T19:53:07+00:00\",\"dateModified\":\"2023-05-18T19:54:24+00:00\",\"breadcrumb\":{\"@id\":\"https:\/\/www.notibras.com\/site\/machoes-da-pm-armados-vao-pra-cima-sem-do-nem-piedade\/#breadcrumb\"},\"inLanguage\":\"pt-BR\",\"potentialAction\":[{\"@type\":\"ReadAction\",\"target\":[\"https:\/\/www.notibras.com\/site\/machoes-da-pm-armados-vao-pra-cima-sem-do-nem-piedade\/\"]}]},{\"@type\":\"ImageObject\",\"inLanguage\":\"pt-BR\",\"@id\":\"https:\/\/www.notibras.com\/site\/machoes-da-pm-armados-vao-pra-cima-sem-do-nem-piedade\/#primaryimage\",\"url\":\"https:\/\/www.notibras.com\/site\/wp-content\/uploads\/2023\/05\/ibaneis-demite-anderson-torres-e-manda-todo-efetivo-da-pm-para-a-esplanada.jpg\",\"contentUrl\":\"https:\/\/www.notibras.com\/site\/wp-content\/uploads\/2023\/05\/ibaneis-demite-anderson-torres-e-manda-todo-efetivo-da-pm-para-a-esplanada.jpg\",\"width\":1000,\"height\":612},{\"@type\":\"BreadcrumbList\",\"@id\":\"https:\/\/www.notibras.com\/site\/machoes-da-pm-armados-vao-pra-cima-sem-do-nem-piedade\/#breadcrumb\",\"itemListElement\":[{\"@type\":\"ListItem\",\"position\":1,\"name\":\"In\u00edcio\",\"item\":\"https:\/\/www.notibras.com\/site\/\"},{\"@type\":\"ListItem\",\"position\":2,\"name\":\"&#8216;Mach\u00f5es&#8217; da PM, armados, v\u00e3o pra cima sem d\u00f3 nem piedade\"}]},{\"@type\":\"WebSite\",\"@id\":\"https:\/\/www.notibras.com\/site\/#website\",\"url\":\"https:\/\/www.notibras.com\/site\/\",\"name\":\"Notibras\",\"description\":\"Not\u00edcias de Bras\u00edlia, do Brasil e do Mundo\",\"publisher\":{\"@id\":\"https:\/\/www.notibras.com\/site\/#organization\"},\"potentialAction\":[{\"@type\":\"SearchAction\",\"target\":{\"@type\":\"EntryPoint\",\"urlTemplate\":\"https:\/\/www.notibras.com\/site\/?s={search_term_string}\"},\"query-input\":{\"@type\":\"PropertyValueSpecification\",\"valueRequired\":true,\"valueName\":\"search_term_string\"}}],\"inLanguage\":\"pt-BR\"},{\"@type\":\"Organization\",\"@id\":\"https:\/\/www.notibras.com\/site\/#organization\",\"name\":\"Grupo Notibras de Comunica\u00e7\u00e3o\",\"url\":\"https:\/\/www.notibras.com\/site\/\",\"logo\":{\"@type\":\"ImageObject\",\"inLanguage\":\"pt-BR\",\"@id\":\"https:\/\/www.notibras.com\/site\/#\/schema\/logo\/image\/\",\"url\":\"https:\/\/www.notibras.com\/site\/wp-content\/uploads\/2023\/01\/notibras23.png\",\"contentUrl\":\"https:\/\/www.notibras.com\/site\/wp-content\/uploads\/2023\/01\/notibras23.png\",\"width\":350,\"height\":87,\"caption\":\"Grupo Notibras de Comunica\u00e7\u00e3o\"},\"image\":{\"@id\":\"https:\/\/www.notibras.com\/site\/#\/schema\/logo\/image\/\"},\"sameAs\":[\"https:\/\/www.facebook.com\/notibras\/\",\"https:\/\/x.com\/Notibras\",\"https:\/\/www.instagram.com\/notibras\/\"]},{\"@type\":\"Person\",\"@id\":\"https:\/\/www.notibras.com\/site\/#\/schema\/person\/36ab0979449956132d3e5b517ea76ac8\",\"name\":\"Reda\u00e7\u00e3o\",\"image\":{\"@type\":\"ImageObject\",\"inLanguage\":\"pt-BR\",\"@id\":\"https:\/\/secure.gravatar.com\/avatar\/e0a867bdedb85fd243eadf09663511f96fc81e0720a4a42581f334ad4303aa6b?s=96&d=mm&r=g\",\"url\":\"https:\/\/secure.gravatar.com\/avatar\/e0a867bdedb85fd243eadf09663511f96fc81e0720a4a42581f334ad4303aa6b?s=96&d=mm&r=g\",\"contentUrl\":\"https:\/\/secure.gravatar.com\/avatar\/e0a867bdedb85fd243eadf09663511f96fc81e0720a4a42581f334ad4303aa6b?s=96&d=mm&r=g\",\"caption\":\"Reda\u00e7\u00e3o\"}}]}<\/script>\n<!-- \/ Yoast SEO plugin. -->","yoast_head_json":{"title":"'Mach\u00f5es' da PM, armados, v\u00e3o pra cima sem d\u00f3 nem piedade - Notibras","robots":{"index":"index","follow":"follow","max-snippet":"max-snippet:-1","max-image-preview":"max-image-preview:large","max-video-preview":"max-video-preview:-1"},"canonical":"https:\/\/www.notibras.com\/site\/machoes-da-pm-armados-vao-pra-cima-sem-do-nem-piedade\/","og_locale":"pt_BR","og_type":"article","og_title":"'Mach\u00f5es' da PM, armados, v\u00e3o pra cima sem d\u00f3 nem piedade - Notibras","og_description":"Substantivo feminino que significa o ato ou efeito de segurar, seguran\u00e7a tamb\u00e9m pode ser sin\u00f4nimo de confian\u00e7a, garantia, firmeza, estabilidade e certeza. De acordo com o artigo 144 da Constitui\u00e7\u00e3o Federal, a seguran\u00e7a p\u00fablica \u00e9 um dever do Estado, constituindo um direito e responsabilidade de todos. Em suma, semanticamente \u00e9 um processo exercido para preservar [&hellip;]","og_url":"https:\/\/www.notibras.com\/site\/machoes-da-pm-armados-vao-pra-cima-sem-do-nem-piedade\/","og_site_name":"Notibras","article_publisher":"https:\/\/www.facebook.com\/notibras\/","article_published_time":"2023-05-18T19:53:07+00:00","article_modified_time":"2023-05-18T19:54:24+00:00","og_image":[{"width":1000,"height":612,"url":"https:\/\/www.notibras.com\/site\/wp-content\/uploads\/2023\/05\/ibaneis-demite-anderson-torres-e-manda-todo-efetivo-da-pm-para-a-esplanada.jpg","type":"image\/jpeg"}],"author":"Reda\u00e7\u00e3o","twitter_card":"summary_large_image","twitter_creator":"@Notibras","twitter_site":"@Notibras","twitter_misc":{"Escrito por":"Reda\u00e7\u00e3o","Est. tempo de leitura":"3 minutos"},"schema":{"@context":"https:\/\/schema.org","@graph":[{"@type":"Article","@id":"https:\/\/www.notibras.com\/site\/machoes-da-pm-armados-vao-pra-cima-sem-do-nem-piedade\/#article","isPartOf":{"@id":"https:\/\/www.notibras.com\/site\/machoes-da-pm-armados-vao-pra-cima-sem-do-nem-piedade\/"},"author":{"name":"Reda\u00e7\u00e3o","@id":"https:\/\/www.notibras.com\/site\/#\/schema\/person\/36ab0979449956132d3e5b517ea76ac8"},"headline":"&#8216;Mach\u00f5es&#8217; da PM, armados, v\u00e3o pra cima sem d\u00f3 nem piedade","datePublished":"2023-05-18T19:53:07+00:00","dateModified":"2023-05-18T19:54:24+00:00","mainEntityOfPage":{"@id":"https:\/\/www.notibras.com\/site\/machoes-da-pm-armados-vao-pra-cima-sem-do-nem-piedade\/"},"wordCount":522,"publisher":{"@id":"https:\/\/www.notibras.com\/site\/#organization"},"image":{"@id":"https:\/\/www.notibras.com\/site\/machoes-da-pm-armados-vao-pra-cima-sem-do-nem-piedade\/#primaryimage"},"thumbnailUrl":"https:\/\/www.notibras.com\/site\/wp-content\/uploads\/2023\/05\/ibaneis-demite-anderson-torres-e-manda-todo-efetivo-da-pm-para-a-esplanada.jpg","keywords":["capa"],"articleSection":["Quadradinho em Foco"],"inLanguage":"pt-BR"},{"@type":"WebPage","@id":"https:\/\/www.notibras.com\/site\/machoes-da-pm-armados-vao-pra-cima-sem-do-nem-piedade\/","url":"https:\/\/www.notibras.com\/site\/machoes-da-pm-armados-vao-pra-cima-sem-do-nem-piedade\/","name":"'Mach\u00f5es' da PM, armados, v\u00e3o pra cima sem d\u00f3 nem piedade - Notibras","isPartOf":{"@id":"https:\/\/www.notibras.com\/site\/#website"},"primaryImageOfPage":{"@id":"https:\/\/www.notibras.com\/site\/machoes-da-pm-armados-vao-pra-cima-sem-do-nem-piedade\/#primaryimage"},"image":{"@id":"https:\/\/www.notibras.com\/site\/machoes-da-pm-armados-vao-pra-cima-sem-do-nem-piedade\/#primaryimage"},"thumbnailUrl":"https:\/\/www.notibras.com\/site\/wp-content\/uploads\/2023\/05\/ibaneis-demite-anderson-torres-e-manda-todo-efetivo-da-pm-para-a-esplanada.jpg","datePublished":"2023-05-18T19:53:07+00:00","dateModified":"2023-05-18T19:54:24+00:00","breadcrumb":{"@id":"https:\/\/www.notibras.com\/site\/machoes-da-pm-armados-vao-pra-cima-sem-do-nem-piedade\/#breadcrumb"},"inLanguage":"pt-BR","potentialAction":[{"@type":"ReadAction","target":["https:\/\/www.notibras.com\/site\/machoes-da-pm-armados-vao-pra-cima-sem-do-nem-piedade\/"]}]},{"@type":"ImageObject","inLanguage":"pt-BR","@id":"https:\/\/www.notibras.com\/site\/machoes-da-pm-armados-vao-pra-cima-sem-do-nem-piedade\/#primaryimage","url":"https:\/\/www.notibras.com\/site\/wp-content\/uploads\/2023\/05\/ibaneis-demite-anderson-torres-e-manda-todo-efetivo-da-pm-para-a-esplanada.jpg","contentUrl":"https:\/\/www.notibras.com\/site\/wp-content\/uploads\/2023\/05\/ibaneis-demite-anderson-torres-e-manda-todo-efetivo-da-pm-para-a-esplanada.jpg","width":1000,"height":612},{"@type":"BreadcrumbList","@id":"https:\/\/www.notibras.com\/site\/machoes-da-pm-armados-vao-pra-cima-sem-do-nem-piedade\/#breadcrumb","itemListElement":[{"@type":"ListItem","position":1,"name":"In\u00edcio","item":"https:\/\/www.notibras.com\/site\/"},{"@type":"ListItem","position":2,"name":"&#8216;Mach\u00f5es&#8217; da PM, armados, v\u00e3o pra cima sem d\u00f3 nem piedade"}]},{"@type":"WebSite","@id":"https:\/\/www.notibras.com\/site\/#website","url":"https:\/\/www.notibras.com\/site\/","name":"Notibras","description":"Not\u00edcias de Bras\u00edlia, do Brasil e do Mundo","publisher":{"@id":"https:\/\/www.notibras.com\/site\/#organization"},"potentialAction":[{"@type":"SearchAction","target":{"@type":"EntryPoint","urlTemplate":"https:\/\/www.notibras.com\/site\/?s={search_term_string}"},"query-input":{"@type":"PropertyValueSpecification","valueRequired":true,"valueName":"search_term_string"}}],"inLanguage":"pt-BR"},{"@type":"Organization","@id":"https:\/\/www.notibras.com\/site\/#organization","name":"Grupo Notibras de Comunica\u00e7\u00e3o","url":"https:\/\/www.notibras.com\/site\/","logo":{"@type":"ImageObject","inLanguage":"pt-BR","@id":"https:\/\/www.notibras.com\/site\/#\/schema\/logo\/image\/","url":"https:\/\/www.notibras.com\/site\/wp-content\/uploads\/2023\/01\/notibras23.png","contentUrl":"https:\/\/www.notibras.com\/site\/wp-content\/uploads\/2023\/01\/notibras23.png","width":350,"height":87,"caption":"Grupo Notibras de Comunica\u00e7\u00e3o"},"image":{"@id":"https:\/\/www.notibras.com\/site\/#\/schema\/logo\/image\/"},"sameAs":["https:\/\/www.facebook.com\/notibras\/","https:\/\/x.com\/Notibras","https:\/\/www.instagram.com\/notibras\/"]},{"@type":"Person","@id":"https:\/\/www.notibras.com\/site\/#\/schema\/person\/36ab0979449956132d3e5b517ea76ac8","name":"Reda\u00e7\u00e3o","image":{"@type":"ImageObject","inLanguage":"pt-BR","@id":"https:\/\/secure.gravatar.com\/avatar\/e0a867bdedb85fd243eadf09663511f96fc81e0720a4a42581f334ad4303aa6b?s=96&d=mm&r=g","url":"https:\/\/secure.gravatar.com\/avatar\/e0a867bdedb85fd243eadf09663511f96fc81e0720a4a42581f334ad4303aa6b?s=96&d=mm&r=g","contentUrl":"https:\/\/secure.gravatar.com\/avatar\/e0a867bdedb85fd243eadf09663511f96fc81e0720a4a42581f334ad4303aa6b?s=96&d=mm&r=g","caption":"Reda\u00e7\u00e3o"}}]}},"amp_enabled":true,"_links":{"self":[{"href":"https:\/\/www.notibras.com\/site\/wp-json\/wp\/v2\/posts\/305205","targetHints":{"allow":["GET"]}}],"collection":[{"href":"https:\/\/www.notibras.com\/site\/wp-json\/wp\/v2\/posts"}],"about":[{"href":"https:\/\/www.notibras.com\/site\/wp-json\/wp\/v2\/types\/post"}],"author":[{"embeddable":true,"href":"https:\/\/www.notibras.com\/site\/wp-json\/wp\/v2\/users\/2"}],"replies":[{"embeddable":true,"href":"https:\/\/www.notibras.com\/site\/wp-json\/wp\/v2\/comments?post=305205"}],"version-history":[{"count":2,"href":"https:\/\/www.notibras.com\/site\/wp-json\/wp\/v2\/posts\/305205\/revisions"}],"predecessor-version":[{"id":305208,"href":"https:\/\/www.notibras.com\/site\/wp-json\/wp\/v2\/posts\/305205\/revisions\/305208"}],"wp:featuredmedia":[{"embeddable":true,"href":"https:\/\/www.notibras.com\/site\/wp-json\/wp\/v2\/media\/305206"}],"wp:attachment":[{"href":"https:\/\/www.notibras.com\/site\/wp-json\/wp\/v2\/media?parent=305205"}],"wp:term":[{"taxonomy":"category","embeddable":true,"href":"https:\/\/www.notibras.com\/site\/wp-json\/wp\/v2\/categories?post=305205"},{"taxonomy":"post_tag","embeddable":true,"href":"https:\/\/www.notibras.com\/site\/wp-json\/wp\/v2\/tags?post=305205"}],"curies":[{"name":"wp","href":"https:\/\/api.w.org\/{rel}","templated":true}]}}