{"id":305239,"date":"2023-05-19T00:00:23","date_gmt":"2023-05-19T03:00:23","guid":{"rendered":"https:\/\/www.notibras.com\/site\/?p=305239"},"modified":"2023-05-19T07:16:03","modified_gmt":"2023-05-19T10:16:03","slug":"campanha-quer-ampliar-em-5-doacao-de-leite-materno","status":"publish","type":"post","link":"https:\/\/www.notibras.com\/site\/campanha-quer-ampliar-em-5-doacao-de-leite-materno\/","title":{"rendered":"Campanha quer ampliar em 5% doa\u00e7\u00e3o de leite\u00a0materno"},"content":{"rendered":"<p>O Minist\u00e9rio da Sa\u00fade lan\u00e7ou nesta quinta-feira (18) a Campanha Nacional de Doa\u00e7\u00e3o de Leite Humano, com a meta de ampliar em 5%, em 2023, a oferta de leite materno a beb\u00eas prematuros ou de baixo peso internados em UTIs e que n\u00e3o podem ser amamentados pelas pr\u00f3prias m\u00e3es.<\/p>\n<p>Com esse percentual, ser\u00e1 poss\u00edvel atender, pelo menos, 60% da demanda por leite humano, o equivalente a 245,7 mil litros. Atualmente, 55% dos beb\u00eas prematuros ou de baixo peso recebem leite humano. Em 2022, foram coletados 234 mil litros de leites, que alimentaram 222 mil rec\u00e9m-nascidos. No total, 197 mil mulheres fizeram doa\u00e7\u00f5es no per\u00edodo.<\/p>\n<p>Com o slogan, \u201cUm pequeno gesto pode alimentar um grande sonho. Doe leite materno\u201d, a campanha marca o Dia Nacional de Doa\u00e7\u00e3o de Leite Humano, celebrado nesta sexta-feira (19), e quer atrair mais doadoras.<\/p>\n<p>Segundo o minist\u00e9rio, o leite humano reduz em at\u00e9 13% a mortalidade de crian\u00e7as menores de 5 anos por causas evit\u00e1veis. \u201cUm agravante \u00e9 que os estoques dos bancos de leite costumam cair durante as f\u00e9rias escolares ou de feriados prolongados. Historicamente, os primeiros meses do ano s\u00e3o os que t\u00eam o menor n\u00famero de doa\u00e7\u00f5es. Por isso, a import\u00e2ncia da campanha ser realizada no primeiro semestre. Esta a\u00e7\u00e3o n\u00e3o pode se encerrar na campanha\u201d, explicou S\u00f4nia Ven\u00e2ncio, coordenadora de Sa\u00fade da Crian\u00e7a e do Adolescente do Minist\u00e9rio da Sa\u00fade.<\/p>\n<p>A coordenadora acrescentou que o leite humano diminui o tempo de interna\u00e7\u00e3o dos rec\u00e9m-nascidos prematuros e com baixo peso, risco de infec\u00e7\u00f5es nos hospitais e compra de f\u00f3rmulas infantis. Outra meta \u00e9 buscar a autossufici\u00eancia dos bancos de leite humano do pa\u00eds. Somente o banco do Distrito Federal \u00e9 autossuficiente.<\/p>\n<p>Em v\u00eddeo, transmitido no lan\u00e7amento, a ministra da Sa\u00fade, N\u00edsia Trindade, ressaltou que a doa\u00e7\u00e3o de leite materno \u00e9 um procedimento seguro, que n\u00e3o envolve risco para as mulheres.<\/p>\n<p>M\u00e3e de Sofia, Camila de Lima Ribeiro contou como a doa\u00e7\u00e3o de leite humano foi importante para salvar a filha. \u201cEu tive um quadro muito forte de anemia e n\u00e3o consegui amamentar minha filha por uma semana e meia. Gra\u00e7as ao banco de leite e a ajuda de outras m\u00e3es, Sofia est\u00e1 aqui firme e forte&#8221;, disse. Depois, ela tornou-se doadora do banco de leite humano em Bras\u00edlia.<\/p>\n<p>O Brasil \u00e9 o pa\u00eds com a maior rede de bancos de leite humano do mundo, com 227 unidades e 240 postos de coleta distribu\u00eddos por todos os estados, conforme a Organiza\u00e7\u00e3o Mundial da Sa\u00fade (OMS). Al\u00e9m de coletar, processar e distribuir leite, os bancos e postos oferecem assist\u00eancia a mulheres na pr\u00e1tica do aleitamento materno.<\/p>\n<p><strong>Como doar leite materno<\/strong><br \/>\nO Minist\u00e9rio da Sa\u00fade refor\u00e7a que qualquer quantidade de leite pode ser doada. Um pote de 200 ml, por exemplo, serve para alimentar at\u00e9 dez beb\u00eas prematuros ou com baixo peso. Toda mulher que est\u00e1 amamentando pode ser doadora. \u00c9 preciso estar em condi\u00e7\u00e3o saud\u00e1vel e n\u00e3o estar tomando medica\u00e7\u00e3o que interfira na amamenta\u00e7\u00e3o.<\/p>\n<p>Para saber a localiza\u00e7\u00e3o de um banco de leite humano, basta ligar para o n\u00famero 136 ou acessar o\u00a0<a href=\"https:\/\/rblh.fiocruz.br\/pagina-inicial-rede-blh\" target=\"_blank\" rel=\"noopener\">site da Rede Brasileira de Bancos de Leite Humano<\/a>.<\/p>\n","protected":false},"excerpt":{"rendered":"<p>O Minist\u00e9rio da Sa\u00fade lan\u00e7ou nesta quinta-feira (18) a Campanha Nacional de Doa\u00e7\u00e3o de Leite Humano, com a meta de ampliar em 5%, em 2023, a oferta de leite materno a beb\u00eas prematuros ou de baixo peso internados em UTIs e que n\u00e3o podem ser amamentados pelas pr\u00f3prias m\u00e3es. Com esse percentual, ser\u00e1 poss\u00edvel atender, [&hellip;]<\/p>\n","protected":false},"author":2,"featured_media":305240,"comment_status":"closed","ping_status":"closed","sticky":false,"template":"","format":"standard","meta":{"_acf_changed":false,"footnotes":""},"categories":[161],"tags":[],"class_list":["post-305239","post","type-post","status-publish","format-standard","has-post-thumbnail","hentry","category-quadradinho-em-foco"],"acf":[],"yoast_head":"<!-- This site is optimized with the Yoast SEO plugin v27.2 - https:\/\/yoast.com\/product\/yoast-seo-wordpress\/ -->\n<title>Campanha quer ampliar em 5% doa\u00e7\u00e3o de leite\u00a0materno - Notibras<\/title>\n<meta name=\"robots\" content=\"index, follow, max-snippet:-1, max-image-preview:large, max-video-preview:-1\" \/>\n<link rel=\"canonical\" href=\"https:\/\/www.notibras.com\/site\/campanha-quer-ampliar-em-5-doacao-de-leite-materno\/\" \/>\n<meta property=\"og:locale\" content=\"pt_BR\" \/>\n<meta property=\"og:type\" content=\"article\" \/>\n<meta property=\"og:title\" content=\"Campanha quer ampliar em 5% doa\u00e7\u00e3o de leite\u00a0materno - Notibras\" \/>\n<meta property=\"og:description\" content=\"O Minist\u00e9rio da Sa\u00fade lan\u00e7ou nesta quinta-feira (18) a Campanha Nacional de Doa\u00e7\u00e3o de Leite Humano, com a meta de ampliar em 5%, em 2023, a oferta de leite materno a beb\u00eas prematuros ou de baixo peso internados em UTIs e que n\u00e3o podem ser amamentados pelas pr\u00f3prias m\u00e3es. Com esse percentual, ser\u00e1 poss\u00edvel atender, [&hellip;]\" \/>\n<meta property=\"og:url\" content=\"https:\/\/www.notibras.com\/site\/campanha-quer-ampliar-em-5-doacao-de-leite-materno\/\" \/>\n<meta property=\"og:site_name\" content=\"Notibras\" \/>\n<meta property=\"article:publisher\" content=\"https:\/\/www.facebook.com\/notibras\/\" \/>\n<meta property=\"article:published_time\" content=\"2023-05-19T03:00:23+00:00\" \/>\n<meta property=\"article:modified_time\" content=\"2023-05-19T10:16:03+00:00\" \/>\n<meta property=\"og:image\" content=\"https:\/\/www.notibras.com\/site\/wp-content\/uploads\/2023\/05\/leite_2.jpg\" \/>\n\t<meta property=\"og:image:width\" content=\"1170\" \/>\n\t<meta property=\"og:image:height\" content=\"700\" \/>\n\t<meta property=\"og:image:type\" content=\"image\/jpeg\" \/>\n<meta name=\"author\" content=\"Reda\u00e7\u00e3o\" \/>\n<meta name=\"twitter:card\" content=\"summary_large_image\" \/>\n<meta name=\"twitter:creator\" content=\"@Notibras\" \/>\n<meta name=\"twitter:site\" content=\"@Notibras\" \/>\n<meta name=\"twitter:label1\" content=\"Escrito por\" \/>\n\t<meta name=\"twitter:data1\" content=\"Reda\u00e7\u00e3o\" \/>\n\t<meta name=\"twitter:label2\" content=\"Est. tempo de leitura\" \/>\n\t<meta name=\"twitter:data2\" content=\"3 minutos\" \/>\n<script type=\"application\/ld+json\" class=\"yoast-schema-graph\">{\"@context\":\"https:\/\/schema.org\",\"@graph\":[{\"@type\":\"Article\",\"@id\":\"https:\/\/www.notibras.com\/site\/campanha-quer-ampliar-em-5-doacao-de-leite-materno\/#article\",\"isPartOf\":{\"@id\":\"https:\/\/www.notibras.com\/site\/campanha-quer-ampliar-em-5-doacao-de-leite-materno\/\"},\"author\":{\"name\":\"Reda\u00e7\u00e3o\",\"@id\":\"https:\/\/www.notibras.com\/site\/#\/schema\/person\/36ab0979449956132d3e5b517ea76ac8\"},\"headline\":\"Campanha quer ampliar em 5% doa\u00e7\u00e3o de leite\u00a0materno\",\"datePublished\":\"2023-05-19T03:00:23+00:00\",\"dateModified\":\"2023-05-19T10:16:03+00:00\",\"mainEntityOfPage\":{\"@id\":\"https:\/\/www.notibras.com\/site\/campanha-quer-ampliar-em-5-doacao-de-leite-materno\/\"},\"wordCount\":570,\"publisher\":{\"@id\":\"https:\/\/www.notibras.com\/site\/#organization\"},\"image\":{\"@id\":\"https:\/\/www.notibras.com\/site\/campanha-quer-ampliar-em-5-doacao-de-leite-materno\/#primaryimage\"},\"thumbnailUrl\":\"https:\/\/www.notibras.com\/site\/wp-content\/uploads\/2023\/05\/leite_2.jpg\",\"articleSection\":[\"Quadradinho em Foco\"],\"inLanguage\":\"pt-BR\"},{\"@type\":\"WebPage\",\"@id\":\"https:\/\/www.notibras.com\/site\/campanha-quer-ampliar-em-5-doacao-de-leite-materno\/\",\"url\":\"https:\/\/www.notibras.com\/site\/campanha-quer-ampliar-em-5-doacao-de-leite-materno\/\",\"name\":\"Campanha quer ampliar em 5% doa\u00e7\u00e3o de leite\u00a0materno - Notibras\",\"isPartOf\":{\"@id\":\"https:\/\/www.notibras.com\/site\/#website\"},\"primaryImageOfPage\":{\"@id\":\"https:\/\/www.notibras.com\/site\/campanha-quer-ampliar-em-5-doacao-de-leite-materno\/#primaryimage\"},\"image\":{\"@id\":\"https:\/\/www.notibras.com\/site\/campanha-quer-ampliar-em-5-doacao-de-leite-materno\/#primaryimage\"},\"thumbnailUrl\":\"https:\/\/www.notibras.com\/site\/wp-content\/uploads\/2023\/05\/leite_2.jpg\",\"datePublished\":\"2023-05-19T03:00:23+00:00\",\"dateModified\":\"2023-05-19T10:16:03+00:00\",\"breadcrumb\":{\"@id\":\"https:\/\/www.notibras.com\/site\/campanha-quer-ampliar-em-5-doacao-de-leite-materno\/#breadcrumb\"},\"inLanguage\":\"pt-BR\",\"potentialAction\":[{\"@type\":\"ReadAction\",\"target\":[\"https:\/\/www.notibras.com\/site\/campanha-quer-ampliar-em-5-doacao-de-leite-materno\/\"]}]},{\"@type\":\"ImageObject\",\"inLanguage\":\"pt-BR\",\"@id\":\"https:\/\/www.notibras.com\/site\/campanha-quer-ampliar-em-5-doacao-de-leite-materno\/#primaryimage\",\"url\":\"https:\/\/www.notibras.com\/site\/wp-content\/uploads\/2023\/05\/leite_2.jpg\",\"contentUrl\":\"https:\/\/www.notibras.com\/site\/wp-content\/uploads\/2023\/05\/leite_2.jpg\",\"width\":1170,\"height\":700,\"caption\":\"Bras\u00edlia (DF - Os bancos de leite de Bras\u00edlia s\u00e3o considerados os melhores do pa\u00eds e possuem classifica\u00e7\u00e3o de Padr\u00e3o Ouro pelo Programa Internacional Ibero-Americano de Bancos de Leite Humano. Foto Sandro Ara\u00fajo\/Ag\u00eancia Sa\u00fade-DF\"},{\"@type\":\"BreadcrumbList\",\"@id\":\"https:\/\/www.notibras.com\/site\/campanha-quer-ampliar-em-5-doacao-de-leite-materno\/#breadcrumb\",\"itemListElement\":[{\"@type\":\"ListItem\",\"position\":1,\"name\":\"In\u00edcio\",\"item\":\"https:\/\/www.notibras.com\/site\/\"},{\"@type\":\"ListItem\",\"position\":2,\"name\":\"Campanha quer ampliar em 5% doa\u00e7\u00e3o de leite\u00a0materno\"}]},{\"@type\":\"WebSite\",\"@id\":\"https:\/\/www.notibras.com\/site\/#website\",\"url\":\"https:\/\/www.notibras.com\/site\/\",\"name\":\"Notibras\",\"description\":\"Not\u00edcias de Bras\u00edlia, do Brasil e do Mundo\",\"publisher\":{\"@id\":\"https:\/\/www.notibras.com\/site\/#organization\"},\"potentialAction\":[{\"@type\":\"SearchAction\",\"target\":{\"@type\":\"EntryPoint\",\"urlTemplate\":\"https:\/\/www.notibras.com\/site\/?s={search_term_string}\"},\"query-input\":{\"@type\":\"PropertyValueSpecification\",\"valueRequired\":true,\"valueName\":\"search_term_string\"}}],\"inLanguage\":\"pt-BR\"},{\"@type\":\"Organization\",\"@id\":\"https:\/\/www.notibras.com\/site\/#organization\",\"name\":\"Grupo Notibras de Comunica\u00e7\u00e3o\",\"url\":\"https:\/\/www.notibras.com\/site\/\",\"logo\":{\"@type\":\"ImageObject\",\"inLanguage\":\"pt-BR\",\"@id\":\"https:\/\/www.notibras.com\/site\/#\/schema\/logo\/image\/\",\"url\":\"https:\/\/www.notibras.com\/site\/wp-content\/uploads\/2023\/01\/notibras23.png\",\"contentUrl\":\"https:\/\/www.notibras.com\/site\/wp-content\/uploads\/2023\/01\/notibras23.png\",\"width\":350,\"height\":87,\"caption\":\"Grupo Notibras de Comunica\u00e7\u00e3o\"},\"image\":{\"@id\":\"https:\/\/www.notibras.com\/site\/#\/schema\/logo\/image\/\"},\"sameAs\":[\"https:\/\/www.facebook.com\/notibras\/\",\"https:\/\/x.com\/Notibras\",\"https:\/\/www.instagram.com\/notibras\/\"]},{\"@type\":\"Person\",\"@id\":\"https:\/\/www.notibras.com\/site\/#\/schema\/person\/36ab0979449956132d3e5b517ea76ac8\",\"name\":\"Reda\u00e7\u00e3o\",\"image\":{\"@type\":\"ImageObject\",\"inLanguage\":\"pt-BR\",\"@id\":\"https:\/\/secure.gravatar.com\/avatar\/e0a867bdedb85fd243eadf09663511f96fc81e0720a4a42581f334ad4303aa6b?s=96&d=mm&r=g\",\"url\":\"https:\/\/secure.gravatar.com\/avatar\/e0a867bdedb85fd243eadf09663511f96fc81e0720a4a42581f334ad4303aa6b?s=96&d=mm&r=g\",\"contentUrl\":\"https:\/\/secure.gravatar.com\/avatar\/e0a867bdedb85fd243eadf09663511f96fc81e0720a4a42581f334ad4303aa6b?s=96&d=mm&r=g\",\"caption\":\"Reda\u00e7\u00e3o\"}}]}<\/script>\n<!-- \/ Yoast SEO plugin. -->","yoast_head_json":{"title":"Campanha quer ampliar em 5% doa\u00e7\u00e3o de leite\u00a0materno - Notibras","robots":{"index":"index","follow":"follow","max-snippet":"max-snippet:-1","max-image-preview":"max-image-preview:large","max-video-preview":"max-video-preview:-1"},"canonical":"https:\/\/www.notibras.com\/site\/campanha-quer-ampliar-em-5-doacao-de-leite-materno\/","og_locale":"pt_BR","og_type":"article","og_title":"Campanha quer ampliar em 5% doa\u00e7\u00e3o de leite\u00a0materno - Notibras","og_description":"O Minist\u00e9rio da Sa\u00fade lan\u00e7ou nesta quinta-feira (18) a Campanha Nacional de Doa\u00e7\u00e3o de Leite Humano, com a meta de ampliar em 5%, em 2023, a oferta de leite materno a beb\u00eas prematuros ou de baixo peso internados em UTIs e que n\u00e3o podem ser amamentados pelas pr\u00f3prias m\u00e3es. Com esse percentual, ser\u00e1 poss\u00edvel atender, [&hellip;]","og_url":"https:\/\/www.notibras.com\/site\/campanha-quer-ampliar-em-5-doacao-de-leite-materno\/","og_site_name":"Notibras","article_publisher":"https:\/\/www.facebook.com\/notibras\/","article_published_time":"2023-05-19T03:00:23+00:00","article_modified_time":"2023-05-19T10:16:03+00:00","og_image":[{"width":1170,"height":700,"url":"https:\/\/www.notibras.com\/site\/wp-content\/uploads\/2023\/05\/leite_2.jpg","type":"image\/jpeg"}],"author":"Reda\u00e7\u00e3o","twitter_card":"summary_large_image","twitter_creator":"@Notibras","twitter_site":"@Notibras","twitter_misc":{"Escrito por":"Reda\u00e7\u00e3o","Est. tempo de leitura":"3 minutos"},"schema":{"@context":"https:\/\/schema.org","@graph":[{"@type":"Article","@id":"https:\/\/www.notibras.com\/site\/campanha-quer-ampliar-em-5-doacao-de-leite-materno\/#article","isPartOf":{"@id":"https:\/\/www.notibras.com\/site\/campanha-quer-ampliar-em-5-doacao-de-leite-materno\/"},"author":{"name":"Reda\u00e7\u00e3o","@id":"https:\/\/www.notibras.com\/site\/#\/schema\/person\/36ab0979449956132d3e5b517ea76ac8"},"headline":"Campanha quer ampliar em 5% doa\u00e7\u00e3o de leite\u00a0materno","datePublished":"2023-05-19T03:00:23+00:00","dateModified":"2023-05-19T10:16:03+00:00","mainEntityOfPage":{"@id":"https:\/\/www.notibras.com\/site\/campanha-quer-ampliar-em-5-doacao-de-leite-materno\/"},"wordCount":570,"publisher":{"@id":"https:\/\/www.notibras.com\/site\/#organization"},"image":{"@id":"https:\/\/www.notibras.com\/site\/campanha-quer-ampliar-em-5-doacao-de-leite-materno\/#primaryimage"},"thumbnailUrl":"https:\/\/www.notibras.com\/site\/wp-content\/uploads\/2023\/05\/leite_2.jpg","articleSection":["Quadradinho em Foco"],"inLanguage":"pt-BR"},{"@type":"WebPage","@id":"https:\/\/www.notibras.com\/site\/campanha-quer-ampliar-em-5-doacao-de-leite-materno\/","url":"https:\/\/www.notibras.com\/site\/campanha-quer-ampliar-em-5-doacao-de-leite-materno\/","name":"Campanha quer ampliar em 5% doa\u00e7\u00e3o de leite\u00a0materno - Notibras","isPartOf":{"@id":"https:\/\/www.notibras.com\/site\/#website"},"primaryImageOfPage":{"@id":"https:\/\/www.notibras.com\/site\/campanha-quer-ampliar-em-5-doacao-de-leite-materno\/#primaryimage"},"image":{"@id":"https:\/\/www.notibras.com\/site\/campanha-quer-ampliar-em-5-doacao-de-leite-materno\/#primaryimage"},"thumbnailUrl":"https:\/\/www.notibras.com\/site\/wp-content\/uploads\/2023\/05\/leite_2.jpg","datePublished":"2023-05-19T03:00:23+00:00","dateModified":"2023-05-19T10:16:03+00:00","breadcrumb":{"@id":"https:\/\/www.notibras.com\/site\/campanha-quer-ampliar-em-5-doacao-de-leite-materno\/#breadcrumb"},"inLanguage":"pt-BR","potentialAction":[{"@type":"ReadAction","target":["https:\/\/www.notibras.com\/site\/campanha-quer-ampliar-em-5-doacao-de-leite-materno\/"]}]},{"@type":"ImageObject","inLanguage":"pt-BR","@id":"https:\/\/www.notibras.com\/site\/campanha-quer-ampliar-em-5-doacao-de-leite-materno\/#primaryimage","url":"https:\/\/www.notibras.com\/site\/wp-content\/uploads\/2023\/05\/leite_2.jpg","contentUrl":"https:\/\/www.notibras.com\/site\/wp-content\/uploads\/2023\/05\/leite_2.jpg","width":1170,"height":700,"caption":"Bras\u00edlia (DF - Os bancos de leite de Bras\u00edlia s\u00e3o considerados os melhores do pa\u00eds e possuem classifica\u00e7\u00e3o de Padr\u00e3o Ouro pelo Programa Internacional Ibero-Americano de Bancos de Leite Humano. Foto Sandro Ara\u00fajo\/Ag\u00eancia Sa\u00fade-DF"},{"@type":"BreadcrumbList","@id":"https:\/\/www.notibras.com\/site\/campanha-quer-ampliar-em-5-doacao-de-leite-materno\/#breadcrumb","itemListElement":[{"@type":"ListItem","position":1,"name":"In\u00edcio","item":"https:\/\/www.notibras.com\/site\/"},{"@type":"ListItem","position":2,"name":"Campanha quer ampliar em 5% doa\u00e7\u00e3o de leite\u00a0materno"}]},{"@type":"WebSite","@id":"https:\/\/www.notibras.com\/site\/#website","url":"https:\/\/www.notibras.com\/site\/","name":"Notibras","description":"Not\u00edcias de Bras\u00edlia, do Brasil e do Mundo","publisher":{"@id":"https:\/\/www.notibras.com\/site\/#organization"},"potentialAction":[{"@type":"SearchAction","target":{"@type":"EntryPoint","urlTemplate":"https:\/\/www.notibras.com\/site\/?s={search_term_string}"},"query-input":{"@type":"PropertyValueSpecification","valueRequired":true,"valueName":"search_term_string"}}],"inLanguage":"pt-BR"},{"@type":"Organization","@id":"https:\/\/www.notibras.com\/site\/#organization","name":"Grupo Notibras de Comunica\u00e7\u00e3o","url":"https:\/\/www.notibras.com\/site\/","logo":{"@type":"ImageObject","inLanguage":"pt-BR","@id":"https:\/\/www.notibras.com\/site\/#\/schema\/logo\/image\/","url":"https:\/\/www.notibras.com\/site\/wp-content\/uploads\/2023\/01\/notibras23.png","contentUrl":"https:\/\/www.notibras.com\/site\/wp-content\/uploads\/2023\/01\/notibras23.png","width":350,"height":87,"caption":"Grupo Notibras de Comunica\u00e7\u00e3o"},"image":{"@id":"https:\/\/www.notibras.com\/site\/#\/schema\/logo\/image\/"},"sameAs":["https:\/\/www.facebook.com\/notibras\/","https:\/\/x.com\/Notibras","https:\/\/www.instagram.com\/notibras\/"]},{"@type":"Person","@id":"https:\/\/www.notibras.com\/site\/#\/schema\/person\/36ab0979449956132d3e5b517ea76ac8","name":"Reda\u00e7\u00e3o","image":{"@type":"ImageObject","inLanguage":"pt-BR","@id":"https:\/\/secure.gravatar.com\/avatar\/e0a867bdedb85fd243eadf09663511f96fc81e0720a4a42581f334ad4303aa6b?s=96&d=mm&r=g","url":"https:\/\/secure.gravatar.com\/avatar\/e0a867bdedb85fd243eadf09663511f96fc81e0720a4a42581f334ad4303aa6b?s=96&d=mm&r=g","contentUrl":"https:\/\/secure.gravatar.com\/avatar\/e0a867bdedb85fd243eadf09663511f96fc81e0720a4a42581f334ad4303aa6b?s=96&d=mm&r=g","caption":"Reda\u00e7\u00e3o"}}]}},"amp_enabled":true,"_links":{"self":[{"href":"https:\/\/www.notibras.com\/site\/wp-json\/wp\/v2\/posts\/305239","targetHints":{"allow":["GET"]}}],"collection":[{"href":"https:\/\/www.notibras.com\/site\/wp-json\/wp\/v2\/posts"}],"about":[{"href":"https:\/\/www.notibras.com\/site\/wp-json\/wp\/v2\/types\/post"}],"author":[{"embeddable":true,"href":"https:\/\/www.notibras.com\/site\/wp-json\/wp\/v2\/users\/2"}],"replies":[{"embeddable":true,"href":"https:\/\/www.notibras.com\/site\/wp-json\/wp\/v2\/comments?post=305239"}],"version-history":[{"count":1,"href":"https:\/\/www.notibras.com\/site\/wp-json\/wp\/v2\/posts\/305239\/revisions"}],"predecessor-version":[{"id":305241,"href":"https:\/\/www.notibras.com\/site\/wp-json\/wp\/v2\/posts\/305239\/revisions\/305241"}],"wp:featuredmedia":[{"embeddable":true,"href":"https:\/\/www.notibras.com\/site\/wp-json\/wp\/v2\/media\/305240"}],"wp:attachment":[{"href":"https:\/\/www.notibras.com\/site\/wp-json\/wp\/v2\/media?parent=305239"}],"wp:term":[{"taxonomy":"category","embeddable":true,"href":"https:\/\/www.notibras.com\/site\/wp-json\/wp\/v2\/categories?post=305239"},{"taxonomy":"post_tag","embeddable":true,"href":"https:\/\/www.notibras.com\/site\/wp-json\/wp\/v2\/tags?post=305239"}],"curies":[{"name":"wp","href":"https:\/\/api.w.org\/{rel}","templated":true}]}}