{"id":305242,"date":"2023-05-19T07:23:33","date_gmt":"2023-05-19T10:23:33","guid":{"rendered":"https:\/\/www.notibras.com\/site\/?p=305242"},"modified":"2023-05-19T07:23:33","modified_gmt":"2023-05-19T10:23:33","slug":"mutirao-vai-fiscalizar-os-postos-de-combustiveis","status":"publish","type":"post","link":"https:\/\/www.notibras.com\/site\/mutirao-vai-fiscalizar-os-postos-de-combustiveis\/","title":{"rendered":"Mutir\u00e3o vai fiscalizar os postos de combust\u00edveis"},"content":{"rendered":"<p>A Secretaria Nacional do Consumidor (Senacon), vinculada ao Minist\u00e9rio da Justi\u00e7a e Seguran\u00e7a P\u00fablica, vai coordenar um mutir\u00e3o de fiscaliza\u00e7\u00e3o dos pre\u00e7os em postos de combust\u00edveis. A opera\u00e7\u00e3o, que contar\u00e1 com participa\u00e7\u00e3o de \u00f3rg\u00e3os de defesa do consumidor, como os Procons, ser\u00e1 realizada no dia 24 deste m\u00eas em todos os estados.<\/p>\n<p>O objetivo \u00e9 fazer valer a decis\u00e3o da Petrobras, que reduziu nesta semana o pre\u00e7o dos combust\u00edveis vendidos \u00e0s distribuidoras. A redu\u00e7\u00e3o foi de R$ 0,44 por litro do pre\u00e7o m\u00e9dio do diesel, que caiu de R$ 3,46 para R$ 3,02, e de R$ 0,40 por litro da gasolina, passando de R$ 3,18 para R$ 2,78.<\/p>\n<p>&#8220;N\u00f3s temos que entender, e reconhecer, que essa medida da Petrobras e do governo brasileiro beneficiam toda a popula\u00e7\u00e3o brasileira e tem que ser cumprida, e sua execu\u00e7\u00e3o, fiscalizada&#8221;, afirmou o secret\u00e1rio nacional do Consumidor, Wadih Damous. &#8220;N\u00e3o estamos criminalizando os postos de combust\u00edveis , mas talvez seja o setor mais cartelizado da economia brasileira. N\u00f3s sempre tivemos problemas com essa quest\u00e3o de pre\u00e7o de combust\u00edvel&#8221;, acrescentou.<\/p>\n<p>Segundo Wadih, uma s\u00e9rie de den\u00fancias de abusos e fraudes chegou ap\u00f3s o an\u00fancio da redu\u00e7\u00e3o de pre\u00e7os. Consumidores t\u00eam reclamado de aumento repentino nos pre\u00e7os para burlar o repasse do desconto. A ideia do governo \u00e9 comparar os pre\u00e7os praticados nos \u00faltimos dias com os pre\u00e7os novos, ap\u00f3s a redu\u00e7\u00e3o da Petrobras.<\/p>\n<p>&#8220;Recebemos, de ontem [17] para c\u00e1, diversas den\u00fancias de abuso, de fraudes. Aumentaram [os pre\u00e7os] no dia seguinte ao an\u00fancio [da redu\u00e7\u00e3o], para depois, e mais \u00e0 frente, reduzir, mas n\u00e3o v\u00e3o reduzir coisa nenhuma&#8221;, observou. O titular da Senacon pediu apoio de motorista de aplicativos, caminhoneiros e da sociedade, em geral, para denunciarem pr\u00e1ticas abusivas. De acordo com o ministro da Justi\u00e7a, Fl\u00e1vio Dino, entre as medidas que podem ser tomadas, est\u00e3o a aplica\u00e7\u00e3o de multas e at\u00e9 a suspens\u00e3o de atividades dos postos que forem flagrados cometendo ilegalidades na opera\u00e7\u00e3o.<\/p>\n<p>&#8220;Marcamos o mutir\u00e3o dia 24, para que haja tempo para os postos se adaptarem aos novos pre\u00e7os, orientados por essa pol\u00edtica nova da Petrobras. Esperamos que isso aconte\u00e7a espontaneamente. Se os postos n\u00e3o compreenderem a necessidade dessa adequa\u00e7\u00e3o e tentarem transformar a redu\u00e7\u00e3o em margem de lucro, entram em cena os aparatos coercitivos&#8221;, afirmou.<\/p>\n<p>Dino enfatizou que, apesar de n\u00e3o haver tabelamento de pre\u00e7os no mercado de combust\u00edveis, o setor \u00e9 regulado por leis, decretos e outros dispositivos legais, e cobrou senso de proporcionalidade das empresas no momento de repassar descontos. &#8220;Sabemos que a praxe, normalmente, \u00e9 que, quando a Petrobras anuncia um pre\u00e7o para a distribuidora, independente do estoque constante do posto, o repasse \u00e9 imediato, horas depois, no dia seguinte. Em rela\u00e7\u00e3o \u00e0 redu\u00e7\u00e3o, n\u00e3o h\u00e1 essa mesma velocidade&#8221;, criticou.<\/p>\n<p><strong>Monitoramento permanente<\/strong><br \/>\nA decis\u00e3o de realizar o mutir\u00e3o foi definida em reuni\u00e3o da Senacon, que coordena o Sistema Nacional de Defesa do Consumidor, com representantes de Procons, Defensorias P\u00fablicas, Minist\u00e9rio P\u00fablico, Ordem dos Advogados do Brasil (OAB), Conselho Administrativo de Defesa Econ\u00f4mica (Cade) e Ag\u00eancia Nacional de Petr\u00f3leo e Biocombust\u00edveis (ANP).<\/p>\n<p>No mesmo encontro, foi definida a cria\u00e7\u00e3o de um comit\u00ea permanente de monitoramento do mercado de combust\u00edveis, formado pela Senacon, o Cade e a ANP. Um termo de coopera\u00e7\u00e3o dever\u00e1 ser assinado nos pr\u00f3ximos dias para viabilizar a atua\u00e7\u00e3o conjunta dos \u00f3rg\u00e3os, que passar\u00e1 a fazer uma fiscaliza\u00e7\u00e3o preventiva e ostensiva contra eventuais abusos econ\u00f4micos do setor.<\/p>\n","protected":false},"excerpt":{"rendered":"<p>A Secretaria Nacional do Consumidor (Senacon), vinculada ao Minist\u00e9rio da Justi\u00e7a e Seguran\u00e7a P\u00fablica, vai coordenar um mutir\u00e3o de fiscaliza\u00e7\u00e3o dos pre\u00e7os em postos de combust\u00edveis. A opera\u00e7\u00e3o, que contar\u00e1 com participa\u00e7\u00e3o de \u00f3rg\u00e3os de defesa do consumidor, como os Procons, ser\u00e1 realizada no dia 24 deste m\u00eas em todos os estados. O objetivo \u00e9 [&hellip;]<\/p>\n","protected":false},"author":2,"featured_media":305243,"comment_status":"closed","ping_status":"closed","sticky":false,"template":"","format":"standard","meta":{"_acf_changed":false,"footnotes":""},"categories":[161],"tags":[],"class_list":["post-305242","post","type-post","status-publish","format-standard","has-post-thumbnail","hentry","category-quadradinho-em-foco"],"acf":[],"yoast_head":"<!-- This site is optimized with the Yoast SEO plugin v27.2 - https:\/\/yoast.com\/product\/yoast-seo-wordpress\/ -->\n<title>Mutir\u00e3o vai fiscalizar os postos de combust\u00edveis - Notibras<\/title>\n<meta name=\"robots\" content=\"index, follow, max-snippet:-1, max-image-preview:large, max-video-preview:-1\" \/>\n<link rel=\"canonical\" href=\"https:\/\/www.notibras.com\/site\/mutirao-vai-fiscalizar-os-postos-de-combustiveis\/\" \/>\n<meta property=\"og:locale\" content=\"pt_BR\" \/>\n<meta property=\"og:type\" content=\"article\" \/>\n<meta property=\"og:title\" content=\"Mutir\u00e3o vai fiscalizar os postos de combust\u00edveis - Notibras\" \/>\n<meta property=\"og:description\" content=\"A Secretaria Nacional do Consumidor (Senacon), vinculada ao Minist\u00e9rio da Justi\u00e7a e Seguran\u00e7a P\u00fablica, vai coordenar um mutir\u00e3o de fiscaliza\u00e7\u00e3o dos pre\u00e7os em postos de combust\u00edveis. A opera\u00e7\u00e3o, que contar\u00e1 com participa\u00e7\u00e3o de \u00f3rg\u00e3os de defesa do consumidor, como os Procons, ser\u00e1 realizada no dia 24 deste m\u00eas em todos os estados. O objetivo \u00e9 [&hellip;]\" \/>\n<meta property=\"og:url\" content=\"https:\/\/www.notibras.com\/site\/mutirao-vai-fiscalizar-os-postos-de-combustiveis\/\" \/>\n<meta property=\"og:site_name\" content=\"Notibras\" \/>\n<meta property=\"article:publisher\" content=\"https:\/\/www.facebook.com\/notibras\/\" \/>\n<meta property=\"article:published_time\" content=\"2023-05-19T10:23:33+00:00\" \/>\n<meta property=\"og:image\" content=\"https:\/\/www.notibras.com\/site\/wp-content\/uploads\/2023\/05\/posto_de_gasolina_jfcrz_abr_0605223810_0-1.jpg\" \/>\n\t<meta property=\"og:image:width\" content=\"1170\" \/>\n\t<meta property=\"og:image:height\" content=\"700\" \/>\n\t<meta property=\"og:image:type\" content=\"image\/jpeg\" \/>\n<meta name=\"author\" content=\"Reda\u00e7\u00e3o\" \/>\n<meta name=\"twitter:card\" content=\"summary_large_image\" \/>\n<meta name=\"twitter:creator\" content=\"@Notibras\" \/>\n<meta name=\"twitter:site\" content=\"@Notibras\" \/>\n<meta name=\"twitter:label1\" content=\"Escrito por\" \/>\n\t<meta name=\"twitter:data1\" content=\"Reda\u00e7\u00e3o\" \/>\n\t<meta name=\"twitter:label2\" content=\"Est. tempo de leitura\" \/>\n\t<meta name=\"twitter:data2\" content=\"4 minutos\" \/>\n<script type=\"application\/ld+json\" class=\"yoast-schema-graph\">{\"@context\":\"https:\/\/schema.org\",\"@graph\":[{\"@type\":\"Article\",\"@id\":\"https:\/\/www.notibras.com\/site\/mutirao-vai-fiscalizar-os-postos-de-combustiveis\/#article\",\"isPartOf\":{\"@id\":\"https:\/\/www.notibras.com\/site\/mutirao-vai-fiscalizar-os-postos-de-combustiveis\/\"},\"author\":{\"name\":\"Reda\u00e7\u00e3o\",\"@id\":\"https:\/\/www.notibras.com\/site\/#\/schema\/person\/36ab0979449956132d3e5b517ea76ac8\"},\"headline\":\"Mutir\u00e3o vai fiscalizar os postos de combust\u00edveis\",\"datePublished\":\"2023-05-19T10:23:33+00:00\",\"mainEntityOfPage\":{\"@id\":\"https:\/\/www.notibras.com\/site\/mutirao-vai-fiscalizar-os-postos-de-combustiveis\/\"},\"wordCount\":637,\"publisher\":{\"@id\":\"https:\/\/www.notibras.com\/site\/#organization\"},\"image\":{\"@id\":\"https:\/\/www.notibras.com\/site\/mutirao-vai-fiscalizar-os-postos-de-combustiveis\/#primaryimage\"},\"thumbnailUrl\":\"https:\/\/www.notibras.com\/site\/wp-content\/uploads\/2023\/05\/posto_de_gasolina_jfcrz_abr_0605223810_0-1.jpg\",\"articleSection\":[\"Quadradinho em Foco\"],\"inLanguage\":\"pt-BR\"},{\"@type\":\"WebPage\",\"@id\":\"https:\/\/www.notibras.com\/site\/mutirao-vai-fiscalizar-os-postos-de-combustiveis\/\",\"url\":\"https:\/\/www.notibras.com\/site\/mutirao-vai-fiscalizar-os-postos-de-combustiveis\/\",\"name\":\"Mutir\u00e3o vai fiscalizar os postos de combust\u00edveis - Notibras\",\"isPartOf\":{\"@id\":\"https:\/\/www.notibras.com\/site\/#website\"},\"primaryImageOfPage\":{\"@id\":\"https:\/\/www.notibras.com\/site\/mutirao-vai-fiscalizar-os-postos-de-combustiveis\/#primaryimage\"},\"image\":{\"@id\":\"https:\/\/www.notibras.com\/site\/mutirao-vai-fiscalizar-os-postos-de-combustiveis\/#primaryimage\"},\"thumbnailUrl\":\"https:\/\/www.notibras.com\/site\/wp-content\/uploads\/2023\/05\/posto_de_gasolina_jfcrz_abr_0605223810_0-1.jpg\",\"datePublished\":\"2023-05-19T10:23:33+00:00\",\"breadcrumb\":{\"@id\":\"https:\/\/www.notibras.com\/site\/mutirao-vai-fiscalizar-os-postos-de-combustiveis\/#breadcrumb\"},\"inLanguage\":\"pt-BR\",\"potentialAction\":[{\"@type\":\"ReadAction\",\"target\":[\"https:\/\/www.notibras.com\/site\/mutirao-vai-fiscalizar-os-postos-de-combustiveis\/\"]}]},{\"@type\":\"ImageObject\",\"inLanguage\":\"pt-BR\",\"@id\":\"https:\/\/www.notibras.com\/site\/mutirao-vai-fiscalizar-os-postos-de-combustiveis\/#primaryimage\",\"url\":\"https:\/\/www.notibras.com\/site\/wp-content\/uploads\/2023\/05\/posto_de_gasolina_jfcrz_abr_0605223810_0-1.jpg\",\"contentUrl\":\"https:\/\/www.notibras.com\/site\/wp-content\/uploads\/2023\/05\/posto_de_gasolina_jfcrz_abr_0605223810_0-1.jpg\",\"width\":1170,\"height\":700,\"caption\":\"Posto de combust\u00edvel\"},{\"@type\":\"BreadcrumbList\",\"@id\":\"https:\/\/www.notibras.com\/site\/mutirao-vai-fiscalizar-os-postos-de-combustiveis\/#breadcrumb\",\"itemListElement\":[{\"@type\":\"ListItem\",\"position\":1,\"name\":\"In\u00edcio\",\"item\":\"https:\/\/www.notibras.com\/site\/\"},{\"@type\":\"ListItem\",\"position\":2,\"name\":\"Mutir\u00e3o vai fiscalizar os postos de combust\u00edveis\"}]},{\"@type\":\"WebSite\",\"@id\":\"https:\/\/www.notibras.com\/site\/#website\",\"url\":\"https:\/\/www.notibras.com\/site\/\",\"name\":\"Notibras\",\"description\":\"Not\u00edcias de Bras\u00edlia, do Brasil e do Mundo\",\"publisher\":{\"@id\":\"https:\/\/www.notibras.com\/site\/#organization\"},\"potentialAction\":[{\"@type\":\"SearchAction\",\"target\":{\"@type\":\"EntryPoint\",\"urlTemplate\":\"https:\/\/www.notibras.com\/site\/?s={search_term_string}\"},\"query-input\":{\"@type\":\"PropertyValueSpecification\",\"valueRequired\":true,\"valueName\":\"search_term_string\"}}],\"inLanguage\":\"pt-BR\"},{\"@type\":\"Organization\",\"@id\":\"https:\/\/www.notibras.com\/site\/#organization\",\"name\":\"Grupo Notibras de Comunica\u00e7\u00e3o\",\"url\":\"https:\/\/www.notibras.com\/site\/\",\"logo\":{\"@type\":\"ImageObject\",\"inLanguage\":\"pt-BR\",\"@id\":\"https:\/\/www.notibras.com\/site\/#\/schema\/logo\/image\/\",\"url\":\"https:\/\/www.notibras.com\/site\/wp-content\/uploads\/2023\/01\/notibras23.png\",\"contentUrl\":\"https:\/\/www.notibras.com\/site\/wp-content\/uploads\/2023\/01\/notibras23.png\",\"width\":350,\"height\":87,\"caption\":\"Grupo Notibras de Comunica\u00e7\u00e3o\"},\"image\":{\"@id\":\"https:\/\/www.notibras.com\/site\/#\/schema\/logo\/image\/\"},\"sameAs\":[\"https:\/\/www.facebook.com\/notibras\/\",\"https:\/\/x.com\/Notibras\",\"https:\/\/www.instagram.com\/notibras\/\"]},{\"@type\":\"Person\",\"@id\":\"https:\/\/www.notibras.com\/site\/#\/schema\/person\/36ab0979449956132d3e5b517ea76ac8\",\"name\":\"Reda\u00e7\u00e3o\",\"image\":{\"@type\":\"ImageObject\",\"inLanguage\":\"pt-BR\",\"@id\":\"https:\/\/secure.gravatar.com\/avatar\/e0a867bdedb85fd243eadf09663511f96fc81e0720a4a42581f334ad4303aa6b?s=96&d=mm&r=g\",\"url\":\"https:\/\/secure.gravatar.com\/avatar\/e0a867bdedb85fd243eadf09663511f96fc81e0720a4a42581f334ad4303aa6b?s=96&d=mm&r=g\",\"contentUrl\":\"https:\/\/secure.gravatar.com\/avatar\/e0a867bdedb85fd243eadf09663511f96fc81e0720a4a42581f334ad4303aa6b?s=96&d=mm&r=g\",\"caption\":\"Reda\u00e7\u00e3o\"}}]}<\/script>\n<!-- \/ Yoast SEO plugin. -->","yoast_head_json":{"title":"Mutir\u00e3o vai fiscalizar os postos de combust\u00edveis - Notibras","robots":{"index":"index","follow":"follow","max-snippet":"max-snippet:-1","max-image-preview":"max-image-preview:large","max-video-preview":"max-video-preview:-1"},"canonical":"https:\/\/www.notibras.com\/site\/mutirao-vai-fiscalizar-os-postos-de-combustiveis\/","og_locale":"pt_BR","og_type":"article","og_title":"Mutir\u00e3o vai fiscalizar os postos de combust\u00edveis - Notibras","og_description":"A Secretaria Nacional do Consumidor (Senacon), vinculada ao Minist\u00e9rio da Justi\u00e7a e Seguran\u00e7a P\u00fablica, vai coordenar um mutir\u00e3o de fiscaliza\u00e7\u00e3o dos pre\u00e7os em postos de combust\u00edveis. A opera\u00e7\u00e3o, que contar\u00e1 com participa\u00e7\u00e3o de \u00f3rg\u00e3os de defesa do consumidor, como os Procons, ser\u00e1 realizada no dia 24 deste m\u00eas em todos os estados. O objetivo \u00e9 [&hellip;]","og_url":"https:\/\/www.notibras.com\/site\/mutirao-vai-fiscalizar-os-postos-de-combustiveis\/","og_site_name":"Notibras","article_publisher":"https:\/\/www.facebook.com\/notibras\/","article_published_time":"2023-05-19T10:23:33+00:00","og_image":[{"width":1170,"height":700,"url":"https:\/\/www.notibras.com\/site\/wp-content\/uploads\/2023\/05\/posto_de_gasolina_jfcrz_abr_0605223810_0-1.jpg","type":"image\/jpeg"}],"author":"Reda\u00e7\u00e3o","twitter_card":"summary_large_image","twitter_creator":"@Notibras","twitter_site":"@Notibras","twitter_misc":{"Escrito por":"Reda\u00e7\u00e3o","Est. tempo de leitura":"4 minutos"},"schema":{"@context":"https:\/\/schema.org","@graph":[{"@type":"Article","@id":"https:\/\/www.notibras.com\/site\/mutirao-vai-fiscalizar-os-postos-de-combustiveis\/#article","isPartOf":{"@id":"https:\/\/www.notibras.com\/site\/mutirao-vai-fiscalizar-os-postos-de-combustiveis\/"},"author":{"name":"Reda\u00e7\u00e3o","@id":"https:\/\/www.notibras.com\/site\/#\/schema\/person\/36ab0979449956132d3e5b517ea76ac8"},"headline":"Mutir\u00e3o vai fiscalizar os postos de combust\u00edveis","datePublished":"2023-05-19T10:23:33+00:00","mainEntityOfPage":{"@id":"https:\/\/www.notibras.com\/site\/mutirao-vai-fiscalizar-os-postos-de-combustiveis\/"},"wordCount":637,"publisher":{"@id":"https:\/\/www.notibras.com\/site\/#organization"},"image":{"@id":"https:\/\/www.notibras.com\/site\/mutirao-vai-fiscalizar-os-postos-de-combustiveis\/#primaryimage"},"thumbnailUrl":"https:\/\/www.notibras.com\/site\/wp-content\/uploads\/2023\/05\/posto_de_gasolina_jfcrz_abr_0605223810_0-1.jpg","articleSection":["Quadradinho em Foco"],"inLanguage":"pt-BR"},{"@type":"WebPage","@id":"https:\/\/www.notibras.com\/site\/mutirao-vai-fiscalizar-os-postos-de-combustiveis\/","url":"https:\/\/www.notibras.com\/site\/mutirao-vai-fiscalizar-os-postos-de-combustiveis\/","name":"Mutir\u00e3o vai fiscalizar os postos de combust\u00edveis - Notibras","isPartOf":{"@id":"https:\/\/www.notibras.com\/site\/#website"},"primaryImageOfPage":{"@id":"https:\/\/www.notibras.com\/site\/mutirao-vai-fiscalizar-os-postos-de-combustiveis\/#primaryimage"},"image":{"@id":"https:\/\/www.notibras.com\/site\/mutirao-vai-fiscalizar-os-postos-de-combustiveis\/#primaryimage"},"thumbnailUrl":"https:\/\/www.notibras.com\/site\/wp-content\/uploads\/2023\/05\/posto_de_gasolina_jfcrz_abr_0605223810_0-1.jpg","datePublished":"2023-05-19T10:23:33+00:00","breadcrumb":{"@id":"https:\/\/www.notibras.com\/site\/mutirao-vai-fiscalizar-os-postos-de-combustiveis\/#breadcrumb"},"inLanguage":"pt-BR","potentialAction":[{"@type":"ReadAction","target":["https:\/\/www.notibras.com\/site\/mutirao-vai-fiscalizar-os-postos-de-combustiveis\/"]}]},{"@type":"ImageObject","inLanguage":"pt-BR","@id":"https:\/\/www.notibras.com\/site\/mutirao-vai-fiscalizar-os-postos-de-combustiveis\/#primaryimage","url":"https:\/\/www.notibras.com\/site\/wp-content\/uploads\/2023\/05\/posto_de_gasolina_jfcrz_abr_0605223810_0-1.jpg","contentUrl":"https:\/\/www.notibras.com\/site\/wp-content\/uploads\/2023\/05\/posto_de_gasolina_jfcrz_abr_0605223810_0-1.jpg","width":1170,"height":700,"caption":"Posto de combust\u00edvel"},{"@type":"BreadcrumbList","@id":"https:\/\/www.notibras.com\/site\/mutirao-vai-fiscalizar-os-postos-de-combustiveis\/#breadcrumb","itemListElement":[{"@type":"ListItem","position":1,"name":"In\u00edcio","item":"https:\/\/www.notibras.com\/site\/"},{"@type":"ListItem","position":2,"name":"Mutir\u00e3o vai fiscalizar os postos de combust\u00edveis"}]},{"@type":"WebSite","@id":"https:\/\/www.notibras.com\/site\/#website","url":"https:\/\/www.notibras.com\/site\/","name":"Notibras","description":"Not\u00edcias de Bras\u00edlia, do Brasil e do Mundo","publisher":{"@id":"https:\/\/www.notibras.com\/site\/#organization"},"potentialAction":[{"@type":"SearchAction","target":{"@type":"EntryPoint","urlTemplate":"https:\/\/www.notibras.com\/site\/?s={search_term_string}"},"query-input":{"@type":"PropertyValueSpecification","valueRequired":true,"valueName":"search_term_string"}}],"inLanguage":"pt-BR"},{"@type":"Organization","@id":"https:\/\/www.notibras.com\/site\/#organization","name":"Grupo Notibras de Comunica\u00e7\u00e3o","url":"https:\/\/www.notibras.com\/site\/","logo":{"@type":"ImageObject","inLanguage":"pt-BR","@id":"https:\/\/www.notibras.com\/site\/#\/schema\/logo\/image\/","url":"https:\/\/www.notibras.com\/site\/wp-content\/uploads\/2023\/01\/notibras23.png","contentUrl":"https:\/\/www.notibras.com\/site\/wp-content\/uploads\/2023\/01\/notibras23.png","width":350,"height":87,"caption":"Grupo Notibras de Comunica\u00e7\u00e3o"},"image":{"@id":"https:\/\/www.notibras.com\/site\/#\/schema\/logo\/image\/"},"sameAs":["https:\/\/www.facebook.com\/notibras\/","https:\/\/x.com\/Notibras","https:\/\/www.instagram.com\/notibras\/"]},{"@type":"Person","@id":"https:\/\/www.notibras.com\/site\/#\/schema\/person\/36ab0979449956132d3e5b517ea76ac8","name":"Reda\u00e7\u00e3o","image":{"@type":"ImageObject","inLanguage":"pt-BR","@id":"https:\/\/secure.gravatar.com\/avatar\/e0a867bdedb85fd243eadf09663511f96fc81e0720a4a42581f334ad4303aa6b?s=96&d=mm&r=g","url":"https:\/\/secure.gravatar.com\/avatar\/e0a867bdedb85fd243eadf09663511f96fc81e0720a4a42581f334ad4303aa6b?s=96&d=mm&r=g","contentUrl":"https:\/\/secure.gravatar.com\/avatar\/e0a867bdedb85fd243eadf09663511f96fc81e0720a4a42581f334ad4303aa6b?s=96&d=mm&r=g","caption":"Reda\u00e7\u00e3o"}}]}},"amp_enabled":true,"_links":{"self":[{"href":"https:\/\/www.notibras.com\/site\/wp-json\/wp\/v2\/posts\/305242","targetHints":{"allow":["GET"]}}],"collection":[{"href":"https:\/\/www.notibras.com\/site\/wp-json\/wp\/v2\/posts"}],"about":[{"href":"https:\/\/www.notibras.com\/site\/wp-json\/wp\/v2\/types\/post"}],"author":[{"embeddable":true,"href":"https:\/\/www.notibras.com\/site\/wp-json\/wp\/v2\/users\/2"}],"replies":[{"embeddable":true,"href":"https:\/\/www.notibras.com\/site\/wp-json\/wp\/v2\/comments?post=305242"}],"version-history":[{"count":1,"href":"https:\/\/www.notibras.com\/site\/wp-json\/wp\/v2\/posts\/305242\/revisions"}],"predecessor-version":[{"id":305244,"href":"https:\/\/www.notibras.com\/site\/wp-json\/wp\/v2\/posts\/305242\/revisions\/305244"}],"wp:featuredmedia":[{"embeddable":true,"href":"https:\/\/www.notibras.com\/site\/wp-json\/wp\/v2\/media\/305243"}],"wp:attachment":[{"href":"https:\/\/www.notibras.com\/site\/wp-json\/wp\/v2\/media?parent=305242"}],"wp:term":[{"taxonomy":"category","embeddable":true,"href":"https:\/\/www.notibras.com\/site\/wp-json\/wp\/v2\/categories?post=305242"},{"taxonomy":"post_tag","embeddable":true,"href":"https:\/\/www.notibras.com\/site\/wp-json\/wp\/v2\/tags?post=305242"}],"curies":[{"name":"wp","href":"https:\/\/api.w.org\/{rel}","templated":true}]}}