{"id":305252,"date":"2023-05-19T12:58:15","date_gmt":"2023-05-19T15:58:15","guid":{"rendered":"https:\/\/www.notibras.com\/site\/?p=305252"},"modified":"2023-05-19T15:01:05","modified_gmt":"2023-05-19T18:01:05","slug":"supremo-acaba-com-as-revistas-intimas-em-visitas-a-presidios","status":"publish","type":"post","link":"https:\/\/www.notibras.com\/site\/supremo-acaba-com-as-revistas-intimas-em-visitas-a-presidios\/","title":{"rendered":"Supremo acaba com as revistas \u00edntimas em visitas a pres\u00eddios"},"content":{"rendered":"<p>A maioria dos ministros do Supremo Tribunal Federal (STF) votou para que sejam extintas as revistas \u00edntimas como condi\u00e7\u00e3o de entrada em estabelecimentos prisionais. O tema est\u00e1 sendo julgado no plen\u00e1rio virtual at\u00e9 o fim desta sexta-feira (19).<\/p>\n<p>Pela decis\u00e3o da maioria, a pr\u00e1tica \u00e9 vexat\u00f3ria e fica proibida em qualquer estabelecimento onde haja segrega\u00e7\u00e3o de pessoas. Nesses locais, fica vedado tamb\u00e9m o desnudamento, parcial ou n\u00e3o, de visitantes.<\/p>\n<p>As provas eventualmente obtidas por meio de revista \u00edntima perdem sua validade, decidiu a maioria. Os ministros esvaziaram a possibilidade de que o procedimento seja justificado de algum modo, sobretudo pela falta de equipamentos.<\/p>\n<p>Prevaleceu o voto do ministro Edson Fachin, relator do tema. O ministro concordou com os argumentos apresentados em um recurso extraordin\u00e1rio apresentado ao Supremo, no qual a defesa de uma mulher do Rio Grande do Sul pediu a anula\u00e7\u00e3o de provas obtidas mediante revista \u00edntima.<\/p>\n<p>O recurso tem repercuss\u00e3o geral reconhecida. Isso significa que o desfecho desse processo deve servir de par\u00e2metro para todos os casos similares, em todo o pa\u00eds. Para isso, a maioria dos ministros aprovou uma tese sugerida por Fachin, com o seguinte teor:<\/p>\n<p>\u201c\u00c9 inadmiss\u00edvel a pr\u00e1tica vexat\u00f3ria da revista \u00edntima em visitas sociais nos estabelecimentos de segrega\u00e7\u00e3o compuls\u00f3ria, vedados sob qualquer forma ou modo o desnudamento de visitantes e a abomin\u00e1vel inspe\u00e7\u00e3o de suas cavidades corporais, e a prova a partir dela obtida \u00e9 il\u00edcita, n\u00e3o cabendo como escusa a aus\u00eancia de equipamentos eletr\u00f4nicos e radiosc\u00f3picos.\u201d<\/p>\n<p>Na decis\u00e3o, o relator esclarece que s\u00e3o leg\u00edtimas as revistas pessoais, sem desnudamento e desde que o visitante j\u00e1 tenha passado por equipamentos como detectores de metal e raio-X. \u00c9 preciso tamb\u00e9m que haja \u201celementos concretos ou documentos que materializem e justifiquem a suspeita do porte de subst\u00e2ncias\/objetos il\u00edcitos ou proibidos, de modo a permitir-se o controle judicial, bem como a responsabiliza\u00e7\u00e3o civil, penal e administrativa nas hip\u00f3teses de eventuais arbitrariedades\u201d, diz o texto aderido pela maioria.<\/p>\n<p>No caso concreto, os ministros julgaram a apela\u00e7\u00e3o de uma mulher que foi flagrada em uma pris\u00e3o do Rio Grande do Sul com 96,09 gramas de maconha ocultadas nas partes \u00edntimas. A droga seria levada a seu irm\u00e3o preso.<\/p>\n<p>A Defensoria P\u00fablica alegou que a prova do il\u00edcito foi obtida por meio de procedimento que fere a dignidade da pessoa humana, entre outras viola\u00e7\u00f5es, e por esse motivo n\u00e3o haveria como dar validade \u00e0s provas. O Minist\u00e9rio P\u00fablico do RS recorreu afirmando n\u00e3o ser poss\u00edvel se criar uma esp\u00e9cie de \u201cimunidade criminal\u201d para a entrada de drogas em penitenci\u00e1rias.<\/p>\n<p>Votaram com Fachin os ministros C\u00e1rmen L\u00facia, Lu\u00eds Roberto Barroso, Andr\u00e9 Mendon\u00e7a, Rosa Weber e Gilmar Mendes. Divergiram os ministros Alexandre de Moraes, Dias Toffoli e Nunes Marques. Luiz Fux ainda n\u00e3o votou.<\/p>\n<p>Para a diverg\u00eancia, a revista \u00edntima poderia ser realizada, desde que com a concord\u00e2ncia do visitante e sob protocolo preestabelecido, por pessoa do mesmo g\u00eanero, que dever\u00e1 ser formada em medicina na hip\u00f3tese de exames invasivos. \u201cCaso n\u00e3o haja concord\u00e2ncia do visitante, a autoridade administrativa poder\u00e1 impedir a realiza\u00e7\u00e3o da visita\u201d, escreveu Moraes em seu voto.<\/p>\n","protected":false},"excerpt":{"rendered":"<p>A maioria dos ministros do Supremo Tribunal Federal (STF) votou para que sejam extintas as revistas \u00edntimas como condi\u00e7\u00e3o de entrada em estabelecimentos prisionais. O tema est\u00e1 sendo julgado no plen\u00e1rio virtual at\u00e9 o fim desta sexta-feira (19). Pela decis\u00e3o da maioria, a pr\u00e1tica \u00e9 vexat\u00f3ria e fica proibida em qualquer estabelecimento onde haja segrega\u00e7\u00e3o [&hellip;]<\/p>\n","protected":false},"author":2,"featured_media":305253,"comment_status":"closed","ping_status":"closed","sticky":false,"template":"","format":"standard","meta":{"_acf_changed":false,"footnotes":""},"categories":[161],"tags":[95],"class_list":["post-305252","post","type-post","status-publish","format-standard","has-post-thumbnail","hentry","category-quadradinho-em-foco","tag-capa"],"acf":[],"yoast_head":"<!-- This site is optimized with the Yoast SEO plugin v27.2 - https:\/\/yoast.com\/product\/yoast-seo-wordpress\/ -->\n<title>Supremo acaba com as revistas \u00edntimas em visitas a pres\u00eddios - Notibras<\/title>\n<meta name=\"robots\" content=\"index, follow, max-snippet:-1, max-image-preview:large, max-video-preview:-1\" \/>\n<link rel=\"canonical\" href=\"https:\/\/www.notibras.com\/site\/supremo-acaba-com-as-revistas-intimas-em-visitas-a-presidios\/\" \/>\n<meta property=\"og:locale\" content=\"pt_BR\" \/>\n<meta property=\"og:type\" content=\"article\" \/>\n<meta property=\"og:title\" content=\"Supremo acaba com as revistas \u00edntimas em visitas a pres\u00eddios - Notibras\" \/>\n<meta property=\"og:description\" content=\"A maioria dos ministros do Supremo Tribunal Federal (STF) votou para que sejam extintas as revistas \u00edntimas como condi\u00e7\u00e3o de entrada em estabelecimentos prisionais. O tema est\u00e1 sendo julgado no plen\u00e1rio virtual at\u00e9 o fim desta sexta-feira (19). Pela decis\u00e3o da maioria, a pr\u00e1tica \u00e9 vexat\u00f3ria e fica proibida em qualquer estabelecimento onde haja segrega\u00e7\u00e3o [&hellip;]\" \/>\n<meta property=\"og:url\" content=\"https:\/\/www.notibras.com\/site\/supremo-acaba-com-as-revistas-intimas-em-visitas-a-presidios\/\" \/>\n<meta property=\"og:site_name\" content=\"Notibras\" \/>\n<meta property=\"article:publisher\" content=\"https:\/\/www.facebook.com\/notibras\/\" \/>\n<meta property=\"article:published_time\" content=\"2023-05-19T15:58:15+00:00\" \/>\n<meta property=\"article:modified_time\" content=\"2023-05-19T18:01:05+00:00\" \/>\n<meta property=\"og:image\" content=\"https:\/\/www.notibras.com\/site\/wp-content\/uploads\/2023\/05\/visitas_presidio_ceara.jpg\" \/>\n\t<meta property=\"og:image:width\" content=\"1170\" \/>\n\t<meta property=\"og:image:height\" content=\"700\" \/>\n\t<meta property=\"og:image:type\" content=\"image\/jpeg\" \/>\n<meta name=\"author\" content=\"Reda\u00e7\u00e3o\" \/>\n<meta name=\"twitter:card\" content=\"summary_large_image\" \/>\n<meta name=\"twitter:creator\" content=\"@Notibras\" \/>\n<meta name=\"twitter:site\" content=\"@Notibras\" \/>\n<meta name=\"twitter:label1\" content=\"Escrito por\" \/>\n\t<meta name=\"twitter:data1\" content=\"Reda\u00e7\u00e3o\" \/>\n\t<meta name=\"twitter:label2\" content=\"Est. tempo de leitura\" \/>\n\t<meta name=\"twitter:data2\" content=\"3 minutos\" \/>\n<script type=\"application\/ld+json\" class=\"yoast-schema-graph\">{\"@context\":\"https:\/\/schema.org\",\"@graph\":[{\"@type\":\"Article\",\"@id\":\"https:\/\/www.notibras.com\/site\/supremo-acaba-com-as-revistas-intimas-em-visitas-a-presidios\/#article\",\"isPartOf\":{\"@id\":\"https:\/\/www.notibras.com\/site\/supremo-acaba-com-as-revistas-intimas-em-visitas-a-presidios\/\"},\"author\":{\"name\":\"Reda\u00e7\u00e3o\",\"@id\":\"https:\/\/www.notibras.com\/site\/#\/schema\/person\/36ab0979449956132d3e5b517ea76ac8\"},\"headline\":\"Supremo acaba com as revistas \u00edntimas em visitas a pres\u00eddios\",\"datePublished\":\"2023-05-19T15:58:15+00:00\",\"dateModified\":\"2023-05-19T18:01:05+00:00\",\"mainEntityOfPage\":{\"@id\":\"https:\/\/www.notibras.com\/site\/supremo-acaba-com-as-revistas-intimas-em-visitas-a-presidios\/\"},\"wordCount\":573,\"publisher\":{\"@id\":\"https:\/\/www.notibras.com\/site\/#organization\"},\"image\":{\"@id\":\"https:\/\/www.notibras.com\/site\/supremo-acaba-com-as-revistas-intimas-em-visitas-a-presidios\/#primaryimage\"},\"thumbnailUrl\":\"https:\/\/www.notibras.com\/site\/wp-content\/uploads\/2023\/05\/visitas_presidio_ceara.jpg\",\"keywords\":[\"capa\"],\"articleSection\":[\"Quadradinho em Foco\"],\"inLanguage\":\"pt-BR\"},{\"@type\":\"WebPage\",\"@id\":\"https:\/\/www.notibras.com\/site\/supremo-acaba-com-as-revistas-intimas-em-visitas-a-presidios\/\",\"url\":\"https:\/\/www.notibras.com\/site\/supremo-acaba-com-as-revistas-intimas-em-visitas-a-presidios\/\",\"name\":\"Supremo acaba com as revistas \u00edntimas em visitas a pres\u00eddios - Notibras\",\"isPartOf\":{\"@id\":\"https:\/\/www.notibras.com\/site\/#website\"},\"primaryImageOfPage\":{\"@id\":\"https:\/\/www.notibras.com\/site\/supremo-acaba-com-as-revistas-intimas-em-visitas-a-presidios\/#primaryimage\"},\"image\":{\"@id\":\"https:\/\/www.notibras.com\/site\/supremo-acaba-com-as-revistas-intimas-em-visitas-a-presidios\/#primaryimage\"},\"thumbnailUrl\":\"https:\/\/www.notibras.com\/site\/wp-content\/uploads\/2023\/05\/visitas_presidio_ceara.jpg\",\"datePublished\":\"2023-05-19T15:58:15+00:00\",\"dateModified\":\"2023-05-19T18:01:05+00:00\",\"breadcrumb\":{\"@id\":\"https:\/\/www.notibras.com\/site\/supremo-acaba-com-as-revistas-intimas-em-visitas-a-presidios\/#breadcrumb\"},\"inLanguage\":\"pt-BR\",\"potentialAction\":[{\"@type\":\"ReadAction\",\"target\":[\"https:\/\/www.notibras.com\/site\/supremo-acaba-com-as-revistas-intimas-em-visitas-a-presidios\/\"]}]},{\"@type\":\"ImageObject\",\"inLanguage\":\"pt-BR\",\"@id\":\"https:\/\/www.notibras.com\/site\/supremo-acaba-com-as-revistas-intimas-em-visitas-a-presidios\/#primaryimage\",\"url\":\"https:\/\/www.notibras.com\/site\/wp-content\/uploads\/2023\/05\/visitas_presidio_ceara.jpg\",\"contentUrl\":\"https:\/\/www.notibras.com\/site\/wp-content\/uploads\/2023\/05\/visitas_presidio_ceara.jpg\",\"width\":1170,\"height\":700},{\"@type\":\"BreadcrumbList\",\"@id\":\"https:\/\/www.notibras.com\/site\/supremo-acaba-com-as-revistas-intimas-em-visitas-a-presidios\/#breadcrumb\",\"itemListElement\":[{\"@type\":\"ListItem\",\"position\":1,\"name\":\"In\u00edcio\",\"item\":\"https:\/\/www.notibras.com\/site\/\"},{\"@type\":\"ListItem\",\"position\":2,\"name\":\"Supremo acaba com as revistas \u00edntimas em visitas a pres\u00eddios\"}]},{\"@type\":\"WebSite\",\"@id\":\"https:\/\/www.notibras.com\/site\/#website\",\"url\":\"https:\/\/www.notibras.com\/site\/\",\"name\":\"Notibras\",\"description\":\"Not\u00edcias de Bras\u00edlia, do Brasil e do Mundo\",\"publisher\":{\"@id\":\"https:\/\/www.notibras.com\/site\/#organization\"},\"potentialAction\":[{\"@type\":\"SearchAction\",\"target\":{\"@type\":\"EntryPoint\",\"urlTemplate\":\"https:\/\/www.notibras.com\/site\/?s={search_term_string}\"},\"query-input\":{\"@type\":\"PropertyValueSpecification\",\"valueRequired\":true,\"valueName\":\"search_term_string\"}}],\"inLanguage\":\"pt-BR\"},{\"@type\":\"Organization\",\"@id\":\"https:\/\/www.notibras.com\/site\/#organization\",\"name\":\"Grupo Notibras de Comunica\u00e7\u00e3o\",\"url\":\"https:\/\/www.notibras.com\/site\/\",\"logo\":{\"@type\":\"ImageObject\",\"inLanguage\":\"pt-BR\",\"@id\":\"https:\/\/www.notibras.com\/site\/#\/schema\/logo\/image\/\",\"url\":\"https:\/\/www.notibras.com\/site\/wp-content\/uploads\/2023\/01\/notibras23.png\",\"contentUrl\":\"https:\/\/www.notibras.com\/site\/wp-content\/uploads\/2023\/01\/notibras23.png\",\"width\":350,\"height\":87,\"caption\":\"Grupo Notibras de Comunica\u00e7\u00e3o\"},\"image\":{\"@id\":\"https:\/\/www.notibras.com\/site\/#\/schema\/logo\/image\/\"},\"sameAs\":[\"https:\/\/www.facebook.com\/notibras\/\",\"https:\/\/x.com\/Notibras\",\"https:\/\/www.instagram.com\/notibras\/\"]},{\"@type\":\"Person\",\"@id\":\"https:\/\/www.notibras.com\/site\/#\/schema\/person\/36ab0979449956132d3e5b517ea76ac8\",\"name\":\"Reda\u00e7\u00e3o\",\"image\":{\"@type\":\"ImageObject\",\"inLanguage\":\"pt-BR\",\"@id\":\"https:\/\/secure.gravatar.com\/avatar\/e0a867bdedb85fd243eadf09663511f96fc81e0720a4a42581f334ad4303aa6b?s=96&d=mm&r=g\",\"url\":\"https:\/\/secure.gravatar.com\/avatar\/e0a867bdedb85fd243eadf09663511f96fc81e0720a4a42581f334ad4303aa6b?s=96&d=mm&r=g\",\"contentUrl\":\"https:\/\/secure.gravatar.com\/avatar\/e0a867bdedb85fd243eadf09663511f96fc81e0720a4a42581f334ad4303aa6b?s=96&d=mm&r=g\",\"caption\":\"Reda\u00e7\u00e3o\"}}]}<\/script>\n<!-- \/ Yoast SEO plugin. -->","yoast_head_json":{"title":"Supremo acaba com as revistas \u00edntimas em visitas a pres\u00eddios - Notibras","robots":{"index":"index","follow":"follow","max-snippet":"max-snippet:-1","max-image-preview":"max-image-preview:large","max-video-preview":"max-video-preview:-1"},"canonical":"https:\/\/www.notibras.com\/site\/supremo-acaba-com-as-revistas-intimas-em-visitas-a-presidios\/","og_locale":"pt_BR","og_type":"article","og_title":"Supremo acaba com as revistas \u00edntimas em visitas a pres\u00eddios - Notibras","og_description":"A maioria dos ministros do Supremo Tribunal Federal (STF) votou para que sejam extintas as revistas \u00edntimas como condi\u00e7\u00e3o de entrada em estabelecimentos prisionais. O tema est\u00e1 sendo julgado no plen\u00e1rio virtual at\u00e9 o fim desta sexta-feira (19). Pela decis\u00e3o da maioria, a pr\u00e1tica \u00e9 vexat\u00f3ria e fica proibida em qualquer estabelecimento onde haja segrega\u00e7\u00e3o [&hellip;]","og_url":"https:\/\/www.notibras.com\/site\/supremo-acaba-com-as-revistas-intimas-em-visitas-a-presidios\/","og_site_name":"Notibras","article_publisher":"https:\/\/www.facebook.com\/notibras\/","article_published_time":"2023-05-19T15:58:15+00:00","article_modified_time":"2023-05-19T18:01:05+00:00","og_image":[{"width":1170,"height":700,"url":"https:\/\/www.notibras.com\/site\/wp-content\/uploads\/2023\/05\/visitas_presidio_ceara.jpg","type":"image\/jpeg"}],"author":"Reda\u00e7\u00e3o","twitter_card":"summary_large_image","twitter_creator":"@Notibras","twitter_site":"@Notibras","twitter_misc":{"Escrito por":"Reda\u00e7\u00e3o","Est. tempo de leitura":"3 minutos"},"schema":{"@context":"https:\/\/schema.org","@graph":[{"@type":"Article","@id":"https:\/\/www.notibras.com\/site\/supremo-acaba-com-as-revistas-intimas-em-visitas-a-presidios\/#article","isPartOf":{"@id":"https:\/\/www.notibras.com\/site\/supremo-acaba-com-as-revistas-intimas-em-visitas-a-presidios\/"},"author":{"name":"Reda\u00e7\u00e3o","@id":"https:\/\/www.notibras.com\/site\/#\/schema\/person\/36ab0979449956132d3e5b517ea76ac8"},"headline":"Supremo acaba com as revistas \u00edntimas em visitas a pres\u00eddios","datePublished":"2023-05-19T15:58:15+00:00","dateModified":"2023-05-19T18:01:05+00:00","mainEntityOfPage":{"@id":"https:\/\/www.notibras.com\/site\/supremo-acaba-com-as-revistas-intimas-em-visitas-a-presidios\/"},"wordCount":573,"publisher":{"@id":"https:\/\/www.notibras.com\/site\/#organization"},"image":{"@id":"https:\/\/www.notibras.com\/site\/supremo-acaba-com-as-revistas-intimas-em-visitas-a-presidios\/#primaryimage"},"thumbnailUrl":"https:\/\/www.notibras.com\/site\/wp-content\/uploads\/2023\/05\/visitas_presidio_ceara.jpg","keywords":["capa"],"articleSection":["Quadradinho em Foco"],"inLanguage":"pt-BR"},{"@type":"WebPage","@id":"https:\/\/www.notibras.com\/site\/supremo-acaba-com-as-revistas-intimas-em-visitas-a-presidios\/","url":"https:\/\/www.notibras.com\/site\/supremo-acaba-com-as-revistas-intimas-em-visitas-a-presidios\/","name":"Supremo acaba com as revistas \u00edntimas em visitas a pres\u00eddios - Notibras","isPartOf":{"@id":"https:\/\/www.notibras.com\/site\/#website"},"primaryImageOfPage":{"@id":"https:\/\/www.notibras.com\/site\/supremo-acaba-com-as-revistas-intimas-em-visitas-a-presidios\/#primaryimage"},"image":{"@id":"https:\/\/www.notibras.com\/site\/supremo-acaba-com-as-revistas-intimas-em-visitas-a-presidios\/#primaryimage"},"thumbnailUrl":"https:\/\/www.notibras.com\/site\/wp-content\/uploads\/2023\/05\/visitas_presidio_ceara.jpg","datePublished":"2023-05-19T15:58:15+00:00","dateModified":"2023-05-19T18:01:05+00:00","breadcrumb":{"@id":"https:\/\/www.notibras.com\/site\/supremo-acaba-com-as-revistas-intimas-em-visitas-a-presidios\/#breadcrumb"},"inLanguage":"pt-BR","potentialAction":[{"@type":"ReadAction","target":["https:\/\/www.notibras.com\/site\/supremo-acaba-com-as-revistas-intimas-em-visitas-a-presidios\/"]}]},{"@type":"ImageObject","inLanguage":"pt-BR","@id":"https:\/\/www.notibras.com\/site\/supremo-acaba-com-as-revistas-intimas-em-visitas-a-presidios\/#primaryimage","url":"https:\/\/www.notibras.com\/site\/wp-content\/uploads\/2023\/05\/visitas_presidio_ceara.jpg","contentUrl":"https:\/\/www.notibras.com\/site\/wp-content\/uploads\/2023\/05\/visitas_presidio_ceara.jpg","width":1170,"height":700},{"@type":"BreadcrumbList","@id":"https:\/\/www.notibras.com\/site\/supremo-acaba-com-as-revistas-intimas-em-visitas-a-presidios\/#breadcrumb","itemListElement":[{"@type":"ListItem","position":1,"name":"In\u00edcio","item":"https:\/\/www.notibras.com\/site\/"},{"@type":"ListItem","position":2,"name":"Supremo acaba com as revistas \u00edntimas em visitas a pres\u00eddios"}]},{"@type":"WebSite","@id":"https:\/\/www.notibras.com\/site\/#website","url":"https:\/\/www.notibras.com\/site\/","name":"Notibras","description":"Not\u00edcias de Bras\u00edlia, do Brasil e do Mundo","publisher":{"@id":"https:\/\/www.notibras.com\/site\/#organization"},"potentialAction":[{"@type":"SearchAction","target":{"@type":"EntryPoint","urlTemplate":"https:\/\/www.notibras.com\/site\/?s={search_term_string}"},"query-input":{"@type":"PropertyValueSpecification","valueRequired":true,"valueName":"search_term_string"}}],"inLanguage":"pt-BR"},{"@type":"Organization","@id":"https:\/\/www.notibras.com\/site\/#organization","name":"Grupo Notibras de Comunica\u00e7\u00e3o","url":"https:\/\/www.notibras.com\/site\/","logo":{"@type":"ImageObject","inLanguage":"pt-BR","@id":"https:\/\/www.notibras.com\/site\/#\/schema\/logo\/image\/","url":"https:\/\/www.notibras.com\/site\/wp-content\/uploads\/2023\/01\/notibras23.png","contentUrl":"https:\/\/www.notibras.com\/site\/wp-content\/uploads\/2023\/01\/notibras23.png","width":350,"height":87,"caption":"Grupo Notibras de Comunica\u00e7\u00e3o"},"image":{"@id":"https:\/\/www.notibras.com\/site\/#\/schema\/logo\/image\/"},"sameAs":["https:\/\/www.facebook.com\/notibras\/","https:\/\/x.com\/Notibras","https:\/\/www.instagram.com\/notibras\/"]},{"@type":"Person","@id":"https:\/\/www.notibras.com\/site\/#\/schema\/person\/36ab0979449956132d3e5b517ea76ac8","name":"Reda\u00e7\u00e3o","image":{"@type":"ImageObject","inLanguage":"pt-BR","@id":"https:\/\/secure.gravatar.com\/avatar\/e0a867bdedb85fd243eadf09663511f96fc81e0720a4a42581f334ad4303aa6b?s=96&d=mm&r=g","url":"https:\/\/secure.gravatar.com\/avatar\/e0a867bdedb85fd243eadf09663511f96fc81e0720a4a42581f334ad4303aa6b?s=96&d=mm&r=g","contentUrl":"https:\/\/secure.gravatar.com\/avatar\/e0a867bdedb85fd243eadf09663511f96fc81e0720a4a42581f334ad4303aa6b?s=96&d=mm&r=g","caption":"Reda\u00e7\u00e3o"}}]}},"amp_enabled":true,"_links":{"self":[{"href":"https:\/\/www.notibras.com\/site\/wp-json\/wp\/v2\/posts\/305252","targetHints":{"allow":["GET"]}}],"collection":[{"href":"https:\/\/www.notibras.com\/site\/wp-json\/wp\/v2\/posts"}],"about":[{"href":"https:\/\/www.notibras.com\/site\/wp-json\/wp\/v2\/types\/post"}],"author":[{"embeddable":true,"href":"https:\/\/www.notibras.com\/site\/wp-json\/wp\/v2\/users\/2"}],"replies":[{"embeddable":true,"href":"https:\/\/www.notibras.com\/site\/wp-json\/wp\/v2\/comments?post=305252"}],"version-history":[{"count":1,"href":"https:\/\/www.notibras.com\/site\/wp-json\/wp\/v2\/posts\/305252\/revisions"}],"predecessor-version":[{"id":305254,"href":"https:\/\/www.notibras.com\/site\/wp-json\/wp\/v2\/posts\/305252\/revisions\/305254"}],"wp:featuredmedia":[{"embeddable":true,"href":"https:\/\/www.notibras.com\/site\/wp-json\/wp\/v2\/media\/305253"}],"wp:attachment":[{"href":"https:\/\/www.notibras.com\/site\/wp-json\/wp\/v2\/media?parent=305252"}],"wp:term":[{"taxonomy":"category","embeddable":true,"href":"https:\/\/www.notibras.com\/site\/wp-json\/wp\/v2\/categories?post=305252"},{"taxonomy":"post_tag","embeddable":true,"href":"https:\/\/www.notibras.com\/site\/wp-json\/wp\/v2\/tags?post=305252"}],"curies":[{"name":"wp","href":"https:\/\/api.w.org\/{rel}","templated":true}]}}