{"id":305288,"date":"2023-05-20T00:13:13","date_gmt":"2023-05-20T03:13:13","guid":{"rendered":"https:\/\/www.notibras.com\/site\/?p=305288"},"modified":"2023-05-20T09:16:47","modified_gmt":"2023-05-20T12:16:47","slug":"305288-2","status":"publish","type":"post","link":"https:\/\/www.notibras.com\/site\/305288-2\/","title":{"rendered":"Justi\u00e7a devolve terras a nossos vizinhos quilombolas"},"content":{"rendered":"<p>Justi\u00e7a manda dar posse de \u00e1reas a nossos vizinhos quilombolas<\/p>\n<p>&nbsp;<\/p>\n<p>A Justi\u00e7a Federal determinou a reintegra\u00e7\u00e3o de posse de todas as \u00e1reas invadidas pertencentes \u00e0 Comunidade Quilombola Kalunga, localizadas nos munic\u00edpios goianos de Cavalcante, Teresina de Goi\u00e1s e Monte Alegre de Goi\u00e1s. A decis\u00e3o judicial foi divulgada nesta sexta-feira (19) pelo Minist\u00e9rio P\u00fablico Federal (MPF), \u00f3rg\u00e3o respons\u00e1vel por assinar a a\u00e7\u00e3o civil p\u00fablica, ainda em 2021, em favor dos quilombolas.<\/p>\n<p>Os invasores da \u00e1rea ser\u00e3o intimados a deixar o territ\u00f3rio voluntariamente em um prazo de dez dias. Se a desocupa\u00e7\u00e3o volunt\u00e1ria n\u00e3o ocorrer, o Instituto Nacional de Coloniza\u00e7\u00e3o e Reforma Agr\u00e1ria (Incra), junto com o estado de Goi\u00e1s, a Uni\u00e3o e a Funda\u00e7\u00e3o Palmares, dever\u00e1 providenciar o cumprimento da reintegra\u00e7\u00e3o de posse, com aux\u00edlio das for\u00e7as policiais.<\/p>\n<p>A Justi\u00e7a tamb\u00e9m determinou que a Uni\u00e3o, o estado de Goi\u00e1s, o Incra e a Funda\u00e7\u00e3o Palmares elaborem e executem um plano de fiscaliza\u00e7\u00e3o para prevenir e evitar outras invas\u00f5es no Territ\u00f3rio Kalunga enquanto a transfer\u00eancia integral e definitiva do terreno \u00e0 comunidade n\u00e3o ocorrer. A \u00e1rea tamb\u00e9m dever\u00e1 passar por uma per\u00edcia por georreferenciamento para identificar as invas\u00f5es j\u00e1 ocorridas e seus autores.<\/p>\n<p>O processo de titula\u00e7\u00e3o definitiva das terras reivindicadas pela Comunidade Quilombola Kalunga foi iniciado pelo Incra em 2004. Segundo o MPF, o processo transcorreu de forma lenta e, em 2019, foi arquivado sem conclus\u00e3o. Dos 262 mil hectares que integram o territ\u00f3rio, apenas cerca de 34 mil hectares foram titulados definitivamente para a comunidade.<\/p>\n","protected":false},"excerpt":{"rendered":"<p>Justi\u00e7a manda dar posse de \u00e1reas a nossos vizinhos quilombolas &nbsp; A Justi\u00e7a Federal determinou a reintegra\u00e7\u00e3o de posse de todas as \u00e1reas invadidas pertencentes \u00e0 Comunidade Quilombola Kalunga, localizadas nos munic\u00edpios goianos de Cavalcante, Teresina de Goi\u00e1s e Monte Alegre de Goi\u00e1s. A decis\u00e3o judicial foi divulgada nesta sexta-feira (19) pelo Minist\u00e9rio P\u00fablico Federal [&hellip;]<\/p>\n","protected":false},"author":2,"featured_media":305289,"comment_status":"closed","ping_status":"closed","sticky":false,"template":"","format":"standard","meta":{"_acf_changed":false,"footnotes":""},"categories":[161],"tags":[],"class_list":["post-305288","post","type-post","status-publish","format-standard","has-post-thumbnail","hentry","category-quadradinho-em-foco"],"acf":[],"yoast_head":"<!-- This site is optimized with the Yoast SEO plugin v27.2 - https:\/\/yoast.com\/product\/yoast-seo-wordpress\/ -->\n<title>Justi\u00e7a devolve terras a nossos vizinhos quilombolas - Notibras<\/title>\n<meta name=\"robots\" content=\"index, follow, max-snippet:-1, max-image-preview:large, max-video-preview:-1\" \/>\n<link rel=\"canonical\" href=\"https:\/\/www.notibras.com\/site\/305288-2\/\" \/>\n<meta property=\"og:locale\" content=\"pt_BR\" \/>\n<meta property=\"og:type\" content=\"article\" \/>\n<meta property=\"og:title\" content=\"Justi\u00e7a devolve terras a nossos vizinhos quilombolas - Notibras\" \/>\n<meta property=\"og:description\" content=\"Justi\u00e7a manda dar posse de \u00e1reas a nossos vizinhos quilombolas &nbsp; A Justi\u00e7a Federal determinou a reintegra\u00e7\u00e3o de posse de todas as \u00e1reas invadidas pertencentes \u00e0 Comunidade Quilombola Kalunga, localizadas nos munic\u00edpios goianos de Cavalcante, Teresina de Goi\u00e1s e Monte Alegre de Goi\u00e1s. A decis\u00e3o judicial foi divulgada nesta sexta-feira (19) pelo Minist\u00e9rio P\u00fablico Federal [&hellip;]\" \/>\n<meta property=\"og:url\" content=\"https:\/\/www.notibras.com\/site\/305288-2\/\" \/>\n<meta property=\"og:site_name\" content=\"Notibras\" \/>\n<meta property=\"article:publisher\" content=\"https:\/\/www.facebook.com\/notibras\/\" \/>\n<meta property=\"article:published_time\" content=\"2023-05-20T03:13:13+00:00\" \/>\n<meta property=\"article:modified_time\" content=\"2023-05-20T12:16:47+00:00\" \/>\n<meta property=\"og:image\" content=\"https:\/\/www.notibras.com\/site\/wp-content\/uploads\/2023\/05\/img_9392.jpg\" \/>\n\t<meta property=\"og:image:width\" content=\"1170\" \/>\n\t<meta property=\"og:image:height\" content=\"700\" \/>\n\t<meta property=\"og:image:type\" content=\"image\/jpeg\" \/>\n<meta name=\"author\" content=\"Reda\u00e7\u00e3o\" \/>\n<meta name=\"twitter:card\" content=\"summary_large_image\" \/>\n<meta name=\"twitter:creator\" content=\"@Notibras\" \/>\n<meta name=\"twitter:site\" content=\"@Notibras\" \/>\n<meta name=\"twitter:label1\" content=\"Escrito por\" \/>\n\t<meta name=\"twitter:data1\" content=\"Reda\u00e7\u00e3o\" \/>\n\t<meta name=\"twitter:label2\" content=\"Est. tempo de leitura\" \/>\n\t<meta name=\"twitter:data2\" content=\"2 minutos\" \/>\n<script type=\"application\/ld+json\" class=\"yoast-schema-graph\">{\"@context\":\"https:\/\/schema.org\",\"@graph\":[{\"@type\":\"Article\",\"@id\":\"https:\/\/www.notibras.com\/site\/305288-2\/#article\",\"isPartOf\":{\"@id\":\"https:\/\/www.notibras.com\/site\/305288-2\/\"},\"author\":{\"name\":\"Reda\u00e7\u00e3o\",\"@id\":\"https:\/\/www.notibras.com\/site\/#\/schema\/person\/36ab0979449956132d3e5b517ea76ac8\"},\"headline\":\"Justi\u00e7a devolve terras a nossos vizinhos quilombolas\",\"datePublished\":\"2023-05-20T03:13:13+00:00\",\"dateModified\":\"2023-05-20T12:16:47+00:00\",\"mainEntityOfPage\":{\"@id\":\"https:\/\/www.notibras.com\/site\/305288-2\/\"},\"wordCount\":288,\"publisher\":{\"@id\":\"https:\/\/www.notibras.com\/site\/#organization\"},\"image\":{\"@id\":\"https:\/\/www.notibras.com\/site\/305288-2\/#primaryimage\"},\"thumbnailUrl\":\"https:\/\/www.notibras.com\/site\/wp-content\/uploads\/2023\/05\/img_9392.jpg\",\"articleSection\":[\"Quadradinho em Foco\"],\"inLanguage\":\"pt-BR\"},{\"@type\":\"WebPage\",\"@id\":\"https:\/\/www.notibras.com\/site\/305288-2\/\",\"url\":\"https:\/\/www.notibras.com\/site\/305288-2\/\",\"name\":\"Justi\u00e7a devolve terras a nossos vizinhos quilombolas - Notibras\",\"isPartOf\":{\"@id\":\"https:\/\/www.notibras.com\/site\/#website\"},\"primaryImageOfPage\":{\"@id\":\"https:\/\/www.notibras.com\/site\/305288-2\/#primaryimage\"},\"image\":{\"@id\":\"https:\/\/www.notibras.com\/site\/305288-2\/#primaryimage\"},\"thumbnailUrl\":\"https:\/\/www.notibras.com\/site\/wp-content\/uploads\/2023\/05\/img_9392.jpg\",\"datePublished\":\"2023-05-20T03:13:13+00:00\",\"dateModified\":\"2023-05-20T12:16:47+00:00\",\"breadcrumb\":{\"@id\":\"https:\/\/www.notibras.com\/site\/305288-2\/#breadcrumb\"},\"inLanguage\":\"pt-BR\",\"potentialAction\":[{\"@type\":\"ReadAction\",\"target\":[\"https:\/\/www.notibras.com\/site\/305288-2\/\"]}]},{\"@type\":\"ImageObject\",\"inLanguage\":\"pt-BR\",\"@id\":\"https:\/\/www.notibras.com\/site\/305288-2\/#primaryimage\",\"url\":\"https:\/\/www.notibras.com\/site\/wp-content\/uploads\/2023\/05\/img_9392.jpg\",\"contentUrl\":\"https:\/\/www.notibras.com\/site\/wp-content\/uploads\/2023\/05\/img_9392.jpg\",\"width\":1170,\"height\":700,\"caption\":\"Cavalcante (GO) - Quilombo Kalunga - Dois acordos celebrados pela Advocacia-Geral da Uni\u00e3o (AGU) garantiram a posse imediata \u00e0 comunidade quilombola Kalunga das fazendas Fonte das \u00c1guas, com \u00e1rea de 6,5 mil hectares, e da Fazenda Vista Linda, com 2,3 mil hectares, ambas no munic\u00edpio de Cavalcante (GO). Foto: Weverson Paulino\"},{\"@type\":\"BreadcrumbList\",\"@id\":\"https:\/\/www.notibras.com\/site\/305288-2\/#breadcrumb\",\"itemListElement\":[{\"@type\":\"ListItem\",\"position\":1,\"name\":\"In\u00edcio\",\"item\":\"https:\/\/www.notibras.com\/site\/\"},{\"@type\":\"ListItem\",\"position\":2,\"name\":\"Justi\u00e7a devolve terras a nossos vizinhos quilombolas\"}]},{\"@type\":\"WebSite\",\"@id\":\"https:\/\/www.notibras.com\/site\/#website\",\"url\":\"https:\/\/www.notibras.com\/site\/\",\"name\":\"Notibras\",\"description\":\"Not\u00edcias de Bras\u00edlia, do Brasil e do Mundo\",\"publisher\":{\"@id\":\"https:\/\/www.notibras.com\/site\/#organization\"},\"potentialAction\":[{\"@type\":\"SearchAction\",\"target\":{\"@type\":\"EntryPoint\",\"urlTemplate\":\"https:\/\/www.notibras.com\/site\/?s={search_term_string}\"},\"query-input\":{\"@type\":\"PropertyValueSpecification\",\"valueRequired\":true,\"valueName\":\"search_term_string\"}}],\"inLanguage\":\"pt-BR\"},{\"@type\":\"Organization\",\"@id\":\"https:\/\/www.notibras.com\/site\/#organization\",\"name\":\"Grupo Notibras de Comunica\u00e7\u00e3o\",\"url\":\"https:\/\/www.notibras.com\/site\/\",\"logo\":{\"@type\":\"ImageObject\",\"inLanguage\":\"pt-BR\",\"@id\":\"https:\/\/www.notibras.com\/site\/#\/schema\/logo\/image\/\",\"url\":\"https:\/\/www.notibras.com\/site\/wp-content\/uploads\/2023\/01\/notibras23.png\",\"contentUrl\":\"https:\/\/www.notibras.com\/site\/wp-content\/uploads\/2023\/01\/notibras23.png\",\"width\":350,\"height\":87,\"caption\":\"Grupo Notibras de Comunica\u00e7\u00e3o\"},\"image\":{\"@id\":\"https:\/\/www.notibras.com\/site\/#\/schema\/logo\/image\/\"},\"sameAs\":[\"https:\/\/www.facebook.com\/notibras\/\",\"https:\/\/x.com\/Notibras\",\"https:\/\/www.instagram.com\/notibras\/\"]},{\"@type\":\"Person\",\"@id\":\"https:\/\/www.notibras.com\/site\/#\/schema\/person\/36ab0979449956132d3e5b517ea76ac8\",\"name\":\"Reda\u00e7\u00e3o\",\"image\":{\"@type\":\"ImageObject\",\"inLanguage\":\"pt-BR\",\"@id\":\"https:\/\/secure.gravatar.com\/avatar\/e0a867bdedb85fd243eadf09663511f96fc81e0720a4a42581f334ad4303aa6b?s=96&d=mm&r=g\",\"url\":\"https:\/\/secure.gravatar.com\/avatar\/e0a867bdedb85fd243eadf09663511f96fc81e0720a4a42581f334ad4303aa6b?s=96&d=mm&r=g\",\"contentUrl\":\"https:\/\/secure.gravatar.com\/avatar\/e0a867bdedb85fd243eadf09663511f96fc81e0720a4a42581f334ad4303aa6b?s=96&d=mm&r=g\",\"caption\":\"Reda\u00e7\u00e3o\"}}]}<\/script>\n<!-- \/ Yoast SEO plugin. -->","yoast_head_json":{"title":"Justi\u00e7a devolve terras a nossos vizinhos quilombolas - Notibras","robots":{"index":"index","follow":"follow","max-snippet":"max-snippet:-1","max-image-preview":"max-image-preview:large","max-video-preview":"max-video-preview:-1"},"canonical":"https:\/\/www.notibras.com\/site\/305288-2\/","og_locale":"pt_BR","og_type":"article","og_title":"Justi\u00e7a devolve terras a nossos vizinhos quilombolas - Notibras","og_description":"Justi\u00e7a manda dar posse de \u00e1reas a nossos vizinhos quilombolas &nbsp; A Justi\u00e7a Federal determinou a reintegra\u00e7\u00e3o de posse de todas as \u00e1reas invadidas pertencentes \u00e0 Comunidade Quilombola Kalunga, localizadas nos munic\u00edpios goianos de Cavalcante, Teresina de Goi\u00e1s e Monte Alegre de Goi\u00e1s. A decis\u00e3o judicial foi divulgada nesta sexta-feira (19) pelo Minist\u00e9rio P\u00fablico Federal [&hellip;]","og_url":"https:\/\/www.notibras.com\/site\/305288-2\/","og_site_name":"Notibras","article_publisher":"https:\/\/www.facebook.com\/notibras\/","article_published_time":"2023-05-20T03:13:13+00:00","article_modified_time":"2023-05-20T12:16:47+00:00","og_image":[{"width":1170,"height":700,"url":"https:\/\/www.notibras.com\/site\/wp-content\/uploads\/2023\/05\/img_9392.jpg","type":"image\/jpeg"}],"author":"Reda\u00e7\u00e3o","twitter_card":"summary_large_image","twitter_creator":"@Notibras","twitter_site":"@Notibras","twitter_misc":{"Escrito por":"Reda\u00e7\u00e3o","Est. tempo de leitura":"2 minutos"},"schema":{"@context":"https:\/\/schema.org","@graph":[{"@type":"Article","@id":"https:\/\/www.notibras.com\/site\/305288-2\/#article","isPartOf":{"@id":"https:\/\/www.notibras.com\/site\/305288-2\/"},"author":{"name":"Reda\u00e7\u00e3o","@id":"https:\/\/www.notibras.com\/site\/#\/schema\/person\/36ab0979449956132d3e5b517ea76ac8"},"headline":"Justi\u00e7a devolve terras a nossos vizinhos quilombolas","datePublished":"2023-05-20T03:13:13+00:00","dateModified":"2023-05-20T12:16:47+00:00","mainEntityOfPage":{"@id":"https:\/\/www.notibras.com\/site\/305288-2\/"},"wordCount":288,"publisher":{"@id":"https:\/\/www.notibras.com\/site\/#organization"},"image":{"@id":"https:\/\/www.notibras.com\/site\/305288-2\/#primaryimage"},"thumbnailUrl":"https:\/\/www.notibras.com\/site\/wp-content\/uploads\/2023\/05\/img_9392.jpg","articleSection":["Quadradinho em Foco"],"inLanguage":"pt-BR"},{"@type":"WebPage","@id":"https:\/\/www.notibras.com\/site\/305288-2\/","url":"https:\/\/www.notibras.com\/site\/305288-2\/","name":"Justi\u00e7a devolve terras a nossos vizinhos quilombolas - Notibras","isPartOf":{"@id":"https:\/\/www.notibras.com\/site\/#website"},"primaryImageOfPage":{"@id":"https:\/\/www.notibras.com\/site\/305288-2\/#primaryimage"},"image":{"@id":"https:\/\/www.notibras.com\/site\/305288-2\/#primaryimage"},"thumbnailUrl":"https:\/\/www.notibras.com\/site\/wp-content\/uploads\/2023\/05\/img_9392.jpg","datePublished":"2023-05-20T03:13:13+00:00","dateModified":"2023-05-20T12:16:47+00:00","breadcrumb":{"@id":"https:\/\/www.notibras.com\/site\/305288-2\/#breadcrumb"},"inLanguage":"pt-BR","potentialAction":[{"@type":"ReadAction","target":["https:\/\/www.notibras.com\/site\/305288-2\/"]}]},{"@type":"ImageObject","inLanguage":"pt-BR","@id":"https:\/\/www.notibras.com\/site\/305288-2\/#primaryimage","url":"https:\/\/www.notibras.com\/site\/wp-content\/uploads\/2023\/05\/img_9392.jpg","contentUrl":"https:\/\/www.notibras.com\/site\/wp-content\/uploads\/2023\/05\/img_9392.jpg","width":1170,"height":700,"caption":"Cavalcante (GO) - Quilombo Kalunga - Dois acordos celebrados pela Advocacia-Geral da Uni\u00e3o (AGU) garantiram a posse imediata \u00e0 comunidade quilombola Kalunga das fazendas Fonte das \u00c1guas, com \u00e1rea de 6,5 mil hectares, e da Fazenda Vista Linda, com 2,3 mil hectares, ambas no munic\u00edpio de Cavalcante (GO). Foto: Weverson Paulino"},{"@type":"BreadcrumbList","@id":"https:\/\/www.notibras.com\/site\/305288-2\/#breadcrumb","itemListElement":[{"@type":"ListItem","position":1,"name":"In\u00edcio","item":"https:\/\/www.notibras.com\/site\/"},{"@type":"ListItem","position":2,"name":"Justi\u00e7a devolve terras a nossos vizinhos quilombolas"}]},{"@type":"WebSite","@id":"https:\/\/www.notibras.com\/site\/#website","url":"https:\/\/www.notibras.com\/site\/","name":"Notibras","description":"Not\u00edcias de Bras\u00edlia, do Brasil e do Mundo","publisher":{"@id":"https:\/\/www.notibras.com\/site\/#organization"},"potentialAction":[{"@type":"SearchAction","target":{"@type":"EntryPoint","urlTemplate":"https:\/\/www.notibras.com\/site\/?s={search_term_string}"},"query-input":{"@type":"PropertyValueSpecification","valueRequired":true,"valueName":"search_term_string"}}],"inLanguage":"pt-BR"},{"@type":"Organization","@id":"https:\/\/www.notibras.com\/site\/#organization","name":"Grupo Notibras de Comunica\u00e7\u00e3o","url":"https:\/\/www.notibras.com\/site\/","logo":{"@type":"ImageObject","inLanguage":"pt-BR","@id":"https:\/\/www.notibras.com\/site\/#\/schema\/logo\/image\/","url":"https:\/\/www.notibras.com\/site\/wp-content\/uploads\/2023\/01\/notibras23.png","contentUrl":"https:\/\/www.notibras.com\/site\/wp-content\/uploads\/2023\/01\/notibras23.png","width":350,"height":87,"caption":"Grupo Notibras de Comunica\u00e7\u00e3o"},"image":{"@id":"https:\/\/www.notibras.com\/site\/#\/schema\/logo\/image\/"},"sameAs":["https:\/\/www.facebook.com\/notibras\/","https:\/\/x.com\/Notibras","https:\/\/www.instagram.com\/notibras\/"]},{"@type":"Person","@id":"https:\/\/www.notibras.com\/site\/#\/schema\/person\/36ab0979449956132d3e5b517ea76ac8","name":"Reda\u00e7\u00e3o","image":{"@type":"ImageObject","inLanguage":"pt-BR","@id":"https:\/\/secure.gravatar.com\/avatar\/e0a867bdedb85fd243eadf09663511f96fc81e0720a4a42581f334ad4303aa6b?s=96&d=mm&r=g","url":"https:\/\/secure.gravatar.com\/avatar\/e0a867bdedb85fd243eadf09663511f96fc81e0720a4a42581f334ad4303aa6b?s=96&d=mm&r=g","contentUrl":"https:\/\/secure.gravatar.com\/avatar\/e0a867bdedb85fd243eadf09663511f96fc81e0720a4a42581f334ad4303aa6b?s=96&d=mm&r=g","caption":"Reda\u00e7\u00e3o"}}]}},"amp_enabled":true,"_links":{"self":[{"href":"https:\/\/www.notibras.com\/site\/wp-json\/wp\/v2\/posts\/305288","targetHints":{"allow":["GET"]}}],"collection":[{"href":"https:\/\/www.notibras.com\/site\/wp-json\/wp\/v2\/posts"}],"about":[{"href":"https:\/\/www.notibras.com\/site\/wp-json\/wp\/v2\/types\/post"}],"author":[{"embeddable":true,"href":"https:\/\/www.notibras.com\/site\/wp-json\/wp\/v2\/users\/2"}],"replies":[{"embeddable":true,"href":"https:\/\/www.notibras.com\/site\/wp-json\/wp\/v2\/comments?post=305288"}],"version-history":[{"count":3,"href":"https:\/\/www.notibras.com\/site\/wp-json\/wp\/v2\/posts\/305288\/revisions"}],"predecessor-version":[{"id":305292,"href":"https:\/\/www.notibras.com\/site\/wp-json\/wp\/v2\/posts\/305288\/revisions\/305292"}],"wp:featuredmedia":[{"embeddable":true,"href":"https:\/\/www.notibras.com\/site\/wp-json\/wp\/v2\/media\/305289"}],"wp:attachment":[{"href":"https:\/\/www.notibras.com\/site\/wp-json\/wp\/v2\/media?parent=305288"}],"wp:term":[{"taxonomy":"category","embeddable":true,"href":"https:\/\/www.notibras.com\/site\/wp-json\/wp\/v2\/categories?post=305288"},{"taxonomy":"post_tag","embeddable":true,"href":"https:\/\/www.notibras.com\/site\/wp-json\/wp\/v2\/tags?post=305288"}],"curies":[{"name":"wp","href":"https:\/\/api.w.org\/{rel}","templated":true}]}}