{"id":305296,"date":"2023-05-20T00:00:09","date_gmt":"2023-05-20T03:00:09","guid":{"rendered":"https:\/\/www.notibras.com\/site\/?p=305296"},"modified":"2023-05-20T09:27:28","modified_gmt":"2023-05-20T12:27:28","slug":"manual-define-regras-para-adocao-voluntaria-de-criancas","status":"publish","type":"post","link":"https:\/\/www.notibras.com\/site\/manual-define-regras-para-adocao-voluntaria-de-criancas\/","title":{"rendered":"Manual define regras para ado\u00e7\u00e3o volunt\u00e1ria de crian\u00e7as"},"content":{"rendered":"<p>Com orienta\u00e7\u00f5es para subsidiar decis\u00f5es e amparar um trabalho t\u00e9cnico, \u00e9tico e cont\u00ednuo em dire\u00e7\u00e3o \u00e0 garantia dos direitos das mulheres e crian\u00e7as, o Manual sobre Entrega Volunt\u00e1ria foi lan\u00e7ado nesta sexta-feira (19) pelo Conselho Nacional de Justi\u00e7a (CNJ) durante o 1\u00ba Congresso do F\u00f3rum Nacional da Inf\u00e2ncia e Juventude (Foninj).<\/p>\n<p>O Manual d\u00e1 cumprimento \u00e0 Resolu\u00e7\u00e3o CNJ n. 485, de 18 de janeiro de 2023. O trabalho foi desenvolvido pelo F\u00f3rum Nacional da Inf\u00e2ncia e da Juventude, com a colabora\u00e7\u00e3o de diversos \u00f3rg\u00e3os p\u00fablicos e entidades da sociedade civil. A resolu\u00e7\u00e3o disp\u00f5e sobre o adequado atendimento de gestante ou parturiente que manifeste desejo de entregar o filho para ado\u00e7\u00e3o e cuida, ainda, da prote\u00e7\u00e3o integral da crian\u00e7a.<\/p>\n<p>\u201cCabe a cada um de n\u00f3s garantir que da pequena cidade ao Norte at\u00e9 a grande metr\u00f3pole do Sudeste, a gestante ou a parturiente e sobretudo a crian\u00e7a, tenha seus direitos respeitados em todos os est\u00e1gios de entrega para ado\u00e7\u00e3o. Este manual \u00e9 publicado como uma ferramenta para subsidiar as nossas decis\u00f5es e o nosso trabalho de multiplica\u00e7\u00e3o do conhecimento junto ao sistema de garantias\u201d, afirmou a ju\u00edza Lorena Paola Nunes Boccia, titular da 2\u00aa Vara de Fam\u00edlia, Inf\u00e2ncia e Juventude da Comarca de Barra Mansa (RJ).<\/p>\n<p><strong>Carta aberta<\/strong><br \/>\nNa quinta-feira (18), primeiro dia do evento, os participantes do Congresso debateram diversos aspectos dos direitos das crian\u00e7as e dos adolescentes e com o tema \u201cPor que s\u00e3o prioridade absoluta e responsabilidade de todos?\u201d<\/p>\n<p>O resultado dos debates, realizados em workshops, foi a elabora\u00e7\u00e3o da Carta Aberta do 1\u00ba Congresso do F\u00f3rum Nacional da Inf\u00e2ncia e Juventude, apresentada nesta sexta-feira (19), em que os subscritores prop\u00f5em e recomendam 25 a\u00e7\u00f5es para promover os Direitos da Crian\u00e7a e do Adolescente.<\/p>\n<p><strong>Painel<\/strong><br \/>\nNo painel O futuro das pol\u00edticas p\u00fablicas para a inf\u00e2ncia e adolesc\u00eancia, o ministro do Desenvolvimento e Assist\u00eancia Social, Fam\u00edlia e Combate \u00e0 Fome do Brasil, Wellington Dias, ressaltou que \u00e9 preciso olhar para o cadastro \u00fanico e as crian\u00e7as cadastradas que vivem em pobreza no pa\u00eds.<\/p>\n<p>\u201cO desafio \u00e9 o Brasil inteiro olhar para o Cadastro \u00danico, se tiver oportunidade vamos qualificar esse p\u00fablico, com muita gente em idade de trabalhar. Lembrando que s\u00e3o 20 milh\u00f5es de crian\u00e7as, 9 milh\u00f5es de fam\u00edlias que est\u00e3o na extrema pobreza. \u00c9 o olhar especial, de prote\u00e7\u00e3o, mas que a gente possa tamb\u00e9m apoiar pessoas da fam\u00edlia com idade de trabalhar e a partir da\u00ed, dar uma condi\u00e7\u00e3o de vida melhor\u201d, disse o ministro.<\/p>\n<p>Encerrando o F\u00f3rum, a presidente do CNJ, Rosa Weber, ministra e presidente do Supremo Tribunal Federal (STF), destacou que o poder judici\u00e1rio tem poder transformador. \u201cTransforma n\u00e3o s\u00f3 esperan\u00e7as, mas tamb\u00e9m direitos em realidade que todos n\u00f3s aqui queremos. A efetividade do direito de nossas crian\u00e7as de crescer em ambientes de paz, no seio de suas fam\u00edlias com educa\u00e7\u00e3o, sa\u00fade, alimenta\u00e7\u00e3o adequada e desenvolvimento integral, a fim de que sejam capazes de exercer sua cidadania em toda plenitude, hoje e amanh\u00e3. \u00c9 sonho? Talvez. Mas eu tenho esperan\u00e7a. Estou certa de que muitos avan\u00e7os ser\u00e3o alcan\u00e7ados em decorr\u00eancia das reflex\u00f5es e debates que a Foninj trabalharam\u201d, afirmou.<\/p>\n<p><strong>Foninj<\/strong><br \/>\nO Foninj debateu diversos temas como a regra da prioridade absoluta aos direitos de crian\u00e7as e adolescentes; o futuro das pol\u00edticas p\u00fablicas voltadas a eles e novas fronteiras na Justi\u00e7a para a inf\u00e2ncia e adolesc\u00eancia; o direito \u00e0 participa\u00e7\u00e3o e \u00e0 escuta; os desafios e as oportunidades na garantia da Justi\u00e7a para adolescentes em cumprimento de medida socioeducativa; e o direito \u00e0 conviv\u00eancia familiar e comunit\u00e1ria.<\/p>\n","protected":false},"excerpt":{"rendered":"<p>Com orienta\u00e7\u00f5es para subsidiar decis\u00f5es e amparar um trabalho t\u00e9cnico, \u00e9tico e cont\u00ednuo em dire\u00e7\u00e3o \u00e0 garantia dos direitos das mulheres e crian\u00e7as, o Manual sobre Entrega Volunt\u00e1ria foi lan\u00e7ado nesta sexta-feira (19) pelo Conselho Nacional de Justi\u00e7a (CNJ) durante o 1\u00ba Congresso do F\u00f3rum Nacional da Inf\u00e2ncia e Juventude (Foninj). O Manual d\u00e1 cumprimento [&hellip;]<\/p>\n","protected":false},"author":2,"featured_media":305297,"comment_status":"closed","ping_status":"closed","sticky":false,"template":"","format":"standard","meta":{"_acf_changed":false,"footnotes":""},"categories":[161],"tags":[],"class_list":["post-305296","post","type-post","status-publish","format-standard","has-post-thumbnail","hentry","category-quadradinho-em-foco"],"acf":[],"yoast_head":"<!-- This site is optimized with the Yoast SEO plugin v27.2 - https:\/\/yoast.com\/product\/yoast-seo-wordpress\/ -->\n<title>Manual define regras para ado\u00e7\u00e3o volunt\u00e1ria de crian\u00e7as - Notibras<\/title>\n<meta name=\"robots\" content=\"index, follow, max-snippet:-1, max-image-preview:large, max-video-preview:-1\" \/>\n<link rel=\"canonical\" href=\"https:\/\/www.notibras.com\/site\/manual-define-regras-para-adocao-voluntaria-de-criancas\/\" \/>\n<meta property=\"og:locale\" content=\"pt_BR\" \/>\n<meta property=\"og:type\" content=\"article\" \/>\n<meta property=\"og:title\" content=\"Manual define regras para ado\u00e7\u00e3o volunt\u00e1ria de crian\u00e7as - Notibras\" \/>\n<meta property=\"og:description\" content=\"Com orienta\u00e7\u00f5es para subsidiar decis\u00f5es e amparar um trabalho t\u00e9cnico, \u00e9tico e cont\u00ednuo em dire\u00e7\u00e3o \u00e0 garantia dos direitos das mulheres e crian\u00e7as, o Manual sobre Entrega Volunt\u00e1ria foi lan\u00e7ado nesta sexta-feira (19) pelo Conselho Nacional de Justi\u00e7a (CNJ) durante o 1\u00ba Congresso do F\u00f3rum Nacional da Inf\u00e2ncia e Juventude (Foninj). O Manual d\u00e1 cumprimento [&hellip;]\" \/>\n<meta property=\"og:url\" content=\"https:\/\/www.notibras.com\/site\/manual-define-regras-para-adocao-voluntaria-de-criancas\/\" \/>\n<meta property=\"og:site_name\" content=\"Notibras\" \/>\n<meta property=\"article:publisher\" content=\"https:\/\/www.facebook.com\/notibras\/\" \/>\n<meta property=\"article:published_time\" content=\"2023-05-20T03:00:09+00:00\" \/>\n<meta property=\"article:modified_time\" content=\"2023-05-20T12:27:28+00:00\" \/>\n<meta property=\"og:image\" content=\"https:\/\/www.notibras.com\/site\/wp-content\/uploads\/2023\/05\/bebe-2.jpg\" \/>\n\t<meta property=\"og:image:width\" content=\"1170\" \/>\n\t<meta property=\"og:image:height\" content=\"700\" \/>\n\t<meta property=\"og:image:type\" content=\"image\/jpeg\" \/>\n<meta name=\"author\" content=\"Reda\u00e7\u00e3o\" \/>\n<meta name=\"twitter:card\" content=\"summary_large_image\" \/>\n<meta name=\"twitter:creator\" content=\"@Notibras\" \/>\n<meta name=\"twitter:site\" content=\"@Notibras\" \/>\n<meta name=\"twitter:label1\" content=\"Escrito por\" \/>\n\t<meta name=\"twitter:data1\" content=\"Reda\u00e7\u00e3o\" \/>\n\t<meta name=\"twitter:label2\" content=\"Est. tempo de leitura\" \/>\n\t<meta name=\"twitter:data2\" content=\"4 minutos\" \/>\n<script type=\"application\/ld+json\" class=\"yoast-schema-graph\">{\"@context\":\"https:\/\/schema.org\",\"@graph\":[{\"@type\":\"Article\",\"@id\":\"https:\/\/www.notibras.com\/site\/manual-define-regras-para-adocao-voluntaria-de-criancas\/#article\",\"isPartOf\":{\"@id\":\"https:\/\/www.notibras.com\/site\/manual-define-regras-para-adocao-voluntaria-de-criancas\/\"},\"author\":{\"name\":\"Reda\u00e7\u00e3o\",\"@id\":\"https:\/\/www.notibras.com\/site\/#\/schema\/person\/36ab0979449956132d3e5b517ea76ac8\"},\"headline\":\"Manual define regras para ado\u00e7\u00e3o volunt\u00e1ria de crian\u00e7as\",\"datePublished\":\"2023-05-20T03:00:09+00:00\",\"dateModified\":\"2023-05-20T12:27:28+00:00\",\"mainEntityOfPage\":{\"@id\":\"https:\/\/www.notibras.com\/site\/manual-define-regras-para-adocao-voluntaria-de-criancas\/\"},\"wordCount\":656,\"publisher\":{\"@id\":\"https:\/\/www.notibras.com\/site\/#organization\"},\"image\":{\"@id\":\"https:\/\/www.notibras.com\/site\/manual-define-regras-para-adocao-voluntaria-de-criancas\/#primaryimage\"},\"thumbnailUrl\":\"https:\/\/www.notibras.com\/site\/wp-content\/uploads\/2023\/05\/bebe-2.jpg\",\"articleSection\":[\"Quadradinho em Foco\"],\"inLanguage\":\"pt-BR\"},{\"@type\":\"WebPage\",\"@id\":\"https:\/\/www.notibras.com\/site\/manual-define-regras-para-adocao-voluntaria-de-criancas\/\",\"url\":\"https:\/\/www.notibras.com\/site\/manual-define-regras-para-adocao-voluntaria-de-criancas\/\",\"name\":\"Manual define regras para ado\u00e7\u00e3o volunt\u00e1ria de crian\u00e7as - Notibras\",\"isPartOf\":{\"@id\":\"https:\/\/www.notibras.com\/site\/#website\"},\"primaryImageOfPage\":{\"@id\":\"https:\/\/www.notibras.com\/site\/manual-define-regras-para-adocao-voluntaria-de-criancas\/#primaryimage\"},\"image\":{\"@id\":\"https:\/\/www.notibras.com\/site\/manual-define-regras-para-adocao-voluntaria-de-criancas\/#primaryimage\"},\"thumbnailUrl\":\"https:\/\/www.notibras.com\/site\/wp-content\/uploads\/2023\/05\/bebe-2.jpg\",\"datePublished\":\"2023-05-20T03:00:09+00:00\",\"dateModified\":\"2023-05-20T12:27:28+00:00\",\"breadcrumb\":{\"@id\":\"https:\/\/www.notibras.com\/site\/manual-define-regras-para-adocao-voluntaria-de-criancas\/#breadcrumb\"},\"inLanguage\":\"pt-BR\",\"potentialAction\":[{\"@type\":\"ReadAction\",\"target\":[\"https:\/\/www.notibras.com\/site\/manual-define-regras-para-adocao-voluntaria-de-criancas\/\"]}]},{\"@type\":\"ImageObject\",\"inLanguage\":\"pt-BR\",\"@id\":\"https:\/\/www.notibras.com\/site\/manual-define-regras-para-adocao-voluntaria-de-criancas\/#primaryimage\",\"url\":\"https:\/\/www.notibras.com\/site\/wp-content\/uploads\/2023\/05\/bebe-2.jpg\",\"contentUrl\":\"https:\/\/www.notibras.com\/site\/wp-content\/uploads\/2023\/05\/bebe-2.jpg\",\"width\":1170,\"height\":700},{\"@type\":\"BreadcrumbList\",\"@id\":\"https:\/\/www.notibras.com\/site\/manual-define-regras-para-adocao-voluntaria-de-criancas\/#breadcrumb\",\"itemListElement\":[{\"@type\":\"ListItem\",\"position\":1,\"name\":\"In\u00edcio\",\"item\":\"https:\/\/www.notibras.com\/site\/\"},{\"@type\":\"ListItem\",\"position\":2,\"name\":\"Manual define regras para ado\u00e7\u00e3o volunt\u00e1ria de crian\u00e7as\"}]},{\"@type\":\"WebSite\",\"@id\":\"https:\/\/www.notibras.com\/site\/#website\",\"url\":\"https:\/\/www.notibras.com\/site\/\",\"name\":\"Notibras\",\"description\":\"Not\u00edcias de Bras\u00edlia, do Brasil e do Mundo\",\"publisher\":{\"@id\":\"https:\/\/www.notibras.com\/site\/#organization\"},\"potentialAction\":[{\"@type\":\"SearchAction\",\"target\":{\"@type\":\"EntryPoint\",\"urlTemplate\":\"https:\/\/www.notibras.com\/site\/?s={search_term_string}\"},\"query-input\":{\"@type\":\"PropertyValueSpecification\",\"valueRequired\":true,\"valueName\":\"search_term_string\"}}],\"inLanguage\":\"pt-BR\"},{\"@type\":\"Organization\",\"@id\":\"https:\/\/www.notibras.com\/site\/#organization\",\"name\":\"Grupo Notibras de Comunica\u00e7\u00e3o\",\"url\":\"https:\/\/www.notibras.com\/site\/\",\"logo\":{\"@type\":\"ImageObject\",\"inLanguage\":\"pt-BR\",\"@id\":\"https:\/\/www.notibras.com\/site\/#\/schema\/logo\/image\/\",\"url\":\"https:\/\/www.notibras.com\/site\/wp-content\/uploads\/2023\/01\/notibras23.png\",\"contentUrl\":\"https:\/\/www.notibras.com\/site\/wp-content\/uploads\/2023\/01\/notibras23.png\",\"width\":350,\"height\":87,\"caption\":\"Grupo Notibras de Comunica\u00e7\u00e3o\"},\"image\":{\"@id\":\"https:\/\/www.notibras.com\/site\/#\/schema\/logo\/image\/\"},\"sameAs\":[\"https:\/\/www.facebook.com\/notibras\/\",\"https:\/\/x.com\/Notibras\",\"https:\/\/www.instagram.com\/notibras\/\"]},{\"@type\":\"Person\",\"@id\":\"https:\/\/www.notibras.com\/site\/#\/schema\/person\/36ab0979449956132d3e5b517ea76ac8\",\"name\":\"Reda\u00e7\u00e3o\",\"image\":{\"@type\":\"ImageObject\",\"inLanguage\":\"pt-BR\",\"@id\":\"https:\/\/secure.gravatar.com\/avatar\/e0a867bdedb85fd243eadf09663511f96fc81e0720a4a42581f334ad4303aa6b?s=96&d=mm&r=g\",\"url\":\"https:\/\/secure.gravatar.com\/avatar\/e0a867bdedb85fd243eadf09663511f96fc81e0720a4a42581f334ad4303aa6b?s=96&d=mm&r=g\",\"contentUrl\":\"https:\/\/secure.gravatar.com\/avatar\/e0a867bdedb85fd243eadf09663511f96fc81e0720a4a42581f334ad4303aa6b?s=96&d=mm&r=g\",\"caption\":\"Reda\u00e7\u00e3o\"}}]}<\/script>\n<!-- \/ Yoast SEO plugin. -->","yoast_head_json":{"title":"Manual define regras para ado\u00e7\u00e3o volunt\u00e1ria de crian\u00e7as - Notibras","robots":{"index":"index","follow":"follow","max-snippet":"max-snippet:-1","max-image-preview":"max-image-preview:large","max-video-preview":"max-video-preview:-1"},"canonical":"https:\/\/www.notibras.com\/site\/manual-define-regras-para-adocao-voluntaria-de-criancas\/","og_locale":"pt_BR","og_type":"article","og_title":"Manual define regras para ado\u00e7\u00e3o volunt\u00e1ria de crian\u00e7as - Notibras","og_description":"Com orienta\u00e7\u00f5es para subsidiar decis\u00f5es e amparar um trabalho t\u00e9cnico, \u00e9tico e cont\u00ednuo em dire\u00e7\u00e3o \u00e0 garantia dos direitos das mulheres e crian\u00e7as, o Manual sobre Entrega Volunt\u00e1ria foi lan\u00e7ado nesta sexta-feira (19) pelo Conselho Nacional de Justi\u00e7a (CNJ) durante o 1\u00ba Congresso do F\u00f3rum Nacional da Inf\u00e2ncia e Juventude (Foninj). O Manual d\u00e1 cumprimento [&hellip;]","og_url":"https:\/\/www.notibras.com\/site\/manual-define-regras-para-adocao-voluntaria-de-criancas\/","og_site_name":"Notibras","article_publisher":"https:\/\/www.facebook.com\/notibras\/","article_published_time":"2023-05-20T03:00:09+00:00","article_modified_time":"2023-05-20T12:27:28+00:00","og_image":[{"width":1170,"height":700,"url":"https:\/\/www.notibras.com\/site\/wp-content\/uploads\/2023\/05\/bebe-2.jpg","type":"image\/jpeg"}],"author":"Reda\u00e7\u00e3o","twitter_card":"summary_large_image","twitter_creator":"@Notibras","twitter_site":"@Notibras","twitter_misc":{"Escrito por":"Reda\u00e7\u00e3o","Est. tempo de leitura":"4 minutos"},"schema":{"@context":"https:\/\/schema.org","@graph":[{"@type":"Article","@id":"https:\/\/www.notibras.com\/site\/manual-define-regras-para-adocao-voluntaria-de-criancas\/#article","isPartOf":{"@id":"https:\/\/www.notibras.com\/site\/manual-define-regras-para-adocao-voluntaria-de-criancas\/"},"author":{"name":"Reda\u00e7\u00e3o","@id":"https:\/\/www.notibras.com\/site\/#\/schema\/person\/36ab0979449956132d3e5b517ea76ac8"},"headline":"Manual define regras para ado\u00e7\u00e3o volunt\u00e1ria de crian\u00e7as","datePublished":"2023-05-20T03:00:09+00:00","dateModified":"2023-05-20T12:27:28+00:00","mainEntityOfPage":{"@id":"https:\/\/www.notibras.com\/site\/manual-define-regras-para-adocao-voluntaria-de-criancas\/"},"wordCount":656,"publisher":{"@id":"https:\/\/www.notibras.com\/site\/#organization"},"image":{"@id":"https:\/\/www.notibras.com\/site\/manual-define-regras-para-adocao-voluntaria-de-criancas\/#primaryimage"},"thumbnailUrl":"https:\/\/www.notibras.com\/site\/wp-content\/uploads\/2023\/05\/bebe-2.jpg","articleSection":["Quadradinho em Foco"],"inLanguage":"pt-BR"},{"@type":"WebPage","@id":"https:\/\/www.notibras.com\/site\/manual-define-regras-para-adocao-voluntaria-de-criancas\/","url":"https:\/\/www.notibras.com\/site\/manual-define-regras-para-adocao-voluntaria-de-criancas\/","name":"Manual define regras para ado\u00e7\u00e3o volunt\u00e1ria de crian\u00e7as - Notibras","isPartOf":{"@id":"https:\/\/www.notibras.com\/site\/#website"},"primaryImageOfPage":{"@id":"https:\/\/www.notibras.com\/site\/manual-define-regras-para-adocao-voluntaria-de-criancas\/#primaryimage"},"image":{"@id":"https:\/\/www.notibras.com\/site\/manual-define-regras-para-adocao-voluntaria-de-criancas\/#primaryimage"},"thumbnailUrl":"https:\/\/www.notibras.com\/site\/wp-content\/uploads\/2023\/05\/bebe-2.jpg","datePublished":"2023-05-20T03:00:09+00:00","dateModified":"2023-05-20T12:27:28+00:00","breadcrumb":{"@id":"https:\/\/www.notibras.com\/site\/manual-define-regras-para-adocao-voluntaria-de-criancas\/#breadcrumb"},"inLanguage":"pt-BR","potentialAction":[{"@type":"ReadAction","target":["https:\/\/www.notibras.com\/site\/manual-define-regras-para-adocao-voluntaria-de-criancas\/"]}]},{"@type":"ImageObject","inLanguage":"pt-BR","@id":"https:\/\/www.notibras.com\/site\/manual-define-regras-para-adocao-voluntaria-de-criancas\/#primaryimage","url":"https:\/\/www.notibras.com\/site\/wp-content\/uploads\/2023\/05\/bebe-2.jpg","contentUrl":"https:\/\/www.notibras.com\/site\/wp-content\/uploads\/2023\/05\/bebe-2.jpg","width":1170,"height":700},{"@type":"BreadcrumbList","@id":"https:\/\/www.notibras.com\/site\/manual-define-regras-para-adocao-voluntaria-de-criancas\/#breadcrumb","itemListElement":[{"@type":"ListItem","position":1,"name":"In\u00edcio","item":"https:\/\/www.notibras.com\/site\/"},{"@type":"ListItem","position":2,"name":"Manual define regras para ado\u00e7\u00e3o volunt\u00e1ria de crian\u00e7as"}]},{"@type":"WebSite","@id":"https:\/\/www.notibras.com\/site\/#website","url":"https:\/\/www.notibras.com\/site\/","name":"Notibras","description":"Not\u00edcias de Bras\u00edlia, do Brasil e do Mundo","publisher":{"@id":"https:\/\/www.notibras.com\/site\/#organization"},"potentialAction":[{"@type":"SearchAction","target":{"@type":"EntryPoint","urlTemplate":"https:\/\/www.notibras.com\/site\/?s={search_term_string}"},"query-input":{"@type":"PropertyValueSpecification","valueRequired":true,"valueName":"search_term_string"}}],"inLanguage":"pt-BR"},{"@type":"Organization","@id":"https:\/\/www.notibras.com\/site\/#organization","name":"Grupo Notibras de Comunica\u00e7\u00e3o","url":"https:\/\/www.notibras.com\/site\/","logo":{"@type":"ImageObject","inLanguage":"pt-BR","@id":"https:\/\/www.notibras.com\/site\/#\/schema\/logo\/image\/","url":"https:\/\/www.notibras.com\/site\/wp-content\/uploads\/2023\/01\/notibras23.png","contentUrl":"https:\/\/www.notibras.com\/site\/wp-content\/uploads\/2023\/01\/notibras23.png","width":350,"height":87,"caption":"Grupo Notibras de Comunica\u00e7\u00e3o"},"image":{"@id":"https:\/\/www.notibras.com\/site\/#\/schema\/logo\/image\/"},"sameAs":["https:\/\/www.facebook.com\/notibras\/","https:\/\/x.com\/Notibras","https:\/\/www.instagram.com\/notibras\/"]},{"@type":"Person","@id":"https:\/\/www.notibras.com\/site\/#\/schema\/person\/36ab0979449956132d3e5b517ea76ac8","name":"Reda\u00e7\u00e3o","image":{"@type":"ImageObject","inLanguage":"pt-BR","@id":"https:\/\/secure.gravatar.com\/avatar\/e0a867bdedb85fd243eadf09663511f96fc81e0720a4a42581f334ad4303aa6b?s=96&d=mm&r=g","url":"https:\/\/secure.gravatar.com\/avatar\/e0a867bdedb85fd243eadf09663511f96fc81e0720a4a42581f334ad4303aa6b?s=96&d=mm&r=g","contentUrl":"https:\/\/secure.gravatar.com\/avatar\/e0a867bdedb85fd243eadf09663511f96fc81e0720a4a42581f334ad4303aa6b?s=96&d=mm&r=g","caption":"Reda\u00e7\u00e3o"}}]}},"amp_enabled":true,"_links":{"self":[{"href":"https:\/\/www.notibras.com\/site\/wp-json\/wp\/v2\/posts\/305296","targetHints":{"allow":["GET"]}}],"collection":[{"href":"https:\/\/www.notibras.com\/site\/wp-json\/wp\/v2\/posts"}],"about":[{"href":"https:\/\/www.notibras.com\/site\/wp-json\/wp\/v2\/types\/post"}],"author":[{"embeddable":true,"href":"https:\/\/www.notibras.com\/site\/wp-json\/wp\/v2\/users\/2"}],"replies":[{"embeddable":true,"href":"https:\/\/www.notibras.com\/site\/wp-json\/wp\/v2\/comments?post=305296"}],"version-history":[{"count":1,"href":"https:\/\/www.notibras.com\/site\/wp-json\/wp\/v2\/posts\/305296\/revisions"}],"predecessor-version":[{"id":305298,"href":"https:\/\/www.notibras.com\/site\/wp-json\/wp\/v2\/posts\/305296\/revisions\/305298"}],"wp:featuredmedia":[{"embeddable":true,"href":"https:\/\/www.notibras.com\/site\/wp-json\/wp\/v2\/media\/305297"}],"wp:attachment":[{"href":"https:\/\/www.notibras.com\/site\/wp-json\/wp\/v2\/media?parent=305296"}],"wp:term":[{"taxonomy":"category","embeddable":true,"href":"https:\/\/www.notibras.com\/site\/wp-json\/wp\/v2\/categories?post=305296"},{"taxonomy":"post_tag","embeddable":true,"href":"https:\/\/www.notibras.com\/site\/wp-json\/wp\/v2\/tags?post=305296"}],"curies":[{"name":"wp","href":"https:\/\/api.w.org\/{rel}","templated":true}]}}