{"id":305299,"date":"2023-05-20T09:38:16","date_gmt":"2023-05-20T12:38:16","guid":{"rendered":"https:\/\/www.notibras.com\/site\/?p=305299"},"modified":"2023-05-20T09:38:16","modified_gmt":"2023-05-20T12:38:16","slug":"brasilia-cidade-pequena-e-seu-lado-indecente","status":"publish","type":"post","link":"https:\/\/www.notibras.com\/site\/brasilia-cidade-pequena-e-seu-lado-indecente\/","title":{"rendered":"Bras\u00edlia, cidade pequena e seu lado indecente"},"content":{"rendered":"<p>Uma das caracter\u00edsticas da capital \u00e9 que parece que todo mundo se conhece. Isso n\u00e3o \u00e9 necessariamente verdade, mas n\u00e3o \u00e9 raro algu\u00e9m falar para beltrano que conhece cicrano e, por conta dessas coincid\u00eancias que acontecem frequentemente em Bras\u00edlia, todos se veem como membros de uma grande confraria. Este, ali\u00e1s, foi um erro de Arnaldo, que imaginou que a capital, por ser a capital, fosse uma cidade grande.<\/p>\n<p>Pois l\u00e1 estava a Elaine na ag\u00eancia do Banco do Brasil, a mesma em que a M\u00e1rcia trabalhava. Toda sorridente, a rica\u00e7a n\u00e3o conseguia esconder a satisfa\u00e7\u00e3o de se encontrar apaixonada. Tanto \u00e9 que a gerente se sentiu \u00e0 vontade para fazer um coment\u00e1rio.<\/p>\n<p>&#8211; A paix\u00e3o nos deixa assim.<\/p>\n<p>&#8211; Bota assim nisso!<\/p>\n<p>As duas mulheres sorriam, quando, ent\u00e3o, Elaine se sentiu livre, leve e solta para mostrar uma fotografia da raz\u00e3o de tamanha felicidade. Foi um baque! Diante daquele rosto t\u00e3o conhecido, eis que M\u00e1rcia quase perdeu as estribeiras. L\u00e1 estava Arnaldo, o seu Arnaldo, todo sorridente com Elaine em seu colo. No entanto, profissional que era, atendeu a cliente da melhor forma poss\u00edvel. A endinheirada Elaine continuaria faturando \u00e0s custas de aplica\u00e7\u00f5es bem orientadas pela gerente.<\/p>\n<p>Enquanto guardava a sua f\u00faria para si, as horas foram desenrolando de maneira vagarosa, at\u00e9 que, finalmente, chegou o momento de se despedir de mais um dia de trabalho. Desorientada, M\u00e1rcia foi caminhando para casa. Milh\u00f5es de pensamentos passavam pela mente em polvorosa. Ora decidia uma coisa, logo em seguida j\u00e1 pensava em fazer outra. Certa estava de que colocaria um fim naquilo tudo logo mais.<\/p>\n<p>Chegou ao pr\u00e9dio onde morava, passou pelo porteiro sem cumpriment\u00e1-lo, apesar de sempre ter sido t\u00e3o cordial. Enfurecida, entrou no elevador e apertou o terceiro andar, apesar de residir no quinto. Tocou a campainha do apartamento de Arnaldo. Nada! Ainda esperou por alguns instantes, at\u00e9 que subiu as escadas, abriu a porta e entrou no seu apartamento.<\/p>\n<p>Ainda estressada, M\u00e1rcia resolveu tomar um banho. Tirou toda a roupa e a atirou no cesto. Entrou no chuveiro e, n\u00e3o suportando tamanha dor, se sentou sob a \u00e1gua que escorria e chorou. Chorou copiosamente em solu\u00e7os.<\/p>\n<p><strong>O cap\u00edtulo VI ser\u00e1 publicado no domingo, 21<\/strong><\/p>\n","protected":false},"excerpt":{"rendered":"<p>Uma das caracter\u00edsticas da capital \u00e9 que parece que todo mundo se conhece. Isso n\u00e3o \u00e9 necessariamente verdade, mas n\u00e3o \u00e9 raro algu\u00e9m falar para beltrano que conhece cicrano e, por conta dessas coincid\u00eancias que acontecem frequentemente em Bras\u00edlia, todos se veem como membros de uma grande confraria. Este, ali\u00e1s, foi um erro de Arnaldo, [&hellip;]<\/p>\n","protected":false},"author":2,"featured_media":305300,"comment_status":"closed","ping_status":"closed","sticky":false,"template":"","format":"standard","meta":{"_acf_changed":false,"footnotes":""},"categories":[161],"tags":[],"class_list":["post-305299","post","type-post","status-publish","format-standard","has-post-thumbnail","hentry","category-quadradinho-em-foco"],"acf":[],"yoast_head":"<!-- This site is optimized with the Yoast SEO plugin v27.2 - https:\/\/yoast.com\/product\/yoast-seo-wordpress\/ -->\n<title>Bras\u00edlia, cidade pequena e seu lado indecente - Notibras<\/title>\n<meta name=\"robots\" content=\"index, follow, max-snippet:-1, max-image-preview:large, max-video-preview:-1\" \/>\n<link rel=\"canonical\" href=\"https:\/\/www.notibras.com\/site\/brasilia-cidade-pequena-e-seu-lado-indecente\/\" \/>\n<meta property=\"og:locale\" content=\"pt_BR\" \/>\n<meta property=\"og:type\" content=\"article\" \/>\n<meta property=\"og:title\" content=\"Bras\u00edlia, cidade pequena e seu lado indecente - Notibras\" \/>\n<meta property=\"og:description\" content=\"Uma das caracter\u00edsticas da capital \u00e9 que parece que todo mundo se conhece. Isso n\u00e3o \u00e9 necessariamente verdade, mas n\u00e3o \u00e9 raro algu\u00e9m falar para beltrano que conhece cicrano e, por conta dessas coincid\u00eancias que acontecem frequentemente em Bras\u00edlia, todos se veem como membros de uma grande confraria. Este, ali\u00e1s, foi um erro de Arnaldo, [&hellip;]\" \/>\n<meta property=\"og:url\" content=\"https:\/\/www.notibras.com\/site\/brasilia-cidade-pequena-e-seu-lado-indecente\/\" \/>\n<meta property=\"og:site_name\" content=\"Notibras\" \/>\n<meta property=\"article:publisher\" content=\"https:\/\/www.facebook.com\/notibras\/\" \/>\n<meta property=\"article:published_time\" content=\"2023-05-20T12:38:16+00:00\" \/>\n<meta property=\"og:image\" content=\"https:\/\/www.notibras.com\/site\/wp-content\/uploads\/2023\/05\/gettyimages-1206572207-640x640-1.jpg\" \/>\n\t<meta property=\"og:image:width\" content=\"640\" \/>\n\t<meta property=\"og:image:height\" content=\"360\" \/>\n\t<meta property=\"og:image:type\" content=\"image\/jpeg\" \/>\n<meta name=\"author\" content=\"Reda\u00e7\u00e3o\" \/>\n<meta name=\"twitter:card\" content=\"summary_large_image\" \/>\n<meta name=\"twitter:creator\" content=\"@Notibras\" \/>\n<meta name=\"twitter:site\" content=\"@Notibras\" \/>\n<meta name=\"twitter:label1\" content=\"Escrito por\" \/>\n\t<meta name=\"twitter:data1\" content=\"Reda\u00e7\u00e3o\" \/>\n\t<meta name=\"twitter:label2\" content=\"Est. tempo de leitura\" \/>\n\t<meta name=\"twitter:data2\" content=\"3 minutos\" \/>\n<script type=\"application\/ld+json\" class=\"yoast-schema-graph\">{\"@context\":\"https:\/\/schema.org\",\"@graph\":[{\"@type\":\"Article\",\"@id\":\"https:\/\/www.notibras.com\/site\/brasilia-cidade-pequena-e-seu-lado-indecente\/#article\",\"isPartOf\":{\"@id\":\"https:\/\/www.notibras.com\/site\/brasilia-cidade-pequena-e-seu-lado-indecente\/\"},\"author\":{\"name\":\"Reda\u00e7\u00e3o\",\"@id\":\"https:\/\/www.notibras.com\/site\/#\/schema\/person\/36ab0979449956132d3e5b517ea76ac8\"},\"headline\":\"Bras\u00edlia, cidade pequena e seu lado indecente\",\"datePublished\":\"2023-05-20T12:38:16+00:00\",\"mainEntityOfPage\":{\"@id\":\"https:\/\/www.notibras.com\/site\/brasilia-cidade-pequena-e-seu-lado-indecente\/\"},\"wordCount\":397,\"publisher\":{\"@id\":\"https:\/\/www.notibras.com\/site\/#organization\"},\"image\":{\"@id\":\"https:\/\/www.notibras.com\/site\/brasilia-cidade-pequena-e-seu-lado-indecente\/#primaryimage\"},\"thumbnailUrl\":\"https:\/\/www.notibras.com\/site\/wp-content\/uploads\/2023\/05\/gettyimages-1206572207-640x640-1.jpg\",\"articleSection\":[\"Quadradinho em Foco\"],\"inLanguage\":\"pt-BR\"},{\"@type\":\"WebPage\",\"@id\":\"https:\/\/www.notibras.com\/site\/brasilia-cidade-pequena-e-seu-lado-indecente\/\",\"url\":\"https:\/\/www.notibras.com\/site\/brasilia-cidade-pequena-e-seu-lado-indecente\/\",\"name\":\"Bras\u00edlia, cidade pequena e seu lado indecente - Notibras\",\"isPartOf\":{\"@id\":\"https:\/\/www.notibras.com\/site\/#website\"},\"primaryImageOfPage\":{\"@id\":\"https:\/\/www.notibras.com\/site\/brasilia-cidade-pequena-e-seu-lado-indecente\/#primaryimage\"},\"image\":{\"@id\":\"https:\/\/www.notibras.com\/site\/brasilia-cidade-pequena-e-seu-lado-indecente\/#primaryimage\"},\"thumbnailUrl\":\"https:\/\/www.notibras.com\/site\/wp-content\/uploads\/2023\/05\/gettyimages-1206572207-640x640-1.jpg\",\"datePublished\":\"2023-05-20T12:38:16+00:00\",\"breadcrumb\":{\"@id\":\"https:\/\/www.notibras.com\/site\/brasilia-cidade-pequena-e-seu-lado-indecente\/#breadcrumb\"},\"inLanguage\":\"pt-BR\",\"potentialAction\":[{\"@type\":\"ReadAction\",\"target\":[\"https:\/\/www.notibras.com\/site\/brasilia-cidade-pequena-e-seu-lado-indecente\/\"]}]},{\"@type\":\"ImageObject\",\"inLanguage\":\"pt-BR\",\"@id\":\"https:\/\/www.notibras.com\/site\/brasilia-cidade-pequena-e-seu-lado-indecente\/#primaryimage\",\"url\":\"https:\/\/www.notibras.com\/site\/wp-content\/uploads\/2023\/05\/gettyimages-1206572207-640x640-1.jpg\",\"contentUrl\":\"https:\/\/www.notibras.com\/site\/wp-content\/uploads\/2023\/05\/gettyimages-1206572207-640x640-1.jpg\",\"width\":640,\"height\":360,\"caption\":\"He was bathing in the bathroom, silhouette on curtain.\"},{\"@type\":\"BreadcrumbList\",\"@id\":\"https:\/\/www.notibras.com\/site\/brasilia-cidade-pequena-e-seu-lado-indecente\/#breadcrumb\",\"itemListElement\":[{\"@type\":\"ListItem\",\"position\":1,\"name\":\"In\u00edcio\",\"item\":\"https:\/\/www.notibras.com\/site\/\"},{\"@type\":\"ListItem\",\"position\":2,\"name\":\"Bras\u00edlia, cidade pequena e seu lado indecente\"}]},{\"@type\":\"WebSite\",\"@id\":\"https:\/\/www.notibras.com\/site\/#website\",\"url\":\"https:\/\/www.notibras.com\/site\/\",\"name\":\"Notibras\",\"description\":\"Not\u00edcias de Bras\u00edlia, do Brasil e do Mundo\",\"publisher\":{\"@id\":\"https:\/\/www.notibras.com\/site\/#organization\"},\"potentialAction\":[{\"@type\":\"SearchAction\",\"target\":{\"@type\":\"EntryPoint\",\"urlTemplate\":\"https:\/\/www.notibras.com\/site\/?s={search_term_string}\"},\"query-input\":{\"@type\":\"PropertyValueSpecification\",\"valueRequired\":true,\"valueName\":\"search_term_string\"}}],\"inLanguage\":\"pt-BR\"},{\"@type\":\"Organization\",\"@id\":\"https:\/\/www.notibras.com\/site\/#organization\",\"name\":\"Grupo Notibras de Comunica\u00e7\u00e3o\",\"url\":\"https:\/\/www.notibras.com\/site\/\",\"logo\":{\"@type\":\"ImageObject\",\"inLanguage\":\"pt-BR\",\"@id\":\"https:\/\/www.notibras.com\/site\/#\/schema\/logo\/image\/\",\"url\":\"https:\/\/www.notibras.com\/site\/wp-content\/uploads\/2023\/01\/notibras23.png\",\"contentUrl\":\"https:\/\/www.notibras.com\/site\/wp-content\/uploads\/2023\/01\/notibras23.png\",\"width\":350,\"height\":87,\"caption\":\"Grupo Notibras de Comunica\u00e7\u00e3o\"},\"image\":{\"@id\":\"https:\/\/www.notibras.com\/site\/#\/schema\/logo\/image\/\"},\"sameAs\":[\"https:\/\/www.facebook.com\/notibras\/\",\"https:\/\/x.com\/Notibras\",\"https:\/\/www.instagram.com\/notibras\/\"]},{\"@type\":\"Person\",\"@id\":\"https:\/\/www.notibras.com\/site\/#\/schema\/person\/36ab0979449956132d3e5b517ea76ac8\",\"name\":\"Reda\u00e7\u00e3o\",\"image\":{\"@type\":\"ImageObject\",\"inLanguage\":\"pt-BR\",\"@id\":\"https:\/\/secure.gravatar.com\/avatar\/e0a867bdedb85fd243eadf09663511f96fc81e0720a4a42581f334ad4303aa6b?s=96&d=mm&r=g\",\"url\":\"https:\/\/secure.gravatar.com\/avatar\/e0a867bdedb85fd243eadf09663511f96fc81e0720a4a42581f334ad4303aa6b?s=96&d=mm&r=g\",\"contentUrl\":\"https:\/\/secure.gravatar.com\/avatar\/e0a867bdedb85fd243eadf09663511f96fc81e0720a4a42581f334ad4303aa6b?s=96&d=mm&r=g\",\"caption\":\"Reda\u00e7\u00e3o\"}}]}<\/script>\n<!-- \/ Yoast SEO plugin. -->","yoast_head_json":{"title":"Bras\u00edlia, cidade pequena e seu lado indecente - Notibras","robots":{"index":"index","follow":"follow","max-snippet":"max-snippet:-1","max-image-preview":"max-image-preview:large","max-video-preview":"max-video-preview:-1"},"canonical":"https:\/\/www.notibras.com\/site\/brasilia-cidade-pequena-e-seu-lado-indecente\/","og_locale":"pt_BR","og_type":"article","og_title":"Bras\u00edlia, cidade pequena e seu lado indecente - Notibras","og_description":"Uma das caracter\u00edsticas da capital \u00e9 que parece que todo mundo se conhece. Isso n\u00e3o \u00e9 necessariamente verdade, mas n\u00e3o \u00e9 raro algu\u00e9m falar para beltrano que conhece cicrano e, por conta dessas coincid\u00eancias que acontecem frequentemente em Bras\u00edlia, todos se veem como membros de uma grande confraria. Este, ali\u00e1s, foi um erro de Arnaldo, [&hellip;]","og_url":"https:\/\/www.notibras.com\/site\/brasilia-cidade-pequena-e-seu-lado-indecente\/","og_site_name":"Notibras","article_publisher":"https:\/\/www.facebook.com\/notibras\/","article_published_time":"2023-05-20T12:38:16+00:00","og_image":[{"width":640,"height":360,"url":"https:\/\/www.notibras.com\/site\/wp-content\/uploads\/2023\/05\/gettyimages-1206572207-640x640-1.jpg","type":"image\/jpeg"}],"author":"Reda\u00e7\u00e3o","twitter_card":"summary_large_image","twitter_creator":"@Notibras","twitter_site":"@Notibras","twitter_misc":{"Escrito por":"Reda\u00e7\u00e3o","Est. tempo de leitura":"3 minutos"},"schema":{"@context":"https:\/\/schema.org","@graph":[{"@type":"Article","@id":"https:\/\/www.notibras.com\/site\/brasilia-cidade-pequena-e-seu-lado-indecente\/#article","isPartOf":{"@id":"https:\/\/www.notibras.com\/site\/brasilia-cidade-pequena-e-seu-lado-indecente\/"},"author":{"name":"Reda\u00e7\u00e3o","@id":"https:\/\/www.notibras.com\/site\/#\/schema\/person\/36ab0979449956132d3e5b517ea76ac8"},"headline":"Bras\u00edlia, cidade pequena e seu lado indecente","datePublished":"2023-05-20T12:38:16+00:00","mainEntityOfPage":{"@id":"https:\/\/www.notibras.com\/site\/brasilia-cidade-pequena-e-seu-lado-indecente\/"},"wordCount":397,"publisher":{"@id":"https:\/\/www.notibras.com\/site\/#organization"},"image":{"@id":"https:\/\/www.notibras.com\/site\/brasilia-cidade-pequena-e-seu-lado-indecente\/#primaryimage"},"thumbnailUrl":"https:\/\/www.notibras.com\/site\/wp-content\/uploads\/2023\/05\/gettyimages-1206572207-640x640-1.jpg","articleSection":["Quadradinho em Foco"],"inLanguage":"pt-BR"},{"@type":"WebPage","@id":"https:\/\/www.notibras.com\/site\/brasilia-cidade-pequena-e-seu-lado-indecente\/","url":"https:\/\/www.notibras.com\/site\/brasilia-cidade-pequena-e-seu-lado-indecente\/","name":"Bras\u00edlia, cidade pequena e seu lado indecente - Notibras","isPartOf":{"@id":"https:\/\/www.notibras.com\/site\/#website"},"primaryImageOfPage":{"@id":"https:\/\/www.notibras.com\/site\/brasilia-cidade-pequena-e-seu-lado-indecente\/#primaryimage"},"image":{"@id":"https:\/\/www.notibras.com\/site\/brasilia-cidade-pequena-e-seu-lado-indecente\/#primaryimage"},"thumbnailUrl":"https:\/\/www.notibras.com\/site\/wp-content\/uploads\/2023\/05\/gettyimages-1206572207-640x640-1.jpg","datePublished":"2023-05-20T12:38:16+00:00","breadcrumb":{"@id":"https:\/\/www.notibras.com\/site\/brasilia-cidade-pequena-e-seu-lado-indecente\/#breadcrumb"},"inLanguage":"pt-BR","potentialAction":[{"@type":"ReadAction","target":["https:\/\/www.notibras.com\/site\/brasilia-cidade-pequena-e-seu-lado-indecente\/"]}]},{"@type":"ImageObject","inLanguage":"pt-BR","@id":"https:\/\/www.notibras.com\/site\/brasilia-cidade-pequena-e-seu-lado-indecente\/#primaryimage","url":"https:\/\/www.notibras.com\/site\/wp-content\/uploads\/2023\/05\/gettyimages-1206572207-640x640-1.jpg","contentUrl":"https:\/\/www.notibras.com\/site\/wp-content\/uploads\/2023\/05\/gettyimages-1206572207-640x640-1.jpg","width":640,"height":360,"caption":"He was bathing in the bathroom, silhouette on curtain."},{"@type":"BreadcrumbList","@id":"https:\/\/www.notibras.com\/site\/brasilia-cidade-pequena-e-seu-lado-indecente\/#breadcrumb","itemListElement":[{"@type":"ListItem","position":1,"name":"In\u00edcio","item":"https:\/\/www.notibras.com\/site\/"},{"@type":"ListItem","position":2,"name":"Bras\u00edlia, cidade pequena e seu lado indecente"}]},{"@type":"WebSite","@id":"https:\/\/www.notibras.com\/site\/#website","url":"https:\/\/www.notibras.com\/site\/","name":"Notibras","description":"Not\u00edcias de Bras\u00edlia, do Brasil e do Mundo","publisher":{"@id":"https:\/\/www.notibras.com\/site\/#organization"},"potentialAction":[{"@type":"SearchAction","target":{"@type":"EntryPoint","urlTemplate":"https:\/\/www.notibras.com\/site\/?s={search_term_string}"},"query-input":{"@type":"PropertyValueSpecification","valueRequired":true,"valueName":"search_term_string"}}],"inLanguage":"pt-BR"},{"@type":"Organization","@id":"https:\/\/www.notibras.com\/site\/#organization","name":"Grupo Notibras de Comunica\u00e7\u00e3o","url":"https:\/\/www.notibras.com\/site\/","logo":{"@type":"ImageObject","inLanguage":"pt-BR","@id":"https:\/\/www.notibras.com\/site\/#\/schema\/logo\/image\/","url":"https:\/\/www.notibras.com\/site\/wp-content\/uploads\/2023\/01\/notibras23.png","contentUrl":"https:\/\/www.notibras.com\/site\/wp-content\/uploads\/2023\/01\/notibras23.png","width":350,"height":87,"caption":"Grupo Notibras de Comunica\u00e7\u00e3o"},"image":{"@id":"https:\/\/www.notibras.com\/site\/#\/schema\/logo\/image\/"},"sameAs":["https:\/\/www.facebook.com\/notibras\/","https:\/\/x.com\/Notibras","https:\/\/www.instagram.com\/notibras\/"]},{"@type":"Person","@id":"https:\/\/www.notibras.com\/site\/#\/schema\/person\/36ab0979449956132d3e5b517ea76ac8","name":"Reda\u00e7\u00e3o","image":{"@type":"ImageObject","inLanguage":"pt-BR","@id":"https:\/\/secure.gravatar.com\/avatar\/e0a867bdedb85fd243eadf09663511f96fc81e0720a4a42581f334ad4303aa6b?s=96&d=mm&r=g","url":"https:\/\/secure.gravatar.com\/avatar\/e0a867bdedb85fd243eadf09663511f96fc81e0720a4a42581f334ad4303aa6b?s=96&d=mm&r=g","contentUrl":"https:\/\/secure.gravatar.com\/avatar\/e0a867bdedb85fd243eadf09663511f96fc81e0720a4a42581f334ad4303aa6b?s=96&d=mm&r=g","caption":"Reda\u00e7\u00e3o"}}]}},"amp_enabled":true,"_links":{"self":[{"href":"https:\/\/www.notibras.com\/site\/wp-json\/wp\/v2\/posts\/305299","targetHints":{"allow":["GET"]}}],"collection":[{"href":"https:\/\/www.notibras.com\/site\/wp-json\/wp\/v2\/posts"}],"about":[{"href":"https:\/\/www.notibras.com\/site\/wp-json\/wp\/v2\/types\/post"}],"author":[{"embeddable":true,"href":"https:\/\/www.notibras.com\/site\/wp-json\/wp\/v2\/users\/2"}],"replies":[{"embeddable":true,"href":"https:\/\/www.notibras.com\/site\/wp-json\/wp\/v2\/comments?post=305299"}],"version-history":[{"count":1,"href":"https:\/\/www.notibras.com\/site\/wp-json\/wp\/v2\/posts\/305299\/revisions"}],"predecessor-version":[{"id":305301,"href":"https:\/\/www.notibras.com\/site\/wp-json\/wp\/v2\/posts\/305299\/revisions\/305301"}],"wp:featuredmedia":[{"embeddable":true,"href":"https:\/\/www.notibras.com\/site\/wp-json\/wp\/v2\/media\/305300"}],"wp:attachment":[{"href":"https:\/\/www.notibras.com\/site\/wp-json\/wp\/v2\/media?parent=305299"}],"wp:term":[{"taxonomy":"category","embeddable":true,"href":"https:\/\/www.notibras.com\/site\/wp-json\/wp\/v2\/categories?post=305299"},{"taxonomy":"post_tag","embeddable":true,"href":"https:\/\/www.notibras.com\/site\/wp-json\/wp\/v2\/tags?post=305299"}],"curies":[{"name":"wp","href":"https:\/\/api.w.org\/{rel}","templated":true}]}}