{"id":305326,"date":"2023-05-21T00:52:24","date_gmt":"2023-05-21T03:52:24","guid":{"rendered":"https:\/\/www.notibras.com\/site\/?p=305326"},"modified":"2023-05-21T08:01:57","modified_gmt":"2023-05-21T11:01:57","slug":"nordeste-goiano-tem-novo-comando-nos-bombeiros","status":"publish","type":"post","link":"https:\/\/www.notibras.com\/site\/nordeste-goiano-tem-novo-comando-nos-bombeiros\/","title":{"rendered":"Nordeste goiano tem novo comando nos bombeiros"},"content":{"rendered":"<p>Formosa, logo ali pela sa\u00edda Norte de Bras\u00edlia, tem um novo comandante do Corpo de Bombeiros. \u00c9 o tenente-coronel Br\u00e1ulio Flores. Ele acaba de assumir o 9\u00ba Comando Regional Bombeiro Militar. A decis\u00e3o foi tomada pelo comandante-geral dos bombeiros de Goi\u00e1s, coronel Washington, com o aval do governador Ronaldo Caiado.<\/p>\n<p>Br\u00e1ulio j\u00e1 exerceu comando em Formosa, de onde despediu-se em em 2019, e agora volta com uma responsabilidade maior, ao representar a corpora\u00e7\u00e3o em todo0 o Nordeste goiano.<\/p>\n<p>Ao longo dos anos que ficou \u00e0 frente operacional e administrativa da institui\u00e7\u00e3o, destacou-se n\u00e3o s\u00f3 dentro das atividades inerentes \u00e0 profiss\u00e3o, mas tamb\u00e9m se preocupou em implantar programas sociais como o Bombeiro Mirim e o H\u00e1-Jud\u00f4, amparando e disciplinando centenas de crian\u00e7as e adolescentes.<\/p>\n<p>A volta do comandante foi registrada nas redes sociais por centenas de internautas. O que mais se tem posta \u00e9 o famoso\u00a0 &#8220;bem vindo de volta!&#8221;. Embora haja desafios para serem enfrentados, com toda certeza a experi\u00eancia e dedica\u00e7\u00e3o far\u00e3o prevalecer os bons resultados nesta nova jornada.<\/p>\n","protected":false},"excerpt":{"rendered":"<p>Formosa, logo ali pela sa\u00edda Norte de Bras\u00edlia, tem um novo comandante do Corpo de Bombeiros. \u00c9 o tenente-coronel Br\u00e1ulio Flores. Ele acaba de assumir o 9\u00ba Comando Regional Bombeiro Militar. A decis\u00e3o foi tomada pelo comandante-geral dos bombeiros de Goi\u00e1s, coronel Washington, com o aval do governador Ronaldo Caiado. Br\u00e1ulio j\u00e1 exerceu comando em [&hellip;]<\/p>\n","protected":false},"author":2,"featured_media":305328,"comment_status":"closed","ping_status":"closed","sticky":false,"template":"","format":"standard","meta":{"_acf_changed":false,"footnotes":""},"categories":[161],"tags":[],"class_list":["post-305326","post","type-post","status-publish","format-standard","has-post-thumbnail","hentry","category-quadradinho-em-foco"],"acf":[],"yoast_head":"<!-- This site is optimized with the Yoast SEO plugin v27.2 - https:\/\/yoast.com\/product\/yoast-seo-wordpress\/ -->\n<title>Nordeste goiano tem novo comando nos bombeiros - Notibras<\/title>\n<meta name=\"robots\" content=\"index, follow, max-snippet:-1, max-image-preview:large, max-video-preview:-1\" \/>\n<link rel=\"canonical\" href=\"https:\/\/www.notibras.com\/site\/nordeste-goiano-tem-novo-comando-nos-bombeiros\/\" \/>\n<meta property=\"og:locale\" content=\"pt_BR\" \/>\n<meta property=\"og:type\" content=\"article\" \/>\n<meta property=\"og:title\" content=\"Nordeste goiano tem novo comando nos bombeiros - Notibras\" \/>\n<meta property=\"og:description\" content=\"Formosa, logo ali pela sa\u00edda Norte de Bras\u00edlia, tem um novo comandante do Corpo de Bombeiros. \u00c9 o tenente-coronel Br\u00e1ulio Flores. Ele acaba de assumir o 9\u00ba Comando Regional Bombeiro Militar. A decis\u00e3o foi tomada pelo comandante-geral dos bombeiros de Goi\u00e1s, coronel Washington, com o aval do governador Ronaldo Caiado. Br\u00e1ulio j\u00e1 exerceu comando em [&hellip;]\" \/>\n<meta property=\"og:url\" content=\"https:\/\/www.notibras.com\/site\/nordeste-goiano-tem-novo-comando-nos-bombeiros\/\" \/>\n<meta property=\"og:site_name\" content=\"Notibras\" \/>\n<meta property=\"article:publisher\" content=\"https:\/\/www.facebook.com\/notibras\/\" \/>\n<meta property=\"article:published_time\" content=\"2023-05-21T03:52:24+00:00\" \/>\n<meta property=\"article:modified_time\" content=\"2023-05-21T11:01:57+00:00\" \/>\n<meta property=\"og:image\" content=\"https:\/\/www.notibras.com\/site\/wp-content\/uploads\/2023\/05\/9ae0e1b0-79c8-4dd0-9bad-fa46bb835ca6-1.jpg\" \/>\n\t<meta property=\"og:image:width\" content=\"1600\" \/>\n\t<meta property=\"og:image:height\" content=\"800\" \/>\n\t<meta property=\"og:image:type\" content=\"image\/jpeg\" \/>\n<meta name=\"author\" content=\"Reda\u00e7\u00e3o\" \/>\n<meta name=\"twitter:card\" content=\"summary_large_image\" \/>\n<meta name=\"twitter:creator\" content=\"@Notibras\" \/>\n<meta name=\"twitter:site\" content=\"@Notibras\" \/>\n<meta name=\"twitter:label1\" content=\"Escrito por\" \/>\n\t<meta name=\"twitter:data1\" content=\"Reda\u00e7\u00e3o\" \/>\n\t<meta name=\"twitter:label2\" content=\"Est. tempo de leitura\" \/>\n\t<meta name=\"twitter:data2\" content=\"1 minuto\" \/>\n<script type=\"application\/ld+json\" class=\"yoast-schema-graph\">{\"@context\":\"https:\/\/schema.org\",\"@graph\":[{\"@type\":\"Article\",\"@id\":\"https:\/\/www.notibras.com\/site\/nordeste-goiano-tem-novo-comando-nos-bombeiros\/#article\",\"isPartOf\":{\"@id\":\"https:\/\/www.notibras.com\/site\/nordeste-goiano-tem-novo-comando-nos-bombeiros\/\"},\"author\":{\"name\":\"Reda\u00e7\u00e3o\",\"@id\":\"https:\/\/www.notibras.com\/site\/#\/schema\/person\/36ab0979449956132d3e5b517ea76ac8\"},\"headline\":\"Nordeste goiano tem novo comando nos bombeiros\",\"datePublished\":\"2023-05-21T03:52:24+00:00\",\"dateModified\":\"2023-05-21T11:01:57+00:00\",\"mainEntityOfPage\":{\"@id\":\"https:\/\/www.notibras.com\/site\/nordeste-goiano-tem-novo-comando-nos-bombeiros\/\"},\"wordCount\":187,\"publisher\":{\"@id\":\"https:\/\/www.notibras.com\/site\/#organization\"},\"image\":{\"@id\":\"https:\/\/www.notibras.com\/site\/nordeste-goiano-tem-novo-comando-nos-bombeiros\/#primaryimage\"},\"thumbnailUrl\":\"https:\/\/www.notibras.com\/site\/wp-content\/uploads\/2023\/05\/9ae0e1b0-79c8-4dd0-9bad-fa46bb835ca6-1.jpg\",\"articleSection\":[\"Quadradinho em Foco\"],\"inLanguage\":\"pt-BR\"},{\"@type\":\"WebPage\",\"@id\":\"https:\/\/www.notibras.com\/site\/nordeste-goiano-tem-novo-comando-nos-bombeiros\/\",\"url\":\"https:\/\/www.notibras.com\/site\/nordeste-goiano-tem-novo-comando-nos-bombeiros\/\",\"name\":\"Nordeste goiano tem novo comando nos bombeiros - Notibras\",\"isPartOf\":{\"@id\":\"https:\/\/www.notibras.com\/site\/#website\"},\"primaryImageOfPage\":{\"@id\":\"https:\/\/www.notibras.com\/site\/nordeste-goiano-tem-novo-comando-nos-bombeiros\/#primaryimage\"},\"image\":{\"@id\":\"https:\/\/www.notibras.com\/site\/nordeste-goiano-tem-novo-comando-nos-bombeiros\/#primaryimage\"},\"thumbnailUrl\":\"https:\/\/www.notibras.com\/site\/wp-content\/uploads\/2023\/05\/9ae0e1b0-79c8-4dd0-9bad-fa46bb835ca6-1.jpg\",\"datePublished\":\"2023-05-21T03:52:24+00:00\",\"dateModified\":\"2023-05-21T11:01:57+00:00\",\"breadcrumb\":{\"@id\":\"https:\/\/www.notibras.com\/site\/nordeste-goiano-tem-novo-comando-nos-bombeiros\/#breadcrumb\"},\"inLanguage\":\"pt-BR\",\"potentialAction\":[{\"@type\":\"ReadAction\",\"target\":[\"https:\/\/www.notibras.com\/site\/nordeste-goiano-tem-novo-comando-nos-bombeiros\/\"]}]},{\"@type\":\"ImageObject\",\"inLanguage\":\"pt-BR\",\"@id\":\"https:\/\/www.notibras.com\/site\/nordeste-goiano-tem-novo-comando-nos-bombeiros\/#primaryimage\",\"url\":\"https:\/\/www.notibras.com\/site\/wp-content\/uploads\/2023\/05\/9ae0e1b0-79c8-4dd0-9bad-fa46bb835ca6-1.jpg\",\"contentUrl\":\"https:\/\/www.notibras.com\/site\/wp-content\/uploads\/2023\/05\/9ae0e1b0-79c8-4dd0-9bad-fa46bb835ca6-1.jpg\",\"width\":1600,\"height\":800},{\"@type\":\"BreadcrumbList\",\"@id\":\"https:\/\/www.notibras.com\/site\/nordeste-goiano-tem-novo-comando-nos-bombeiros\/#breadcrumb\",\"itemListElement\":[{\"@type\":\"ListItem\",\"position\":1,\"name\":\"In\u00edcio\",\"item\":\"https:\/\/www.notibras.com\/site\/\"},{\"@type\":\"ListItem\",\"position\":2,\"name\":\"Nordeste goiano tem novo comando nos bombeiros\"}]},{\"@type\":\"WebSite\",\"@id\":\"https:\/\/www.notibras.com\/site\/#website\",\"url\":\"https:\/\/www.notibras.com\/site\/\",\"name\":\"Notibras\",\"description\":\"Not\u00edcias de Bras\u00edlia, do Brasil e do Mundo\",\"publisher\":{\"@id\":\"https:\/\/www.notibras.com\/site\/#organization\"},\"potentialAction\":[{\"@type\":\"SearchAction\",\"target\":{\"@type\":\"EntryPoint\",\"urlTemplate\":\"https:\/\/www.notibras.com\/site\/?s={search_term_string}\"},\"query-input\":{\"@type\":\"PropertyValueSpecification\",\"valueRequired\":true,\"valueName\":\"search_term_string\"}}],\"inLanguage\":\"pt-BR\"},{\"@type\":\"Organization\",\"@id\":\"https:\/\/www.notibras.com\/site\/#organization\",\"name\":\"Grupo Notibras de Comunica\u00e7\u00e3o\",\"url\":\"https:\/\/www.notibras.com\/site\/\",\"logo\":{\"@type\":\"ImageObject\",\"inLanguage\":\"pt-BR\",\"@id\":\"https:\/\/www.notibras.com\/site\/#\/schema\/logo\/image\/\",\"url\":\"https:\/\/www.notibras.com\/site\/wp-content\/uploads\/2023\/01\/notibras23.png\",\"contentUrl\":\"https:\/\/www.notibras.com\/site\/wp-content\/uploads\/2023\/01\/notibras23.png\",\"width\":350,\"height\":87,\"caption\":\"Grupo Notibras de Comunica\u00e7\u00e3o\"},\"image\":{\"@id\":\"https:\/\/www.notibras.com\/site\/#\/schema\/logo\/image\/\"},\"sameAs\":[\"https:\/\/www.facebook.com\/notibras\/\",\"https:\/\/x.com\/Notibras\",\"https:\/\/www.instagram.com\/notibras\/\"]},{\"@type\":\"Person\",\"@id\":\"https:\/\/www.notibras.com\/site\/#\/schema\/person\/36ab0979449956132d3e5b517ea76ac8\",\"name\":\"Reda\u00e7\u00e3o\",\"image\":{\"@type\":\"ImageObject\",\"inLanguage\":\"pt-BR\",\"@id\":\"https:\/\/secure.gravatar.com\/avatar\/e0a867bdedb85fd243eadf09663511f96fc81e0720a4a42581f334ad4303aa6b?s=96&d=mm&r=g\",\"url\":\"https:\/\/secure.gravatar.com\/avatar\/e0a867bdedb85fd243eadf09663511f96fc81e0720a4a42581f334ad4303aa6b?s=96&d=mm&r=g\",\"contentUrl\":\"https:\/\/secure.gravatar.com\/avatar\/e0a867bdedb85fd243eadf09663511f96fc81e0720a4a42581f334ad4303aa6b?s=96&d=mm&r=g\",\"caption\":\"Reda\u00e7\u00e3o\"}}]}<\/script>\n<!-- \/ Yoast SEO plugin. -->","yoast_head_json":{"title":"Nordeste goiano tem novo comando nos bombeiros - Notibras","robots":{"index":"index","follow":"follow","max-snippet":"max-snippet:-1","max-image-preview":"max-image-preview:large","max-video-preview":"max-video-preview:-1"},"canonical":"https:\/\/www.notibras.com\/site\/nordeste-goiano-tem-novo-comando-nos-bombeiros\/","og_locale":"pt_BR","og_type":"article","og_title":"Nordeste goiano tem novo comando nos bombeiros - Notibras","og_description":"Formosa, logo ali pela sa\u00edda Norte de Bras\u00edlia, tem um novo comandante do Corpo de Bombeiros. \u00c9 o tenente-coronel Br\u00e1ulio Flores. Ele acaba de assumir o 9\u00ba Comando Regional Bombeiro Militar. A decis\u00e3o foi tomada pelo comandante-geral dos bombeiros de Goi\u00e1s, coronel Washington, com o aval do governador Ronaldo Caiado. Br\u00e1ulio j\u00e1 exerceu comando em [&hellip;]","og_url":"https:\/\/www.notibras.com\/site\/nordeste-goiano-tem-novo-comando-nos-bombeiros\/","og_site_name":"Notibras","article_publisher":"https:\/\/www.facebook.com\/notibras\/","article_published_time":"2023-05-21T03:52:24+00:00","article_modified_time":"2023-05-21T11:01:57+00:00","og_image":[{"width":1600,"height":800,"url":"https:\/\/www.notibras.com\/site\/wp-content\/uploads\/2023\/05\/9ae0e1b0-79c8-4dd0-9bad-fa46bb835ca6-1.jpg","type":"image\/jpeg"}],"author":"Reda\u00e7\u00e3o","twitter_card":"summary_large_image","twitter_creator":"@Notibras","twitter_site":"@Notibras","twitter_misc":{"Escrito por":"Reda\u00e7\u00e3o","Est. tempo de leitura":"1 minuto"},"schema":{"@context":"https:\/\/schema.org","@graph":[{"@type":"Article","@id":"https:\/\/www.notibras.com\/site\/nordeste-goiano-tem-novo-comando-nos-bombeiros\/#article","isPartOf":{"@id":"https:\/\/www.notibras.com\/site\/nordeste-goiano-tem-novo-comando-nos-bombeiros\/"},"author":{"name":"Reda\u00e7\u00e3o","@id":"https:\/\/www.notibras.com\/site\/#\/schema\/person\/36ab0979449956132d3e5b517ea76ac8"},"headline":"Nordeste goiano tem novo comando nos bombeiros","datePublished":"2023-05-21T03:52:24+00:00","dateModified":"2023-05-21T11:01:57+00:00","mainEntityOfPage":{"@id":"https:\/\/www.notibras.com\/site\/nordeste-goiano-tem-novo-comando-nos-bombeiros\/"},"wordCount":187,"publisher":{"@id":"https:\/\/www.notibras.com\/site\/#organization"},"image":{"@id":"https:\/\/www.notibras.com\/site\/nordeste-goiano-tem-novo-comando-nos-bombeiros\/#primaryimage"},"thumbnailUrl":"https:\/\/www.notibras.com\/site\/wp-content\/uploads\/2023\/05\/9ae0e1b0-79c8-4dd0-9bad-fa46bb835ca6-1.jpg","articleSection":["Quadradinho em Foco"],"inLanguage":"pt-BR"},{"@type":"WebPage","@id":"https:\/\/www.notibras.com\/site\/nordeste-goiano-tem-novo-comando-nos-bombeiros\/","url":"https:\/\/www.notibras.com\/site\/nordeste-goiano-tem-novo-comando-nos-bombeiros\/","name":"Nordeste goiano tem novo comando nos bombeiros - Notibras","isPartOf":{"@id":"https:\/\/www.notibras.com\/site\/#website"},"primaryImageOfPage":{"@id":"https:\/\/www.notibras.com\/site\/nordeste-goiano-tem-novo-comando-nos-bombeiros\/#primaryimage"},"image":{"@id":"https:\/\/www.notibras.com\/site\/nordeste-goiano-tem-novo-comando-nos-bombeiros\/#primaryimage"},"thumbnailUrl":"https:\/\/www.notibras.com\/site\/wp-content\/uploads\/2023\/05\/9ae0e1b0-79c8-4dd0-9bad-fa46bb835ca6-1.jpg","datePublished":"2023-05-21T03:52:24+00:00","dateModified":"2023-05-21T11:01:57+00:00","breadcrumb":{"@id":"https:\/\/www.notibras.com\/site\/nordeste-goiano-tem-novo-comando-nos-bombeiros\/#breadcrumb"},"inLanguage":"pt-BR","potentialAction":[{"@type":"ReadAction","target":["https:\/\/www.notibras.com\/site\/nordeste-goiano-tem-novo-comando-nos-bombeiros\/"]}]},{"@type":"ImageObject","inLanguage":"pt-BR","@id":"https:\/\/www.notibras.com\/site\/nordeste-goiano-tem-novo-comando-nos-bombeiros\/#primaryimage","url":"https:\/\/www.notibras.com\/site\/wp-content\/uploads\/2023\/05\/9ae0e1b0-79c8-4dd0-9bad-fa46bb835ca6-1.jpg","contentUrl":"https:\/\/www.notibras.com\/site\/wp-content\/uploads\/2023\/05\/9ae0e1b0-79c8-4dd0-9bad-fa46bb835ca6-1.jpg","width":1600,"height":800},{"@type":"BreadcrumbList","@id":"https:\/\/www.notibras.com\/site\/nordeste-goiano-tem-novo-comando-nos-bombeiros\/#breadcrumb","itemListElement":[{"@type":"ListItem","position":1,"name":"In\u00edcio","item":"https:\/\/www.notibras.com\/site\/"},{"@type":"ListItem","position":2,"name":"Nordeste goiano tem novo comando nos bombeiros"}]},{"@type":"WebSite","@id":"https:\/\/www.notibras.com\/site\/#website","url":"https:\/\/www.notibras.com\/site\/","name":"Notibras","description":"Not\u00edcias de Bras\u00edlia, do Brasil e do Mundo","publisher":{"@id":"https:\/\/www.notibras.com\/site\/#organization"},"potentialAction":[{"@type":"SearchAction","target":{"@type":"EntryPoint","urlTemplate":"https:\/\/www.notibras.com\/site\/?s={search_term_string}"},"query-input":{"@type":"PropertyValueSpecification","valueRequired":true,"valueName":"search_term_string"}}],"inLanguage":"pt-BR"},{"@type":"Organization","@id":"https:\/\/www.notibras.com\/site\/#organization","name":"Grupo Notibras de Comunica\u00e7\u00e3o","url":"https:\/\/www.notibras.com\/site\/","logo":{"@type":"ImageObject","inLanguage":"pt-BR","@id":"https:\/\/www.notibras.com\/site\/#\/schema\/logo\/image\/","url":"https:\/\/www.notibras.com\/site\/wp-content\/uploads\/2023\/01\/notibras23.png","contentUrl":"https:\/\/www.notibras.com\/site\/wp-content\/uploads\/2023\/01\/notibras23.png","width":350,"height":87,"caption":"Grupo Notibras de Comunica\u00e7\u00e3o"},"image":{"@id":"https:\/\/www.notibras.com\/site\/#\/schema\/logo\/image\/"},"sameAs":["https:\/\/www.facebook.com\/notibras\/","https:\/\/x.com\/Notibras","https:\/\/www.instagram.com\/notibras\/"]},{"@type":"Person","@id":"https:\/\/www.notibras.com\/site\/#\/schema\/person\/36ab0979449956132d3e5b517ea76ac8","name":"Reda\u00e7\u00e3o","image":{"@type":"ImageObject","inLanguage":"pt-BR","@id":"https:\/\/secure.gravatar.com\/avatar\/e0a867bdedb85fd243eadf09663511f96fc81e0720a4a42581f334ad4303aa6b?s=96&d=mm&r=g","url":"https:\/\/secure.gravatar.com\/avatar\/e0a867bdedb85fd243eadf09663511f96fc81e0720a4a42581f334ad4303aa6b?s=96&d=mm&r=g","contentUrl":"https:\/\/secure.gravatar.com\/avatar\/e0a867bdedb85fd243eadf09663511f96fc81e0720a4a42581f334ad4303aa6b?s=96&d=mm&r=g","caption":"Reda\u00e7\u00e3o"}}]}},"amp_enabled":true,"_links":{"self":[{"href":"https:\/\/www.notibras.com\/site\/wp-json\/wp\/v2\/posts\/305326","targetHints":{"allow":["GET"]}}],"collection":[{"href":"https:\/\/www.notibras.com\/site\/wp-json\/wp\/v2\/posts"}],"about":[{"href":"https:\/\/www.notibras.com\/site\/wp-json\/wp\/v2\/types\/post"}],"author":[{"embeddable":true,"href":"https:\/\/www.notibras.com\/site\/wp-json\/wp\/v2\/users\/2"}],"replies":[{"embeddable":true,"href":"https:\/\/www.notibras.com\/site\/wp-json\/wp\/v2\/comments?post=305326"}],"version-history":[{"count":1,"href":"https:\/\/www.notibras.com\/site\/wp-json\/wp\/v2\/posts\/305326\/revisions"}],"predecessor-version":[{"id":305329,"href":"https:\/\/www.notibras.com\/site\/wp-json\/wp\/v2\/posts\/305326\/revisions\/305329"}],"wp:featuredmedia":[{"embeddable":true,"href":"https:\/\/www.notibras.com\/site\/wp-json\/wp\/v2\/media\/305328"}],"wp:attachment":[{"href":"https:\/\/www.notibras.com\/site\/wp-json\/wp\/v2\/media?parent=305326"}],"wp:term":[{"taxonomy":"category","embeddable":true,"href":"https:\/\/www.notibras.com\/site\/wp-json\/wp\/v2\/categories?post=305326"},{"taxonomy":"post_tag","embeddable":true,"href":"https:\/\/www.notibras.com\/site\/wp-json\/wp\/v2\/tags?post=305326"}],"curies":[{"name":"wp","href":"https:\/\/api.w.org\/{rel}","templated":true}]}}