{"id":305361,"date":"2023-05-21T00:08:05","date_gmt":"2023-05-21T03:08:05","guid":{"rendered":"https:\/\/www.notibras.com\/site\/?p=305361"},"modified":"2023-05-21T10:10:47","modified_gmt":"2023-05-21T13:10:47","slug":"mulheres-ocupam-34-de-cargos-de-alta-lideranca","status":"publish","type":"post","link":"https:\/\/www.notibras.com\/site\/mulheres-ocupam-34-de-cargos-de-alta-lideranca\/","title":{"rendered":"Mulheres ocupam 34% de cargos de alta lideran\u00e7a"},"content":{"rendered":"<p>A participa\u00e7\u00e3o de mulheres em cargos de alta lideran\u00e7a na administra\u00e7\u00e3o p\u00fablica federal aumentou de 29%, em dezembro de 2022, para 34%, em abril de 2023, o que representa crescimento de 17%, em quatro meses.<\/p>\n<p>De acordo com o Observat\u00f3rio de Pessoal do Minist\u00e9rio da Gest\u00e3o e da Inova\u00e7\u00e3o em Servi\u00e7os P\u00fablicos, em abril de 2019, o percentual era ainda menor, 26%. Os dados foram anunciados em uma rede social pela ministra Esther Dweck.<\/p>\n<p>A ministra destacou que h\u00e1 aumento de participa\u00e7\u00e3o, tanto na compara\u00e7\u00e3o com o \u00faltimo m\u00eas do governo passado, quanto na compara\u00e7\u00e3o com o mesmo m\u00eas do primeiro ano da gest\u00e3o passada.<\/p>\n<p>Segundo a ministra, o aumento se deve ao est\u00edmulo \u00e0 amplia\u00e7\u00e3o do acesso e, sobretudo, \u00e0 perman\u00eancia de lideran\u00e7as femininas na alta gest\u00e3o p\u00fablica, para que representem com mais fidelidade a popula\u00e7\u00e3o brasileira.<\/p>\n<p>Os cargos de alta lideran\u00e7a no setor p\u00fablico federal dizem respeito a postos como coordena\u00e7\u00e3o, assessoria, diretoria, superintend\u00eancia, secretaria executiva e minist\u00e9rios. Nestes postos, a remunera\u00e7\u00e3o das fun\u00e7\u00f5es e cargos comissionados executivos varia de R$ 11.306,90 a R$ 18.469,94.<\/p>\n<p><strong>A\u00e7\u00f5es antiviol\u00eancia<\/strong><br \/>\nA assessora de Participa\u00e7\u00e3o Social e Diversidade do Minist\u00e9rio da Gest\u00e3o e Inova\u00e7\u00e3o em Servi\u00e7os P\u00fablicos, Daniela Gorayeb, ressaltou que o presidente Luiz In\u00e1cio Lula da Silva, desde o per\u00edodo de atua\u00e7\u00e3o do Gabinete de Transi\u00e7\u00e3o, sinalizou o empoderamento feminino, quando nomeou 11 ministras de Estado.<\/p>\n<p>Daniela aponta ainda a cria\u00e7\u00e3o dos minist\u00e9rios das Mulheres e da Igualdade Racial e das secretarias nacionais dos Direitos de LGBTQIA+ e Nacional dos Direitos da Pessoa com Defici\u00eancia, ambas do Minist\u00e9rio dos Direitos Humanos e Cidadania, como avan\u00e7os para diminuir desigualdades de g\u00eanero.<\/p>\n<p>Para Daniela, isso valoriza a representatividade feminina. \u201cA representatividade tem efeito simb\u00f3lico e concreto. A presen\u00e7a destas pessoas, que t\u00eam condi\u00e7\u00e3o de representar as diversas demandas, direcionam os espa\u00e7os futuros, inovam as pol\u00edticas p\u00fablicas e v\u00e3o estar mais alinhadas e mais pr\u00f3ximas das demandas reais da sociedade.\u201d<\/p>\n<p>O governo federal adotou tamb\u00e9m a\u00e7\u00f5es de combate \u00e0 viol\u00eancia de g\u00eanero como a cria\u00e7\u00e3o do grupo de trabalho para elabora\u00e7\u00e3o de uma pol\u00edtica de enfrentamento ao ass\u00e9dio moral e sexual e discrimina\u00e7\u00e3o na administra\u00e7\u00e3o p\u00fablica, sob coordena\u00e7\u00e3o do Minist\u00e9rio da Gest\u00e3o e Inova\u00e7\u00e3o em Servi\u00e7os P\u00fablicos.<\/p>\n<p>E, para tornar os ambientes seguros para as mulheres exercerem plenamente suas atividades, a Controladoria-Geral da Uni\u00e3o (GCU) publicou o Guia Lil\u00e1s, com orienta\u00e7\u00f5es para preven\u00e7\u00e3o e tratamento ao ass\u00e9dio moral e sexual e \u00e0 discrimina\u00e7\u00e3o no governo federal, al\u00e9m de protocolo para denunciar a ocorr\u00eancia de casos deste tipo.<\/p>\n<p>Outra medida foi o lan\u00e7amento, em abril, do Observat\u00f3rio de Pessoal do Governo Federal, ferramenta que pode ser acessada por qualquer cidad\u00e3o para monitorar e comparar as presen\u00e7as masculina e feminina em cargos de alta e m\u00e9dia lideran\u00e7as, perfis dos ocupantes (idade, estado civil e escolaridade), n\u00famero de pessoas com defici\u00eancia e de mulheres negras e ind\u00edgenas na lideran\u00e7a p\u00fablica, al\u00e9m de dados estat\u00edsticos e informa\u00e7\u00f5es sobre tabelas de remunera\u00e7\u00e3o dos servidores.<\/p>\n<p>Para capacitar lideran\u00e7as femininas e ampliar o n\u00famero de altas gestoras na administra\u00e7\u00e3o p\u00fablica federal, a Escola Nacional de Administra\u00e7\u00e3o P\u00fablica (Enap) tamb\u00e9m disponibiliza cursos de forma\u00e7\u00e3o.<\/p>\n<p><strong>Barreiras e desafios<\/strong><br \/>\nDaniela destaca que a discrimina\u00e7\u00e3o e a viol\u00eancia contra mulheres s\u00e3o estruturais na sociedade brasileira, e n\u00e3o restritas \u00e0 administra\u00e7\u00e3o p\u00fablica federal. \u201cSomos, lamentavelmente, inaceitavelmente, desqualificadas e inferiorizadas na nossa forma de atua\u00e7\u00e3o por sermos mulheres \u00c9 uma tentativa recorrente de descr\u00e9dito da nossa capacidade de trabalho\u201d. Entre as sequelas, ela aponta o ass\u00e9dio e qualquer outra forma de discrimina\u00e7\u00e3o, que \u201cminam a seguran\u00e7a, minam a autoestima e podem, inclusive, adoecer as mulheres\u201d.<\/p>\n<p>Como resposta para garantir mudan\u00e7as efetivas, ela defende os incentivos do governo federal que ampliam a entrada das mulheres na alta gest\u00e3o p\u00fablica e os canais de bloqueios ao ass\u00e9dio, discrimina\u00e7\u00f5es e outras viol\u00eancias ao feminino.<\/p>\n<p>Em paralelo \u00e0s a\u00e7\u00f5es do governo, Daniela cita a associa\u00e7\u00e3o entre os movimentos sociais e os tr\u00eas poderes para mudan\u00e7as concretas. \u201cPara que a gente avance, n\u00e3o mais s\u00f3 como uma sensibiliza\u00e7\u00e3o da sociedade, mas com a\u00e7\u00f5es concretas em dire\u00e7\u00e3o \u00e0 equidade.\u201d<\/p>\n<p><strong>Cuidados<\/strong><br \/>\nAl\u00e9m da espera da administra\u00e7\u00e3o p\u00fablica federal, Daniela destacou que o governo federal se preocupa com a desigualdade de g\u00eanero nos trabalhos dom\u00e9sticos e nos cuidados de idosos, crian\u00e7as e pessoas com defici\u00eancia. Em geral, essas tarefas n\u00e3o s\u00e3o remunerados, o que acentuaria as discrimina\u00e7\u00f5es e as desigualdades econ\u00f4mico-sociais.<\/p>\n<p>Para discutir sa\u00eddas, Daniela adiantou \u00e0 Ag\u00eancia Brasil que, na segunda-feira (22), ocorrer\u00e1 a primeira reuni\u00e3o do Grupo de Trabalho Interministerial de Elabora\u00e7\u00e3o da Pol\u00edtica Nacional de Cuidados, sob coordena\u00e7\u00e3o dos Minist\u00e9rios do Desenvolvimento e Assist\u00eancia Social, Fam\u00edlia e Combate \u00e0 Fome e das Mulheres.<\/p>\n<p>A constru\u00e7\u00e3o de uma Pol\u00edtica Nacional de Cuidados \u00e9 tratada como uma das prioridades da agenda social do governo Lula, destacou Daniela Gorayeb.<\/p>\n","protected":false},"excerpt":{"rendered":"<p>A participa\u00e7\u00e3o de mulheres em cargos de alta lideran\u00e7a na administra\u00e7\u00e3o p\u00fablica federal aumentou de 29%, em dezembro de 2022, para 34%, em abril de 2023, o que representa crescimento de 17%, em quatro meses. De acordo com o Observat\u00f3rio de Pessoal do Minist\u00e9rio da Gest\u00e3o e da Inova\u00e7\u00e3o em Servi\u00e7os P\u00fablicos, em abril de [&hellip;]<\/p>\n","protected":false},"author":2,"featured_media":305362,"comment_status":"closed","ping_status":"closed","sticky":false,"template":"","format":"standard","meta":{"_acf_changed":false,"footnotes":""},"categories":[161],"tags":[],"class_list":["post-305361","post","type-post","status-publish","format-standard","has-post-thumbnail","hentry","category-quadradinho-em-foco"],"acf":[],"yoast_head":"<!-- This site is optimized with the Yoast SEO plugin v27.2 - https:\/\/yoast.com\/product\/yoast-seo-wordpress\/ -->\n<title>Mulheres ocupam 34% de cargos de alta lideran\u00e7a - Notibras<\/title>\n<meta name=\"robots\" content=\"index, follow, max-snippet:-1, max-image-preview:large, max-video-preview:-1\" \/>\n<link rel=\"canonical\" href=\"https:\/\/www.notibras.com\/site\/mulheres-ocupam-34-de-cargos-de-alta-lideranca\/\" \/>\n<meta property=\"og:locale\" content=\"pt_BR\" \/>\n<meta property=\"og:type\" content=\"article\" \/>\n<meta property=\"og:title\" content=\"Mulheres ocupam 34% de cargos de alta lideran\u00e7a - Notibras\" \/>\n<meta property=\"og:description\" content=\"A participa\u00e7\u00e3o de mulheres em cargos de alta lideran\u00e7a na administra\u00e7\u00e3o p\u00fablica federal aumentou de 29%, em dezembro de 2022, para 34%, em abril de 2023, o que representa crescimento de 17%, em quatro meses. De acordo com o Observat\u00f3rio de Pessoal do Minist\u00e9rio da Gest\u00e3o e da Inova\u00e7\u00e3o em Servi\u00e7os P\u00fablicos, em abril de [&hellip;]\" \/>\n<meta property=\"og:url\" content=\"https:\/\/www.notibras.com\/site\/mulheres-ocupam-34-de-cargos-de-alta-lideranca\/\" \/>\n<meta property=\"og:site_name\" content=\"Notibras\" \/>\n<meta property=\"article:publisher\" content=\"https:\/\/www.facebook.com\/notibras\/\" \/>\n<meta property=\"article:published_time\" content=\"2023-05-21T03:08:05+00:00\" \/>\n<meta property=\"article:modified_time\" content=\"2023-05-21T13:10:47+00:00\" \/>\n<meta property=\"og:image\" content=\"https:\/\/www.notibras.com\/site\/wp-content\/uploads\/2023\/05\/a81t2983.jpg\" \/>\n\t<meta property=\"og:image:width\" content=\"1170\" \/>\n\t<meta property=\"og:image:height\" content=\"700\" \/>\n\t<meta property=\"og:image:type\" content=\"image\/jpeg\" \/>\n<meta name=\"author\" content=\"Reda\u00e7\u00e3o\" \/>\n<meta name=\"twitter:card\" content=\"summary_large_image\" \/>\n<meta name=\"twitter:creator\" content=\"@Notibras\" \/>\n<meta name=\"twitter:site\" content=\"@Notibras\" \/>\n<meta name=\"twitter:label1\" content=\"Escrito por\" \/>\n\t<meta name=\"twitter:data1\" content=\"Reda\u00e7\u00e3o\" \/>\n\t<meta name=\"twitter:label2\" content=\"Est. tempo de leitura\" \/>\n\t<meta name=\"twitter:data2\" content=\"5 minutos\" \/>\n<script type=\"application\/ld+json\" class=\"yoast-schema-graph\">{\"@context\":\"https:\/\/schema.org\",\"@graph\":[{\"@type\":\"Article\",\"@id\":\"https:\/\/www.notibras.com\/site\/mulheres-ocupam-34-de-cargos-de-alta-lideranca\/#article\",\"isPartOf\":{\"@id\":\"https:\/\/www.notibras.com\/site\/mulheres-ocupam-34-de-cargos-de-alta-lideranca\/\"},\"author\":{\"name\":\"Reda\u00e7\u00e3o\",\"@id\":\"https:\/\/www.notibras.com\/site\/#\/schema\/person\/36ab0979449956132d3e5b517ea76ac8\"},\"headline\":\"Mulheres ocupam 34% de cargos de alta lideran\u00e7a\",\"datePublished\":\"2023-05-21T03:08:05+00:00\",\"dateModified\":\"2023-05-21T13:10:47+00:00\",\"mainEntityOfPage\":{\"@id\":\"https:\/\/www.notibras.com\/site\/mulheres-ocupam-34-de-cargos-de-alta-lideranca\/\"},\"wordCount\":923,\"publisher\":{\"@id\":\"https:\/\/www.notibras.com\/site\/#organization\"},\"image\":{\"@id\":\"https:\/\/www.notibras.com\/site\/mulheres-ocupam-34-de-cargos-de-alta-lideranca\/#primaryimage\"},\"thumbnailUrl\":\"https:\/\/www.notibras.com\/site\/wp-content\/uploads\/2023\/05\/a81t2983.jpg\",\"articleSection\":[\"Quadradinho em Foco\"],\"inLanguage\":\"pt-BR\"},{\"@type\":\"WebPage\",\"@id\":\"https:\/\/www.notibras.com\/site\/mulheres-ocupam-34-de-cargos-de-alta-lideranca\/\",\"url\":\"https:\/\/www.notibras.com\/site\/mulheres-ocupam-34-de-cargos-de-alta-lideranca\/\",\"name\":\"Mulheres ocupam 34% de cargos de alta lideran\u00e7a - Notibras\",\"isPartOf\":{\"@id\":\"https:\/\/www.notibras.com\/site\/#website\"},\"primaryImageOfPage\":{\"@id\":\"https:\/\/www.notibras.com\/site\/mulheres-ocupam-34-de-cargos-de-alta-lideranca\/#primaryimage\"},\"image\":{\"@id\":\"https:\/\/www.notibras.com\/site\/mulheres-ocupam-34-de-cargos-de-alta-lideranca\/#primaryimage\"},\"thumbnailUrl\":\"https:\/\/www.notibras.com\/site\/wp-content\/uploads\/2023\/05\/a81t2983.jpg\",\"datePublished\":\"2023-05-21T03:08:05+00:00\",\"dateModified\":\"2023-05-21T13:10:47+00:00\",\"breadcrumb\":{\"@id\":\"https:\/\/www.notibras.com\/site\/mulheres-ocupam-34-de-cargos-de-alta-lideranca\/#breadcrumb\"},\"inLanguage\":\"pt-BR\",\"potentialAction\":[{\"@type\":\"ReadAction\",\"target\":[\"https:\/\/www.notibras.com\/site\/mulheres-ocupam-34-de-cargos-de-alta-lideranca\/\"]}]},{\"@type\":\"ImageObject\",\"inLanguage\":\"pt-BR\",\"@id\":\"https:\/\/www.notibras.com\/site\/mulheres-ocupam-34-de-cargos-de-alta-lideranca\/#primaryimage\",\"url\":\"https:\/\/www.notibras.com\/site\/wp-content\/uploads\/2023\/05\/a81t2983.jpg\",\"contentUrl\":\"https:\/\/www.notibras.com\/site\/wp-content\/uploads\/2023\/05\/a81t2983.jpg\",\"width\":1170,\"height\":700},{\"@type\":\"BreadcrumbList\",\"@id\":\"https:\/\/www.notibras.com\/site\/mulheres-ocupam-34-de-cargos-de-alta-lideranca\/#breadcrumb\",\"itemListElement\":[{\"@type\":\"ListItem\",\"position\":1,\"name\":\"In\u00edcio\",\"item\":\"https:\/\/www.notibras.com\/site\/\"},{\"@type\":\"ListItem\",\"position\":2,\"name\":\"Mulheres ocupam 34% de cargos de alta lideran\u00e7a\"}]},{\"@type\":\"WebSite\",\"@id\":\"https:\/\/www.notibras.com\/site\/#website\",\"url\":\"https:\/\/www.notibras.com\/site\/\",\"name\":\"Notibras\",\"description\":\"Not\u00edcias de Bras\u00edlia, do Brasil e do Mundo\",\"publisher\":{\"@id\":\"https:\/\/www.notibras.com\/site\/#organization\"},\"potentialAction\":[{\"@type\":\"SearchAction\",\"target\":{\"@type\":\"EntryPoint\",\"urlTemplate\":\"https:\/\/www.notibras.com\/site\/?s={search_term_string}\"},\"query-input\":{\"@type\":\"PropertyValueSpecification\",\"valueRequired\":true,\"valueName\":\"search_term_string\"}}],\"inLanguage\":\"pt-BR\"},{\"@type\":\"Organization\",\"@id\":\"https:\/\/www.notibras.com\/site\/#organization\",\"name\":\"Grupo Notibras de Comunica\u00e7\u00e3o\",\"url\":\"https:\/\/www.notibras.com\/site\/\",\"logo\":{\"@type\":\"ImageObject\",\"inLanguage\":\"pt-BR\",\"@id\":\"https:\/\/www.notibras.com\/site\/#\/schema\/logo\/image\/\",\"url\":\"https:\/\/www.notibras.com\/site\/wp-content\/uploads\/2023\/01\/notibras23.png\",\"contentUrl\":\"https:\/\/www.notibras.com\/site\/wp-content\/uploads\/2023\/01\/notibras23.png\",\"width\":350,\"height\":87,\"caption\":\"Grupo Notibras de Comunica\u00e7\u00e3o\"},\"image\":{\"@id\":\"https:\/\/www.notibras.com\/site\/#\/schema\/logo\/image\/\"},\"sameAs\":[\"https:\/\/www.facebook.com\/notibras\/\",\"https:\/\/x.com\/Notibras\",\"https:\/\/www.instagram.com\/notibras\/\"]},{\"@type\":\"Person\",\"@id\":\"https:\/\/www.notibras.com\/site\/#\/schema\/person\/36ab0979449956132d3e5b517ea76ac8\",\"name\":\"Reda\u00e7\u00e3o\",\"image\":{\"@type\":\"ImageObject\",\"inLanguage\":\"pt-BR\",\"@id\":\"https:\/\/secure.gravatar.com\/avatar\/e0a867bdedb85fd243eadf09663511f96fc81e0720a4a42581f334ad4303aa6b?s=96&d=mm&r=g\",\"url\":\"https:\/\/secure.gravatar.com\/avatar\/e0a867bdedb85fd243eadf09663511f96fc81e0720a4a42581f334ad4303aa6b?s=96&d=mm&r=g\",\"contentUrl\":\"https:\/\/secure.gravatar.com\/avatar\/e0a867bdedb85fd243eadf09663511f96fc81e0720a4a42581f334ad4303aa6b?s=96&d=mm&r=g\",\"caption\":\"Reda\u00e7\u00e3o\"}}]}<\/script>\n<!-- \/ Yoast SEO plugin. -->","yoast_head_json":{"title":"Mulheres ocupam 34% de cargos de alta lideran\u00e7a - Notibras","robots":{"index":"index","follow":"follow","max-snippet":"max-snippet:-1","max-image-preview":"max-image-preview:large","max-video-preview":"max-video-preview:-1"},"canonical":"https:\/\/www.notibras.com\/site\/mulheres-ocupam-34-de-cargos-de-alta-lideranca\/","og_locale":"pt_BR","og_type":"article","og_title":"Mulheres ocupam 34% de cargos de alta lideran\u00e7a - Notibras","og_description":"A participa\u00e7\u00e3o de mulheres em cargos de alta lideran\u00e7a na administra\u00e7\u00e3o p\u00fablica federal aumentou de 29%, em dezembro de 2022, para 34%, em abril de 2023, o que representa crescimento de 17%, em quatro meses. De acordo com o Observat\u00f3rio de Pessoal do Minist\u00e9rio da Gest\u00e3o e da Inova\u00e7\u00e3o em Servi\u00e7os P\u00fablicos, em abril de [&hellip;]","og_url":"https:\/\/www.notibras.com\/site\/mulheres-ocupam-34-de-cargos-de-alta-lideranca\/","og_site_name":"Notibras","article_publisher":"https:\/\/www.facebook.com\/notibras\/","article_published_time":"2023-05-21T03:08:05+00:00","article_modified_time":"2023-05-21T13:10:47+00:00","og_image":[{"width":1170,"height":700,"url":"https:\/\/www.notibras.com\/site\/wp-content\/uploads\/2023\/05\/a81t2983.jpg","type":"image\/jpeg"}],"author":"Reda\u00e7\u00e3o","twitter_card":"summary_large_image","twitter_creator":"@Notibras","twitter_site":"@Notibras","twitter_misc":{"Escrito por":"Reda\u00e7\u00e3o","Est. tempo de leitura":"5 minutos"},"schema":{"@context":"https:\/\/schema.org","@graph":[{"@type":"Article","@id":"https:\/\/www.notibras.com\/site\/mulheres-ocupam-34-de-cargos-de-alta-lideranca\/#article","isPartOf":{"@id":"https:\/\/www.notibras.com\/site\/mulheres-ocupam-34-de-cargos-de-alta-lideranca\/"},"author":{"name":"Reda\u00e7\u00e3o","@id":"https:\/\/www.notibras.com\/site\/#\/schema\/person\/36ab0979449956132d3e5b517ea76ac8"},"headline":"Mulheres ocupam 34% de cargos de alta lideran\u00e7a","datePublished":"2023-05-21T03:08:05+00:00","dateModified":"2023-05-21T13:10:47+00:00","mainEntityOfPage":{"@id":"https:\/\/www.notibras.com\/site\/mulheres-ocupam-34-de-cargos-de-alta-lideranca\/"},"wordCount":923,"publisher":{"@id":"https:\/\/www.notibras.com\/site\/#organization"},"image":{"@id":"https:\/\/www.notibras.com\/site\/mulheres-ocupam-34-de-cargos-de-alta-lideranca\/#primaryimage"},"thumbnailUrl":"https:\/\/www.notibras.com\/site\/wp-content\/uploads\/2023\/05\/a81t2983.jpg","articleSection":["Quadradinho em Foco"],"inLanguage":"pt-BR"},{"@type":"WebPage","@id":"https:\/\/www.notibras.com\/site\/mulheres-ocupam-34-de-cargos-de-alta-lideranca\/","url":"https:\/\/www.notibras.com\/site\/mulheres-ocupam-34-de-cargos-de-alta-lideranca\/","name":"Mulheres ocupam 34% de cargos de alta lideran\u00e7a - Notibras","isPartOf":{"@id":"https:\/\/www.notibras.com\/site\/#website"},"primaryImageOfPage":{"@id":"https:\/\/www.notibras.com\/site\/mulheres-ocupam-34-de-cargos-de-alta-lideranca\/#primaryimage"},"image":{"@id":"https:\/\/www.notibras.com\/site\/mulheres-ocupam-34-de-cargos-de-alta-lideranca\/#primaryimage"},"thumbnailUrl":"https:\/\/www.notibras.com\/site\/wp-content\/uploads\/2023\/05\/a81t2983.jpg","datePublished":"2023-05-21T03:08:05+00:00","dateModified":"2023-05-21T13:10:47+00:00","breadcrumb":{"@id":"https:\/\/www.notibras.com\/site\/mulheres-ocupam-34-de-cargos-de-alta-lideranca\/#breadcrumb"},"inLanguage":"pt-BR","potentialAction":[{"@type":"ReadAction","target":["https:\/\/www.notibras.com\/site\/mulheres-ocupam-34-de-cargos-de-alta-lideranca\/"]}]},{"@type":"ImageObject","inLanguage":"pt-BR","@id":"https:\/\/www.notibras.com\/site\/mulheres-ocupam-34-de-cargos-de-alta-lideranca\/#primaryimage","url":"https:\/\/www.notibras.com\/site\/wp-content\/uploads\/2023\/05\/a81t2983.jpg","contentUrl":"https:\/\/www.notibras.com\/site\/wp-content\/uploads\/2023\/05\/a81t2983.jpg","width":1170,"height":700},{"@type":"BreadcrumbList","@id":"https:\/\/www.notibras.com\/site\/mulheres-ocupam-34-de-cargos-de-alta-lideranca\/#breadcrumb","itemListElement":[{"@type":"ListItem","position":1,"name":"In\u00edcio","item":"https:\/\/www.notibras.com\/site\/"},{"@type":"ListItem","position":2,"name":"Mulheres ocupam 34% de cargos de alta lideran\u00e7a"}]},{"@type":"WebSite","@id":"https:\/\/www.notibras.com\/site\/#website","url":"https:\/\/www.notibras.com\/site\/","name":"Notibras","description":"Not\u00edcias de Bras\u00edlia, do Brasil e do Mundo","publisher":{"@id":"https:\/\/www.notibras.com\/site\/#organization"},"potentialAction":[{"@type":"SearchAction","target":{"@type":"EntryPoint","urlTemplate":"https:\/\/www.notibras.com\/site\/?s={search_term_string}"},"query-input":{"@type":"PropertyValueSpecification","valueRequired":true,"valueName":"search_term_string"}}],"inLanguage":"pt-BR"},{"@type":"Organization","@id":"https:\/\/www.notibras.com\/site\/#organization","name":"Grupo Notibras de Comunica\u00e7\u00e3o","url":"https:\/\/www.notibras.com\/site\/","logo":{"@type":"ImageObject","inLanguage":"pt-BR","@id":"https:\/\/www.notibras.com\/site\/#\/schema\/logo\/image\/","url":"https:\/\/www.notibras.com\/site\/wp-content\/uploads\/2023\/01\/notibras23.png","contentUrl":"https:\/\/www.notibras.com\/site\/wp-content\/uploads\/2023\/01\/notibras23.png","width":350,"height":87,"caption":"Grupo Notibras de Comunica\u00e7\u00e3o"},"image":{"@id":"https:\/\/www.notibras.com\/site\/#\/schema\/logo\/image\/"},"sameAs":["https:\/\/www.facebook.com\/notibras\/","https:\/\/x.com\/Notibras","https:\/\/www.instagram.com\/notibras\/"]},{"@type":"Person","@id":"https:\/\/www.notibras.com\/site\/#\/schema\/person\/36ab0979449956132d3e5b517ea76ac8","name":"Reda\u00e7\u00e3o","image":{"@type":"ImageObject","inLanguage":"pt-BR","@id":"https:\/\/secure.gravatar.com\/avatar\/e0a867bdedb85fd243eadf09663511f96fc81e0720a4a42581f334ad4303aa6b?s=96&d=mm&r=g","url":"https:\/\/secure.gravatar.com\/avatar\/e0a867bdedb85fd243eadf09663511f96fc81e0720a4a42581f334ad4303aa6b?s=96&d=mm&r=g","contentUrl":"https:\/\/secure.gravatar.com\/avatar\/e0a867bdedb85fd243eadf09663511f96fc81e0720a4a42581f334ad4303aa6b?s=96&d=mm&r=g","caption":"Reda\u00e7\u00e3o"}}]}},"amp_enabled":true,"_links":{"self":[{"href":"https:\/\/www.notibras.com\/site\/wp-json\/wp\/v2\/posts\/305361","targetHints":{"allow":["GET"]}}],"collection":[{"href":"https:\/\/www.notibras.com\/site\/wp-json\/wp\/v2\/posts"}],"about":[{"href":"https:\/\/www.notibras.com\/site\/wp-json\/wp\/v2\/types\/post"}],"author":[{"embeddable":true,"href":"https:\/\/www.notibras.com\/site\/wp-json\/wp\/v2\/users\/2"}],"replies":[{"embeddable":true,"href":"https:\/\/www.notibras.com\/site\/wp-json\/wp\/v2\/comments?post=305361"}],"version-history":[{"count":1,"href":"https:\/\/www.notibras.com\/site\/wp-json\/wp\/v2\/posts\/305361\/revisions"}],"predecessor-version":[{"id":305363,"href":"https:\/\/www.notibras.com\/site\/wp-json\/wp\/v2\/posts\/305361\/revisions\/305363"}],"wp:featuredmedia":[{"embeddable":true,"href":"https:\/\/www.notibras.com\/site\/wp-json\/wp\/v2\/media\/305362"}],"wp:attachment":[{"href":"https:\/\/www.notibras.com\/site\/wp-json\/wp\/v2\/media?parent=305361"}],"wp:term":[{"taxonomy":"category","embeddable":true,"href":"https:\/\/www.notibras.com\/site\/wp-json\/wp\/v2\/categories?post=305361"},{"taxonomy":"post_tag","embeddable":true,"href":"https:\/\/www.notibras.com\/site\/wp-json\/wp\/v2\/tags?post=305361"}],"curies":[{"name":"wp","href":"https:\/\/api.w.org\/{rel}","templated":true}]}}