{"id":305364,"date":"2023-05-21T10:35:42","date_gmt":"2023-05-21T13:35:42","guid":{"rendered":"https:\/\/www.notibras.com\/site\/?p=305364"},"modified":"2023-05-21T11:01:16","modified_gmt":"2023-05-21T14:01:16","slug":"marcia-traida-rompe-e-vira-um-corpo-sem-vida","status":"publish","type":"post","link":"https:\/\/www.notibras.com\/site\/marcia-traida-rompe-e-vira-um-corpo-sem-vida\/","title":{"rendered":"M\u00e1rcia, tra\u00edda, rompe e vira um corpo sem vida"},"content":{"rendered":"<p>Arnaldo chegou tarde ao seu apartamento. Exausto por mais uma noitada satisfazendo a insaci\u00e1vel Elaine. Ele at\u00e9 pensou em inventar uma desculpa para se desvencilhar daquela mulher, ainda mais porque ela requeria cada vez mais aten\u00e7\u00e3o. Todavia, ele n\u00e3o poderia tomar uma atitude dessas, pelo menos at\u00e9 encontrar outra cliente t\u00e3o generosa.<\/p>\n<p>Sentou-se na poltrona da sala, enquanto olhava sorridente para o medalh\u00e3o de ouro cravejado com diamantes formando as letras A e E, entrela\u00e7adas. Realmente era uma grande prova de que Elaine ainda poderia render bons frutos. Levantou-se, foi at\u00e9 o quarto, se postou diante do cofre escondido atr\u00e1s de um quadro comprado na feira da Torre de Televis\u00e3o. Digitou o c\u00f3digo e, como se acostumado a fazer aquilo diversas vezes, jogou a joia no fundo do cofre e o trancou.<\/p>\n<p>Na cozinha, abriu a geladeira, pegou a garrafa de vinho tinto quase vazia, resultado de um jantar h\u00e1 poucos dias com M\u00e1rcia. Pegou uma ta\u00e7a, despejou o l\u00edquido, deu um leve giro com a m\u00e3o. Sentiu o aroma do vinho e, apaixonado que estava, brindou \u00e0 amada. Pensou em ligar para ela, mas precisava descansar.<\/p>\n<p>Foi at\u00e9 a sala, onde se sentou na poltrona. O corpo cansado, a mente em polvorosa. Realmente estava apaixonado por M\u00e1rcia. Sorveu o l\u00edquido e, em seguida, depositou a ta\u00e7a sobre a mesinha de centro. Sem perceber, adormeceu por uma hora ou duas.<\/p>\n<p>O homem foi despertado pelo latido de um cachorro num pr\u00e9dio pr\u00f3ximo. Por um instante, pensou em continuar dormindo. Desorientado, acabou se levantando e se dirigiu ao quarto. Retirou os sapatos e se esparramou na imensa cama, mas n\u00e3o conseguiu voltar a dormir. Seu pensamento se mantinha na amada.<\/p>\n<p>Arnaldo olhou para o pulso e viu as horas no seu Rolex: quase seis da manh\u00e3. Ele sabia que a namorada se levantava cedo, pois gostava de ir \u00e0 academia nas primeiras horas. Tomou coragem, cal\u00e7ou os sapatos e foi ao banheiro.<\/p>\n<p>Olhou no espelho o rosto amassado por mais uma noite mal dormida. Lavou o rosto, escovou os dentes, penteou os cabelos. Tomado de desejo, foi at\u00e9 o apartamento de M\u00e1rcia.<\/p>\n<p>Diante da porta, tocou a campainha. N\u00e3o demorou, a gerente do Banco do Brasil abriu a porta. Seu olhar era de desprezo, algo que Arnaldo h\u00e1 muito n\u00e3o via no rosto de uma mulher.<\/p>\n<p>&#8211; O que foi? Aconteceu alguma coisa?<\/p>\n<p>&#8211;\u00a0Como voc\u00ea pode ser t\u00e3o cretino?<\/p>\n<p>Arnaldo, por mais culpa que carregasse sobre os ombros, n\u00e3o poderia imaginar o que teria acontecido. M\u00e1rcia lhe contou que havia visto uma fotografia dele com Elaine. O homem tentou explicar, mas nada parecia convenc\u00ea-la.<\/p>\n<p>&#8211; Some daqui! Nunca mais apare\u00e7a!<\/p>\n<p>Pego de surpresa, ele ainda tentou convencer a mulher com uma hist\u00f3ria, mas n\u00e3o teve tempo suficiente para criar uma desculpa convincente. M\u00e1rcia estava decidida. Desesperado, Arnaldo segurou firme o bra\u00e7o da amada.<\/p>\n<p>&#8211;\u00a0Me solta!<\/p>\n<p>Tomado de ang\u00fastia, Arnaldo insistiu. M\u00e1rcia, para se ver livre daquele homem, lhe desferiu um tapa no rosto. Enfurecido, ele segurou forte o pesco\u00e7o da mulher, que se viu sem ar. M\u00e1rcia, olhos arregalados, aos poucos foi perdendo os sentidos. Ap\u00f3s quase tr\u00eas minutos, seu corpo, j\u00e1 sem vida, caiu na entrada da sala.<\/p>\n<p>Arnaldo, desesperado com o que havia acabado de fazer, ainda tentou reanimar a amada. Todavia, j\u00e1 era tarde. M\u00e1rcia estava morta. Assassinada pelas mesmas m\u00e3os que a acariciaram por alguns meses.<\/p>\n<p>Ele fechou a porta. Levou o corpo da amada para o sof\u00e1. Arnaldo chorou por um instante, at\u00e9 que percebeu que precisava encontrar uma sa\u00edda para aquela situa\u00e7\u00e3o. Pensou, pensou, pensou, at\u00e9 que teve uma ideia, que, a princ\u00edpio, lhe pareceu a mais \u00f3bvia. Decidiu colocar fogo no apartamento.<\/p>\n<p>Foi at\u00e9 a despensa, onde encontrou uma garrafa de \u00e1lcool. Jogou sobre o sof\u00e1, depois pelas cortinas, na mesa da sala. Foi at\u00e9 o quarto, onde olhou a cama. Lembrou-se das vezes em que ele e M\u00e1rcia haviam se amado ali. N\u00e3o teve d\u00favida. Jogou o resto do l\u00edquido sobre a cama. Riscou um f\u00f3sforo e, n\u00e3o demorou, as labaredas lhe esquentaram a face.<\/p>\n<p>Voltou para a sala. Incendiou tudo ao redor. Olhou pela \u00faltima vez o rosto sem vida de M\u00e1rcia. Saiu do apartamento. pegou as escadas, logo estava no seu apartamento. Foi at\u00e9 o quarto, onde quase desmaiou na cama.<\/p>\n<p>Arnaldo nem percebeu o grito desesperado dos moradores: &#8220;Fogo! Fogo!&#8221; Tamb\u00e9m n\u00e3o ouviu a sirene do carro de bombeiros. Quando finalmente despertou, era como se tivesse tido um pesadelo. No entanto, n\u00e3o demorou, lembrou-se do ocorrido. Ele havia assassinado M\u00e1rcia.<\/p>\n<p><strong>*O cap\u00edtulo VII ser\u00e1 publicado na segunda-feira, 22<\/strong><\/p>\n","protected":false},"excerpt":{"rendered":"<p>Arnaldo chegou tarde ao seu apartamento. Exausto por mais uma noitada satisfazendo a insaci\u00e1vel Elaine. Ele at\u00e9 pensou em inventar uma desculpa para se desvencilhar daquela mulher, ainda mais porque ela requeria cada vez mais aten\u00e7\u00e3o. Todavia, ele n\u00e3o poderia tomar uma atitude dessas, pelo menos at\u00e9 encontrar outra cliente t\u00e3o generosa. Sentou-se na poltrona [&hellip;]<\/p>\n","protected":false},"author":2,"featured_media":305366,"comment_status":"closed","ping_status":"closed","sticky":false,"template":"","format":"standard","meta":{"_acf_changed":false,"footnotes":""},"categories":[161],"tags":[],"class_list":["post-305364","post","type-post","status-publish","format-standard","has-post-thumbnail","hentry","category-quadradinho-em-foco"],"acf":[],"yoast_head":"<!-- This site is optimized with the Yoast SEO plugin v27.2 - https:\/\/yoast.com\/product\/yoast-seo-wordpress\/ -->\n<title>M\u00e1rcia, tra\u00edda, rompe e vira um corpo sem vida - Notibras<\/title>\n<meta name=\"robots\" content=\"index, follow, max-snippet:-1, max-image-preview:large, max-video-preview:-1\" \/>\n<link rel=\"canonical\" href=\"https:\/\/www.notibras.com\/site\/marcia-traida-rompe-e-vira-um-corpo-sem-vida\/\" \/>\n<meta property=\"og:locale\" content=\"pt_BR\" \/>\n<meta property=\"og:type\" content=\"article\" \/>\n<meta property=\"og:title\" content=\"M\u00e1rcia, tra\u00edda, rompe e vira um corpo sem vida - Notibras\" \/>\n<meta property=\"og:description\" content=\"Arnaldo chegou tarde ao seu apartamento. Exausto por mais uma noitada satisfazendo a insaci\u00e1vel Elaine. Ele at\u00e9 pensou em inventar uma desculpa para se desvencilhar daquela mulher, ainda mais porque ela requeria cada vez mais aten\u00e7\u00e3o. Todavia, ele n\u00e3o poderia tomar uma atitude dessas, pelo menos at\u00e9 encontrar outra cliente t\u00e3o generosa. Sentou-se na poltrona [&hellip;]\" \/>\n<meta property=\"og:url\" content=\"https:\/\/www.notibras.com\/site\/marcia-traida-rompe-e-vira-um-corpo-sem-vida\/\" \/>\n<meta property=\"og:site_name\" content=\"Notibras\" \/>\n<meta property=\"article:publisher\" content=\"https:\/\/www.facebook.com\/notibras\/\" \/>\n<meta property=\"article:published_time\" content=\"2023-05-21T13:35:42+00:00\" \/>\n<meta property=\"article:modified_time\" content=\"2023-05-21T14:01:16+00:00\" \/>\n<meta property=\"og:image\" content=\"https:\/\/www.notibras.com\/site\/wp-content\/uploads\/2023\/05\/bugw5ug6xofdphelyyf1xhgta.jpg\" \/>\n\t<meta property=\"og:image:width\" content=\"652\" \/>\n\t<meta property=\"og:image:height\" content=\"408\" \/>\n\t<meta property=\"og:image:type\" content=\"image\/jpeg\" \/>\n<meta name=\"author\" content=\"Reda\u00e7\u00e3o\" \/>\n<meta name=\"twitter:card\" content=\"summary_large_image\" \/>\n<meta name=\"twitter:creator\" content=\"@Notibras\" \/>\n<meta name=\"twitter:site\" content=\"@Notibras\" \/>\n<meta name=\"twitter:label1\" content=\"Escrito por\" \/>\n\t<meta name=\"twitter:data1\" content=\"Reda\u00e7\u00e3o\" \/>\n\t<meta name=\"twitter:label2\" content=\"Est. tempo de leitura\" \/>\n\t<meta name=\"twitter:data2\" content=\"5 minutos\" \/>\n<script type=\"application\/ld+json\" class=\"yoast-schema-graph\">{\"@context\":\"https:\/\/schema.org\",\"@graph\":[{\"@type\":\"Article\",\"@id\":\"https:\/\/www.notibras.com\/site\/marcia-traida-rompe-e-vira-um-corpo-sem-vida\/#article\",\"isPartOf\":{\"@id\":\"https:\/\/www.notibras.com\/site\/marcia-traida-rompe-e-vira-um-corpo-sem-vida\/\"},\"author\":{\"name\":\"Reda\u00e7\u00e3o\",\"@id\":\"https:\/\/www.notibras.com\/site\/#\/schema\/person\/36ab0979449956132d3e5b517ea76ac8\"},\"headline\":\"M\u00e1rcia, tra\u00edda, rompe e vira um corpo sem vida\",\"datePublished\":\"2023-05-21T13:35:42+00:00\",\"dateModified\":\"2023-05-21T14:01:16+00:00\",\"mainEntityOfPage\":{\"@id\":\"https:\/\/www.notibras.com\/site\/marcia-traida-rompe-e-vira-um-corpo-sem-vida\/\"},\"wordCount\":823,\"publisher\":{\"@id\":\"https:\/\/www.notibras.com\/site\/#organization\"},\"image\":{\"@id\":\"https:\/\/www.notibras.com\/site\/marcia-traida-rompe-e-vira-um-corpo-sem-vida\/#primaryimage\"},\"thumbnailUrl\":\"https:\/\/www.notibras.com\/site\/wp-content\/uploads\/2023\/05\/bugw5ug6xofdphelyyf1xhgta.jpg\",\"articleSection\":[\"Quadradinho em Foco\"],\"inLanguage\":\"pt-BR\"},{\"@type\":\"WebPage\",\"@id\":\"https:\/\/www.notibras.com\/site\/marcia-traida-rompe-e-vira-um-corpo-sem-vida\/\",\"url\":\"https:\/\/www.notibras.com\/site\/marcia-traida-rompe-e-vira-um-corpo-sem-vida\/\",\"name\":\"M\u00e1rcia, tra\u00edda, rompe e vira um corpo sem vida - Notibras\",\"isPartOf\":{\"@id\":\"https:\/\/www.notibras.com\/site\/#website\"},\"primaryImageOfPage\":{\"@id\":\"https:\/\/www.notibras.com\/site\/marcia-traida-rompe-e-vira-um-corpo-sem-vida\/#primaryimage\"},\"image\":{\"@id\":\"https:\/\/www.notibras.com\/site\/marcia-traida-rompe-e-vira-um-corpo-sem-vida\/#primaryimage\"},\"thumbnailUrl\":\"https:\/\/www.notibras.com\/site\/wp-content\/uploads\/2023\/05\/bugw5ug6xofdphelyyf1xhgta.jpg\",\"datePublished\":\"2023-05-21T13:35:42+00:00\",\"dateModified\":\"2023-05-21T14:01:16+00:00\",\"breadcrumb\":{\"@id\":\"https:\/\/www.notibras.com\/site\/marcia-traida-rompe-e-vira-um-corpo-sem-vida\/#breadcrumb\"},\"inLanguage\":\"pt-BR\",\"potentialAction\":[{\"@type\":\"ReadAction\",\"target\":[\"https:\/\/www.notibras.com\/site\/marcia-traida-rompe-e-vira-um-corpo-sem-vida\/\"]}]},{\"@type\":\"ImageObject\",\"inLanguage\":\"pt-BR\",\"@id\":\"https:\/\/www.notibras.com\/site\/marcia-traida-rompe-e-vira-um-corpo-sem-vida\/#primaryimage\",\"url\":\"https:\/\/www.notibras.com\/site\/wp-content\/uploads\/2023\/05\/bugw5ug6xofdphelyyf1xhgta.jpg\",\"contentUrl\":\"https:\/\/www.notibras.com\/site\/wp-content\/uploads\/2023\/05\/bugw5ug6xofdphelyyf1xhgta.jpg\",\"width\":652,\"height\":408},{\"@type\":\"BreadcrumbList\",\"@id\":\"https:\/\/www.notibras.com\/site\/marcia-traida-rompe-e-vira-um-corpo-sem-vida\/#breadcrumb\",\"itemListElement\":[{\"@type\":\"ListItem\",\"position\":1,\"name\":\"In\u00edcio\",\"item\":\"https:\/\/www.notibras.com\/site\/\"},{\"@type\":\"ListItem\",\"position\":2,\"name\":\"M\u00e1rcia, tra\u00edda, rompe e vira um corpo sem vida\"}]},{\"@type\":\"WebSite\",\"@id\":\"https:\/\/www.notibras.com\/site\/#website\",\"url\":\"https:\/\/www.notibras.com\/site\/\",\"name\":\"Notibras\",\"description\":\"Not\u00edcias de Bras\u00edlia, do Brasil e do Mundo\",\"publisher\":{\"@id\":\"https:\/\/www.notibras.com\/site\/#organization\"},\"potentialAction\":[{\"@type\":\"SearchAction\",\"target\":{\"@type\":\"EntryPoint\",\"urlTemplate\":\"https:\/\/www.notibras.com\/site\/?s={search_term_string}\"},\"query-input\":{\"@type\":\"PropertyValueSpecification\",\"valueRequired\":true,\"valueName\":\"search_term_string\"}}],\"inLanguage\":\"pt-BR\"},{\"@type\":\"Organization\",\"@id\":\"https:\/\/www.notibras.com\/site\/#organization\",\"name\":\"Grupo Notibras de Comunica\u00e7\u00e3o\",\"url\":\"https:\/\/www.notibras.com\/site\/\",\"logo\":{\"@type\":\"ImageObject\",\"inLanguage\":\"pt-BR\",\"@id\":\"https:\/\/www.notibras.com\/site\/#\/schema\/logo\/image\/\",\"url\":\"https:\/\/www.notibras.com\/site\/wp-content\/uploads\/2023\/01\/notibras23.png\",\"contentUrl\":\"https:\/\/www.notibras.com\/site\/wp-content\/uploads\/2023\/01\/notibras23.png\",\"width\":350,\"height\":87,\"caption\":\"Grupo Notibras de Comunica\u00e7\u00e3o\"},\"image\":{\"@id\":\"https:\/\/www.notibras.com\/site\/#\/schema\/logo\/image\/\"},\"sameAs\":[\"https:\/\/www.facebook.com\/notibras\/\",\"https:\/\/x.com\/Notibras\",\"https:\/\/www.instagram.com\/notibras\/\"]},{\"@type\":\"Person\",\"@id\":\"https:\/\/www.notibras.com\/site\/#\/schema\/person\/36ab0979449956132d3e5b517ea76ac8\",\"name\":\"Reda\u00e7\u00e3o\",\"image\":{\"@type\":\"ImageObject\",\"inLanguage\":\"pt-BR\",\"@id\":\"https:\/\/secure.gravatar.com\/avatar\/e0a867bdedb85fd243eadf09663511f96fc81e0720a4a42581f334ad4303aa6b?s=96&d=mm&r=g\",\"url\":\"https:\/\/secure.gravatar.com\/avatar\/e0a867bdedb85fd243eadf09663511f96fc81e0720a4a42581f334ad4303aa6b?s=96&d=mm&r=g\",\"contentUrl\":\"https:\/\/secure.gravatar.com\/avatar\/e0a867bdedb85fd243eadf09663511f96fc81e0720a4a42581f334ad4303aa6b?s=96&d=mm&r=g\",\"caption\":\"Reda\u00e7\u00e3o\"}}]}<\/script>\n<!-- \/ Yoast SEO plugin. -->","yoast_head_json":{"title":"M\u00e1rcia, tra\u00edda, rompe e vira um corpo sem vida - Notibras","robots":{"index":"index","follow":"follow","max-snippet":"max-snippet:-1","max-image-preview":"max-image-preview:large","max-video-preview":"max-video-preview:-1"},"canonical":"https:\/\/www.notibras.com\/site\/marcia-traida-rompe-e-vira-um-corpo-sem-vida\/","og_locale":"pt_BR","og_type":"article","og_title":"M\u00e1rcia, tra\u00edda, rompe e vira um corpo sem vida - Notibras","og_description":"Arnaldo chegou tarde ao seu apartamento. Exausto por mais uma noitada satisfazendo a insaci\u00e1vel Elaine. Ele at\u00e9 pensou em inventar uma desculpa para se desvencilhar daquela mulher, ainda mais porque ela requeria cada vez mais aten\u00e7\u00e3o. Todavia, ele n\u00e3o poderia tomar uma atitude dessas, pelo menos at\u00e9 encontrar outra cliente t\u00e3o generosa. Sentou-se na poltrona [&hellip;]","og_url":"https:\/\/www.notibras.com\/site\/marcia-traida-rompe-e-vira-um-corpo-sem-vida\/","og_site_name":"Notibras","article_publisher":"https:\/\/www.facebook.com\/notibras\/","article_published_time":"2023-05-21T13:35:42+00:00","article_modified_time":"2023-05-21T14:01:16+00:00","og_image":[{"width":652,"height":408,"url":"https:\/\/www.notibras.com\/site\/wp-content\/uploads\/2023\/05\/bugw5ug6xofdphelyyf1xhgta.jpg","type":"image\/jpeg"}],"author":"Reda\u00e7\u00e3o","twitter_card":"summary_large_image","twitter_creator":"@Notibras","twitter_site":"@Notibras","twitter_misc":{"Escrito por":"Reda\u00e7\u00e3o","Est. tempo de leitura":"5 minutos"},"schema":{"@context":"https:\/\/schema.org","@graph":[{"@type":"Article","@id":"https:\/\/www.notibras.com\/site\/marcia-traida-rompe-e-vira-um-corpo-sem-vida\/#article","isPartOf":{"@id":"https:\/\/www.notibras.com\/site\/marcia-traida-rompe-e-vira-um-corpo-sem-vida\/"},"author":{"name":"Reda\u00e7\u00e3o","@id":"https:\/\/www.notibras.com\/site\/#\/schema\/person\/36ab0979449956132d3e5b517ea76ac8"},"headline":"M\u00e1rcia, tra\u00edda, rompe e vira um corpo sem vida","datePublished":"2023-05-21T13:35:42+00:00","dateModified":"2023-05-21T14:01:16+00:00","mainEntityOfPage":{"@id":"https:\/\/www.notibras.com\/site\/marcia-traida-rompe-e-vira-um-corpo-sem-vida\/"},"wordCount":823,"publisher":{"@id":"https:\/\/www.notibras.com\/site\/#organization"},"image":{"@id":"https:\/\/www.notibras.com\/site\/marcia-traida-rompe-e-vira-um-corpo-sem-vida\/#primaryimage"},"thumbnailUrl":"https:\/\/www.notibras.com\/site\/wp-content\/uploads\/2023\/05\/bugw5ug6xofdphelyyf1xhgta.jpg","articleSection":["Quadradinho em Foco"],"inLanguage":"pt-BR"},{"@type":"WebPage","@id":"https:\/\/www.notibras.com\/site\/marcia-traida-rompe-e-vira-um-corpo-sem-vida\/","url":"https:\/\/www.notibras.com\/site\/marcia-traida-rompe-e-vira-um-corpo-sem-vida\/","name":"M\u00e1rcia, tra\u00edda, rompe e vira um corpo sem vida - Notibras","isPartOf":{"@id":"https:\/\/www.notibras.com\/site\/#website"},"primaryImageOfPage":{"@id":"https:\/\/www.notibras.com\/site\/marcia-traida-rompe-e-vira-um-corpo-sem-vida\/#primaryimage"},"image":{"@id":"https:\/\/www.notibras.com\/site\/marcia-traida-rompe-e-vira-um-corpo-sem-vida\/#primaryimage"},"thumbnailUrl":"https:\/\/www.notibras.com\/site\/wp-content\/uploads\/2023\/05\/bugw5ug6xofdphelyyf1xhgta.jpg","datePublished":"2023-05-21T13:35:42+00:00","dateModified":"2023-05-21T14:01:16+00:00","breadcrumb":{"@id":"https:\/\/www.notibras.com\/site\/marcia-traida-rompe-e-vira-um-corpo-sem-vida\/#breadcrumb"},"inLanguage":"pt-BR","potentialAction":[{"@type":"ReadAction","target":["https:\/\/www.notibras.com\/site\/marcia-traida-rompe-e-vira-um-corpo-sem-vida\/"]}]},{"@type":"ImageObject","inLanguage":"pt-BR","@id":"https:\/\/www.notibras.com\/site\/marcia-traida-rompe-e-vira-um-corpo-sem-vida\/#primaryimage","url":"https:\/\/www.notibras.com\/site\/wp-content\/uploads\/2023\/05\/bugw5ug6xofdphelyyf1xhgta.jpg","contentUrl":"https:\/\/www.notibras.com\/site\/wp-content\/uploads\/2023\/05\/bugw5ug6xofdphelyyf1xhgta.jpg","width":652,"height":408},{"@type":"BreadcrumbList","@id":"https:\/\/www.notibras.com\/site\/marcia-traida-rompe-e-vira-um-corpo-sem-vida\/#breadcrumb","itemListElement":[{"@type":"ListItem","position":1,"name":"In\u00edcio","item":"https:\/\/www.notibras.com\/site\/"},{"@type":"ListItem","position":2,"name":"M\u00e1rcia, tra\u00edda, rompe e vira um corpo sem vida"}]},{"@type":"WebSite","@id":"https:\/\/www.notibras.com\/site\/#website","url":"https:\/\/www.notibras.com\/site\/","name":"Notibras","description":"Not\u00edcias de Bras\u00edlia, do Brasil e do Mundo","publisher":{"@id":"https:\/\/www.notibras.com\/site\/#organization"},"potentialAction":[{"@type":"SearchAction","target":{"@type":"EntryPoint","urlTemplate":"https:\/\/www.notibras.com\/site\/?s={search_term_string}"},"query-input":{"@type":"PropertyValueSpecification","valueRequired":true,"valueName":"search_term_string"}}],"inLanguage":"pt-BR"},{"@type":"Organization","@id":"https:\/\/www.notibras.com\/site\/#organization","name":"Grupo Notibras de Comunica\u00e7\u00e3o","url":"https:\/\/www.notibras.com\/site\/","logo":{"@type":"ImageObject","inLanguage":"pt-BR","@id":"https:\/\/www.notibras.com\/site\/#\/schema\/logo\/image\/","url":"https:\/\/www.notibras.com\/site\/wp-content\/uploads\/2023\/01\/notibras23.png","contentUrl":"https:\/\/www.notibras.com\/site\/wp-content\/uploads\/2023\/01\/notibras23.png","width":350,"height":87,"caption":"Grupo Notibras de Comunica\u00e7\u00e3o"},"image":{"@id":"https:\/\/www.notibras.com\/site\/#\/schema\/logo\/image\/"},"sameAs":["https:\/\/www.facebook.com\/notibras\/","https:\/\/x.com\/Notibras","https:\/\/www.instagram.com\/notibras\/"]},{"@type":"Person","@id":"https:\/\/www.notibras.com\/site\/#\/schema\/person\/36ab0979449956132d3e5b517ea76ac8","name":"Reda\u00e7\u00e3o","image":{"@type":"ImageObject","inLanguage":"pt-BR","@id":"https:\/\/secure.gravatar.com\/avatar\/e0a867bdedb85fd243eadf09663511f96fc81e0720a4a42581f334ad4303aa6b?s=96&d=mm&r=g","url":"https:\/\/secure.gravatar.com\/avatar\/e0a867bdedb85fd243eadf09663511f96fc81e0720a4a42581f334ad4303aa6b?s=96&d=mm&r=g","contentUrl":"https:\/\/secure.gravatar.com\/avatar\/e0a867bdedb85fd243eadf09663511f96fc81e0720a4a42581f334ad4303aa6b?s=96&d=mm&r=g","caption":"Reda\u00e7\u00e3o"}}]}},"amp_enabled":true,"_links":{"self":[{"href":"https:\/\/www.notibras.com\/site\/wp-json\/wp\/v2\/posts\/305364","targetHints":{"allow":["GET"]}}],"collection":[{"href":"https:\/\/www.notibras.com\/site\/wp-json\/wp\/v2\/posts"}],"about":[{"href":"https:\/\/www.notibras.com\/site\/wp-json\/wp\/v2\/types\/post"}],"author":[{"embeddable":true,"href":"https:\/\/www.notibras.com\/site\/wp-json\/wp\/v2\/users\/2"}],"replies":[{"embeddable":true,"href":"https:\/\/www.notibras.com\/site\/wp-json\/wp\/v2\/comments?post=305364"}],"version-history":[{"count":3,"href":"https:\/\/www.notibras.com\/site\/wp-json\/wp\/v2\/posts\/305364\/revisions"}],"predecessor-version":[{"id":305369,"href":"https:\/\/www.notibras.com\/site\/wp-json\/wp\/v2\/posts\/305364\/revisions\/305369"}],"wp:featuredmedia":[{"embeddable":true,"href":"https:\/\/www.notibras.com\/site\/wp-json\/wp\/v2\/media\/305366"}],"wp:attachment":[{"href":"https:\/\/www.notibras.com\/site\/wp-json\/wp\/v2\/media?parent=305364"}],"wp:term":[{"taxonomy":"category","embeddable":true,"href":"https:\/\/www.notibras.com\/site\/wp-json\/wp\/v2\/categories?post=305364"},{"taxonomy":"post_tag","embeddable":true,"href":"https:\/\/www.notibras.com\/site\/wp-json\/wp\/v2\/tags?post=305364"}],"curies":[{"name":"wp","href":"https:\/\/api.w.org\/{rel}","templated":true}]}}