{"id":305389,"date":"2023-05-22T06:00:24","date_gmt":"2023-05-22T09:00:24","guid":{"rendered":"https:\/\/www.notibras.com\/site\/?p=305389"},"modified":"2023-05-21T19:23:35","modified_gmt":"2023-05-21T22:23:35","slug":"orquestra-alada-trovao-da-mata-com-novo-espetaculo","status":"publish","type":"post","link":"https:\/\/www.notibras.com\/site\/orquestra-alada-trovao-da-mata-com-novo-espetaculo\/","title":{"rendered":"Orquestra Alada Trov\u00e3o da Mata com novo espet\u00e1culo"},"content":{"rendered":"<p>Como parte do projeto &#8220;Um Teatro chamado Rua&#8221;, a tradicional e genuinamente candanga Orquestra Alada Trov\u00e3o da Mata ocupa diferentes espa\u00e7os do DF, entre os meses de maio e junho, com o seu mais novo espet\u00e1culo: As Feiticeiras do Cerrado e a On\u00e7a Pintada de Sol. As apresenta\u00e7\u00f5es copme\u00e7aram em Sobradinho (no s\u00e1bado, 20), e seguir\u00e3o no Gama (27\/05), no Parano\u00e1 (11\/06) e, por fim, na Asa Norte (25\/06). Todas s\u00e3o livres, gratuitas e contam com int\u00e9rprete de Libras.<\/p>\n<p>&#8220;As Feiticeiras do Cerrado e a On\u00e7a Pintada de Sol&#8221; \u00e9 um cortejo, uma prociss\u00e3o misteriosa e aventurosa, que carrega e une v\u00e1rias linguagens espetaculares (dan\u00e7a, teatro, m\u00fasica, circo e sei-l\u00e1-mais-o-qu\u00ea). Um espet\u00e1culo andante, concebido pela Orquestra Alada Trov\u00e3o da Mata, que percorre as estradas do mundo e do DF, conduzindo os fant\u00e1sticos personagens do Mito do Calango Voador, criado por Tico Magalh\u00e3es e brincado tamb\u00e9m pelo grupo Seu Estrelo e o Fu\u00e1 do Terreiro.<\/p>\n<p>Trata-se de um espet\u00e1culo de nascimento e morte conduzido pelas Tr\u00eas Marias, as princesas, as feiticeiras do Cerrado. Tudo come\u00e7a com o canto das Marias e o nascimento do filho delas: o Avesso. Um cortejo invertido que remonta a velha tradi\u00e7\u00e3o dos espet\u00e1culos de beira-de-estrada. Uma viagem atrav\u00e9s do universo m\u00edtico brasileiro por meio do mais moderno mito popular do cerrado e do Brasil.<\/p>\n<p>O novo espet\u00e1culo foi desenvolvido dentro do projeto de manuten\u00e7\u00e3o da Orquestra Alada intitulado Um Teatro chamado Rua. &#8220;A proposta, al\u00e9m da cria\u00e7\u00e3o e circula\u00e7\u00e3o desta apresenta\u00e7\u00e3o in\u00e9dita, tem o objetivo de capacitar os nossos integrantes por meio de diversas oficinas das artes da rua como batuque, perna de pau, dan\u00e7a e bonecos gigantes. A manuten\u00e7\u00e3o tamb\u00e9m consiste no apoio de registros de m\u00fasicas do grupo, no restauro dos figurinos e bonecos, na cria\u00e7\u00e3o de um cat\u00e1logo visual das figuras cortejadas pelo grupo e em Oficinas de Gest\u00e3o Cultural&#8221;, explica Tico Magalh\u00e3es, capit\u00e3o do grupo.<\/p>\n<p>A Orquestra Alada Trov\u00e3o da Mata tem como miss\u00e3o cortejar as sagradas figuras do Mito do Calango Voador, hist\u00f3ria escrita por Tico Magalh\u00e3es que conta o surgimento do mundo, do cerrado e de Bras\u00edlia. Levando em seu batuque um ritmo pr\u00f3prio, o Samba Pisado, e brincando com as modernas figuras dessa inovadora Mitologia, a Orquestra Alada assume a cidade como seu principal cen\u00e1rio. Com 60 brincantes, entre batuqueiros e figureiros, cria em suas apresenta\u00e7\u00f5es uma experi\u00eancia l\u00fadica, musical e visual, abrindo caminhos para a alegria e para o encantamento, tocando tambores, almas e cora\u00e7\u00f5es.<\/p>\n<p><strong>Confira as pr\u00f3ximas apresenta\u00e7\u00f5es<\/strong><br \/>\n27\/05, \u00e0s 21h &#8211; Gama (Sesc) &#8211; DF Instrumental Fest;<br \/>\n11\/06, \u00e0s 18h &#8211; Parano\u00e1 &#8211; Parano\u00e1 (Pra\u00e7a P\u00e9 de Vento)<br \/>\n25\/06, \u00e0s 16h30 &#8211; Asa Norte &#8211; Choro no Eixo<\/p>\n","protected":false},"excerpt":{"rendered":"<p>Como parte do projeto &#8220;Um Teatro chamado Rua&#8221;, a tradicional e genuinamente candanga Orquestra Alada Trov\u00e3o da Mata ocupa diferentes espa\u00e7os do DF, entre os meses de maio e junho, com o seu mais novo espet\u00e1culo: As Feiticeiras do Cerrado e a On\u00e7a Pintada de Sol. As apresenta\u00e7\u00f5es copme\u00e7aram em Sobradinho (no s\u00e1bado, 20), e [&hellip;]<\/p>\n","protected":false},"author":2,"featured_media":305390,"comment_status":"closed","ping_status":"closed","sticky":false,"template":"","format":"standard","meta":{"_acf_changed":false,"footnotes":""},"categories":[161],"tags":[],"class_list":["post-305389","post","type-post","status-publish","format-standard","has-post-thumbnail","hentry","category-quadradinho-em-foco"],"acf":[],"yoast_head":"<!-- This site is optimized with the Yoast SEO plugin v27.2 - https:\/\/yoast.com\/product\/yoast-seo-wordpress\/ -->\n<title>Orquestra Alada Trov\u00e3o da Mata com novo espet\u00e1culo - Notibras<\/title>\n<meta name=\"robots\" content=\"index, follow, max-snippet:-1, max-image-preview:large, max-video-preview:-1\" \/>\n<link rel=\"canonical\" href=\"https:\/\/www.notibras.com\/site\/orquestra-alada-trovao-da-mata-com-novo-espetaculo\/\" \/>\n<meta property=\"og:locale\" content=\"pt_BR\" \/>\n<meta property=\"og:type\" content=\"article\" \/>\n<meta property=\"og:title\" content=\"Orquestra Alada Trov\u00e3o da Mata com novo espet\u00e1culo - Notibras\" \/>\n<meta property=\"og:description\" content=\"Como parte do projeto &#8220;Um Teatro chamado Rua&#8221;, a tradicional e genuinamente candanga Orquestra Alada Trov\u00e3o da Mata ocupa diferentes espa\u00e7os do DF, entre os meses de maio e junho, com o seu mais novo espet\u00e1culo: As Feiticeiras do Cerrado e a On\u00e7a Pintada de Sol. As apresenta\u00e7\u00f5es copme\u00e7aram em Sobradinho (no s\u00e1bado, 20), e [&hellip;]\" \/>\n<meta property=\"og:url\" content=\"https:\/\/www.notibras.com\/site\/orquestra-alada-trovao-da-mata-com-novo-espetaculo\/\" \/>\n<meta property=\"og:site_name\" content=\"Notibras\" \/>\n<meta property=\"article:publisher\" content=\"https:\/\/www.facebook.com\/notibras\/\" \/>\n<meta property=\"article:published_time\" content=\"2023-05-22T09:00:24+00:00\" \/>\n<meta property=\"og:image\" content=\"https:\/\/www.notibras.com\/site\/wp-content\/uploads\/2023\/05\/Orquestra-Alada-_Foto_-Claraboia-Filmes-5.jpg\" \/>\n\t<meta property=\"og:image:width\" content=\"900\" \/>\n\t<meta property=\"og:image:height\" content=\"600\" \/>\n\t<meta property=\"og:image:type\" content=\"image\/jpeg\" \/>\n<meta name=\"author\" content=\"Reda\u00e7\u00e3o\" \/>\n<meta name=\"twitter:card\" content=\"summary_large_image\" \/>\n<meta name=\"twitter:creator\" content=\"@Notibras\" \/>\n<meta name=\"twitter:site\" content=\"@Notibras\" \/>\n<meta name=\"twitter:label1\" content=\"Escrito por\" \/>\n\t<meta name=\"twitter:data1\" content=\"Reda\u00e7\u00e3o\" \/>\n\t<meta name=\"twitter:label2\" content=\"Est. tempo de leitura\" \/>\n\t<meta name=\"twitter:data2\" content=\"3 minutos\" \/>\n<script type=\"application\/ld+json\" class=\"yoast-schema-graph\">{\"@context\":\"https:\/\/schema.org\",\"@graph\":[{\"@type\":\"Article\",\"@id\":\"https:\/\/www.notibras.com\/site\/orquestra-alada-trovao-da-mata-com-novo-espetaculo\/#article\",\"isPartOf\":{\"@id\":\"https:\/\/www.notibras.com\/site\/orquestra-alada-trovao-da-mata-com-novo-espetaculo\/\"},\"author\":{\"name\":\"Reda\u00e7\u00e3o\",\"@id\":\"https:\/\/www.notibras.com\/site\/#\/schema\/person\/36ab0979449956132d3e5b517ea76ac8\"},\"headline\":\"Orquestra Alada Trov\u00e3o da Mata com novo espet\u00e1culo\",\"datePublished\":\"2023-05-22T09:00:24+00:00\",\"mainEntityOfPage\":{\"@id\":\"https:\/\/www.notibras.com\/site\/orquestra-alada-trovao-da-mata-com-novo-espetaculo\/\"},\"wordCount\":501,\"publisher\":{\"@id\":\"https:\/\/www.notibras.com\/site\/#organization\"},\"image\":{\"@id\":\"https:\/\/www.notibras.com\/site\/orquestra-alada-trovao-da-mata-com-novo-espetaculo\/#primaryimage\"},\"thumbnailUrl\":\"https:\/\/www.notibras.com\/site\/wp-content\/uploads\/2023\/05\/Orquestra-Alada-_Foto_-Claraboia-Filmes-5.jpg\",\"articleSection\":[\"Quadradinho em Foco\"],\"inLanguage\":\"pt-BR\"},{\"@type\":\"WebPage\",\"@id\":\"https:\/\/www.notibras.com\/site\/orquestra-alada-trovao-da-mata-com-novo-espetaculo\/\",\"url\":\"https:\/\/www.notibras.com\/site\/orquestra-alada-trovao-da-mata-com-novo-espetaculo\/\",\"name\":\"Orquestra Alada Trov\u00e3o da Mata com novo espet\u00e1culo - Notibras\",\"isPartOf\":{\"@id\":\"https:\/\/www.notibras.com\/site\/#website\"},\"primaryImageOfPage\":{\"@id\":\"https:\/\/www.notibras.com\/site\/orquestra-alada-trovao-da-mata-com-novo-espetaculo\/#primaryimage\"},\"image\":{\"@id\":\"https:\/\/www.notibras.com\/site\/orquestra-alada-trovao-da-mata-com-novo-espetaculo\/#primaryimage\"},\"thumbnailUrl\":\"https:\/\/www.notibras.com\/site\/wp-content\/uploads\/2023\/05\/Orquestra-Alada-_Foto_-Claraboia-Filmes-5.jpg\",\"datePublished\":\"2023-05-22T09:00:24+00:00\",\"breadcrumb\":{\"@id\":\"https:\/\/www.notibras.com\/site\/orquestra-alada-trovao-da-mata-com-novo-espetaculo\/#breadcrumb\"},\"inLanguage\":\"pt-BR\",\"potentialAction\":[{\"@type\":\"ReadAction\",\"target\":[\"https:\/\/www.notibras.com\/site\/orquestra-alada-trovao-da-mata-com-novo-espetaculo\/\"]}]},{\"@type\":\"ImageObject\",\"inLanguage\":\"pt-BR\",\"@id\":\"https:\/\/www.notibras.com\/site\/orquestra-alada-trovao-da-mata-com-novo-espetaculo\/#primaryimage\",\"url\":\"https:\/\/www.notibras.com\/site\/wp-content\/uploads\/2023\/05\/Orquestra-Alada-_Foto_-Claraboia-Filmes-5.jpg\",\"contentUrl\":\"https:\/\/www.notibras.com\/site\/wp-content\/uploads\/2023\/05\/Orquestra-Alada-_Foto_-Claraboia-Filmes-5.jpg\",\"width\":900,\"height\":600},{\"@type\":\"BreadcrumbList\",\"@id\":\"https:\/\/www.notibras.com\/site\/orquestra-alada-trovao-da-mata-com-novo-espetaculo\/#breadcrumb\",\"itemListElement\":[{\"@type\":\"ListItem\",\"position\":1,\"name\":\"In\u00edcio\",\"item\":\"https:\/\/www.notibras.com\/site\/\"},{\"@type\":\"ListItem\",\"position\":2,\"name\":\"Orquestra Alada Trov\u00e3o da Mata com novo espet\u00e1culo\"}]},{\"@type\":\"WebSite\",\"@id\":\"https:\/\/www.notibras.com\/site\/#website\",\"url\":\"https:\/\/www.notibras.com\/site\/\",\"name\":\"Notibras\",\"description\":\"Not\u00edcias de Bras\u00edlia, do Brasil e do Mundo\",\"publisher\":{\"@id\":\"https:\/\/www.notibras.com\/site\/#organization\"},\"potentialAction\":[{\"@type\":\"SearchAction\",\"target\":{\"@type\":\"EntryPoint\",\"urlTemplate\":\"https:\/\/www.notibras.com\/site\/?s={search_term_string}\"},\"query-input\":{\"@type\":\"PropertyValueSpecification\",\"valueRequired\":true,\"valueName\":\"search_term_string\"}}],\"inLanguage\":\"pt-BR\"},{\"@type\":\"Organization\",\"@id\":\"https:\/\/www.notibras.com\/site\/#organization\",\"name\":\"Grupo Notibras de Comunica\u00e7\u00e3o\",\"url\":\"https:\/\/www.notibras.com\/site\/\",\"logo\":{\"@type\":\"ImageObject\",\"inLanguage\":\"pt-BR\",\"@id\":\"https:\/\/www.notibras.com\/site\/#\/schema\/logo\/image\/\",\"url\":\"https:\/\/www.notibras.com\/site\/wp-content\/uploads\/2023\/01\/notibras23.png\",\"contentUrl\":\"https:\/\/www.notibras.com\/site\/wp-content\/uploads\/2023\/01\/notibras23.png\",\"width\":350,\"height\":87,\"caption\":\"Grupo Notibras de Comunica\u00e7\u00e3o\"},\"image\":{\"@id\":\"https:\/\/www.notibras.com\/site\/#\/schema\/logo\/image\/\"},\"sameAs\":[\"https:\/\/www.facebook.com\/notibras\/\",\"https:\/\/x.com\/Notibras\",\"https:\/\/www.instagram.com\/notibras\/\"]},{\"@type\":\"Person\",\"@id\":\"https:\/\/www.notibras.com\/site\/#\/schema\/person\/36ab0979449956132d3e5b517ea76ac8\",\"name\":\"Reda\u00e7\u00e3o\",\"image\":{\"@type\":\"ImageObject\",\"inLanguage\":\"pt-BR\",\"@id\":\"https:\/\/secure.gravatar.com\/avatar\/e0a867bdedb85fd243eadf09663511f96fc81e0720a4a42581f334ad4303aa6b?s=96&d=mm&r=g\",\"url\":\"https:\/\/secure.gravatar.com\/avatar\/e0a867bdedb85fd243eadf09663511f96fc81e0720a4a42581f334ad4303aa6b?s=96&d=mm&r=g\",\"contentUrl\":\"https:\/\/secure.gravatar.com\/avatar\/e0a867bdedb85fd243eadf09663511f96fc81e0720a4a42581f334ad4303aa6b?s=96&d=mm&r=g\",\"caption\":\"Reda\u00e7\u00e3o\"}}]}<\/script>\n<!-- \/ Yoast SEO plugin. -->","yoast_head_json":{"title":"Orquestra Alada Trov\u00e3o da Mata com novo espet\u00e1culo - Notibras","robots":{"index":"index","follow":"follow","max-snippet":"max-snippet:-1","max-image-preview":"max-image-preview:large","max-video-preview":"max-video-preview:-1"},"canonical":"https:\/\/www.notibras.com\/site\/orquestra-alada-trovao-da-mata-com-novo-espetaculo\/","og_locale":"pt_BR","og_type":"article","og_title":"Orquestra Alada Trov\u00e3o da Mata com novo espet\u00e1culo - Notibras","og_description":"Como parte do projeto &#8220;Um Teatro chamado Rua&#8221;, a tradicional e genuinamente candanga Orquestra Alada Trov\u00e3o da Mata ocupa diferentes espa\u00e7os do DF, entre os meses de maio e junho, com o seu mais novo espet\u00e1culo: As Feiticeiras do Cerrado e a On\u00e7a Pintada de Sol. As apresenta\u00e7\u00f5es copme\u00e7aram em Sobradinho (no s\u00e1bado, 20), e [&hellip;]","og_url":"https:\/\/www.notibras.com\/site\/orquestra-alada-trovao-da-mata-com-novo-espetaculo\/","og_site_name":"Notibras","article_publisher":"https:\/\/www.facebook.com\/notibras\/","article_published_time":"2023-05-22T09:00:24+00:00","og_image":[{"width":900,"height":600,"url":"https:\/\/www.notibras.com\/site\/wp-content\/uploads\/2023\/05\/Orquestra-Alada-_Foto_-Claraboia-Filmes-5.jpg","type":"image\/jpeg"}],"author":"Reda\u00e7\u00e3o","twitter_card":"summary_large_image","twitter_creator":"@Notibras","twitter_site":"@Notibras","twitter_misc":{"Escrito por":"Reda\u00e7\u00e3o","Est. tempo de leitura":"3 minutos"},"schema":{"@context":"https:\/\/schema.org","@graph":[{"@type":"Article","@id":"https:\/\/www.notibras.com\/site\/orquestra-alada-trovao-da-mata-com-novo-espetaculo\/#article","isPartOf":{"@id":"https:\/\/www.notibras.com\/site\/orquestra-alada-trovao-da-mata-com-novo-espetaculo\/"},"author":{"name":"Reda\u00e7\u00e3o","@id":"https:\/\/www.notibras.com\/site\/#\/schema\/person\/36ab0979449956132d3e5b517ea76ac8"},"headline":"Orquestra Alada Trov\u00e3o da Mata com novo espet\u00e1culo","datePublished":"2023-05-22T09:00:24+00:00","mainEntityOfPage":{"@id":"https:\/\/www.notibras.com\/site\/orquestra-alada-trovao-da-mata-com-novo-espetaculo\/"},"wordCount":501,"publisher":{"@id":"https:\/\/www.notibras.com\/site\/#organization"},"image":{"@id":"https:\/\/www.notibras.com\/site\/orquestra-alada-trovao-da-mata-com-novo-espetaculo\/#primaryimage"},"thumbnailUrl":"https:\/\/www.notibras.com\/site\/wp-content\/uploads\/2023\/05\/Orquestra-Alada-_Foto_-Claraboia-Filmes-5.jpg","articleSection":["Quadradinho em Foco"],"inLanguage":"pt-BR"},{"@type":"WebPage","@id":"https:\/\/www.notibras.com\/site\/orquestra-alada-trovao-da-mata-com-novo-espetaculo\/","url":"https:\/\/www.notibras.com\/site\/orquestra-alada-trovao-da-mata-com-novo-espetaculo\/","name":"Orquestra Alada Trov\u00e3o da Mata com novo espet\u00e1culo - Notibras","isPartOf":{"@id":"https:\/\/www.notibras.com\/site\/#website"},"primaryImageOfPage":{"@id":"https:\/\/www.notibras.com\/site\/orquestra-alada-trovao-da-mata-com-novo-espetaculo\/#primaryimage"},"image":{"@id":"https:\/\/www.notibras.com\/site\/orquestra-alada-trovao-da-mata-com-novo-espetaculo\/#primaryimage"},"thumbnailUrl":"https:\/\/www.notibras.com\/site\/wp-content\/uploads\/2023\/05\/Orquestra-Alada-_Foto_-Claraboia-Filmes-5.jpg","datePublished":"2023-05-22T09:00:24+00:00","breadcrumb":{"@id":"https:\/\/www.notibras.com\/site\/orquestra-alada-trovao-da-mata-com-novo-espetaculo\/#breadcrumb"},"inLanguage":"pt-BR","potentialAction":[{"@type":"ReadAction","target":["https:\/\/www.notibras.com\/site\/orquestra-alada-trovao-da-mata-com-novo-espetaculo\/"]}]},{"@type":"ImageObject","inLanguage":"pt-BR","@id":"https:\/\/www.notibras.com\/site\/orquestra-alada-trovao-da-mata-com-novo-espetaculo\/#primaryimage","url":"https:\/\/www.notibras.com\/site\/wp-content\/uploads\/2023\/05\/Orquestra-Alada-_Foto_-Claraboia-Filmes-5.jpg","contentUrl":"https:\/\/www.notibras.com\/site\/wp-content\/uploads\/2023\/05\/Orquestra-Alada-_Foto_-Claraboia-Filmes-5.jpg","width":900,"height":600},{"@type":"BreadcrumbList","@id":"https:\/\/www.notibras.com\/site\/orquestra-alada-trovao-da-mata-com-novo-espetaculo\/#breadcrumb","itemListElement":[{"@type":"ListItem","position":1,"name":"In\u00edcio","item":"https:\/\/www.notibras.com\/site\/"},{"@type":"ListItem","position":2,"name":"Orquestra Alada Trov\u00e3o da Mata com novo espet\u00e1culo"}]},{"@type":"WebSite","@id":"https:\/\/www.notibras.com\/site\/#website","url":"https:\/\/www.notibras.com\/site\/","name":"Notibras","description":"Not\u00edcias de Bras\u00edlia, do Brasil e do Mundo","publisher":{"@id":"https:\/\/www.notibras.com\/site\/#organization"},"potentialAction":[{"@type":"SearchAction","target":{"@type":"EntryPoint","urlTemplate":"https:\/\/www.notibras.com\/site\/?s={search_term_string}"},"query-input":{"@type":"PropertyValueSpecification","valueRequired":true,"valueName":"search_term_string"}}],"inLanguage":"pt-BR"},{"@type":"Organization","@id":"https:\/\/www.notibras.com\/site\/#organization","name":"Grupo Notibras de Comunica\u00e7\u00e3o","url":"https:\/\/www.notibras.com\/site\/","logo":{"@type":"ImageObject","inLanguage":"pt-BR","@id":"https:\/\/www.notibras.com\/site\/#\/schema\/logo\/image\/","url":"https:\/\/www.notibras.com\/site\/wp-content\/uploads\/2023\/01\/notibras23.png","contentUrl":"https:\/\/www.notibras.com\/site\/wp-content\/uploads\/2023\/01\/notibras23.png","width":350,"height":87,"caption":"Grupo Notibras de Comunica\u00e7\u00e3o"},"image":{"@id":"https:\/\/www.notibras.com\/site\/#\/schema\/logo\/image\/"},"sameAs":["https:\/\/www.facebook.com\/notibras\/","https:\/\/x.com\/Notibras","https:\/\/www.instagram.com\/notibras\/"]},{"@type":"Person","@id":"https:\/\/www.notibras.com\/site\/#\/schema\/person\/36ab0979449956132d3e5b517ea76ac8","name":"Reda\u00e7\u00e3o","image":{"@type":"ImageObject","inLanguage":"pt-BR","@id":"https:\/\/secure.gravatar.com\/avatar\/e0a867bdedb85fd243eadf09663511f96fc81e0720a4a42581f334ad4303aa6b?s=96&d=mm&r=g","url":"https:\/\/secure.gravatar.com\/avatar\/e0a867bdedb85fd243eadf09663511f96fc81e0720a4a42581f334ad4303aa6b?s=96&d=mm&r=g","contentUrl":"https:\/\/secure.gravatar.com\/avatar\/e0a867bdedb85fd243eadf09663511f96fc81e0720a4a42581f334ad4303aa6b?s=96&d=mm&r=g","caption":"Reda\u00e7\u00e3o"}}]}},"amp_enabled":true,"_links":{"self":[{"href":"https:\/\/www.notibras.com\/site\/wp-json\/wp\/v2\/posts\/305389","targetHints":{"allow":["GET"]}}],"collection":[{"href":"https:\/\/www.notibras.com\/site\/wp-json\/wp\/v2\/posts"}],"about":[{"href":"https:\/\/www.notibras.com\/site\/wp-json\/wp\/v2\/types\/post"}],"author":[{"embeddable":true,"href":"https:\/\/www.notibras.com\/site\/wp-json\/wp\/v2\/users\/2"}],"replies":[{"embeddable":true,"href":"https:\/\/www.notibras.com\/site\/wp-json\/wp\/v2\/comments?post=305389"}],"version-history":[{"count":1,"href":"https:\/\/www.notibras.com\/site\/wp-json\/wp\/v2\/posts\/305389\/revisions"}],"predecessor-version":[{"id":305391,"href":"https:\/\/www.notibras.com\/site\/wp-json\/wp\/v2\/posts\/305389\/revisions\/305391"}],"wp:featuredmedia":[{"embeddable":true,"href":"https:\/\/www.notibras.com\/site\/wp-json\/wp\/v2\/media\/305390"}],"wp:attachment":[{"href":"https:\/\/www.notibras.com\/site\/wp-json\/wp\/v2\/media?parent=305389"}],"wp:term":[{"taxonomy":"category","embeddable":true,"href":"https:\/\/www.notibras.com\/site\/wp-json\/wp\/v2\/categories?post=305389"},{"taxonomy":"post_tag","embeddable":true,"href":"https:\/\/www.notibras.com\/site\/wp-json\/wp\/v2\/tags?post=305389"}],"curies":[{"name":"wp","href":"https:\/\/api.w.org\/{rel}","templated":true}]}}