{"id":305416,"date":"2023-05-22T00:19:59","date_gmt":"2023-05-22T03:19:59","guid":{"rendered":"https:\/\/www.notibras.com\/site\/?p=305416"},"modified":"2023-05-22T07:24:56","modified_gmt":"2023-05-22T10:24:56","slug":"pesquisa-mostra-que-pandemia-reduziu-atividade-fisica","status":"publish","type":"post","link":"https:\/\/www.notibras.com\/site\/pesquisa-mostra-que-pandemia-reduziu-atividade-fisica\/","title":{"rendered":"Pesquisa mostra que pandemia reduziu atividade f\u00edsica"},"content":{"rendered":"<p>Pesquisa do Instituto Nacional de Sa\u00fade da Mulher, da Crian\u00e7a e do Adolescente Fernandes Figueira (IFF\/Fiocruz), intitulada Levantamento da Adequa\u00e7\u00e3o de Crian\u00e7as e Adolescentes Brasileiros \u00e0s Diretrizes do Movimento 24 Horas Antes e Durante a Pandemia da Covid-19, mostra impacto significativo das restri\u00e7\u00f5es da pandemia na redu\u00e7\u00e3o da atividade f\u00edsica e no aumento do tempo de tela de crian\u00e7as e adolescentes brasileiros.<\/p>\n<p>O estudo foi feito com 525 crian\u00e7as e adolescentes at\u00e9 18 anos de idade de diferentes regi\u00f5es do Brasil, sendo realizado por meio de um formul\u00e1rio de entrevista digital que inluiu caracter\u00edsticas sociodemogr\u00e1ficas das fam\u00edlias, atividade f\u00edsica moderada a vigorosa, tempo recreativo de tela e dura\u00e7\u00e3o do sono antes e durante a pandemia.<\/p>\n<p>Os pesquisadores do IFF\/Fiocruz, Nat\u00e1lia Molleri, Saint Clair Gomes Jr, Daniele Marano e Andrea Zin investigaram a adequa\u00e7\u00e3o a estes h\u00e1bitos durante a pandemia da covid-19. \u201cA quantidade de atividade f\u00edsica moderada a vigorosa, tempo de tela recreativo (televis\u00e3o, celular, computador, notebook ou tablet) e a dura\u00e7\u00e3o adequada do sono t\u00eam reconhecida import\u00e2ncia para a sa\u00fade de crian\u00e7as e adolescentes, mostrando associa\u00e7\u00f5es positivas com o desenvolvimento motor, condicionamento f\u00edsico, redu\u00e7\u00e3o da adiposidade (excesso de gordura no organismo) e melhora no condicionamento cardiometab\u00f3lico. Ainda assim, poucos estudos avaliaram a adequa\u00e7\u00e3o a estes h\u00e1bitos em pa\u00edses de baixa e m\u00e9dia renda\u201d, informou, em nota, a terapeuta ocupacional do Instituto, Nat\u00e1lia Molleri.<\/p>\n<p>Segunda a pesquisadora, as medidas de isolamento social contribu\u00edram para a redu\u00e7\u00e3o da atividade f\u00edsica. A propor\u00e7\u00e3o de fam\u00edlias que faziam essa adequa\u00e7\u00e3o baixou de 61,43% antes da pandemia para 38,57% durante a pandemia. Tamb\u00e9m foi menor a correta adequa\u00e7\u00e3o do tempo de tela recreativo entre crian\u00e7as e adolescentes brasileiros, que antes era feita por 67,22% das fam\u00edlias e reduziu para 27,27%, na pandemia.<\/p>\n<p>\u201cPortanto, enquanto Instituto Nacional, exercemos papel essencial na educa\u00e7\u00e3o quanto \u00e0 import\u00e2ncia da atividade f\u00edsica, redu\u00e7\u00e3o do uso de telas e tempo de sono adequado de acordo com a faixa et\u00e1ria\u201d, explicou Nat\u00e1lia.<\/p>\n<p>Uma das pesquisadoras respons\u00e1veis pelo levantamento, Andrea Zin, disse que as crian\u00e7as j\u00e1 estavam dormindo menos, se exercitando menos e estavam muito tempo em frente \u00e0 tela antes da pandemia. Segundo ela, com as aulas remotas, aumentou muito o tempo de tela \u00e0 frente do computador e do celular e cresceu o sedentarismo decorrente do confinamento. \u201cA pergunta \u00e9: at\u00e9 que ponto a gente conseguiu voltar \u00e0 normalidade dessas atividades?\u201d.<\/p>\n<p>A Vila Ol\u00edmpica da Gamboa, na regi\u00e3o central do Rio, vinculada \u00e0 Secretaria Municipal de Esportes, atende a cerca de 800 crian\u00e7as e adolescentes a partir de 2 anos com aulas de nata\u00e7\u00e3o, skate, jud\u00f4, futebol, futsal, basquete e bal\u00e9. Mas isso mudou. E o exemplo serve para outras cidades, como Bras\u00edlia.<\/p>\n<p>O coordenador t\u00e9cnico da vila ol\u00edmpica e professor de educa\u00e7\u00e3o f\u00edsica, Luciano Machado Barros, observou que, na volta \u00e0s atividades ap\u00f3s o per\u00edodo do isolamento social da pandemia, muitas crian\u00e7as estavam com sobrepeso e com dificuldades de intera\u00e7\u00e3o social.<\/p>\n<p>\u201cElas estavam com n\u00edvel de paci\u00eancia menor, com dificuldade de lidar com os coleguinhas e com o professor. O esporte, al\u00e9m de trazer benef\u00edcios motores e de preven\u00e7\u00e3o a doen\u00e7as, engloba as quest\u00f5es sociais, porque envolve conv\u00edvio social e melhora da autoestima\u201d, disse.<\/p>\n","protected":false},"excerpt":{"rendered":"<p>Pesquisa do Instituto Nacional de Sa\u00fade da Mulher, da Crian\u00e7a e do Adolescente Fernandes Figueira (IFF\/Fiocruz), intitulada Levantamento da Adequa\u00e7\u00e3o de Crian\u00e7as e Adolescentes Brasileiros \u00e0s Diretrizes do Movimento 24 Horas Antes e Durante a Pandemia da Covid-19, mostra impacto significativo das restri\u00e7\u00f5es da pandemia na redu\u00e7\u00e3o da atividade f\u00edsica e no aumento do tempo [&hellip;]<\/p>\n","protected":false},"author":2,"featured_media":305417,"comment_status":"closed","ping_status":"closed","sticky":false,"template":"","format":"standard","meta":{"_acf_changed":false,"footnotes":""},"categories":[161],"tags":[],"class_list":["post-305416","post","type-post","status-publish","format-standard","has-post-thumbnail","hentry","category-quadradinho-em-foco"],"acf":[],"yoast_head":"<!-- This site is optimized with the Yoast SEO plugin v27.2 - https:\/\/yoast.com\/product\/yoast-seo-wordpress\/ -->\n<title>Pesquisa mostra que pandemia reduziu atividade f\u00edsica - Notibras<\/title>\n<meta name=\"robots\" content=\"index, follow, max-snippet:-1, max-image-preview:large, max-video-preview:-1\" \/>\n<link rel=\"canonical\" href=\"https:\/\/www.notibras.com\/site\/pesquisa-mostra-que-pandemia-reduziu-atividade-fisica\/\" \/>\n<meta property=\"og:locale\" content=\"pt_BR\" \/>\n<meta property=\"og:type\" content=\"article\" \/>\n<meta property=\"og:title\" content=\"Pesquisa mostra que pandemia reduziu atividade f\u00edsica - Notibras\" \/>\n<meta property=\"og:description\" content=\"Pesquisa do Instituto Nacional de Sa\u00fade da Mulher, da Crian\u00e7a e do Adolescente Fernandes Figueira (IFF\/Fiocruz), intitulada Levantamento da Adequa\u00e7\u00e3o de Crian\u00e7as e Adolescentes Brasileiros \u00e0s Diretrizes do Movimento 24 Horas Antes e Durante a Pandemia da Covid-19, mostra impacto significativo das restri\u00e7\u00f5es da pandemia na redu\u00e7\u00e3o da atividade f\u00edsica e no aumento do tempo [&hellip;]\" \/>\n<meta property=\"og:url\" content=\"https:\/\/www.notibras.com\/site\/pesquisa-mostra-que-pandemia-reduziu-atividade-fisica\/\" \/>\n<meta property=\"og:site_name\" content=\"Notibras\" \/>\n<meta property=\"article:publisher\" content=\"https:\/\/www.facebook.com\/notibras\/\" \/>\n<meta property=\"article:published_time\" content=\"2023-05-22T03:19:59+00:00\" \/>\n<meta property=\"article:modified_time\" content=\"2023-05-22T10:24:56+00:00\" \/>\n<meta property=\"og:image\" content=\"https:\/\/www.notibras.com\/site\/wp-content\/uploads\/2023\/05\/mg_4402.jpg\" \/>\n\t<meta property=\"og:image:width\" content=\"1170\" \/>\n\t<meta property=\"og:image:height\" content=\"700\" \/>\n\t<meta property=\"og:image:type\" content=\"image\/jpeg\" \/>\n<meta name=\"author\" content=\"Reda\u00e7\u00e3o\" \/>\n<meta name=\"twitter:card\" content=\"summary_large_image\" \/>\n<meta name=\"twitter:creator\" content=\"@Notibras\" \/>\n<meta name=\"twitter:site\" content=\"@Notibras\" \/>\n<meta name=\"twitter:label1\" content=\"Escrito por\" \/>\n\t<meta name=\"twitter:data1\" content=\"Reda\u00e7\u00e3o\" \/>\n\t<meta name=\"twitter:label2\" content=\"Est. tempo de leitura\" \/>\n\t<meta name=\"twitter:data2\" content=\"3 minutos\" \/>\n<script type=\"application\/ld+json\" class=\"yoast-schema-graph\">{\"@context\":\"https:\/\/schema.org\",\"@graph\":[{\"@type\":\"Article\",\"@id\":\"https:\/\/www.notibras.com\/site\/pesquisa-mostra-que-pandemia-reduziu-atividade-fisica\/#article\",\"isPartOf\":{\"@id\":\"https:\/\/www.notibras.com\/site\/pesquisa-mostra-que-pandemia-reduziu-atividade-fisica\/\"},\"author\":{\"name\":\"Reda\u00e7\u00e3o\",\"@id\":\"https:\/\/www.notibras.com\/site\/#\/schema\/person\/36ab0979449956132d3e5b517ea76ac8\"},\"headline\":\"Pesquisa mostra que pandemia reduziu atividade f\u00edsica\",\"datePublished\":\"2023-05-22T03:19:59+00:00\",\"dateModified\":\"2023-05-22T10:24:56+00:00\",\"mainEntityOfPage\":{\"@id\":\"https:\/\/www.notibras.com\/site\/pesquisa-mostra-que-pandemia-reduziu-atividade-fisica\/\"},\"wordCount\":594,\"publisher\":{\"@id\":\"https:\/\/www.notibras.com\/site\/#organization\"},\"image\":{\"@id\":\"https:\/\/www.notibras.com\/site\/pesquisa-mostra-que-pandemia-reduziu-atividade-fisica\/#primaryimage\"},\"thumbnailUrl\":\"https:\/\/www.notibras.com\/site\/wp-content\/uploads\/2023\/05\/mg_4402.jpg\",\"articleSection\":[\"Quadradinho em Foco\"],\"inLanguage\":\"pt-BR\"},{\"@type\":\"WebPage\",\"@id\":\"https:\/\/www.notibras.com\/site\/pesquisa-mostra-que-pandemia-reduziu-atividade-fisica\/\",\"url\":\"https:\/\/www.notibras.com\/site\/pesquisa-mostra-que-pandemia-reduziu-atividade-fisica\/\",\"name\":\"Pesquisa mostra que pandemia reduziu atividade f\u00edsica - Notibras\",\"isPartOf\":{\"@id\":\"https:\/\/www.notibras.com\/site\/#website\"},\"primaryImageOfPage\":{\"@id\":\"https:\/\/www.notibras.com\/site\/pesquisa-mostra-que-pandemia-reduziu-atividade-fisica\/#primaryimage\"},\"image\":{\"@id\":\"https:\/\/www.notibras.com\/site\/pesquisa-mostra-que-pandemia-reduziu-atividade-fisica\/#primaryimage\"},\"thumbnailUrl\":\"https:\/\/www.notibras.com\/site\/wp-content\/uploads\/2023\/05\/mg_4402.jpg\",\"datePublished\":\"2023-05-22T03:19:59+00:00\",\"dateModified\":\"2023-05-22T10:24:56+00:00\",\"breadcrumb\":{\"@id\":\"https:\/\/www.notibras.com\/site\/pesquisa-mostra-que-pandemia-reduziu-atividade-fisica\/#breadcrumb\"},\"inLanguage\":\"pt-BR\",\"potentialAction\":[{\"@type\":\"ReadAction\",\"target\":[\"https:\/\/www.notibras.com\/site\/pesquisa-mostra-que-pandemia-reduziu-atividade-fisica\/\"]}]},{\"@type\":\"ImageObject\",\"inLanguage\":\"pt-BR\",\"@id\":\"https:\/\/www.notibras.com\/site\/pesquisa-mostra-que-pandemia-reduziu-atividade-fisica\/#primaryimage\",\"url\":\"https:\/\/www.notibras.com\/site\/wp-content\/uploads\/2023\/05\/mg_4402.jpg\",\"contentUrl\":\"https:\/\/www.notibras.com\/site\/wp-content\/uploads\/2023\/05\/mg_4402.jpg\",\"width\":1170,\"height\":700,\"caption\":\"Rio de Janeiro (RJ), 19\/05\/2023 - Aula de skate para crian\u00e7as na Vila Ol\u00edmpica da Gamboa. Foto: Fernando Fraz\u00e3o\/Ag\u00eancia Brasil\"},{\"@type\":\"BreadcrumbList\",\"@id\":\"https:\/\/www.notibras.com\/site\/pesquisa-mostra-que-pandemia-reduziu-atividade-fisica\/#breadcrumb\",\"itemListElement\":[{\"@type\":\"ListItem\",\"position\":1,\"name\":\"In\u00edcio\",\"item\":\"https:\/\/www.notibras.com\/site\/\"},{\"@type\":\"ListItem\",\"position\":2,\"name\":\"Pesquisa mostra que pandemia reduziu atividade f\u00edsica\"}]},{\"@type\":\"WebSite\",\"@id\":\"https:\/\/www.notibras.com\/site\/#website\",\"url\":\"https:\/\/www.notibras.com\/site\/\",\"name\":\"Notibras\",\"description\":\"Not\u00edcias de Bras\u00edlia, do Brasil e do Mundo\",\"publisher\":{\"@id\":\"https:\/\/www.notibras.com\/site\/#organization\"},\"potentialAction\":[{\"@type\":\"SearchAction\",\"target\":{\"@type\":\"EntryPoint\",\"urlTemplate\":\"https:\/\/www.notibras.com\/site\/?s={search_term_string}\"},\"query-input\":{\"@type\":\"PropertyValueSpecification\",\"valueRequired\":true,\"valueName\":\"search_term_string\"}}],\"inLanguage\":\"pt-BR\"},{\"@type\":\"Organization\",\"@id\":\"https:\/\/www.notibras.com\/site\/#organization\",\"name\":\"Grupo Notibras de Comunica\u00e7\u00e3o\",\"url\":\"https:\/\/www.notibras.com\/site\/\",\"logo\":{\"@type\":\"ImageObject\",\"inLanguage\":\"pt-BR\",\"@id\":\"https:\/\/www.notibras.com\/site\/#\/schema\/logo\/image\/\",\"url\":\"https:\/\/www.notibras.com\/site\/wp-content\/uploads\/2023\/01\/notibras23.png\",\"contentUrl\":\"https:\/\/www.notibras.com\/site\/wp-content\/uploads\/2023\/01\/notibras23.png\",\"width\":350,\"height\":87,\"caption\":\"Grupo Notibras de Comunica\u00e7\u00e3o\"},\"image\":{\"@id\":\"https:\/\/www.notibras.com\/site\/#\/schema\/logo\/image\/\"},\"sameAs\":[\"https:\/\/www.facebook.com\/notibras\/\",\"https:\/\/x.com\/Notibras\",\"https:\/\/www.instagram.com\/notibras\/\"]},{\"@type\":\"Person\",\"@id\":\"https:\/\/www.notibras.com\/site\/#\/schema\/person\/36ab0979449956132d3e5b517ea76ac8\",\"name\":\"Reda\u00e7\u00e3o\",\"image\":{\"@type\":\"ImageObject\",\"inLanguage\":\"pt-BR\",\"@id\":\"https:\/\/secure.gravatar.com\/avatar\/e0a867bdedb85fd243eadf09663511f96fc81e0720a4a42581f334ad4303aa6b?s=96&d=mm&r=g\",\"url\":\"https:\/\/secure.gravatar.com\/avatar\/e0a867bdedb85fd243eadf09663511f96fc81e0720a4a42581f334ad4303aa6b?s=96&d=mm&r=g\",\"contentUrl\":\"https:\/\/secure.gravatar.com\/avatar\/e0a867bdedb85fd243eadf09663511f96fc81e0720a4a42581f334ad4303aa6b?s=96&d=mm&r=g\",\"caption\":\"Reda\u00e7\u00e3o\"}}]}<\/script>\n<!-- \/ Yoast SEO plugin. -->","yoast_head_json":{"title":"Pesquisa mostra que pandemia reduziu atividade f\u00edsica - Notibras","robots":{"index":"index","follow":"follow","max-snippet":"max-snippet:-1","max-image-preview":"max-image-preview:large","max-video-preview":"max-video-preview:-1"},"canonical":"https:\/\/www.notibras.com\/site\/pesquisa-mostra-que-pandemia-reduziu-atividade-fisica\/","og_locale":"pt_BR","og_type":"article","og_title":"Pesquisa mostra que pandemia reduziu atividade f\u00edsica - Notibras","og_description":"Pesquisa do Instituto Nacional de Sa\u00fade da Mulher, da Crian\u00e7a e do Adolescente Fernandes Figueira (IFF\/Fiocruz), intitulada Levantamento da Adequa\u00e7\u00e3o de Crian\u00e7as e Adolescentes Brasileiros \u00e0s Diretrizes do Movimento 24 Horas Antes e Durante a Pandemia da Covid-19, mostra impacto significativo das restri\u00e7\u00f5es da pandemia na redu\u00e7\u00e3o da atividade f\u00edsica e no aumento do tempo [&hellip;]","og_url":"https:\/\/www.notibras.com\/site\/pesquisa-mostra-que-pandemia-reduziu-atividade-fisica\/","og_site_name":"Notibras","article_publisher":"https:\/\/www.facebook.com\/notibras\/","article_published_time":"2023-05-22T03:19:59+00:00","article_modified_time":"2023-05-22T10:24:56+00:00","og_image":[{"width":1170,"height":700,"url":"https:\/\/www.notibras.com\/site\/wp-content\/uploads\/2023\/05\/mg_4402.jpg","type":"image\/jpeg"}],"author":"Reda\u00e7\u00e3o","twitter_card":"summary_large_image","twitter_creator":"@Notibras","twitter_site":"@Notibras","twitter_misc":{"Escrito por":"Reda\u00e7\u00e3o","Est. tempo de leitura":"3 minutos"},"schema":{"@context":"https:\/\/schema.org","@graph":[{"@type":"Article","@id":"https:\/\/www.notibras.com\/site\/pesquisa-mostra-que-pandemia-reduziu-atividade-fisica\/#article","isPartOf":{"@id":"https:\/\/www.notibras.com\/site\/pesquisa-mostra-que-pandemia-reduziu-atividade-fisica\/"},"author":{"name":"Reda\u00e7\u00e3o","@id":"https:\/\/www.notibras.com\/site\/#\/schema\/person\/36ab0979449956132d3e5b517ea76ac8"},"headline":"Pesquisa mostra que pandemia reduziu atividade f\u00edsica","datePublished":"2023-05-22T03:19:59+00:00","dateModified":"2023-05-22T10:24:56+00:00","mainEntityOfPage":{"@id":"https:\/\/www.notibras.com\/site\/pesquisa-mostra-que-pandemia-reduziu-atividade-fisica\/"},"wordCount":594,"publisher":{"@id":"https:\/\/www.notibras.com\/site\/#organization"},"image":{"@id":"https:\/\/www.notibras.com\/site\/pesquisa-mostra-que-pandemia-reduziu-atividade-fisica\/#primaryimage"},"thumbnailUrl":"https:\/\/www.notibras.com\/site\/wp-content\/uploads\/2023\/05\/mg_4402.jpg","articleSection":["Quadradinho em Foco"],"inLanguage":"pt-BR"},{"@type":"WebPage","@id":"https:\/\/www.notibras.com\/site\/pesquisa-mostra-que-pandemia-reduziu-atividade-fisica\/","url":"https:\/\/www.notibras.com\/site\/pesquisa-mostra-que-pandemia-reduziu-atividade-fisica\/","name":"Pesquisa mostra que pandemia reduziu atividade f\u00edsica - Notibras","isPartOf":{"@id":"https:\/\/www.notibras.com\/site\/#website"},"primaryImageOfPage":{"@id":"https:\/\/www.notibras.com\/site\/pesquisa-mostra-que-pandemia-reduziu-atividade-fisica\/#primaryimage"},"image":{"@id":"https:\/\/www.notibras.com\/site\/pesquisa-mostra-que-pandemia-reduziu-atividade-fisica\/#primaryimage"},"thumbnailUrl":"https:\/\/www.notibras.com\/site\/wp-content\/uploads\/2023\/05\/mg_4402.jpg","datePublished":"2023-05-22T03:19:59+00:00","dateModified":"2023-05-22T10:24:56+00:00","breadcrumb":{"@id":"https:\/\/www.notibras.com\/site\/pesquisa-mostra-que-pandemia-reduziu-atividade-fisica\/#breadcrumb"},"inLanguage":"pt-BR","potentialAction":[{"@type":"ReadAction","target":["https:\/\/www.notibras.com\/site\/pesquisa-mostra-que-pandemia-reduziu-atividade-fisica\/"]}]},{"@type":"ImageObject","inLanguage":"pt-BR","@id":"https:\/\/www.notibras.com\/site\/pesquisa-mostra-que-pandemia-reduziu-atividade-fisica\/#primaryimage","url":"https:\/\/www.notibras.com\/site\/wp-content\/uploads\/2023\/05\/mg_4402.jpg","contentUrl":"https:\/\/www.notibras.com\/site\/wp-content\/uploads\/2023\/05\/mg_4402.jpg","width":1170,"height":700,"caption":"Rio de Janeiro (RJ), 19\/05\/2023 - Aula de skate para crian\u00e7as na Vila Ol\u00edmpica da Gamboa. Foto: Fernando Fraz\u00e3o\/Ag\u00eancia Brasil"},{"@type":"BreadcrumbList","@id":"https:\/\/www.notibras.com\/site\/pesquisa-mostra-que-pandemia-reduziu-atividade-fisica\/#breadcrumb","itemListElement":[{"@type":"ListItem","position":1,"name":"In\u00edcio","item":"https:\/\/www.notibras.com\/site\/"},{"@type":"ListItem","position":2,"name":"Pesquisa mostra que pandemia reduziu atividade f\u00edsica"}]},{"@type":"WebSite","@id":"https:\/\/www.notibras.com\/site\/#website","url":"https:\/\/www.notibras.com\/site\/","name":"Notibras","description":"Not\u00edcias de Bras\u00edlia, do Brasil e do Mundo","publisher":{"@id":"https:\/\/www.notibras.com\/site\/#organization"},"potentialAction":[{"@type":"SearchAction","target":{"@type":"EntryPoint","urlTemplate":"https:\/\/www.notibras.com\/site\/?s={search_term_string}"},"query-input":{"@type":"PropertyValueSpecification","valueRequired":true,"valueName":"search_term_string"}}],"inLanguage":"pt-BR"},{"@type":"Organization","@id":"https:\/\/www.notibras.com\/site\/#organization","name":"Grupo Notibras de Comunica\u00e7\u00e3o","url":"https:\/\/www.notibras.com\/site\/","logo":{"@type":"ImageObject","inLanguage":"pt-BR","@id":"https:\/\/www.notibras.com\/site\/#\/schema\/logo\/image\/","url":"https:\/\/www.notibras.com\/site\/wp-content\/uploads\/2023\/01\/notibras23.png","contentUrl":"https:\/\/www.notibras.com\/site\/wp-content\/uploads\/2023\/01\/notibras23.png","width":350,"height":87,"caption":"Grupo Notibras de Comunica\u00e7\u00e3o"},"image":{"@id":"https:\/\/www.notibras.com\/site\/#\/schema\/logo\/image\/"},"sameAs":["https:\/\/www.facebook.com\/notibras\/","https:\/\/x.com\/Notibras","https:\/\/www.instagram.com\/notibras\/"]},{"@type":"Person","@id":"https:\/\/www.notibras.com\/site\/#\/schema\/person\/36ab0979449956132d3e5b517ea76ac8","name":"Reda\u00e7\u00e3o","image":{"@type":"ImageObject","inLanguage":"pt-BR","@id":"https:\/\/secure.gravatar.com\/avatar\/e0a867bdedb85fd243eadf09663511f96fc81e0720a4a42581f334ad4303aa6b?s=96&d=mm&r=g","url":"https:\/\/secure.gravatar.com\/avatar\/e0a867bdedb85fd243eadf09663511f96fc81e0720a4a42581f334ad4303aa6b?s=96&d=mm&r=g","contentUrl":"https:\/\/secure.gravatar.com\/avatar\/e0a867bdedb85fd243eadf09663511f96fc81e0720a4a42581f334ad4303aa6b?s=96&d=mm&r=g","caption":"Reda\u00e7\u00e3o"}}]}},"amp_enabled":true,"_links":{"self":[{"href":"https:\/\/www.notibras.com\/site\/wp-json\/wp\/v2\/posts\/305416","targetHints":{"allow":["GET"]}}],"collection":[{"href":"https:\/\/www.notibras.com\/site\/wp-json\/wp\/v2\/posts"}],"about":[{"href":"https:\/\/www.notibras.com\/site\/wp-json\/wp\/v2\/types\/post"}],"author":[{"embeddable":true,"href":"https:\/\/www.notibras.com\/site\/wp-json\/wp\/v2\/users\/2"}],"replies":[{"embeddable":true,"href":"https:\/\/www.notibras.com\/site\/wp-json\/wp\/v2\/comments?post=305416"}],"version-history":[{"count":1,"href":"https:\/\/www.notibras.com\/site\/wp-json\/wp\/v2\/posts\/305416\/revisions"}],"predecessor-version":[{"id":305418,"href":"https:\/\/www.notibras.com\/site\/wp-json\/wp\/v2\/posts\/305416\/revisions\/305418"}],"wp:featuredmedia":[{"embeddable":true,"href":"https:\/\/www.notibras.com\/site\/wp-json\/wp\/v2\/media\/305417"}],"wp:attachment":[{"href":"https:\/\/www.notibras.com\/site\/wp-json\/wp\/v2\/media?parent=305416"}],"wp:term":[{"taxonomy":"category","embeddable":true,"href":"https:\/\/www.notibras.com\/site\/wp-json\/wp\/v2\/categories?post=305416"},{"taxonomy":"post_tag","embeddable":true,"href":"https:\/\/www.notibras.com\/site\/wp-json\/wp\/v2\/tags?post=305416"}],"curies":[{"name":"wp","href":"https:\/\/api.w.org\/{rel}","templated":true}]}}