{"id":305419,"date":"2023-05-22T00:29:14","date_gmt":"2023-05-22T03:29:14","guid":{"rendered":"https:\/\/www.notibras.com\/site\/?p=305419"},"modified":"2023-05-22T07:33:08","modified_gmt":"2023-05-22T10:33:08","slug":"saude-mental-deve-ser-tratada-longe-dos-manicomios","status":"publish","type":"post","link":"https:\/\/www.notibras.com\/site\/saude-mental-deve-ser-tratada-longe-dos-manicomios\/","title":{"rendered":"Sa\u00fade mental deve ser tratada longe dos manic\u00f4mios"},"content":{"rendered":"<p>Quem v\u00ea Patr\u00edcia Ruth pintando calmamente seus quadros nem imagina os horrores que ela j\u00e1 sofreu. Encarcerada em reformat\u00f3rios e manic\u00f4mios desde a inf\u00e2ncia, recebeu castigos f\u00edsicos, conten\u00e7\u00f5es e chegou a passar por eletrochoques. Ao longo de d\u00e9cadas isolada em hospitais psiqui\u00e1tricos, perdeu os la\u00e7os familiares e at\u00e9 a identidade.<\/p>\n<p>Os avan\u00e7os da luta antimanicomial no pa\u00eds foram aboredados no programa <em>Caminhos da Reportagem<\/em>, que foi ao ar neste domingo (21) na TV Brasil. A mat\u00e9ria acvompanhou pacientes psiqui\u00e1tricos que passaram por interna\u00e7\u00f5es de longa dura\u00e7\u00e3o e retornaram \u00e0 vida fora dos muros das institui\u00e7\u00f5es.<\/p>\n<p>Foi com o in\u00edcio da luta antimanicomial no Brasil que, aos poucos, trajet\u00f3rias como a de Patr\u00edcia ganharam novos rumos. Ela, que foi uma das pacientes da antiga Col\u00f4nia Juliano Moreira, \u00faltimo manic\u00f4mio a ser fechado no Rio de Janeiro, hoje \u00e9 uma artista pl\u00e1stica reconhecida. \u201cMudou muita coisa para mim. Coisa que n\u00e3o tinha e nunca esperava ter, minha casa. Esses trabalhos que fa\u00e7o hoje s\u00e3o o meu ouro porque vendo e fa\u00e7o exposi\u00e7\u00e3o para fora\u201d, comemora Patr\u00edcia.<\/p>\n<p>O movimento da sociedade civil, lan\u00e7ado no fim dos anos 70, critica os m\u00e9todos tradicionais da psiquiatria e defende os direitos das pessoas em sofrimento ps\u00edquico. \u201cA luta contra os manic\u00f4mios \u00e9 uma luta pela cidadania, uma luta pelo reconhecimento das pessoas com fragilidade, a supera\u00e7\u00e3o da ideia de que existem pessoas com menor valor. Ent\u00e3o, tudo entra nesse jogo: racismo, LGBTfobia e qualquer forma de discrimina\u00e7\u00e3o\u201d, afirma Hugo Fagundes, superintendente de Sa\u00fade Mental do munic\u00edpio do Rio de Janeiro.<\/p>\n<p>Com a aprova\u00e7\u00e3o da Lei da Reforma Psiqui\u00e1trica, em 2001, houve uma redu\u00e7\u00e3o programada de leitos psiqui\u00e1tricos no Brasil. De acordo com a organiza\u00e7\u00e3o n\u00e3o governamental (ONG) Desinstitute, o n\u00famero de pacientes internados em longa dura\u00e7\u00e3o caiu de 50 mil, em 2002, para menos de 14 mil, em 2020. Evitar retrocessos ainda \u00e9 um desafio para os defensores da luta antimanicomial, segundo a presidente da Associa\u00e7\u00e3o Brasileira de Sa\u00fade Mental, Ana Paula Guljor.<\/p>\n<p>O fechamento de manic\u00f4mios n\u00e3o \u00e9 sin\u00f4nimo de falta de atendimento aos pacientes e seus familiares. O cuidado em liberdade, mantendo o paciente integrado ao seu territ\u00f3rio de origem, seu c\u00edrculo social, \u00e9 o mais eficaz, garante Guljor.<\/p>\n<p>Entre os mecanismos de apoio aos pacientes, al\u00e9m dos centros de Assist\u00eancia Psicossocial (CAPs) que integram o Sistema \u00danico de Sa\u00fade (SUS), est\u00e3o as Resid\u00eancias Terap\u00eauticas, uma esp\u00e9cie de rep\u00fablica &#8211; para no m\u00e1ximo seis pessoas &#8211; oferecida aos egressos dos hospitais psiqui\u00e1tricos que ainda necessitam de algum suporte para retornar \u00e0 viv\u00eancia comunit\u00e1ria. A equipe do Caminhos da Reportagem foi conhecer a rotina de uma dessas casas.<\/p>\n<p>\u201cExistem mil outras formas de cuidar, de tratar a loucura, o sujeito em sofrimento ps\u00edquico\u201d, defende Erika Pontes e Silva, diretora do Instituto Municipal de Assist\u00eancia \u00e0 Sa\u00fade Nise da Silveira. Oficinas de arte e atividades em hortas comunit\u00e1rias s\u00e3o exemplos de terapias adotadas nas antigas institui\u00e7\u00f5es psiqui\u00e1tricas que foram remodeladas.<\/p>\n","protected":false},"excerpt":{"rendered":"<p>Quem v\u00ea Patr\u00edcia Ruth pintando calmamente seus quadros nem imagina os horrores que ela j\u00e1 sofreu. Encarcerada em reformat\u00f3rios e manic\u00f4mios desde a inf\u00e2ncia, recebeu castigos f\u00edsicos, conten\u00e7\u00f5es e chegou a passar por eletrochoques. Ao longo de d\u00e9cadas isolada em hospitais psiqui\u00e1tricos, perdeu os la\u00e7os familiares e at\u00e9 a identidade. Os avan\u00e7os da luta antimanicomial [&hellip;]<\/p>\n","protected":false},"author":2,"featured_media":305420,"comment_status":"closed","ping_status":"closed","sticky":false,"template":"","format":"standard","meta":{"_acf_changed":false,"footnotes":""},"categories":[161],"tags":[],"class_list":["post-305419","post","type-post","status-publish","format-standard","has-post-thumbnail","hentry","category-quadradinho-em-foco"],"acf":[],"yoast_head":"<!-- This site is optimized with the Yoast SEO plugin v27.2 - https:\/\/yoast.com\/product\/yoast-seo-wordpress\/ -->\n<title>Sa\u00fade mental deve ser tratada longe dos manic\u00f4mios - Notibras<\/title>\n<meta name=\"robots\" content=\"index, follow, max-snippet:-1, max-image-preview:large, max-video-preview:-1\" \/>\n<link rel=\"canonical\" href=\"https:\/\/www.notibras.com\/site\/saude-mental-deve-ser-tratada-longe-dos-manicomios\/\" \/>\n<meta property=\"og:locale\" content=\"pt_BR\" \/>\n<meta property=\"og:type\" content=\"article\" \/>\n<meta property=\"og:title\" content=\"Sa\u00fade mental deve ser tratada longe dos manic\u00f4mios - Notibras\" \/>\n<meta property=\"og:description\" content=\"Quem v\u00ea Patr\u00edcia Ruth pintando calmamente seus quadros nem imagina os horrores que ela j\u00e1 sofreu. Encarcerada em reformat\u00f3rios e manic\u00f4mios desde a inf\u00e2ncia, recebeu castigos f\u00edsicos, conten\u00e7\u00f5es e chegou a passar por eletrochoques. Ao longo de d\u00e9cadas isolada em hospitais psiqui\u00e1tricos, perdeu os la\u00e7os familiares e at\u00e9 a identidade. Os avan\u00e7os da luta antimanicomial [&hellip;]\" \/>\n<meta property=\"og:url\" content=\"https:\/\/www.notibras.com\/site\/saude-mental-deve-ser-tratada-longe-dos-manicomios\/\" \/>\n<meta property=\"og:site_name\" content=\"Notibras\" \/>\n<meta property=\"article:publisher\" content=\"https:\/\/www.facebook.com\/notibras\/\" \/>\n<meta property=\"article:published_time\" content=\"2023-05-22T03:29:14+00:00\" \/>\n<meta property=\"article:modified_time\" content=\"2023-05-22T10:33:08+00:00\" \/>\n<meta property=\"og:image\" content=\"https:\/\/www.notibras.com\/site\/wp-content\/uploads\/2023\/05\/patricia_ruth_-_da_vida_encarcerada_ao_sucesso_como_artista_plastica_1.jpg\" \/>\n\t<meta property=\"og:image:width\" content=\"1170\" \/>\n\t<meta property=\"og:image:height\" content=\"700\" \/>\n\t<meta property=\"og:image:type\" content=\"image\/jpeg\" \/>\n<meta name=\"author\" content=\"Reda\u00e7\u00e3o\" \/>\n<meta name=\"twitter:card\" content=\"summary_large_image\" \/>\n<meta name=\"twitter:creator\" content=\"@Notibras\" \/>\n<meta name=\"twitter:site\" content=\"@Notibras\" \/>\n<meta name=\"twitter:label1\" content=\"Escrito por\" \/>\n\t<meta name=\"twitter:data1\" content=\"Reda\u00e7\u00e3o\" \/>\n\t<meta name=\"twitter:label2\" content=\"Est. tempo de leitura\" \/>\n\t<meta name=\"twitter:data2\" content=\"3 minutos\" \/>\n<script type=\"application\/ld+json\" class=\"yoast-schema-graph\">{\"@context\":\"https:\/\/schema.org\",\"@graph\":[{\"@type\":\"Article\",\"@id\":\"https:\/\/www.notibras.com\/site\/saude-mental-deve-ser-tratada-longe-dos-manicomios\/#article\",\"isPartOf\":{\"@id\":\"https:\/\/www.notibras.com\/site\/saude-mental-deve-ser-tratada-longe-dos-manicomios\/\"},\"author\":{\"name\":\"Reda\u00e7\u00e3o\",\"@id\":\"https:\/\/www.notibras.com\/site\/#\/schema\/person\/36ab0979449956132d3e5b517ea76ac8\"},\"headline\":\"Sa\u00fade mental deve ser tratada longe dos manic\u00f4mios\",\"datePublished\":\"2023-05-22T03:29:14+00:00\",\"dateModified\":\"2023-05-22T10:33:08+00:00\",\"mainEntityOfPage\":{\"@id\":\"https:\/\/www.notibras.com\/site\/saude-mental-deve-ser-tratada-longe-dos-manicomios\/\"},\"wordCount\":550,\"publisher\":{\"@id\":\"https:\/\/www.notibras.com\/site\/#organization\"},\"image\":{\"@id\":\"https:\/\/www.notibras.com\/site\/saude-mental-deve-ser-tratada-longe-dos-manicomios\/#primaryimage\"},\"thumbnailUrl\":\"https:\/\/www.notibras.com\/site\/wp-content\/uploads\/2023\/05\/patricia_ruth_-_da_vida_encarcerada_ao_sucesso_como_artista_plastica_1.jpg\",\"articleSection\":[\"Quadradinho em Foco\"],\"inLanguage\":\"pt-BR\"},{\"@type\":\"WebPage\",\"@id\":\"https:\/\/www.notibras.com\/site\/saude-mental-deve-ser-tratada-longe-dos-manicomios\/\",\"url\":\"https:\/\/www.notibras.com\/site\/saude-mental-deve-ser-tratada-longe-dos-manicomios\/\",\"name\":\"Sa\u00fade mental deve ser tratada longe dos manic\u00f4mios - Notibras\",\"isPartOf\":{\"@id\":\"https:\/\/www.notibras.com\/site\/#website\"},\"primaryImageOfPage\":{\"@id\":\"https:\/\/www.notibras.com\/site\/saude-mental-deve-ser-tratada-longe-dos-manicomios\/#primaryimage\"},\"image\":{\"@id\":\"https:\/\/www.notibras.com\/site\/saude-mental-deve-ser-tratada-longe-dos-manicomios\/#primaryimage\"},\"thumbnailUrl\":\"https:\/\/www.notibras.com\/site\/wp-content\/uploads\/2023\/05\/patricia_ruth_-_da_vida_encarcerada_ao_sucesso_como_artista_plastica_1.jpg\",\"datePublished\":\"2023-05-22T03:29:14+00:00\",\"dateModified\":\"2023-05-22T10:33:08+00:00\",\"breadcrumb\":{\"@id\":\"https:\/\/www.notibras.com\/site\/saude-mental-deve-ser-tratada-longe-dos-manicomios\/#breadcrumb\"},\"inLanguage\":\"pt-BR\",\"potentialAction\":[{\"@type\":\"ReadAction\",\"target\":[\"https:\/\/www.notibras.com\/site\/saude-mental-deve-ser-tratada-longe-dos-manicomios\/\"]}]},{\"@type\":\"ImageObject\",\"inLanguage\":\"pt-BR\",\"@id\":\"https:\/\/www.notibras.com\/site\/saude-mental-deve-ser-tratada-longe-dos-manicomios\/#primaryimage\",\"url\":\"https:\/\/www.notibras.com\/site\/wp-content\/uploads\/2023\/05\/patricia_ruth_-_da_vida_encarcerada_ao_sucesso_como_artista_plastica_1.jpg\",\"contentUrl\":\"https:\/\/www.notibras.com\/site\/wp-content\/uploads\/2023\/05\/patricia_ruth_-_da_vida_encarcerada_ao_sucesso_como_artista_plastica_1.jpg\",\"width\":1170,\"height\":700,\"caption\":\"Bras\u00edlia - 19-05-2023 - Patricia Ruth - da vida encarcerada ao sucesso como artista pl\u00e1stica. Foto: TV Brasil\"},{\"@type\":\"BreadcrumbList\",\"@id\":\"https:\/\/www.notibras.com\/site\/saude-mental-deve-ser-tratada-longe-dos-manicomios\/#breadcrumb\",\"itemListElement\":[{\"@type\":\"ListItem\",\"position\":1,\"name\":\"In\u00edcio\",\"item\":\"https:\/\/www.notibras.com\/site\/\"},{\"@type\":\"ListItem\",\"position\":2,\"name\":\"Sa\u00fade mental deve ser tratada longe dos manic\u00f4mios\"}]},{\"@type\":\"WebSite\",\"@id\":\"https:\/\/www.notibras.com\/site\/#website\",\"url\":\"https:\/\/www.notibras.com\/site\/\",\"name\":\"Notibras\",\"description\":\"Not\u00edcias de Bras\u00edlia, do Brasil e do Mundo\",\"publisher\":{\"@id\":\"https:\/\/www.notibras.com\/site\/#organization\"},\"potentialAction\":[{\"@type\":\"SearchAction\",\"target\":{\"@type\":\"EntryPoint\",\"urlTemplate\":\"https:\/\/www.notibras.com\/site\/?s={search_term_string}\"},\"query-input\":{\"@type\":\"PropertyValueSpecification\",\"valueRequired\":true,\"valueName\":\"search_term_string\"}}],\"inLanguage\":\"pt-BR\"},{\"@type\":\"Organization\",\"@id\":\"https:\/\/www.notibras.com\/site\/#organization\",\"name\":\"Grupo Notibras de Comunica\u00e7\u00e3o\",\"url\":\"https:\/\/www.notibras.com\/site\/\",\"logo\":{\"@type\":\"ImageObject\",\"inLanguage\":\"pt-BR\",\"@id\":\"https:\/\/www.notibras.com\/site\/#\/schema\/logo\/image\/\",\"url\":\"https:\/\/www.notibras.com\/site\/wp-content\/uploads\/2023\/01\/notibras23.png\",\"contentUrl\":\"https:\/\/www.notibras.com\/site\/wp-content\/uploads\/2023\/01\/notibras23.png\",\"width\":350,\"height\":87,\"caption\":\"Grupo Notibras de Comunica\u00e7\u00e3o\"},\"image\":{\"@id\":\"https:\/\/www.notibras.com\/site\/#\/schema\/logo\/image\/\"},\"sameAs\":[\"https:\/\/www.facebook.com\/notibras\/\",\"https:\/\/x.com\/Notibras\",\"https:\/\/www.instagram.com\/notibras\/\"]},{\"@type\":\"Person\",\"@id\":\"https:\/\/www.notibras.com\/site\/#\/schema\/person\/36ab0979449956132d3e5b517ea76ac8\",\"name\":\"Reda\u00e7\u00e3o\",\"image\":{\"@type\":\"ImageObject\",\"inLanguage\":\"pt-BR\",\"@id\":\"https:\/\/secure.gravatar.com\/avatar\/e0a867bdedb85fd243eadf09663511f96fc81e0720a4a42581f334ad4303aa6b?s=96&d=mm&r=g\",\"url\":\"https:\/\/secure.gravatar.com\/avatar\/e0a867bdedb85fd243eadf09663511f96fc81e0720a4a42581f334ad4303aa6b?s=96&d=mm&r=g\",\"contentUrl\":\"https:\/\/secure.gravatar.com\/avatar\/e0a867bdedb85fd243eadf09663511f96fc81e0720a4a42581f334ad4303aa6b?s=96&d=mm&r=g\",\"caption\":\"Reda\u00e7\u00e3o\"}}]}<\/script>\n<!-- \/ Yoast SEO plugin. -->","yoast_head_json":{"title":"Sa\u00fade mental deve ser tratada longe dos manic\u00f4mios - Notibras","robots":{"index":"index","follow":"follow","max-snippet":"max-snippet:-1","max-image-preview":"max-image-preview:large","max-video-preview":"max-video-preview:-1"},"canonical":"https:\/\/www.notibras.com\/site\/saude-mental-deve-ser-tratada-longe-dos-manicomios\/","og_locale":"pt_BR","og_type":"article","og_title":"Sa\u00fade mental deve ser tratada longe dos manic\u00f4mios - Notibras","og_description":"Quem v\u00ea Patr\u00edcia Ruth pintando calmamente seus quadros nem imagina os horrores que ela j\u00e1 sofreu. Encarcerada em reformat\u00f3rios e manic\u00f4mios desde a inf\u00e2ncia, recebeu castigos f\u00edsicos, conten\u00e7\u00f5es e chegou a passar por eletrochoques. Ao longo de d\u00e9cadas isolada em hospitais psiqui\u00e1tricos, perdeu os la\u00e7os familiares e at\u00e9 a identidade. Os avan\u00e7os da luta antimanicomial [&hellip;]","og_url":"https:\/\/www.notibras.com\/site\/saude-mental-deve-ser-tratada-longe-dos-manicomios\/","og_site_name":"Notibras","article_publisher":"https:\/\/www.facebook.com\/notibras\/","article_published_time":"2023-05-22T03:29:14+00:00","article_modified_time":"2023-05-22T10:33:08+00:00","og_image":[{"width":1170,"height":700,"url":"https:\/\/www.notibras.com\/site\/wp-content\/uploads\/2023\/05\/patricia_ruth_-_da_vida_encarcerada_ao_sucesso_como_artista_plastica_1.jpg","type":"image\/jpeg"}],"author":"Reda\u00e7\u00e3o","twitter_card":"summary_large_image","twitter_creator":"@Notibras","twitter_site":"@Notibras","twitter_misc":{"Escrito por":"Reda\u00e7\u00e3o","Est. tempo de leitura":"3 minutos"},"schema":{"@context":"https:\/\/schema.org","@graph":[{"@type":"Article","@id":"https:\/\/www.notibras.com\/site\/saude-mental-deve-ser-tratada-longe-dos-manicomios\/#article","isPartOf":{"@id":"https:\/\/www.notibras.com\/site\/saude-mental-deve-ser-tratada-longe-dos-manicomios\/"},"author":{"name":"Reda\u00e7\u00e3o","@id":"https:\/\/www.notibras.com\/site\/#\/schema\/person\/36ab0979449956132d3e5b517ea76ac8"},"headline":"Sa\u00fade mental deve ser tratada longe dos manic\u00f4mios","datePublished":"2023-05-22T03:29:14+00:00","dateModified":"2023-05-22T10:33:08+00:00","mainEntityOfPage":{"@id":"https:\/\/www.notibras.com\/site\/saude-mental-deve-ser-tratada-longe-dos-manicomios\/"},"wordCount":550,"publisher":{"@id":"https:\/\/www.notibras.com\/site\/#organization"},"image":{"@id":"https:\/\/www.notibras.com\/site\/saude-mental-deve-ser-tratada-longe-dos-manicomios\/#primaryimage"},"thumbnailUrl":"https:\/\/www.notibras.com\/site\/wp-content\/uploads\/2023\/05\/patricia_ruth_-_da_vida_encarcerada_ao_sucesso_como_artista_plastica_1.jpg","articleSection":["Quadradinho em Foco"],"inLanguage":"pt-BR"},{"@type":"WebPage","@id":"https:\/\/www.notibras.com\/site\/saude-mental-deve-ser-tratada-longe-dos-manicomios\/","url":"https:\/\/www.notibras.com\/site\/saude-mental-deve-ser-tratada-longe-dos-manicomios\/","name":"Sa\u00fade mental deve ser tratada longe dos manic\u00f4mios - Notibras","isPartOf":{"@id":"https:\/\/www.notibras.com\/site\/#website"},"primaryImageOfPage":{"@id":"https:\/\/www.notibras.com\/site\/saude-mental-deve-ser-tratada-longe-dos-manicomios\/#primaryimage"},"image":{"@id":"https:\/\/www.notibras.com\/site\/saude-mental-deve-ser-tratada-longe-dos-manicomios\/#primaryimage"},"thumbnailUrl":"https:\/\/www.notibras.com\/site\/wp-content\/uploads\/2023\/05\/patricia_ruth_-_da_vida_encarcerada_ao_sucesso_como_artista_plastica_1.jpg","datePublished":"2023-05-22T03:29:14+00:00","dateModified":"2023-05-22T10:33:08+00:00","breadcrumb":{"@id":"https:\/\/www.notibras.com\/site\/saude-mental-deve-ser-tratada-longe-dos-manicomios\/#breadcrumb"},"inLanguage":"pt-BR","potentialAction":[{"@type":"ReadAction","target":["https:\/\/www.notibras.com\/site\/saude-mental-deve-ser-tratada-longe-dos-manicomios\/"]}]},{"@type":"ImageObject","inLanguage":"pt-BR","@id":"https:\/\/www.notibras.com\/site\/saude-mental-deve-ser-tratada-longe-dos-manicomios\/#primaryimage","url":"https:\/\/www.notibras.com\/site\/wp-content\/uploads\/2023\/05\/patricia_ruth_-_da_vida_encarcerada_ao_sucesso_como_artista_plastica_1.jpg","contentUrl":"https:\/\/www.notibras.com\/site\/wp-content\/uploads\/2023\/05\/patricia_ruth_-_da_vida_encarcerada_ao_sucesso_como_artista_plastica_1.jpg","width":1170,"height":700,"caption":"Bras\u00edlia - 19-05-2023 - Patricia Ruth - da vida encarcerada ao sucesso como artista pl\u00e1stica. Foto: TV Brasil"},{"@type":"BreadcrumbList","@id":"https:\/\/www.notibras.com\/site\/saude-mental-deve-ser-tratada-longe-dos-manicomios\/#breadcrumb","itemListElement":[{"@type":"ListItem","position":1,"name":"In\u00edcio","item":"https:\/\/www.notibras.com\/site\/"},{"@type":"ListItem","position":2,"name":"Sa\u00fade mental deve ser tratada longe dos manic\u00f4mios"}]},{"@type":"WebSite","@id":"https:\/\/www.notibras.com\/site\/#website","url":"https:\/\/www.notibras.com\/site\/","name":"Notibras","description":"Not\u00edcias de Bras\u00edlia, do Brasil e do Mundo","publisher":{"@id":"https:\/\/www.notibras.com\/site\/#organization"},"potentialAction":[{"@type":"SearchAction","target":{"@type":"EntryPoint","urlTemplate":"https:\/\/www.notibras.com\/site\/?s={search_term_string}"},"query-input":{"@type":"PropertyValueSpecification","valueRequired":true,"valueName":"search_term_string"}}],"inLanguage":"pt-BR"},{"@type":"Organization","@id":"https:\/\/www.notibras.com\/site\/#organization","name":"Grupo Notibras de Comunica\u00e7\u00e3o","url":"https:\/\/www.notibras.com\/site\/","logo":{"@type":"ImageObject","inLanguage":"pt-BR","@id":"https:\/\/www.notibras.com\/site\/#\/schema\/logo\/image\/","url":"https:\/\/www.notibras.com\/site\/wp-content\/uploads\/2023\/01\/notibras23.png","contentUrl":"https:\/\/www.notibras.com\/site\/wp-content\/uploads\/2023\/01\/notibras23.png","width":350,"height":87,"caption":"Grupo Notibras de Comunica\u00e7\u00e3o"},"image":{"@id":"https:\/\/www.notibras.com\/site\/#\/schema\/logo\/image\/"},"sameAs":["https:\/\/www.facebook.com\/notibras\/","https:\/\/x.com\/Notibras","https:\/\/www.instagram.com\/notibras\/"]},{"@type":"Person","@id":"https:\/\/www.notibras.com\/site\/#\/schema\/person\/36ab0979449956132d3e5b517ea76ac8","name":"Reda\u00e7\u00e3o","image":{"@type":"ImageObject","inLanguage":"pt-BR","@id":"https:\/\/secure.gravatar.com\/avatar\/e0a867bdedb85fd243eadf09663511f96fc81e0720a4a42581f334ad4303aa6b?s=96&d=mm&r=g","url":"https:\/\/secure.gravatar.com\/avatar\/e0a867bdedb85fd243eadf09663511f96fc81e0720a4a42581f334ad4303aa6b?s=96&d=mm&r=g","contentUrl":"https:\/\/secure.gravatar.com\/avatar\/e0a867bdedb85fd243eadf09663511f96fc81e0720a4a42581f334ad4303aa6b?s=96&d=mm&r=g","caption":"Reda\u00e7\u00e3o"}}]}},"amp_enabled":true,"_links":{"self":[{"href":"https:\/\/www.notibras.com\/site\/wp-json\/wp\/v2\/posts\/305419","targetHints":{"allow":["GET"]}}],"collection":[{"href":"https:\/\/www.notibras.com\/site\/wp-json\/wp\/v2\/posts"}],"about":[{"href":"https:\/\/www.notibras.com\/site\/wp-json\/wp\/v2\/types\/post"}],"author":[{"embeddable":true,"href":"https:\/\/www.notibras.com\/site\/wp-json\/wp\/v2\/users\/2"}],"replies":[{"embeddable":true,"href":"https:\/\/www.notibras.com\/site\/wp-json\/wp\/v2\/comments?post=305419"}],"version-history":[{"count":1,"href":"https:\/\/www.notibras.com\/site\/wp-json\/wp\/v2\/posts\/305419\/revisions"}],"predecessor-version":[{"id":305421,"href":"https:\/\/www.notibras.com\/site\/wp-json\/wp\/v2\/posts\/305419\/revisions\/305421"}],"wp:featuredmedia":[{"embeddable":true,"href":"https:\/\/www.notibras.com\/site\/wp-json\/wp\/v2\/media\/305420"}],"wp:attachment":[{"href":"https:\/\/www.notibras.com\/site\/wp-json\/wp\/v2\/media?parent=305419"}],"wp:term":[{"taxonomy":"category","embeddable":true,"href":"https:\/\/www.notibras.com\/site\/wp-json\/wp\/v2\/categories?post=305419"},{"taxonomy":"post_tag","embeddable":true,"href":"https:\/\/www.notibras.com\/site\/wp-json\/wp\/v2\/tags?post=305419"}],"curies":[{"name":"wp","href":"https:\/\/api.w.org\/{rel}","templated":true}]}}