{"id":305422,"date":"2023-05-22T00:38:54","date_gmt":"2023-05-22T03:38:54","guid":{"rendered":"https:\/\/www.notibras.com\/site\/?p=305422"},"modified":"2023-05-22T07:42:21","modified_gmt":"2023-05-22T10:42:21","slug":"historias-com-final-feliz-de-casamentos-homoafetivos","status":"publish","type":"post","link":"https:\/\/www.notibras.com\/site\/historias-com-final-feliz-de-casamentos-homoafetivos\/","title":{"rendered":"Hist\u00f3rias com final feliz de casamentos homoafetivos"},"content":{"rendered":"<p>\u201cFoi um ato de amor, mas tamb\u00e9m um ato pol\u00edtico\u201d. Essa convic\u00e7\u00e3o une os tr\u00eas casais homoafetivos que aceitaram conversar sobre os 10 anos da decis\u00e3o do Conselho Nacional de Justi\u00e7a (CNJ) de que nenhum cart\u00f3rio no Brasil poderia recusar a celebra\u00e7\u00e3o do casamento entre pessoas do mesmo sexo. Desde 14 de maio de 2013, portanto, esse registro civil deixou de ser um privil\u00e9gio de pessoas heterossexuais.<\/p>\n<p>Ot\u00e1vio e Fernando, Fabia e Gabi, Toni e David. Os casais que voc\u00ea vai conhecer melhor nessa reportagem est\u00e3o entre os 76.430 que registraram a uni\u00e3o em cart\u00f3rio desde 2013 em todo o pa\u00eds. Uma m\u00e9dia de 7,6 mil casamentos por ano: 56% entre casais femininos e 44% entre casais masculinos. A lista dos estados com mais celebra\u00e7\u00f5es \u00e9 liderada por S\u00e3o Paulo (38,9%), seguido pelo Rio de Janeiro (8,6%), Minas Gerais (6,6%), Santa Catarina (5%) e Paran\u00e1 (4,6%). Os n\u00fameros s\u00e3o da Central de Informa\u00e7\u00f5es do Registro Civil (CRC Nacional), administrada pela Associa\u00e7\u00e3o Nacional dos Registradores de Pessoas Naturais (Arpen-Brasil).<\/p>\n<p>At\u00e9 2011, os cart\u00f3rios eram obrigados a pedir uma autoriza\u00e7\u00e3o judicial para registrar uni\u00f5es homoafetivas. E a sorte do casal dependia do magistrado que julgasse o caso, que em muitos casos negava o pedido. A justificativa era a aus\u00eancia de lei, que, vale lembrar, continua n\u00e3o tendo sido contemplada no Congresso Nacional. O que mudou em 2011 foi uma decis\u00e3o do Supremo Tribunal Federal (STF) que igualou uni\u00f5es est\u00e1veis homoafetivas \u00e0s heteroafetivas. Mas foi s\u00f3 a partir da Resolu\u00e7\u00e3o n\u00ba 175, de 2013, do CNJ que foi autorizado o casamento civil em todos os cart\u00f3rios do pa\u00eds.<\/p>\n<p><strong>Ot\u00e1vio e Fernando<\/strong><br \/>\nQuando Ot\u00e1vio Furtado (44 anos, jornalista) e Fernando Gomes (44 anos, advogado) decidiram que era a hora de se casar, havia a certeza de que seria preciso travar longa disputa judicial. O ano era 2012 e apenas a uni\u00e3o est\u00e1vel homoafetiva era oficialmente permitida no pa\u00eds. Os poucos que tinham conseguido o registro civil de casamento tinham entrado com a\u00e7\u00f5es na Justi\u00e7a. Mas por uma coincid\u00eancia feliz, a uni\u00e3o foi oficializada de forma mais simples e r\u00e1pida do que pensavam.<\/p>\n<p>\u201cA gente deu entrada nos pap\u00e9is em maio de 2013 e normalmente o processo todo levava 30 dias, que era o tempo padr\u00e3o para o Minist\u00e9rio P\u00fablico manifestar se existia algum tipo de irregularidade. Isso para qualquer casal, inclusive h\u00e9tero. Nesse tempo, a CNJ determinou que nenhum cart\u00f3rio poderia negar o registro para casais homoafetivos. E o nosso pedido foi o primeiro a ser aprovado no estado do Rio\u201d, lembra Fernando.<\/p>\n<p>Em julho, eles estavam legalmente casados e, em setembro, celebravam em uma festa com amigos e fam\u00edlia. Todo o processo at\u00e9 o dia cerim\u00f4nia acabou despertando nova consci\u00eancia no casal. Eles contam que at\u00e9, ent\u00e3o, n\u00e3o tinham passado por situa\u00e7\u00f5es mais graves de homofobia. O que admitem ter muita rela\u00e7\u00e3o com algumas posi\u00e7\u00f5es de privil\u00e9gio: s\u00e3o homens, brancos, de classe m\u00e9dia, morando em um bairro como Ipanema, que concentra um n\u00famero grande de pessoas LGBTQIA+.<\/p>\n<p>\u201cEu sempre falava que n\u00e3o queria ficar levantando bandeira por ser gay. E o nosso casamento foi a grande virada de chave na minha vida. Pela primeira vez, de forma repetida, eu tive que lidar com situa\u00e7\u00f5es de homofobia. Na hora de organizar o casamento, por exemplo, a maior parte dos fornecedores n\u00e3o estava preparada para celebrar uma rela\u00e7\u00e3o homoafetiva. E tinha de tudo, desde a pessoa que achava que na cerim\u00f4nia ia descer uma drag queen do teto, at\u00e9 as pessoas que perguntavam quem ia fazer o papel da noiva\u201d, conta Ot\u00e1vio.<\/p>\n<p>A partir desse conjunto de experi\u00eancias, os dois passaram a se preocupar com pautas que iam al\u00e9m da pr\u00f3pria \u201cbolha\u201d.<\/p>\n<p>\u201cA gente pensava no casamento como um momento s\u00f3 nosso. E come\u00e7ou a perceber que era ego\u00edsmo pensar daquele jeito. Na cerim\u00f4nia, uma das nossas madrinhas falou de como nossa decis\u00e3o iria atingir outras pessoas. E a\u00ed, mais uma vez, caiu a ficha de que aquilo tamb\u00e9m era um ato pol\u00edtico, que j\u00e1 tinha come\u00e7ado l\u00e1 atr\u00e1s quando a gente decidiu registrar em cart\u00f3rio. Outras situa\u00e7\u00f5es foram surgindo e mostrando que eu deveria aprofundar esse caminho do ativismo. Usar o nosso privil\u00e9gio para abrir portas a outras pessoas\u201d, afirma Ot\u00e1vio.<\/p>\n<p><strong>Fabia e Gabi<\/strong><br \/>\nGabi Torrezani (31 anos, produtora audiovisual e doula) conseguiu uma oportunidade de est\u00e1gio na produtora de v\u00eddeo da Fabia Fuzeti (47 anos, videomaker). Durante meses, a rela\u00e7\u00e3o entre as duas evoluiu das conversas sobre trabalho para a amizade e, ent\u00e3o, o namoro. Depois de dois anos, veio a ideia do casamento. O pedido, feito pela Fabia, est\u00e1 registrado em \u00e1udio no in\u00edcio do document\u00e1rio \u201cVestidas de Noiva\u201d, produzido pelas duas para falar tanto do processo de casamento delas, que aconteceu em 2014, quanto do hist\u00f3rico da uni\u00e3o homoafetiva no Brasil.<\/p>\n<p>\u201cCom a gente foi super f\u00e1cil, o juiz de paz foi bem fofo, quis tirar foto com as noivas. Mas a gente sabe que nem todos os cart\u00f3rios foram assim. Na \u00e9poca, muitas pessoas ainda escreviam para a gente e falavam que tinham tentado casar na cidade em que moravam e n\u00e3o deixaram. Era obrigat\u00f3rio, mas muitos cart\u00f3rios alegavam que n\u00e3o faziam o registro l\u00e1\u201d, diz Fabia Fuzeti.<\/p>\n<p>At\u00e9 o dia oficial do \u201csim\u201d, as duas tiveram de passar por algumas situa\u00e7\u00f5es desconfort\u00e1veis. A m\u00e3e de Fabia teve dificuldades para lidar com o fato de a filha estar namorando uma mulher. Mas ao ver que outras pessoas ao redor n\u00e3o se importavam com a situa\u00e7\u00e3o, n\u00e3o s\u00f3 superou o estranhamento como ajudou nos preparativos do casamento. Os av\u00f3s da Gabi n\u00e3o compareceram no dia da cerim\u00f4nia, o que a deixou muito triste pela proximidade que tinha com eles. Mas um ano depois estavam presentes no lan\u00e7amento do document\u00e1rio.<\/p>\n<p>As duas dividem um blog de viagem chamado Estrangeira, que com o tempo passou a focar em experi\u00eancias espec\u00edficas do p\u00fablico LGBTQIA+. Al\u00e9m das dicas de viagens sobre destinos mais atrativos e mais seguros, compartilham momentos do casal. Dizem que estavam cansadas de ver hist\u00f3rias com mulheres homossexuais sempre a partir de um vi\u00e9s negativo, seja na fic\u00e7\u00e3o ou no notici\u00e1rio: \u201cA gente queria ser um modelo de final feliz\u201d, diz Fabia.<\/p>\n<p>Por ser uma hist\u00f3ria ainda em constru\u00e7\u00e3o, elas pensam nos pr\u00f3ximos cap\u00edtulos e em novas lutas que precisam ser superadas. O casal planeja ter filhos e lamenta n\u00e3o ver uma movimenta\u00e7\u00e3o pol\u00edtica mais contundente sobre a igualdade quando se trata dos direitos de maternidade para as mulheres homossexuais.<\/p>\n<p>\u201cPara a mulher que n\u00e3o \u00e9 a gestante do casal registrar o beb\u00ea como filho dela, tem que ter feita a fertiliza\u00e7\u00e3o em uma cl\u00ednica. As duas t\u00eam que levar um papel provando que s\u00e3o casadas e que fizeram o processo na cl\u00ednica. Quando um casal h\u00e9tero vai ao cart\u00f3rio, ningu\u00e9m pede para ver o papel com o registro da rela\u00e7\u00e3o sexual que gerou o beb\u00ea. Simplesmente chega l\u00e1 e registra. Isso faz com que mulheres que n\u00e3o tenham grana para procurar uma cl\u00ednica, que topam uma insemina\u00e7\u00e3o caseira, estejam \u00e0 margem da lei e precisem entrar com uma peti\u00e7\u00e3o judicial. Isso, para a gente, \u00e9 muito violento\u201d, afirma Gabi.<\/p>\n<p>As duas defendem a necessidade de que o Sistema \u00danico de Sa\u00fade (SUS) possa oferecer o direito de fertilidade assistida para todos os que desejarem. Hoje, a legisla\u00e7\u00e3o privilegia apenas casais heterossexuais.<\/p>\n<p>\u201cA fertilidade assistida no SUS \u00e9 para pessoas que eles consideram inf\u00e9rteis, que s\u00e3o basicamente os casais h\u00e9teros que passam por uma triagem. Mulheres saud\u00e1veis, f\u00e9rteis, que precisam do tratamento para engravidar e ter acesso ao banco de s\u00eamen n\u00e3o se encaixam nessa categoria. Toda uma popula\u00e7\u00e3o fica exclu\u00edda de um servi\u00e7o de sa\u00fade que teoricamente \u00e9 universal\u201d, diz Gabi.<\/p>\n<p><strong>Toni e David<\/strong><br \/>\nToni Reis (59 anos) e David Harrad (65 anos) se conheceram na sa\u00edda da esta\u00e7\u00e3o de metr\u00f4 Highgate Station, em Londres, em uma noite de mar\u00e7o de 1990. Nascido no interior paranaense, Toni tinha se formado h\u00e1 um ano em letras na Universidade Federal do Paran\u00e1 (UFPR) e passava uma temporada na Europa para estudar e conhecer novas culturas. Nascido no interior da Inglaterra, David era casado com uma mulher quando conheceu Toni. Do encontro veio a convic\u00e7\u00e3o de que era o momento certo para viver um relacionamento homoafetivo. Ele se separou da mulher e em 1991 os dois vieram juntos para o Brasil.<\/p>\n<p>No novo pa\u00eds, David viveu um tempo com a documenta\u00e7\u00e3o irregular e acabou sendo preso em 1995. Tinha duas op\u00e7\u00f5es para n\u00e3o ser deportado e conseguir o visto de perman\u00eancia: se casar com uma mulher brasileira ou assinar um contrato de trabalho com uma empresa local. A segunda alternativa era a \u00fanica vi\u00e1vel naquele momento, porque o casamento homoafetivo estava longe de ser autorizado no Brasil. At\u00e9 que em 2011, depois da decis\u00e3o do STF, o casal conseguiu registrar a uni\u00e3o est\u00e1vel.<\/p>\n<p>\u201cAparec\u00edamos nas paradas LGBTI+ vestidos iguais de smoking, de noivos, para chamar a aten\u00e7\u00e3o pelo direito ao matrim\u00f4nio igualit\u00e1rio. Mas al\u00e9m do significado pol\u00edtico, o registro da uni\u00e3o est\u00e1vel proporcionou uma seguran\u00e7a jur\u00eddica que n\u00f3s n\u00e3o t\u00ednhamos antes como casal. Cansei de conhecer hist\u00f3rias de fam\u00edlias que queriam tomar os bens do parceiro do filho, quando este faleceu. Tamb\u00e9m possibilitou que pud\u00e9ssemos finalmente realizar o sonho de adotar filhos e ser pais\u201d, explica David.<\/p>\n<p>O casamento civil dos dois no cart\u00f3rio, apesar de autorizado pelo CNJ desde 2013, s\u00f3 aconteceu em 2018. At\u00e9 ent\u00e3o, consideravam a uni\u00e3o est\u00e1vel suficiente. O que os fez mudar de ideia foi o medo de que a elei\u00e7\u00e3o de Jair Bolsonaro provocasse a perda de direitos, uma vez que sempre foi expl\u00edcito o posicionamento homof\u00f3bico do ex-presidente. Eles cogitaram morar fora do pa\u00eds e queriam mais uma prote\u00e7\u00e3o jur\u00eddica caso precisassem viajar com os tr\u00eas filhos, ent\u00e3o adolescentes.<\/p>\n<p>\u201cA gente nunca precisou do papel para o amor. Por\u00e9m, ele d\u00e1 seguran\u00e7a jur\u00eddica para o patrim\u00f4nio e para os filhos. Ent\u00e3o, tem as vantagens legais. E tem o significado pol\u00edtico. Hoje, ningu\u00e9m pode falar que n\u00f3s n\u00e3o somos uma fam\u00edlia\u201d, afirma Toni Reis.<\/p>\n<p>Toni se tornou uma refer\u00eancia na luta pelos direitos da popula\u00e7\u00e3o LGBTQIA+. Ele foi o primeiro presidente da Associa\u00e7\u00e3o Brasileira de L\u00e9sbicas, Gays, Bissexuais, Travestis e Transexuais (ABGLT), fundada em Curitiba em 1995. \u00c9 especialista em sexualidade humana, mestre em filosofia e doutor e p\u00f3s-doutor em educa\u00e7\u00e3o. Para ele, o direito ao casamento foi uma vit\u00f3ria importante, mas ainda existe uma s\u00e9rie de desafios a serem superados.<\/p>\n<p>\u201cTodas as nossas decis\u00f5es sobre direitos LGBT foram tomadas pelo STF. O que n\u00f3s precisamos \u00e9 colocar todas essas decis\u00f5es de ado\u00e7\u00e3o, casamento, doa\u00e7\u00e3o de sangue, discrimina\u00e7\u00e3o em leis que passem no Congresso Nacional. Pode durar cinco, dez ou 50 anos, mas n\u00f3s vamos conseguir. N\u00f3s queremos ter tamb\u00e9m o nosso Estatuto da Diversidade Sexual e um estatuto que proteja todas as fam\u00edlias\u201d, diz Toni Reis.<\/p>\n","protected":false},"excerpt":{"rendered":"<p>\u201cFoi um ato de amor, mas tamb\u00e9m um ato pol\u00edtico\u201d. Essa convic\u00e7\u00e3o une os tr\u00eas casais homoafetivos que aceitaram conversar sobre os 10 anos da decis\u00e3o do Conselho Nacional de Justi\u00e7a (CNJ) de que nenhum cart\u00f3rio no Brasil poderia recusar a celebra\u00e7\u00e3o do casamento entre pessoas do mesmo sexo. Desde 14 de maio de 2013, [&hellip;]<\/p>\n","protected":false},"author":2,"featured_media":305423,"comment_status":"closed","ping_status":"closed","sticky":false,"template":"","format":"standard","meta":{"_acf_changed":false,"footnotes":""},"categories":[161],"tags":[],"class_list":["post-305422","post","type-post","status-publish","format-standard","has-post-thumbnail","hentry","category-quadradinho-em-foco"],"acf":[],"yoast_head":"<!-- This site is optimized with the Yoast SEO plugin v27.2 - https:\/\/yoast.com\/product\/yoast-seo-wordpress\/ -->\n<title>Hist\u00f3rias com final feliz de casamentos homoafetivos - Notibras<\/title>\n<meta name=\"robots\" content=\"index, follow, max-snippet:-1, max-image-preview:large, max-video-preview:-1\" \/>\n<link rel=\"canonical\" href=\"https:\/\/www.notibras.com\/site\/historias-com-final-feliz-de-casamentos-homoafetivos\/\" \/>\n<meta property=\"og:locale\" content=\"pt_BR\" \/>\n<meta property=\"og:type\" content=\"article\" \/>\n<meta property=\"og:title\" content=\"Hist\u00f3rias com final feliz de casamentos homoafetivos - Notibras\" \/>\n<meta property=\"og:description\" content=\"\u201cFoi um ato de amor, mas tamb\u00e9m um ato pol\u00edtico\u201d. Essa convic\u00e7\u00e3o une os tr\u00eas casais homoafetivos que aceitaram conversar sobre os 10 anos da decis\u00e3o do Conselho Nacional de Justi\u00e7a (CNJ) de que nenhum cart\u00f3rio no Brasil poderia recusar a celebra\u00e7\u00e3o do casamento entre pessoas do mesmo sexo. Desde 14 de maio de 2013, [&hellip;]\" \/>\n<meta property=\"og:url\" content=\"https:\/\/www.notibras.com\/site\/historias-com-final-feliz-de-casamentos-homoafetivos\/\" \/>\n<meta property=\"og:site_name\" content=\"Notibras\" \/>\n<meta property=\"article:publisher\" content=\"https:\/\/www.facebook.com\/notibras\/\" \/>\n<meta property=\"article:published_time\" content=\"2023-05-22T03:38:54+00:00\" \/>\n<meta property=\"article:modified_time\" content=\"2023-05-22T10:42:21+00:00\" \/>\n<meta property=\"og:image\" content=\"https:\/\/www.notibras.com\/site\/wp-content\/uploads\/2023\/05\/homoafetivo_5.jpg\" \/>\n\t<meta property=\"og:image:width\" content=\"1170\" \/>\n\t<meta property=\"og:image:height\" content=\"700\" \/>\n\t<meta property=\"og:image:type\" content=\"image\/jpeg\" \/>\n<meta name=\"author\" content=\"Reda\u00e7\u00e3o\" \/>\n<meta name=\"twitter:card\" content=\"summary_large_image\" \/>\n<meta name=\"twitter:creator\" content=\"@Notibras\" \/>\n<meta name=\"twitter:site\" content=\"@Notibras\" \/>\n<meta name=\"twitter:label1\" content=\"Escrito por\" \/>\n\t<meta name=\"twitter:data1\" content=\"Reda\u00e7\u00e3o\" \/>\n\t<meta name=\"twitter:label2\" content=\"Est. tempo de leitura\" \/>\n\t<meta name=\"twitter:data2\" content=\"10 minutos\" \/>\n<script type=\"application\/ld+json\" class=\"yoast-schema-graph\">{\"@context\":\"https:\/\/schema.org\",\"@graph\":[{\"@type\":\"Article\",\"@id\":\"https:\/\/www.notibras.com\/site\/historias-com-final-feliz-de-casamentos-homoafetivos\/#article\",\"isPartOf\":{\"@id\":\"https:\/\/www.notibras.com\/site\/historias-com-final-feliz-de-casamentos-homoafetivos\/\"},\"author\":{\"name\":\"Reda\u00e7\u00e3o\",\"@id\":\"https:\/\/www.notibras.com\/site\/#\/schema\/person\/36ab0979449956132d3e5b517ea76ac8\"},\"headline\":\"Hist\u00f3rias com final feliz de casamentos homoafetivos\",\"datePublished\":\"2023-05-22T03:38:54+00:00\",\"dateModified\":\"2023-05-22T10:42:21+00:00\",\"mainEntityOfPage\":{\"@id\":\"https:\/\/www.notibras.com\/site\/historias-com-final-feliz-de-casamentos-homoafetivos\/\"},\"wordCount\":1972,\"publisher\":{\"@id\":\"https:\/\/www.notibras.com\/site\/#organization\"},\"image\":{\"@id\":\"https:\/\/www.notibras.com\/site\/historias-com-final-feliz-de-casamentos-homoafetivos\/#primaryimage\"},\"thumbnailUrl\":\"https:\/\/www.notibras.com\/site\/wp-content\/uploads\/2023\/05\/homoafetivo_5.jpg\",\"articleSection\":[\"Quadradinho em Foco\"],\"inLanguage\":\"pt-BR\"},{\"@type\":\"WebPage\",\"@id\":\"https:\/\/www.notibras.com\/site\/historias-com-final-feliz-de-casamentos-homoafetivos\/\",\"url\":\"https:\/\/www.notibras.com\/site\/historias-com-final-feliz-de-casamentos-homoafetivos\/\",\"name\":\"Hist\u00f3rias com final feliz de casamentos homoafetivos - Notibras\",\"isPartOf\":{\"@id\":\"https:\/\/www.notibras.com\/site\/#website\"},\"primaryImageOfPage\":{\"@id\":\"https:\/\/www.notibras.com\/site\/historias-com-final-feliz-de-casamentos-homoafetivos\/#primaryimage\"},\"image\":{\"@id\":\"https:\/\/www.notibras.com\/site\/historias-com-final-feliz-de-casamentos-homoafetivos\/#primaryimage\"},\"thumbnailUrl\":\"https:\/\/www.notibras.com\/site\/wp-content\/uploads\/2023\/05\/homoafetivo_5.jpg\",\"datePublished\":\"2023-05-22T03:38:54+00:00\",\"dateModified\":\"2023-05-22T10:42:21+00:00\",\"breadcrumb\":{\"@id\":\"https:\/\/www.notibras.com\/site\/historias-com-final-feliz-de-casamentos-homoafetivos\/#breadcrumb\"},\"inLanguage\":\"pt-BR\",\"potentialAction\":[{\"@type\":\"ReadAction\",\"target\":[\"https:\/\/www.notibras.com\/site\/historias-com-final-feliz-de-casamentos-homoafetivos\/\"]}]},{\"@type\":\"ImageObject\",\"inLanguage\":\"pt-BR\",\"@id\":\"https:\/\/www.notibras.com\/site\/historias-com-final-feliz-de-casamentos-homoafetivos\/#primaryimage\",\"url\":\"https:\/\/www.notibras.com\/site\/wp-content\/uploads\/2023\/05\/homoafetivo_5.jpg\",\"contentUrl\":\"https:\/\/www.notibras.com\/site\/wp-content\/uploads\/2023\/05\/homoafetivo_5.jpg\",\"width\":1170,\"height\":700,\"caption\":\"Rio de Janeiro (RJ), 18\/05\/2023 - O jornalista Ot\u00e1vio Furtado e o advogado Fernando Gomes falam sobre o casamento homoafetivo, 10 anos ap\u00f3s a permiss\u00e3o no Brasil Foto: Fernando Fraz\u00e3o\/Ag\u00eancia Brasil\"},{\"@type\":\"BreadcrumbList\",\"@id\":\"https:\/\/www.notibras.com\/site\/historias-com-final-feliz-de-casamentos-homoafetivos\/#breadcrumb\",\"itemListElement\":[{\"@type\":\"ListItem\",\"position\":1,\"name\":\"In\u00edcio\",\"item\":\"https:\/\/www.notibras.com\/site\/\"},{\"@type\":\"ListItem\",\"position\":2,\"name\":\"Hist\u00f3rias com final feliz de casamentos homoafetivos\"}]},{\"@type\":\"WebSite\",\"@id\":\"https:\/\/www.notibras.com\/site\/#website\",\"url\":\"https:\/\/www.notibras.com\/site\/\",\"name\":\"Notibras\",\"description\":\"Not\u00edcias de Bras\u00edlia, do Brasil e do Mundo\",\"publisher\":{\"@id\":\"https:\/\/www.notibras.com\/site\/#organization\"},\"potentialAction\":[{\"@type\":\"SearchAction\",\"target\":{\"@type\":\"EntryPoint\",\"urlTemplate\":\"https:\/\/www.notibras.com\/site\/?s={search_term_string}\"},\"query-input\":{\"@type\":\"PropertyValueSpecification\",\"valueRequired\":true,\"valueName\":\"search_term_string\"}}],\"inLanguage\":\"pt-BR\"},{\"@type\":\"Organization\",\"@id\":\"https:\/\/www.notibras.com\/site\/#organization\",\"name\":\"Grupo Notibras de Comunica\u00e7\u00e3o\",\"url\":\"https:\/\/www.notibras.com\/site\/\",\"logo\":{\"@type\":\"ImageObject\",\"inLanguage\":\"pt-BR\",\"@id\":\"https:\/\/www.notibras.com\/site\/#\/schema\/logo\/image\/\",\"url\":\"https:\/\/www.notibras.com\/site\/wp-content\/uploads\/2023\/01\/notibras23.png\",\"contentUrl\":\"https:\/\/www.notibras.com\/site\/wp-content\/uploads\/2023\/01\/notibras23.png\",\"width\":350,\"height\":87,\"caption\":\"Grupo Notibras de Comunica\u00e7\u00e3o\"},\"image\":{\"@id\":\"https:\/\/www.notibras.com\/site\/#\/schema\/logo\/image\/\"},\"sameAs\":[\"https:\/\/www.facebook.com\/notibras\/\",\"https:\/\/x.com\/Notibras\",\"https:\/\/www.instagram.com\/notibras\/\"]},{\"@type\":\"Person\",\"@id\":\"https:\/\/www.notibras.com\/site\/#\/schema\/person\/36ab0979449956132d3e5b517ea76ac8\",\"name\":\"Reda\u00e7\u00e3o\",\"image\":{\"@type\":\"ImageObject\",\"inLanguage\":\"pt-BR\",\"@id\":\"https:\/\/secure.gravatar.com\/avatar\/e0a867bdedb85fd243eadf09663511f96fc81e0720a4a42581f334ad4303aa6b?s=96&d=mm&r=g\",\"url\":\"https:\/\/secure.gravatar.com\/avatar\/e0a867bdedb85fd243eadf09663511f96fc81e0720a4a42581f334ad4303aa6b?s=96&d=mm&r=g\",\"contentUrl\":\"https:\/\/secure.gravatar.com\/avatar\/e0a867bdedb85fd243eadf09663511f96fc81e0720a4a42581f334ad4303aa6b?s=96&d=mm&r=g\",\"caption\":\"Reda\u00e7\u00e3o\"}}]}<\/script>\n<!-- \/ Yoast SEO plugin. -->","yoast_head_json":{"title":"Hist\u00f3rias com final feliz de casamentos homoafetivos - Notibras","robots":{"index":"index","follow":"follow","max-snippet":"max-snippet:-1","max-image-preview":"max-image-preview:large","max-video-preview":"max-video-preview:-1"},"canonical":"https:\/\/www.notibras.com\/site\/historias-com-final-feliz-de-casamentos-homoafetivos\/","og_locale":"pt_BR","og_type":"article","og_title":"Hist\u00f3rias com final feliz de casamentos homoafetivos - Notibras","og_description":"\u201cFoi um ato de amor, mas tamb\u00e9m um ato pol\u00edtico\u201d. Essa convic\u00e7\u00e3o une os tr\u00eas casais homoafetivos que aceitaram conversar sobre os 10 anos da decis\u00e3o do Conselho Nacional de Justi\u00e7a (CNJ) de que nenhum cart\u00f3rio no Brasil poderia recusar a celebra\u00e7\u00e3o do casamento entre pessoas do mesmo sexo. Desde 14 de maio de 2013, [&hellip;]","og_url":"https:\/\/www.notibras.com\/site\/historias-com-final-feliz-de-casamentos-homoafetivos\/","og_site_name":"Notibras","article_publisher":"https:\/\/www.facebook.com\/notibras\/","article_published_time":"2023-05-22T03:38:54+00:00","article_modified_time":"2023-05-22T10:42:21+00:00","og_image":[{"width":1170,"height":700,"url":"https:\/\/www.notibras.com\/site\/wp-content\/uploads\/2023\/05\/homoafetivo_5.jpg","type":"image\/jpeg"}],"author":"Reda\u00e7\u00e3o","twitter_card":"summary_large_image","twitter_creator":"@Notibras","twitter_site":"@Notibras","twitter_misc":{"Escrito por":"Reda\u00e7\u00e3o","Est. tempo de leitura":"10 minutos"},"schema":{"@context":"https:\/\/schema.org","@graph":[{"@type":"Article","@id":"https:\/\/www.notibras.com\/site\/historias-com-final-feliz-de-casamentos-homoafetivos\/#article","isPartOf":{"@id":"https:\/\/www.notibras.com\/site\/historias-com-final-feliz-de-casamentos-homoafetivos\/"},"author":{"name":"Reda\u00e7\u00e3o","@id":"https:\/\/www.notibras.com\/site\/#\/schema\/person\/36ab0979449956132d3e5b517ea76ac8"},"headline":"Hist\u00f3rias com final feliz de casamentos homoafetivos","datePublished":"2023-05-22T03:38:54+00:00","dateModified":"2023-05-22T10:42:21+00:00","mainEntityOfPage":{"@id":"https:\/\/www.notibras.com\/site\/historias-com-final-feliz-de-casamentos-homoafetivos\/"},"wordCount":1972,"publisher":{"@id":"https:\/\/www.notibras.com\/site\/#organization"},"image":{"@id":"https:\/\/www.notibras.com\/site\/historias-com-final-feliz-de-casamentos-homoafetivos\/#primaryimage"},"thumbnailUrl":"https:\/\/www.notibras.com\/site\/wp-content\/uploads\/2023\/05\/homoafetivo_5.jpg","articleSection":["Quadradinho em Foco"],"inLanguage":"pt-BR"},{"@type":"WebPage","@id":"https:\/\/www.notibras.com\/site\/historias-com-final-feliz-de-casamentos-homoafetivos\/","url":"https:\/\/www.notibras.com\/site\/historias-com-final-feliz-de-casamentos-homoafetivos\/","name":"Hist\u00f3rias com final feliz de casamentos homoafetivos - Notibras","isPartOf":{"@id":"https:\/\/www.notibras.com\/site\/#website"},"primaryImageOfPage":{"@id":"https:\/\/www.notibras.com\/site\/historias-com-final-feliz-de-casamentos-homoafetivos\/#primaryimage"},"image":{"@id":"https:\/\/www.notibras.com\/site\/historias-com-final-feliz-de-casamentos-homoafetivos\/#primaryimage"},"thumbnailUrl":"https:\/\/www.notibras.com\/site\/wp-content\/uploads\/2023\/05\/homoafetivo_5.jpg","datePublished":"2023-05-22T03:38:54+00:00","dateModified":"2023-05-22T10:42:21+00:00","breadcrumb":{"@id":"https:\/\/www.notibras.com\/site\/historias-com-final-feliz-de-casamentos-homoafetivos\/#breadcrumb"},"inLanguage":"pt-BR","potentialAction":[{"@type":"ReadAction","target":["https:\/\/www.notibras.com\/site\/historias-com-final-feliz-de-casamentos-homoafetivos\/"]}]},{"@type":"ImageObject","inLanguage":"pt-BR","@id":"https:\/\/www.notibras.com\/site\/historias-com-final-feliz-de-casamentos-homoafetivos\/#primaryimage","url":"https:\/\/www.notibras.com\/site\/wp-content\/uploads\/2023\/05\/homoafetivo_5.jpg","contentUrl":"https:\/\/www.notibras.com\/site\/wp-content\/uploads\/2023\/05\/homoafetivo_5.jpg","width":1170,"height":700,"caption":"Rio de Janeiro (RJ), 18\/05\/2023 - O jornalista Ot\u00e1vio Furtado e o advogado Fernando Gomes falam sobre o casamento homoafetivo, 10 anos ap\u00f3s a permiss\u00e3o no Brasil Foto: Fernando Fraz\u00e3o\/Ag\u00eancia Brasil"},{"@type":"BreadcrumbList","@id":"https:\/\/www.notibras.com\/site\/historias-com-final-feliz-de-casamentos-homoafetivos\/#breadcrumb","itemListElement":[{"@type":"ListItem","position":1,"name":"In\u00edcio","item":"https:\/\/www.notibras.com\/site\/"},{"@type":"ListItem","position":2,"name":"Hist\u00f3rias com final feliz de casamentos homoafetivos"}]},{"@type":"WebSite","@id":"https:\/\/www.notibras.com\/site\/#website","url":"https:\/\/www.notibras.com\/site\/","name":"Notibras","description":"Not\u00edcias de Bras\u00edlia, do Brasil e do Mundo","publisher":{"@id":"https:\/\/www.notibras.com\/site\/#organization"},"potentialAction":[{"@type":"SearchAction","target":{"@type":"EntryPoint","urlTemplate":"https:\/\/www.notibras.com\/site\/?s={search_term_string}"},"query-input":{"@type":"PropertyValueSpecification","valueRequired":true,"valueName":"search_term_string"}}],"inLanguage":"pt-BR"},{"@type":"Organization","@id":"https:\/\/www.notibras.com\/site\/#organization","name":"Grupo Notibras de Comunica\u00e7\u00e3o","url":"https:\/\/www.notibras.com\/site\/","logo":{"@type":"ImageObject","inLanguage":"pt-BR","@id":"https:\/\/www.notibras.com\/site\/#\/schema\/logo\/image\/","url":"https:\/\/www.notibras.com\/site\/wp-content\/uploads\/2023\/01\/notibras23.png","contentUrl":"https:\/\/www.notibras.com\/site\/wp-content\/uploads\/2023\/01\/notibras23.png","width":350,"height":87,"caption":"Grupo Notibras de Comunica\u00e7\u00e3o"},"image":{"@id":"https:\/\/www.notibras.com\/site\/#\/schema\/logo\/image\/"},"sameAs":["https:\/\/www.facebook.com\/notibras\/","https:\/\/x.com\/Notibras","https:\/\/www.instagram.com\/notibras\/"]},{"@type":"Person","@id":"https:\/\/www.notibras.com\/site\/#\/schema\/person\/36ab0979449956132d3e5b517ea76ac8","name":"Reda\u00e7\u00e3o","image":{"@type":"ImageObject","inLanguage":"pt-BR","@id":"https:\/\/secure.gravatar.com\/avatar\/e0a867bdedb85fd243eadf09663511f96fc81e0720a4a42581f334ad4303aa6b?s=96&d=mm&r=g","url":"https:\/\/secure.gravatar.com\/avatar\/e0a867bdedb85fd243eadf09663511f96fc81e0720a4a42581f334ad4303aa6b?s=96&d=mm&r=g","contentUrl":"https:\/\/secure.gravatar.com\/avatar\/e0a867bdedb85fd243eadf09663511f96fc81e0720a4a42581f334ad4303aa6b?s=96&d=mm&r=g","caption":"Reda\u00e7\u00e3o"}}]}},"amp_enabled":true,"_links":{"self":[{"href":"https:\/\/www.notibras.com\/site\/wp-json\/wp\/v2\/posts\/305422","targetHints":{"allow":["GET"]}}],"collection":[{"href":"https:\/\/www.notibras.com\/site\/wp-json\/wp\/v2\/posts"}],"about":[{"href":"https:\/\/www.notibras.com\/site\/wp-json\/wp\/v2\/types\/post"}],"author":[{"embeddable":true,"href":"https:\/\/www.notibras.com\/site\/wp-json\/wp\/v2\/users\/2"}],"replies":[{"embeddable":true,"href":"https:\/\/www.notibras.com\/site\/wp-json\/wp\/v2\/comments?post=305422"}],"version-history":[{"count":1,"href":"https:\/\/www.notibras.com\/site\/wp-json\/wp\/v2\/posts\/305422\/revisions"}],"predecessor-version":[{"id":305424,"href":"https:\/\/www.notibras.com\/site\/wp-json\/wp\/v2\/posts\/305422\/revisions\/305424"}],"wp:featuredmedia":[{"embeddable":true,"href":"https:\/\/www.notibras.com\/site\/wp-json\/wp\/v2\/media\/305423"}],"wp:attachment":[{"href":"https:\/\/www.notibras.com\/site\/wp-json\/wp\/v2\/media?parent=305422"}],"wp:term":[{"taxonomy":"category","embeddable":true,"href":"https:\/\/www.notibras.com\/site\/wp-json\/wp\/v2\/categories?post=305422"},{"taxonomy":"post_tag","embeddable":true,"href":"https:\/\/www.notibras.com\/site\/wp-json\/wp\/v2\/tags?post=305422"}],"curies":[{"name":"wp","href":"https:\/\/api.w.org\/{rel}","templated":true}]}}