{"id":305454,"date":"2023-05-22T16:20:39","date_gmt":"2023-05-22T19:20:39","guid":{"rendered":"https:\/\/www.notibras.com\/site\/?p=305454"},"modified":"2023-05-22T23:22:30","modified_gmt":"2023-05-23T02:22:30","slug":"governo-lanca-canal-de-denuncias-para-combustiveis","status":"publish","type":"post","link":"https:\/\/www.notibras.com\/site\/governo-lanca-canal-de-denuncias-para-combustiveis\/","title":{"rendered":"Governo lan\u00e7a canal de den\u00fancias para combust\u00edveis"},"content":{"rendered":"<p>A Secretaria Nacional do Consumidor (Senacon), vinculada ao Minist\u00e9rio da Justi\u00e7a e Seguran\u00e7a P\u00fablica, lan\u00e7ou nesta segunda-feira (22) um canal de den\u00fancias espec\u00edfico para cobran\u00e7a de pre\u00e7os abusivos nos postos de combust\u00edveis. Os consumidores poder\u00e3o registrar reclama\u00e7\u00f5es em um formul\u00e1rio online, que j\u00e1 est\u00e1 dispon\u00edvel.<\/p>\n<p>A iniciativa \u00e9 mais um desdobramento das a\u00e7\u00f5es para tentar fazer valer a decis\u00e3o da Petrobras, que reduziu nesta semana o pre\u00e7o dos combust\u00edveis vendidos \u00e0s distribuidoras. A redu\u00e7\u00e3o foi de R$ 0,44 por litro do pre\u00e7o m\u00e9dio do diesel, que caiu de R$ 3,46 para R$ 3,02, e de R$ 0,40 por litro da gasolina, passando de R$ 3,18 para R$ 2,78.<\/p>\n<p>Apesar disso, consumidores de diversas partes do pa\u00eds reclamaram que as redu\u00e7\u00f5es nos valores n\u00e3o foram repassados e, em alguns casos, o pre\u00e7o at\u00e9 subiu para em seguida voltar ao patamar anterior, como forma de fraudar uma redu\u00e7\u00e3o.<\/p>\n<p>Para verificar se os postos de abastecimento est\u00e3o repassando de forma adequada as varia\u00e7\u00f5es de pre\u00e7o ao consumidor final e se est\u00e3o cumprindo as normas e regulamenta\u00e7\u00f5es vigentes, a Senacon coordenar\u00e1, na pr\u00f3xima quarta-feira (24), o Mutir\u00e3o do Pre\u00e7o Justo, em todo o Brasil.<\/p>\n<p>Com apoio dos Procons, ser\u00e1 feito o monitoramento da precifica\u00e7\u00e3o dos combust\u00edveis nas cidades brasileiras, com envio para a Senacon do maior e do menor valor encontrado nos estabelecimentos. O relat\u00f3rio com os dados ser\u00e1 apresentado ao p\u00fablico no dia 30 de maio.<\/p>\n<p><strong>Curso<\/strong><br \/>\nEm outra iniciativa, o governo est\u00e1 com inscri\u00e7\u00f5es abertas, at\u00e9 o dia 29 de maio, para o curso Conhecendo o Mercado de Combust\u00edveis. A forma\u00e7\u00e3o pretende apresentar o funcionamento do mercado de combust\u00edveis, possibilitando conhecer as caracter\u00edsticas dos produtos comercializados e como o poder p\u00fablico age para regular essa atividade por meio da Ag\u00eancia Nacional de Petr\u00f3leo, G\u00e1s e Biocombust\u00edveis (ANP).<\/p>\n<p>Segundo o governo, o curso tem carga hor\u00e1ria de 20 horas e foi desenvolvido visando, prioritariamente, os consumidores, agentes p\u00fablicos de \u00f3rg\u00e3os vinculados \u00e0 prote\u00e7\u00e3o da defesa do consumidor e agentes de mercado.<\/p>\n","protected":false},"excerpt":{"rendered":"<p>A Secretaria Nacional do Consumidor (Senacon), vinculada ao Minist\u00e9rio da Justi\u00e7a e Seguran\u00e7a P\u00fablica, lan\u00e7ou nesta segunda-feira (22) um canal de den\u00fancias espec\u00edfico para cobran\u00e7a de pre\u00e7os abusivos nos postos de combust\u00edveis. Os consumidores poder\u00e3o registrar reclama\u00e7\u00f5es em um formul\u00e1rio online, que j\u00e1 est\u00e1 dispon\u00edvel. A iniciativa \u00e9 mais um desdobramento das a\u00e7\u00f5es para tentar [&hellip;]<\/p>\n","protected":false},"author":2,"featured_media":305455,"comment_status":"closed","ping_status":"closed","sticky":false,"template":"","format":"standard","meta":{"_acf_changed":false,"footnotes":""},"categories":[161],"tags":[95],"class_list":["post-305454","post","type-post","status-publish","format-standard","has-post-thumbnail","hentry","category-quadradinho-em-foco","tag-capa"],"acf":[],"yoast_head":"<!-- This site is optimized with the Yoast SEO plugin v27.2 - https:\/\/yoast.com\/product\/yoast-seo-wordpress\/ -->\n<title>Governo lan\u00e7a canal de den\u00fancias para combust\u00edveis - Notibras<\/title>\n<meta name=\"robots\" content=\"index, follow, max-snippet:-1, max-image-preview:large, max-video-preview:-1\" \/>\n<link rel=\"canonical\" href=\"https:\/\/www.notibras.com\/site\/governo-lanca-canal-de-denuncias-para-combustiveis\/\" \/>\n<meta property=\"og:locale\" content=\"pt_BR\" \/>\n<meta property=\"og:type\" content=\"article\" \/>\n<meta property=\"og:title\" content=\"Governo lan\u00e7a canal de den\u00fancias para combust\u00edveis - Notibras\" \/>\n<meta property=\"og:description\" content=\"A Secretaria Nacional do Consumidor (Senacon), vinculada ao Minist\u00e9rio da Justi\u00e7a e Seguran\u00e7a P\u00fablica, lan\u00e7ou nesta segunda-feira (22) um canal de den\u00fancias espec\u00edfico para cobran\u00e7a de pre\u00e7os abusivos nos postos de combust\u00edveis. Os consumidores poder\u00e3o registrar reclama\u00e7\u00f5es em um formul\u00e1rio online, que j\u00e1 est\u00e1 dispon\u00edvel. A iniciativa \u00e9 mais um desdobramento das a\u00e7\u00f5es para tentar [&hellip;]\" \/>\n<meta property=\"og:url\" content=\"https:\/\/www.notibras.com\/site\/governo-lanca-canal-de-denuncias-para-combustiveis\/\" \/>\n<meta property=\"og:site_name\" content=\"Notibras\" \/>\n<meta property=\"article:publisher\" content=\"https:\/\/www.facebook.com\/notibras\/\" \/>\n<meta property=\"article:published_time\" content=\"2023-05-22T19:20:39+00:00\" \/>\n<meta property=\"article:modified_time\" content=\"2023-05-23T02:22:30+00:00\" \/>\n<meta property=\"og:image\" content=\"https:\/\/www.notibras.com\/site\/wp-content\/uploads\/2023\/05\/pzzb5476-2.jpg\" \/>\n\t<meta property=\"og:image:width\" content=\"1170\" \/>\n\t<meta property=\"og:image:height\" content=\"700\" \/>\n\t<meta property=\"og:image:type\" content=\"image\/jpeg\" \/>\n<meta name=\"author\" content=\"Reda\u00e7\u00e3o\" \/>\n<meta name=\"twitter:card\" content=\"summary_large_image\" \/>\n<meta name=\"twitter:creator\" content=\"@Notibras\" \/>\n<meta name=\"twitter:site\" content=\"@Notibras\" \/>\n<meta name=\"twitter:label1\" content=\"Escrito por\" \/>\n\t<meta name=\"twitter:data1\" content=\"Reda\u00e7\u00e3o\" \/>\n\t<meta name=\"twitter:label2\" content=\"Est. tempo de leitura\" \/>\n\t<meta name=\"twitter:data2\" content=\"2 minutos\" \/>\n<script type=\"application\/ld+json\" class=\"yoast-schema-graph\">{\"@context\":\"https:\/\/schema.org\",\"@graph\":[{\"@type\":\"Article\",\"@id\":\"https:\/\/www.notibras.com\/site\/governo-lanca-canal-de-denuncias-para-combustiveis\/#article\",\"isPartOf\":{\"@id\":\"https:\/\/www.notibras.com\/site\/governo-lanca-canal-de-denuncias-para-combustiveis\/\"},\"author\":{\"name\":\"Reda\u00e7\u00e3o\",\"@id\":\"https:\/\/www.notibras.com\/site\/#\/schema\/person\/36ab0979449956132d3e5b517ea76ac8\"},\"headline\":\"Governo lan\u00e7a canal de den\u00fancias para combust\u00edveis\",\"datePublished\":\"2023-05-22T19:20:39+00:00\",\"dateModified\":\"2023-05-23T02:22:30+00:00\",\"mainEntityOfPage\":{\"@id\":\"https:\/\/www.notibras.com\/site\/governo-lanca-canal-de-denuncias-para-combustiveis\/\"},\"wordCount\":377,\"publisher\":{\"@id\":\"https:\/\/www.notibras.com\/site\/#organization\"},\"image\":{\"@id\":\"https:\/\/www.notibras.com\/site\/governo-lanca-canal-de-denuncias-para-combustiveis\/#primaryimage\"},\"thumbnailUrl\":\"https:\/\/www.notibras.com\/site\/wp-content\/uploads\/2023\/05\/pzzb5476-2.jpg\",\"keywords\":[\"capa\"],\"articleSection\":[\"Quadradinho em Foco\"],\"inLanguage\":\"pt-BR\"},{\"@type\":\"WebPage\",\"@id\":\"https:\/\/www.notibras.com\/site\/governo-lanca-canal-de-denuncias-para-combustiveis\/\",\"url\":\"https:\/\/www.notibras.com\/site\/governo-lanca-canal-de-denuncias-para-combustiveis\/\",\"name\":\"Governo lan\u00e7a canal de den\u00fancias para combust\u00edveis - Notibras\",\"isPartOf\":{\"@id\":\"https:\/\/www.notibras.com\/site\/#website\"},\"primaryImageOfPage\":{\"@id\":\"https:\/\/www.notibras.com\/site\/governo-lanca-canal-de-denuncias-para-combustiveis\/#primaryimage\"},\"image\":{\"@id\":\"https:\/\/www.notibras.com\/site\/governo-lanca-canal-de-denuncias-para-combustiveis\/#primaryimage\"},\"thumbnailUrl\":\"https:\/\/www.notibras.com\/site\/wp-content\/uploads\/2023\/05\/pzzb5476-2.jpg\",\"datePublished\":\"2023-05-22T19:20:39+00:00\",\"dateModified\":\"2023-05-23T02:22:30+00:00\",\"breadcrumb\":{\"@id\":\"https:\/\/www.notibras.com\/site\/governo-lanca-canal-de-denuncias-para-combustiveis\/#breadcrumb\"},\"inLanguage\":\"pt-BR\",\"potentialAction\":[{\"@type\":\"ReadAction\",\"target\":[\"https:\/\/www.notibras.com\/site\/governo-lanca-canal-de-denuncias-para-combustiveis\/\"]}]},{\"@type\":\"ImageObject\",\"inLanguage\":\"pt-BR\",\"@id\":\"https:\/\/www.notibras.com\/site\/governo-lanca-canal-de-denuncias-para-combustiveis\/#primaryimage\",\"url\":\"https:\/\/www.notibras.com\/site\/wp-content\/uploads\/2023\/05\/pzzb5476-2.jpg\",\"contentUrl\":\"https:\/\/www.notibras.com\/site\/wp-content\/uploads\/2023\/05\/pzzb5476-2.jpg\",\"width\":1170,\"height\":700,\"caption\":\"Postos de combust\u00edveis do DF exibem tabelas afixadas nas bombas mostrando os pre\u00e7os anteriores dos produtos\"},{\"@type\":\"BreadcrumbList\",\"@id\":\"https:\/\/www.notibras.com\/site\/governo-lanca-canal-de-denuncias-para-combustiveis\/#breadcrumb\",\"itemListElement\":[{\"@type\":\"ListItem\",\"position\":1,\"name\":\"In\u00edcio\",\"item\":\"https:\/\/www.notibras.com\/site\/\"},{\"@type\":\"ListItem\",\"position\":2,\"name\":\"Governo lan\u00e7a canal de den\u00fancias para combust\u00edveis\"}]},{\"@type\":\"WebSite\",\"@id\":\"https:\/\/www.notibras.com\/site\/#website\",\"url\":\"https:\/\/www.notibras.com\/site\/\",\"name\":\"Notibras\",\"description\":\"Not\u00edcias de Bras\u00edlia, do Brasil e do Mundo\",\"publisher\":{\"@id\":\"https:\/\/www.notibras.com\/site\/#organization\"},\"potentialAction\":[{\"@type\":\"SearchAction\",\"target\":{\"@type\":\"EntryPoint\",\"urlTemplate\":\"https:\/\/www.notibras.com\/site\/?s={search_term_string}\"},\"query-input\":{\"@type\":\"PropertyValueSpecification\",\"valueRequired\":true,\"valueName\":\"search_term_string\"}}],\"inLanguage\":\"pt-BR\"},{\"@type\":\"Organization\",\"@id\":\"https:\/\/www.notibras.com\/site\/#organization\",\"name\":\"Grupo Notibras de Comunica\u00e7\u00e3o\",\"url\":\"https:\/\/www.notibras.com\/site\/\",\"logo\":{\"@type\":\"ImageObject\",\"inLanguage\":\"pt-BR\",\"@id\":\"https:\/\/www.notibras.com\/site\/#\/schema\/logo\/image\/\",\"url\":\"https:\/\/www.notibras.com\/site\/wp-content\/uploads\/2023\/01\/notibras23.png\",\"contentUrl\":\"https:\/\/www.notibras.com\/site\/wp-content\/uploads\/2023\/01\/notibras23.png\",\"width\":350,\"height\":87,\"caption\":\"Grupo Notibras de Comunica\u00e7\u00e3o\"},\"image\":{\"@id\":\"https:\/\/www.notibras.com\/site\/#\/schema\/logo\/image\/\"},\"sameAs\":[\"https:\/\/www.facebook.com\/notibras\/\",\"https:\/\/x.com\/Notibras\",\"https:\/\/www.instagram.com\/notibras\/\"]},{\"@type\":\"Person\",\"@id\":\"https:\/\/www.notibras.com\/site\/#\/schema\/person\/36ab0979449956132d3e5b517ea76ac8\",\"name\":\"Reda\u00e7\u00e3o\",\"image\":{\"@type\":\"ImageObject\",\"inLanguage\":\"pt-BR\",\"@id\":\"https:\/\/secure.gravatar.com\/avatar\/e0a867bdedb85fd243eadf09663511f96fc81e0720a4a42581f334ad4303aa6b?s=96&d=mm&r=g\",\"url\":\"https:\/\/secure.gravatar.com\/avatar\/e0a867bdedb85fd243eadf09663511f96fc81e0720a4a42581f334ad4303aa6b?s=96&d=mm&r=g\",\"contentUrl\":\"https:\/\/secure.gravatar.com\/avatar\/e0a867bdedb85fd243eadf09663511f96fc81e0720a4a42581f334ad4303aa6b?s=96&d=mm&r=g\",\"caption\":\"Reda\u00e7\u00e3o\"}}]}<\/script>\n<!-- \/ Yoast SEO plugin. -->","yoast_head_json":{"title":"Governo lan\u00e7a canal de den\u00fancias para combust\u00edveis - Notibras","robots":{"index":"index","follow":"follow","max-snippet":"max-snippet:-1","max-image-preview":"max-image-preview:large","max-video-preview":"max-video-preview:-1"},"canonical":"https:\/\/www.notibras.com\/site\/governo-lanca-canal-de-denuncias-para-combustiveis\/","og_locale":"pt_BR","og_type":"article","og_title":"Governo lan\u00e7a canal de den\u00fancias para combust\u00edveis - Notibras","og_description":"A Secretaria Nacional do Consumidor (Senacon), vinculada ao Minist\u00e9rio da Justi\u00e7a e Seguran\u00e7a P\u00fablica, lan\u00e7ou nesta segunda-feira (22) um canal de den\u00fancias espec\u00edfico para cobran\u00e7a de pre\u00e7os abusivos nos postos de combust\u00edveis. Os consumidores poder\u00e3o registrar reclama\u00e7\u00f5es em um formul\u00e1rio online, que j\u00e1 est\u00e1 dispon\u00edvel. A iniciativa \u00e9 mais um desdobramento das a\u00e7\u00f5es para tentar [&hellip;]","og_url":"https:\/\/www.notibras.com\/site\/governo-lanca-canal-de-denuncias-para-combustiveis\/","og_site_name":"Notibras","article_publisher":"https:\/\/www.facebook.com\/notibras\/","article_published_time":"2023-05-22T19:20:39+00:00","article_modified_time":"2023-05-23T02:22:30+00:00","og_image":[{"width":1170,"height":700,"url":"https:\/\/www.notibras.com\/site\/wp-content\/uploads\/2023\/05\/pzzb5476-2.jpg","type":"image\/jpeg"}],"author":"Reda\u00e7\u00e3o","twitter_card":"summary_large_image","twitter_creator":"@Notibras","twitter_site":"@Notibras","twitter_misc":{"Escrito por":"Reda\u00e7\u00e3o","Est. tempo de leitura":"2 minutos"},"schema":{"@context":"https:\/\/schema.org","@graph":[{"@type":"Article","@id":"https:\/\/www.notibras.com\/site\/governo-lanca-canal-de-denuncias-para-combustiveis\/#article","isPartOf":{"@id":"https:\/\/www.notibras.com\/site\/governo-lanca-canal-de-denuncias-para-combustiveis\/"},"author":{"name":"Reda\u00e7\u00e3o","@id":"https:\/\/www.notibras.com\/site\/#\/schema\/person\/36ab0979449956132d3e5b517ea76ac8"},"headline":"Governo lan\u00e7a canal de den\u00fancias para combust\u00edveis","datePublished":"2023-05-22T19:20:39+00:00","dateModified":"2023-05-23T02:22:30+00:00","mainEntityOfPage":{"@id":"https:\/\/www.notibras.com\/site\/governo-lanca-canal-de-denuncias-para-combustiveis\/"},"wordCount":377,"publisher":{"@id":"https:\/\/www.notibras.com\/site\/#organization"},"image":{"@id":"https:\/\/www.notibras.com\/site\/governo-lanca-canal-de-denuncias-para-combustiveis\/#primaryimage"},"thumbnailUrl":"https:\/\/www.notibras.com\/site\/wp-content\/uploads\/2023\/05\/pzzb5476-2.jpg","keywords":["capa"],"articleSection":["Quadradinho em Foco"],"inLanguage":"pt-BR"},{"@type":"WebPage","@id":"https:\/\/www.notibras.com\/site\/governo-lanca-canal-de-denuncias-para-combustiveis\/","url":"https:\/\/www.notibras.com\/site\/governo-lanca-canal-de-denuncias-para-combustiveis\/","name":"Governo lan\u00e7a canal de den\u00fancias para combust\u00edveis - Notibras","isPartOf":{"@id":"https:\/\/www.notibras.com\/site\/#website"},"primaryImageOfPage":{"@id":"https:\/\/www.notibras.com\/site\/governo-lanca-canal-de-denuncias-para-combustiveis\/#primaryimage"},"image":{"@id":"https:\/\/www.notibras.com\/site\/governo-lanca-canal-de-denuncias-para-combustiveis\/#primaryimage"},"thumbnailUrl":"https:\/\/www.notibras.com\/site\/wp-content\/uploads\/2023\/05\/pzzb5476-2.jpg","datePublished":"2023-05-22T19:20:39+00:00","dateModified":"2023-05-23T02:22:30+00:00","breadcrumb":{"@id":"https:\/\/www.notibras.com\/site\/governo-lanca-canal-de-denuncias-para-combustiveis\/#breadcrumb"},"inLanguage":"pt-BR","potentialAction":[{"@type":"ReadAction","target":["https:\/\/www.notibras.com\/site\/governo-lanca-canal-de-denuncias-para-combustiveis\/"]}]},{"@type":"ImageObject","inLanguage":"pt-BR","@id":"https:\/\/www.notibras.com\/site\/governo-lanca-canal-de-denuncias-para-combustiveis\/#primaryimage","url":"https:\/\/www.notibras.com\/site\/wp-content\/uploads\/2023\/05\/pzzb5476-2.jpg","contentUrl":"https:\/\/www.notibras.com\/site\/wp-content\/uploads\/2023\/05\/pzzb5476-2.jpg","width":1170,"height":700,"caption":"Postos de combust\u00edveis do DF exibem tabelas afixadas nas bombas mostrando os pre\u00e7os anteriores dos produtos"},{"@type":"BreadcrumbList","@id":"https:\/\/www.notibras.com\/site\/governo-lanca-canal-de-denuncias-para-combustiveis\/#breadcrumb","itemListElement":[{"@type":"ListItem","position":1,"name":"In\u00edcio","item":"https:\/\/www.notibras.com\/site\/"},{"@type":"ListItem","position":2,"name":"Governo lan\u00e7a canal de den\u00fancias para combust\u00edveis"}]},{"@type":"WebSite","@id":"https:\/\/www.notibras.com\/site\/#website","url":"https:\/\/www.notibras.com\/site\/","name":"Notibras","description":"Not\u00edcias de Bras\u00edlia, do Brasil e do Mundo","publisher":{"@id":"https:\/\/www.notibras.com\/site\/#organization"},"potentialAction":[{"@type":"SearchAction","target":{"@type":"EntryPoint","urlTemplate":"https:\/\/www.notibras.com\/site\/?s={search_term_string}"},"query-input":{"@type":"PropertyValueSpecification","valueRequired":true,"valueName":"search_term_string"}}],"inLanguage":"pt-BR"},{"@type":"Organization","@id":"https:\/\/www.notibras.com\/site\/#organization","name":"Grupo Notibras de Comunica\u00e7\u00e3o","url":"https:\/\/www.notibras.com\/site\/","logo":{"@type":"ImageObject","inLanguage":"pt-BR","@id":"https:\/\/www.notibras.com\/site\/#\/schema\/logo\/image\/","url":"https:\/\/www.notibras.com\/site\/wp-content\/uploads\/2023\/01\/notibras23.png","contentUrl":"https:\/\/www.notibras.com\/site\/wp-content\/uploads\/2023\/01\/notibras23.png","width":350,"height":87,"caption":"Grupo Notibras de Comunica\u00e7\u00e3o"},"image":{"@id":"https:\/\/www.notibras.com\/site\/#\/schema\/logo\/image\/"},"sameAs":["https:\/\/www.facebook.com\/notibras\/","https:\/\/x.com\/Notibras","https:\/\/www.instagram.com\/notibras\/"]},{"@type":"Person","@id":"https:\/\/www.notibras.com\/site\/#\/schema\/person\/36ab0979449956132d3e5b517ea76ac8","name":"Reda\u00e7\u00e3o","image":{"@type":"ImageObject","inLanguage":"pt-BR","@id":"https:\/\/secure.gravatar.com\/avatar\/e0a867bdedb85fd243eadf09663511f96fc81e0720a4a42581f334ad4303aa6b?s=96&d=mm&r=g","url":"https:\/\/secure.gravatar.com\/avatar\/e0a867bdedb85fd243eadf09663511f96fc81e0720a4a42581f334ad4303aa6b?s=96&d=mm&r=g","contentUrl":"https:\/\/secure.gravatar.com\/avatar\/e0a867bdedb85fd243eadf09663511f96fc81e0720a4a42581f334ad4303aa6b?s=96&d=mm&r=g","caption":"Reda\u00e7\u00e3o"}}]}},"amp_enabled":true,"_links":{"self":[{"href":"https:\/\/www.notibras.com\/site\/wp-json\/wp\/v2\/posts\/305454","targetHints":{"allow":["GET"]}}],"collection":[{"href":"https:\/\/www.notibras.com\/site\/wp-json\/wp\/v2\/posts"}],"about":[{"href":"https:\/\/www.notibras.com\/site\/wp-json\/wp\/v2\/types\/post"}],"author":[{"embeddable":true,"href":"https:\/\/www.notibras.com\/site\/wp-json\/wp\/v2\/users\/2"}],"replies":[{"embeddable":true,"href":"https:\/\/www.notibras.com\/site\/wp-json\/wp\/v2\/comments?post=305454"}],"version-history":[{"count":1,"href":"https:\/\/www.notibras.com\/site\/wp-json\/wp\/v2\/posts\/305454\/revisions"}],"predecessor-version":[{"id":305456,"href":"https:\/\/www.notibras.com\/site\/wp-json\/wp\/v2\/posts\/305454\/revisions\/305456"}],"wp:featuredmedia":[{"embeddable":true,"href":"https:\/\/www.notibras.com\/site\/wp-json\/wp\/v2\/media\/305455"}],"wp:attachment":[{"href":"https:\/\/www.notibras.com\/site\/wp-json\/wp\/v2\/media?parent=305454"}],"wp:term":[{"taxonomy":"category","embeddable":true,"href":"https:\/\/www.notibras.com\/site\/wp-json\/wp\/v2\/categories?post=305454"},{"taxonomy":"post_tag","embeddable":true,"href":"https:\/\/www.notibras.com\/site\/wp-json\/wp\/v2\/tags?post=305454"}],"curies":[{"name":"wp","href":"https:\/\/api.w.org\/{rel}","templated":true}]}}