{"id":305490,"date":"2023-05-23T09:13:04","date_gmt":"2023-05-23T12:13:04","guid":{"rendered":"https:\/\/www.notibras.com\/site\/?p=305490"},"modified":"2023-05-23T11:20:05","modified_gmt":"2023-05-23T14:20:05","slug":"inss-abre-o-cofre-e-paga-13o-salario-na-quinta","status":"publish","type":"post","link":"https:\/\/www.notibras.com\/site\/inss-abre-o-cofre-e-paga-13o-salario-na-quinta\/","title":{"rendered":"INSS abre o cofre e paga 13\u00ba sal\u00e1rio na quinta"},"content":{"rendered":"<p>A primeira parcela do 13\u00ba sal\u00e1rio dos benefici\u00e1rios do Instituto Nacional de Seguro Social (INSS) come\u00e7a a ser depositada nesta quinta-feira (25) e ser\u00e1 creditada juntamente com o pagamento regular do benef\u00edcio mensal.<\/p>\n<p>Anualmente, este abono \u00e9 pago entre agosto e novembro. Contudo, a antecipa\u00e7\u00e3o do pagamento foi assinada pelo presidente Luiz In\u00e1cio Lula da Silva em 4 de maio.<\/p>\n<p>Os primeiros a receber os cr\u00e9ditos s\u00e3o os benefici\u00e1rios quem ganham at\u00e9 um sal\u00e1rio-m\u00ednimo e possuem o N\u00famero de Identifica\u00e7\u00e3o Social (NIS) com final 1. A partir de 1\u00ba de junho, come\u00e7ar\u00e3o a receber aqueles que ganham mais que o piso nacional e t\u00eam cart\u00e3o do NIS com final de inscri\u00e7\u00e3o 1 e 6. Todos os pagamentos v\u00e3o ser feitos at\u00e9 7 de junho.<\/p>\n<p>Desde 1\u00ba de maio, o piso previdenci\u00e1rio \u00e9 de R$ 1.320,00. E o teto dos benef\u00edcios pagos pelo INSS continua sendo R$ 7.507,49.<\/p>\n<p><strong>Investimento<\/strong><br \/>\nAo todo, o investimento federal ser\u00e1 de R$ 62,6 bilh\u00f5es e vai beneficiar mais de 38 milh\u00f5es de segurados da Previd\u00eancia Social. De acordo com INSS, o 13\u00ba sal\u00e1rio do INSS \u00e9 depositado a aposentados e pensionistas por morte, al\u00e9m daqueles que tenham recebido, neste ano, aux\u00edlio por incapacidade tempor\u00e1ria, aux\u00edlio-acidente ou aux\u00edlio-reclus\u00e3o. Por lei, n\u00e3o t\u00eam direito ao 13\u00ba sal\u00e1rio do INSS os segurados que recebem benef\u00edcios assistenciais.<\/p>\n<p>A primeira parcela do 13\u00ba sal\u00e1rio \u00e9 isenta de descontos de impostos. Somente na segunda parcela incide a tributa\u00e7\u00e3o.<\/p>\n","protected":false},"excerpt":{"rendered":"<p>A primeira parcela do 13\u00ba sal\u00e1rio dos benefici\u00e1rios do Instituto Nacional de Seguro Social (INSS) come\u00e7a a ser depositada nesta quinta-feira (25) e ser\u00e1 creditada juntamente com o pagamento regular do benef\u00edcio mensal. Anualmente, este abono \u00e9 pago entre agosto e novembro. Contudo, a antecipa\u00e7\u00e3o do pagamento foi assinada pelo presidente Luiz In\u00e1cio Lula da [&hellip;]<\/p>\n","protected":false},"author":2,"featured_media":305491,"comment_status":"closed","ping_status":"closed","sticky":false,"template":"","format":"standard","meta":{"_acf_changed":false,"footnotes":""},"categories":[161],"tags":[],"class_list":["post-305490","post","type-post","status-publish","format-standard","has-post-thumbnail","hentry","category-quadradinho-em-foco"],"acf":[],"yoast_head":"<!-- This site is optimized with the Yoast SEO plugin v27.2 - https:\/\/yoast.com\/product\/yoast-seo-wordpress\/ -->\n<title>INSS abre o cofre e paga 13\u00ba sal\u00e1rio na quinta - Notibras<\/title>\n<meta name=\"robots\" content=\"index, follow, max-snippet:-1, max-image-preview:large, max-video-preview:-1\" \/>\n<link rel=\"canonical\" href=\"https:\/\/www.notibras.com\/site\/inss-abre-o-cofre-e-paga-13o-salario-na-quinta\/\" \/>\n<meta property=\"og:locale\" content=\"pt_BR\" \/>\n<meta property=\"og:type\" content=\"article\" \/>\n<meta property=\"og:title\" content=\"INSS abre o cofre e paga 13\u00ba sal\u00e1rio na quinta - Notibras\" \/>\n<meta property=\"og:description\" content=\"A primeira parcela do 13\u00ba sal\u00e1rio dos benefici\u00e1rios do Instituto Nacional de Seguro Social (INSS) come\u00e7a a ser depositada nesta quinta-feira (25) e ser\u00e1 creditada juntamente com o pagamento regular do benef\u00edcio mensal. Anualmente, este abono \u00e9 pago entre agosto e novembro. Contudo, a antecipa\u00e7\u00e3o do pagamento foi assinada pelo presidente Luiz In\u00e1cio Lula da [&hellip;]\" \/>\n<meta property=\"og:url\" content=\"https:\/\/www.notibras.com\/site\/inss-abre-o-cofre-e-paga-13o-salario-na-quinta\/\" \/>\n<meta property=\"og:site_name\" content=\"Notibras\" \/>\n<meta property=\"article:publisher\" content=\"https:\/\/www.facebook.com\/notibras\/\" \/>\n<meta property=\"article:published_time\" content=\"2023-05-23T12:13:04+00:00\" \/>\n<meta property=\"article:modified_time\" content=\"2023-05-23T14:20:05+00:00\" \/>\n<meta property=\"og:image\" content=\"https:\/\/www.notibras.com\/site\/wp-content\/uploads\/2023\/05\/real_moeda_dinheiro_mcajr_2904223671-6.jpg\" \/>\n\t<meta property=\"og:image:width\" content=\"1170\" \/>\n\t<meta property=\"og:image:height\" content=\"700\" \/>\n\t<meta property=\"og:image:type\" content=\"image\/jpeg\" \/>\n<meta name=\"author\" content=\"Reda\u00e7\u00e3o\" \/>\n<meta name=\"twitter:card\" content=\"summary_large_image\" \/>\n<meta name=\"twitter:creator\" content=\"@Notibras\" \/>\n<meta name=\"twitter:site\" content=\"@Notibras\" \/>\n<meta name=\"twitter:label1\" content=\"Escrito por\" \/>\n\t<meta name=\"twitter:data1\" content=\"Reda\u00e7\u00e3o\" \/>\n\t<meta name=\"twitter:label2\" content=\"Est. tempo de leitura\" \/>\n\t<meta name=\"twitter:data2\" content=\"2 minutos\" \/>\n<script type=\"application\/ld+json\" class=\"yoast-schema-graph\">{\"@context\":\"https:\/\/schema.org\",\"@graph\":[{\"@type\":\"Article\",\"@id\":\"https:\/\/www.notibras.com\/site\/inss-abre-o-cofre-e-paga-13o-salario-na-quinta\/#article\",\"isPartOf\":{\"@id\":\"https:\/\/www.notibras.com\/site\/inss-abre-o-cofre-e-paga-13o-salario-na-quinta\/\"},\"author\":{\"name\":\"Reda\u00e7\u00e3o\",\"@id\":\"https:\/\/www.notibras.com\/site\/#\/schema\/person\/36ab0979449956132d3e5b517ea76ac8\"},\"headline\":\"INSS abre o cofre e paga 13\u00ba sal\u00e1rio na quinta\",\"datePublished\":\"2023-05-23T12:13:04+00:00\",\"dateModified\":\"2023-05-23T14:20:05+00:00\",\"mainEntityOfPage\":{\"@id\":\"https:\/\/www.notibras.com\/site\/inss-abre-o-cofre-e-paga-13o-salario-na-quinta\/\"},\"wordCount\":263,\"publisher\":{\"@id\":\"https:\/\/www.notibras.com\/site\/#organization\"},\"image\":{\"@id\":\"https:\/\/www.notibras.com\/site\/inss-abre-o-cofre-e-paga-13o-salario-na-quinta\/#primaryimage\"},\"thumbnailUrl\":\"https:\/\/www.notibras.com\/site\/wp-content\/uploads\/2023\/05\/real_moeda_dinheiro_mcajr_2904223671-6.jpg\",\"articleSection\":[\"Quadradinho em Foco\"],\"inLanguage\":\"pt-BR\"},{\"@type\":\"WebPage\",\"@id\":\"https:\/\/www.notibras.com\/site\/inss-abre-o-cofre-e-paga-13o-salario-na-quinta\/\",\"url\":\"https:\/\/www.notibras.com\/site\/inss-abre-o-cofre-e-paga-13o-salario-na-quinta\/\",\"name\":\"INSS abre o cofre e paga 13\u00ba sal\u00e1rio na quinta - Notibras\",\"isPartOf\":{\"@id\":\"https:\/\/www.notibras.com\/site\/#website\"},\"primaryImageOfPage\":{\"@id\":\"https:\/\/www.notibras.com\/site\/inss-abre-o-cofre-e-paga-13o-salario-na-quinta\/#primaryimage\"},\"image\":{\"@id\":\"https:\/\/www.notibras.com\/site\/inss-abre-o-cofre-e-paga-13o-salario-na-quinta\/#primaryimage\"},\"thumbnailUrl\":\"https:\/\/www.notibras.com\/site\/wp-content\/uploads\/2023\/05\/real_moeda_dinheiro_mcajr_2904223671-6.jpg\",\"datePublished\":\"2023-05-23T12:13:04+00:00\",\"dateModified\":\"2023-05-23T14:20:05+00:00\",\"breadcrumb\":{\"@id\":\"https:\/\/www.notibras.com\/site\/inss-abre-o-cofre-e-paga-13o-salario-na-quinta\/#breadcrumb\"},\"inLanguage\":\"pt-BR\",\"potentialAction\":[{\"@type\":\"ReadAction\",\"target\":[\"https:\/\/www.notibras.com\/site\/inss-abre-o-cofre-e-paga-13o-salario-na-quinta\/\"]}]},{\"@type\":\"ImageObject\",\"inLanguage\":\"pt-BR\",\"@id\":\"https:\/\/www.notibras.com\/site\/inss-abre-o-cofre-e-paga-13o-salario-na-quinta\/#primaryimage\",\"url\":\"https:\/\/www.notibras.com\/site\/wp-content\/uploads\/2023\/05\/real_moeda_dinheiro_mcajr_2904223671-6.jpg\",\"contentUrl\":\"https:\/\/www.notibras.com\/site\/wp-content\/uploads\/2023\/05\/real_moeda_dinheiro_mcajr_2904223671-6.jpg\",\"width\":1170,\"height\":700,\"caption\":\"Real Moeda brasileira\"},{\"@type\":\"BreadcrumbList\",\"@id\":\"https:\/\/www.notibras.com\/site\/inss-abre-o-cofre-e-paga-13o-salario-na-quinta\/#breadcrumb\",\"itemListElement\":[{\"@type\":\"ListItem\",\"position\":1,\"name\":\"In\u00edcio\",\"item\":\"https:\/\/www.notibras.com\/site\/\"},{\"@type\":\"ListItem\",\"position\":2,\"name\":\"INSS abre o cofre e paga 13\u00ba sal\u00e1rio na quinta\"}]},{\"@type\":\"WebSite\",\"@id\":\"https:\/\/www.notibras.com\/site\/#website\",\"url\":\"https:\/\/www.notibras.com\/site\/\",\"name\":\"Notibras\",\"description\":\"Not\u00edcias de Bras\u00edlia, do Brasil e do Mundo\",\"publisher\":{\"@id\":\"https:\/\/www.notibras.com\/site\/#organization\"},\"potentialAction\":[{\"@type\":\"SearchAction\",\"target\":{\"@type\":\"EntryPoint\",\"urlTemplate\":\"https:\/\/www.notibras.com\/site\/?s={search_term_string}\"},\"query-input\":{\"@type\":\"PropertyValueSpecification\",\"valueRequired\":true,\"valueName\":\"search_term_string\"}}],\"inLanguage\":\"pt-BR\"},{\"@type\":\"Organization\",\"@id\":\"https:\/\/www.notibras.com\/site\/#organization\",\"name\":\"Grupo Notibras de Comunica\u00e7\u00e3o\",\"url\":\"https:\/\/www.notibras.com\/site\/\",\"logo\":{\"@type\":\"ImageObject\",\"inLanguage\":\"pt-BR\",\"@id\":\"https:\/\/www.notibras.com\/site\/#\/schema\/logo\/image\/\",\"url\":\"https:\/\/www.notibras.com\/site\/wp-content\/uploads\/2023\/01\/notibras23.png\",\"contentUrl\":\"https:\/\/www.notibras.com\/site\/wp-content\/uploads\/2023\/01\/notibras23.png\",\"width\":350,\"height\":87,\"caption\":\"Grupo Notibras de Comunica\u00e7\u00e3o\"},\"image\":{\"@id\":\"https:\/\/www.notibras.com\/site\/#\/schema\/logo\/image\/\"},\"sameAs\":[\"https:\/\/www.facebook.com\/notibras\/\",\"https:\/\/x.com\/Notibras\",\"https:\/\/www.instagram.com\/notibras\/\"]},{\"@type\":\"Person\",\"@id\":\"https:\/\/www.notibras.com\/site\/#\/schema\/person\/36ab0979449956132d3e5b517ea76ac8\",\"name\":\"Reda\u00e7\u00e3o\",\"image\":{\"@type\":\"ImageObject\",\"inLanguage\":\"pt-BR\",\"@id\":\"https:\/\/secure.gravatar.com\/avatar\/e0a867bdedb85fd243eadf09663511f96fc81e0720a4a42581f334ad4303aa6b?s=96&d=mm&r=g\",\"url\":\"https:\/\/secure.gravatar.com\/avatar\/e0a867bdedb85fd243eadf09663511f96fc81e0720a4a42581f334ad4303aa6b?s=96&d=mm&r=g\",\"contentUrl\":\"https:\/\/secure.gravatar.com\/avatar\/e0a867bdedb85fd243eadf09663511f96fc81e0720a4a42581f334ad4303aa6b?s=96&d=mm&r=g\",\"caption\":\"Reda\u00e7\u00e3o\"}}]}<\/script>\n<!-- \/ Yoast SEO plugin. -->","yoast_head_json":{"title":"INSS abre o cofre e paga 13\u00ba sal\u00e1rio na quinta - Notibras","robots":{"index":"index","follow":"follow","max-snippet":"max-snippet:-1","max-image-preview":"max-image-preview:large","max-video-preview":"max-video-preview:-1"},"canonical":"https:\/\/www.notibras.com\/site\/inss-abre-o-cofre-e-paga-13o-salario-na-quinta\/","og_locale":"pt_BR","og_type":"article","og_title":"INSS abre o cofre e paga 13\u00ba sal\u00e1rio na quinta - Notibras","og_description":"A primeira parcela do 13\u00ba sal\u00e1rio dos benefici\u00e1rios do Instituto Nacional de Seguro Social (INSS) come\u00e7a a ser depositada nesta quinta-feira (25) e ser\u00e1 creditada juntamente com o pagamento regular do benef\u00edcio mensal. Anualmente, este abono \u00e9 pago entre agosto e novembro. Contudo, a antecipa\u00e7\u00e3o do pagamento foi assinada pelo presidente Luiz In\u00e1cio Lula da [&hellip;]","og_url":"https:\/\/www.notibras.com\/site\/inss-abre-o-cofre-e-paga-13o-salario-na-quinta\/","og_site_name":"Notibras","article_publisher":"https:\/\/www.facebook.com\/notibras\/","article_published_time":"2023-05-23T12:13:04+00:00","article_modified_time":"2023-05-23T14:20:05+00:00","og_image":[{"width":1170,"height":700,"url":"https:\/\/www.notibras.com\/site\/wp-content\/uploads\/2023\/05\/real_moeda_dinheiro_mcajr_2904223671-6.jpg","type":"image\/jpeg"}],"author":"Reda\u00e7\u00e3o","twitter_card":"summary_large_image","twitter_creator":"@Notibras","twitter_site":"@Notibras","twitter_misc":{"Escrito por":"Reda\u00e7\u00e3o","Est. tempo de leitura":"2 minutos"},"schema":{"@context":"https:\/\/schema.org","@graph":[{"@type":"Article","@id":"https:\/\/www.notibras.com\/site\/inss-abre-o-cofre-e-paga-13o-salario-na-quinta\/#article","isPartOf":{"@id":"https:\/\/www.notibras.com\/site\/inss-abre-o-cofre-e-paga-13o-salario-na-quinta\/"},"author":{"name":"Reda\u00e7\u00e3o","@id":"https:\/\/www.notibras.com\/site\/#\/schema\/person\/36ab0979449956132d3e5b517ea76ac8"},"headline":"INSS abre o cofre e paga 13\u00ba sal\u00e1rio na quinta","datePublished":"2023-05-23T12:13:04+00:00","dateModified":"2023-05-23T14:20:05+00:00","mainEntityOfPage":{"@id":"https:\/\/www.notibras.com\/site\/inss-abre-o-cofre-e-paga-13o-salario-na-quinta\/"},"wordCount":263,"publisher":{"@id":"https:\/\/www.notibras.com\/site\/#organization"},"image":{"@id":"https:\/\/www.notibras.com\/site\/inss-abre-o-cofre-e-paga-13o-salario-na-quinta\/#primaryimage"},"thumbnailUrl":"https:\/\/www.notibras.com\/site\/wp-content\/uploads\/2023\/05\/real_moeda_dinheiro_mcajr_2904223671-6.jpg","articleSection":["Quadradinho em Foco"],"inLanguage":"pt-BR"},{"@type":"WebPage","@id":"https:\/\/www.notibras.com\/site\/inss-abre-o-cofre-e-paga-13o-salario-na-quinta\/","url":"https:\/\/www.notibras.com\/site\/inss-abre-o-cofre-e-paga-13o-salario-na-quinta\/","name":"INSS abre o cofre e paga 13\u00ba sal\u00e1rio na quinta - Notibras","isPartOf":{"@id":"https:\/\/www.notibras.com\/site\/#website"},"primaryImageOfPage":{"@id":"https:\/\/www.notibras.com\/site\/inss-abre-o-cofre-e-paga-13o-salario-na-quinta\/#primaryimage"},"image":{"@id":"https:\/\/www.notibras.com\/site\/inss-abre-o-cofre-e-paga-13o-salario-na-quinta\/#primaryimage"},"thumbnailUrl":"https:\/\/www.notibras.com\/site\/wp-content\/uploads\/2023\/05\/real_moeda_dinheiro_mcajr_2904223671-6.jpg","datePublished":"2023-05-23T12:13:04+00:00","dateModified":"2023-05-23T14:20:05+00:00","breadcrumb":{"@id":"https:\/\/www.notibras.com\/site\/inss-abre-o-cofre-e-paga-13o-salario-na-quinta\/#breadcrumb"},"inLanguage":"pt-BR","potentialAction":[{"@type":"ReadAction","target":["https:\/\/www.notibras.com\/site\/inss-abre-o-cofre-e-paga-13o-salario-na-quinta\/"]}]},{"@type":"ImageObject","inLanguage":"pt-BR","@id":"https:\/\/www.notibras.com\/site\/inss-abre-o-cofre-e-paga-13o-salario-na-quinta\/#primaryimage","url":"https:\/\/www.notibras.com\/site\/wp-content\/uploads\/2023\/05\/real_moeda_dinheiro_mcajr_2904223671-6.jpg","contentUrl":"https:\/\/www.notibras.com\/site\/wp-content\/uploads\/2023\/05\/real_moeda_dinheiro_mcajr_2904223671-6.jpg","width":1170,"height":700,"caption":"Real Moeda brasileira"},{"@type":"BreadcrumbList","@id":"https:\/\/www.notibras.com\/site\/inss-abre-o-cofre-e-paga-13o-salario-na-quinta\/#breadcrumb","itemListElement":[{"@type":"ListItem","position":1,"name":"In\u00edcio","item":"https:\/\/www.notibras.com\/site\/"},{"@type":"ListItem","position":2,"name":"INSS abre o cofre e paga 13\u00ba sal\u00e1rio na quinta"}]},{"@type":"WebSite","@id":"https:\/\/www.notibras.com\/site\/#website","url":"https:\/\/www.notibras.com\/site\/","name":"Notibras","description":"Not\u00edcias de Bras\u00edlia, do Brasil e do Mundo","publisher":{"@id":"https:\/\/www.notibras.com\/site\/#organization"},"potentialAction":[{"@type":"SearchAction","target":{"@type":"EntryPoint","urlTemplate":"https:\/\/www.notibras.com\/site\/?s={search_term_string}"},"query-input":{"@type":"PropertyValueSpecification","valueRequired":true,"valueName":"search_term_string"}}],"inLanguage":"pt-BR"},{"@type":"Organization","@id":"https:\/\/www.notibras.com\/site\/#organization","name":"Grupo Notibras de Comunica\u00e7\u00e3o","url":"https:\/\/www.notibras.com\/site\/","logo":{"@type":"ImageObject","inLanguage":"pt-BR","@id":"https:\/\/www.notibras.com\/site\/#\/schema\/logo\/image\/","url":"https:\/\/www.notibras.com\/site\/wp-content\/uploads\/2023\/01\/notibras23.png","contentUrl":"https:\/\/www.notibras.com\/site\/wp-content\/uploads\/2023\/01\/notibras23.png","width":350,"height":87,"caption":"Grupo Notibras de Comunica\u00e7\u00e3o"},"image":{"@id":"https:\/\/www.notibras.com\/site\/#\/schema\/logo\/image\/"},"sameAs":["https:\/\/www.facebook.com\/notibras\/","https:\/\/x.com\/Notibras","https:\/\/www.instagram.com\/notibras\/"]},{"@type":"Person","@id":"https:\/\/www.notibras.com\/site\/#\/schema\/person\/36ab0979449956132d3e5b517ea76ac8","name":"Reda\u00e7\u00e3o","image":{"@type":"ImageObject","inLanguage":"pt-BR","@id":"https:\/\/secure.gravatar.com\/avatar\/e0a867bdedb85fd243eadf09663511f96fc81e0720a4a42581f334ad4303aa6b?s=96&d=mm&r=g","url":"https:\/\/secure.gravatar.com\/avatar\/e0a867bdedb85fd243eadf09663511f96fc81e0720a4a42581f334ad4303aa6b?s=96&d=mm&r=g","contentUrl":"https:\/\/secure.gravatar.com\/avatar\/e0a867bdedb85fd243eadf09663511f96fc81e0720a4a42581f334ad4303aa6b?s=96&d=mm&r=g","caption":"Reda\u00e7\u00e3o"}}]}},"amp_enabled":true,"_links":{"self":[{"href":"https:\/\/www.notibras.com\/site\/wp-json\/wp\/v2\/posts\/305490","targetHints":{"allow":["GET"]}}],"collection":[{"href":"https:\/\/www.notibras.com\/site\/wp-json\/wp\/v2\/posts"}],"about":[{"href":"https:\/\/www.notibras.com\/site\/wp-json\/wp\/v2\/types\/post"}],"author":[{"embeddable":true,"href":"https:\/\/www.notibras.com\/site\/wp-json\/wp\/v2\/users\/2"}],"replies":[{"embeddable":true,"href":"https:\/\/www.notibras.com\/site\/wp-json\/wp\/v2\/comments?post=305490"}],"version-history":[{"count":1,"href":"https:\/\/www.notibras.com\/site\/wp-json\/wp\/v2\/posts\/305490\/revisions"}],"predecessor-version":[{"id":305492,"href":"https:\/\/www.notibras.com\/site\/wp-json\/wp\/v2\/posts\/305490\/revisions\/305492"}],"wp:featuredmedia":[{"embeddable":true,"href":"https:\/\/www.notibras.com\/site\/wp-json\/wp\/v2\/media\/305491"}],"wp:attachment":[{"href":"https:\/\/www.notibras.com\/site\/wp-json\/wp\/v2\/media?parent=305490"}],"wp:term":[{"taxonomy":"category","embeddable":true,"href":"https:\/\/www.notibras.com\/site\/wp-json\/wp\/v2\/categories?post=305490"},{"taxonomy":"post_tag","embeddable":true,"href":"https:\/\/www.notibras.com\/site\/wp-json\/wp\/v2\/tags?post=305490"}],"curies":[{"name":"wp","href":"https:\/\/api.w.org\/{rel}","templated":true}]}}