{"id":305496,"date":"2023-05-23T12:51:55","date_gmt":"2023-05-23T15:51:55","guid":{"rendered":"https:\/\/www.notibras.com\/site\/?p=305496"},"modified":"2023-05-23T12:53:20","modified_gmt":"2023-05-23T15:53:20","slug":"mariane-a-vizinha-policial-pega-o-fio-da-meada","status":"publish","type":"post","link":"https:\/\/www.notibras.com\/site\/mariane-a-vizinha-policial-pega-o-fio-da-meada\/","title":{"rendered":"Mariane, a vizinha policial, pega o fio da meada"},"content":{"rendered":"<p>Mariane trabalhava numa delegacia na Ceil\u00e2ndia. De t\u00e3o entretida com as in\u00fameras investiga\u00e7\u00f5es, nem soube do inc\u00eandio ocorrido no pr\u00e9dio onde morava, justamente em um dos apartamentos do seu andar. Saiu do trabalho quando o rel\u00f3gio j\u00e1 anunciava quase 22 horas.<\/p>\n<p>A agente suspirou, como se aliviada por mais um dia produtivo. Ela estava trabalhando num caso de uma quadrilha de estelionat\u00e1rios, que h\u00e1 tempos aplicava golpes na regi\u00e3o. Mariane, assim que ligou o carro, pensou que, dentro de no m\u00e1ximo mais uma semana, concluiria seu relat\u00f3rio e, ent\u00e3o, o entregaria para o delegado. Este, por sua vez, n\u00e3o teria d\u00favida em indiciar os criminosos.<\/p>\n<p>Durante o trajeto, a mulher ligou o r\u00e1dio. N\u00e3o demorou, ouviu a not\u00edcia do tal inc\u00eandio ocorrido justamente no edif\u00edcio onde morava. Ouviu o nome de M\u00e1rcia Gomes dos Santos, mas n\u00e3o se lembrava dela. Quer dizer, tinha vaga recorda\u00e7\u00e3o, mas n\u00e3o estava certa. Seja como for, a ansiedade de chegar logo a sua resid\u00eancia a fez pisar mais fundo no acelerador, apesar dos in\u00fameros radares na Estrutural.<\/p>\n<p>Assim que entrou na garagem subterr\u00e2nea do seu pr\u00e9dio, sentiu o cheiro de queimado no ar. De p\u00e9 em frente ao elevador, apertou insistentemente o bot\u00e3o, como se isso fosse faz\u00ea-lo ir mais r\u00e1pido. Resolveu ir pelas escadas e, depois de v\u00e1rios degraus, finalmente chegou ao quinto andar.<\/p>\n<p>Esbaforida, passou pela porta do apartamento de M\u00e1rcia e, ent\u00e3o, rumou para o seu, que ficava ao fundo do corredor. Entrou e foi ver se havia algum dano. Nenhum. Tudo indicava que o inc\u00eandio havia sido contido antes de se alastrar.<\/p>\n<p>A policial buscou informa\u00e7\u00f5es na internet e, ent\u00e3o, ficou a par do ocorrido, isto \u00e9, das coisas que a pol\u00edcia civil j\u00e1 havia informado para a imprensa. As investiga\u00e7\u00f5es prosseguiriam. Em seguida, Mariane pensou que era melhor relaxar, pois teria muito trabalho no dia seguinte.<\/p>\n<p>Tomou um banho bem quente. Colocou uma camiseta velha e um short folgado. Com os cabelos enrolados em uma toalha, foi at\u00e9 a cozinha, onde preparou um ch\u00e1 de camomila. Mas, antes que levasse a x\u00edcara aos l\u00e1bios, ela se lembrou que havia uma c\u00e2mera na entrada do seu apartamento.<\/p>\n<p>Mariane puxou as filmagens. L\u00e1 estava um homem em frente \u00e0 porta do apartamento de M\u00e1rcia. A policial j\u00e1 havia visto aquele rosto, sabia que era morador do edif\u00edcio, mas n\u00e3o sabia seu nome. A agente baixou o arquivo para um pen drive e saiu de casa decidida a entregar aquelas filmagens na delegacia da Asa Norte, mesmo que j\u00e1 passasse da meia-noite.<\/p>\n<p><strong>O Folhetim continua na quarta, 24, com o cap\u00edtulo IX<\/strong><\/p>\n","protected":false},"excerpt":{"rendered":"<p>Mariane trabalhava numa delegacia na Ceil\u00e2ndia. De t\u00e3o entretida com as in\u00fameras investiga\u00e7\u00f5es, nem soube do inc\u00eandio ocorrido no pr\u00e9dio onde morava, justamente em um dos apartamentos do seu andar. Saiu do trabalho quando o rel\u00f3gio j\u00e1 anunciava quase 22 horas. A agente suspirou, como se aliviada por mais um dia produtivo. Ela estava trabalhando [&hellip;]<\/p>\n","protected":false},"author":2,"featured_media":305498,"comment_status":"closed","ping_status":"closed","sticky":false,"template":"","format":"standard","meta":{"_acf_changed":false,"footnotes":""},"categories":[161],"tags":[],"class_list":["post-305496","post","type-post","status-publish","format-standard","has-post-thumbnail","hentry","category-quadradinho-em-foco"],"acf":[],"yoast_head":"<!-- This site is optimized with the Yoast SEO plugin v27.2 - https:\/\/yoast.com\/product\/yoast-seo-wordpress\/ -->\n<title>Mariane, a vizinha policial, pega o fio da meada - Notibras<\/title>\n<meta name=\"robots\" content=\"index, follow, max-snippet:-1, max-image-preview:large, max-video-preview:-1\" \/>\n<link rel=\"canonical\" href=\"https:\/\/www.notibras.com\/site\/mariane-a-vizinha-policial-pega-o-fio-da-meada\/\" \/>\n<meta property=\"og:locale\" content=\"pt_BR\" \/>\n<meta property=\"og:type\" content=\"article\" \/>\n<meta property=\"og:title\" content=\"Mariane, a vizinha policial, pega o fio da meada - Notibras\" \/>\n<meta property=\"og:description\" content=\"Mariane trabalhava numa delegacia na Ceil\u00e2ndia. De t\u00e3o entretida com as in\u00fameras investiga\u00e7\u00f5es, nem soube do inc\u00eandio ocorrido no pr\u00e9dio onde morava, justamente em um dos apartamentos do seu andar. Saiu do trabalho quando o rel\u00f3gio j\u00e1 anunciava quase 22 horas. A agente suspirou, como se aliviada por mais um dia produtivo. Ela estava trabalhando [&hellip;]\" \/>\n<meta property=\"og:url\" content=\"https:\/\/www.notibras.com\/site\/mariane-a-vizinha-policial-pega-o-fio-da-meada\/\" \/>\n<meta property=\"og:site_name\" content=\"Notibras\" \/>\n<meta property=\"article:publisher\" content=\"https:\/\/www.facebook.com\/notibras\/\" \/>\n<meta property=\"article:published_time\" content=\"2023-05-23T15:51:55+00:00\" \/>\n<meta property=\"article:modified_time\" content=\"2023-05-23T15:53:20+00:00\" \/>\n<meta property=\"og:image\" content=\"https:\/\/www.notibras.com\/site\/wp-content\/uploads\/2023\/05\/cameraseguranca-modelos.webp\" \/>\n\t<meta property=\"og:image:width\" content=\"924\" \/>\n\t<meta property=\"og:image:height\" content=\"520\" \/>\n\t<meta property=\"og:image:type\" content=\"image\/webp\" \/>\n<meta name=\"author\" content=\"Reda\u00e7\u00e3o\" \/>\n<meta name=\"twitter:card\" content=\"summary_large_image\" \/>\n<meta name=\"twitter:creator\" content=\"@Notibras\" \/>\n<meta name=\"twitter:site\" content=\"@Notibras\" \/>\n<meta name=\"twitter:label1\" content=\"Escrito por\" \/>\n\t<meta name=\"twitter:data1\" content=\"Reda\u00e7\u00e3o\" \/>\n\t<meta name=\"twitter:label2\" content=\"Est. tempo de leitura\" \/>\n\t<meta name=\"twitter:data2\" content=\"3 minutos\" \/>\n<script type=\"application\/ld+json\" class=\"yoast-schema-graph\">{\"@context\":\"https:\/\/schema.org\",\"@graph\":[{\"@type\":\"Article\",\"@id\":\"https:\/\/www.notibras.com\/site\/mariane-a-vizinha-policial-pega-o-fio-da-meada\/#article\",\"isPartOf\":{\"@id\":\"https:\/\/www.notibras.com\/site\/mariane-a-vizinha-policial-pega-o-fio-da-meada\/\"},\"author\":{\"name\":\"Reda\u00e7\u00e3o\",\"@id\":\"https:\/\/www.notibras.com\/site\/#\/schema\/person\/36ab0979449956132d3e5b517ea76ac8\"},\"headline\":\"Mariane, a vizinha policial, pega o fio da meada\",\"datePublished\":\"2023-05-23T15:51:55+00:00\",\"dateModified\":\"2023-05-23T15:53:20+00:00\",\"mainEntityOfPage\":{\"@id\":\"https:\/\/www.notibras.com\/site\/mariane-a-vizinha-policial-pega-o-fio-da-meada\/\"},\"wordCount\":480,\"publisher\":{\"@id\":\"https:\/\/www.notibras.com\/site\/#organization\"},\"image\":{\"@id\":\"https:\/\/www.notibras.com\/site\/mariane-a-vizinha-policial-pega-o-fio-da-meada\/#primaryimage\"},\"thumbnailUrl\":\"https:\/\/www.notibras.com\/site\/wp-content\/uploads\/2023\/05\/cameraseguranca-modelos.webp\",\"articleSection\":[\"Quadradinho em Foco\"],\"inLanguage\":\"pt-BR\"},{\"@type\":\"WebPage\",\"@id\":\"https:\/\/www.notibras.com\/site\/mariane-a-vizinha-policial-pega-o-fio-da-meada\/\",\"url\":\"https:\/\/www.notibras.com\/site\/mariane-a-vizinha-policial-pega-o-fio-da-meada\/\",\"name\":\"Mariane, a vizinha policial, pega o fio da meada - Notibras\",\"isPartOf\":{\"@id\":\"https:\/\/www.notibras.com\/site\/#website\"},\"primaryImageOfPage\":{\"@id\":\"https:\/\/www.notibras.com\/site\/mariane-a-vizinha-policial-pega-o-fio-da-meada\/#primaryimage\"},\"image\":{\"@id\":\"https:\/\/www.notibras.com\/site\/mariane-a-vizinha-policial-pega-o-fio-da-meada\/#primaryimage\"},\"thumbnailUrl\":\"https:\/\/www.notibras.com\/site\/wp-content\/uploads\/2023\/05\/cameraseguranca-modelos.webp\",\"datePublished\":\"2023-05-23T15:51:55+00:00\",\"dateModified\":\"2023-05-23T15:53:20+00:00\",\"breadcrumb\":{\"@id\":\"https:\/\/www.notibras.com\/site\/mariane-a-vizinha-policial-pega-o-fio-da-meada\/#breadcrumb\"},\"inLanguage\":\"pt-BR\",\"potentialAction\":[{\"@type\":\"ReadAction\",\"target\":[\"https:\/\/www.notibras.com\/site\/mariane-a-vizinha-policial-pega-o-fio-da-meada\/\"]}]},{\"@type\":\"ImageObject\",\"inLanguage\":\"pt-BR\",\"@id\":\"https:\/\/www.notibras.com\/site\/mariane-a-vizinha-policial-pega-o-fio-da-meada\/#primaryimage\",\"url\":\"https:\/\/www.notibras.com\/site\/wp-content\/uploads\/2023\/05\/cameraseguranca-modelos.webp\",\"contentUrl\":\"https:\/\/www.notibras.com\/site\/wp-content\/uploads\/2023\/05\/cameraseguranca-modelos.webp\",\"width\":924,\"height\":520},{\"@type\":\"BreadcrumbList\",\"@id\":\"https:\/\/www.notibras.com\/site\/mariane-a-vizinha-policial-pega-o-fio-da-meada\/#breadcrumb\",\"itemListElement\":[{\"@type\":\"ListItem\",\"position\":1,\"name\":\"In\u00edcio\",\"item\":\"https:\/\/www.notibras.com\/site\/\"},{\"@type\":\"ListItem\",\"position\":2,\"name\":\"Mariane, a vizinha policial, pega o fio da meada\"}]},{\"@type\":\"WebSite\",\"@id\":\"https:\/\/www.notibras.com\/site\/#website\",\"url\":\"https:\/\/www.notibras.com\/site\/\",\"name\":\"Notibras\",\"description\":\"Not\u00edcias de Bras\u00edlia, do Brasil e do Mundo\",\"publisher\":{\"@id\":\"https:\/\/www.notibras.com\/site\/#organization\"},\"potentialAction\":[{\"@type\":\"SearchAction\",\"target\":{\"@type\":\"EntryPoint\",\"urlTemplate\":\"https:\/\/www.notibras.com\/site\/?s={search_term_string}\"},\"query-input\":{\"@type\":\"PropertyValueSpecification\",\"valueRequired\":true,\"valueName\":\"search_term_string\"}}],\"inLanguage\":\"pt-BR\"},{\"@type\":\"Organization\",\"@id\":\"https:\/\/www.notibras.com\/site\/#organization\",\"name\":\"Grupo Notibras de Comunica\u00e7\u00e3o\",\"url\":\"https:\/\/www.notibras.com\/site\/\",\"logo\":{\"@type\":\"ImageObject\",\"inLanguage\":\"pt-BR\",\"@id\":\"https:\/\/www.notibras.com\/site\/#\/schema\/logo\/image\/\",\"url\":\"https:\/\/www.notibras.com\/site\/wp-content\/uploads\/2023\/01\/notibras23.png\",\"contentUrl\":\"https:\/\/www.notibras.com\/site\/wp-content\/uploads\/2023\/01\/notibras23.png\",\"width\":350,\"height\":87,\"caption\":\"Grupo Notibras de Comunica\u00e7\u00e3o\"},\"image\":{\"@id\":\"https:\/\/www.notibras.com\/site\/#\/schema\/logo\/image\/\"},\"sameAs\":[\"https:\/\/www.facebook.com\/notibras\/\",\"https:\/\/x.com\/Notibras\",\"https:\/\/www.instagram.com\/notibras\/\"]},{\"@type\":\"Person\",\"@id\":\"https:\/\/www.notibras.com\/site\/#\/schema\/person\/36ab0979449956132d3e5b517ea76ac8\",\"name\":\"Reda\u00e7\u00e3o\",\"image\":{\"@type\":\"ImageObject\",\"inLanguage\":\"pt-BR\",\"@id\":\"https:\/\/secure.gravatar.com\/avatar\/e0a867bdedb85fd243eadf09663511f96fc81e0720a4a42581f334ad4303aa6b?s=96&d=mm&r=g\",\"url\":\"https:\/\/secure.gravatar.com\/avatar\/e0a867bdedb85fd243eadf09663511f96fc81e0720a4a42581f334ad4303aa6b?s=96&d=mm&r=g\",\"contentUrl\":\"https:\/\/secure.gravatar.com\/avatar\/e0a867bdedb85fd243eadf09663511f96fc81e0720a4a42581f334ad4303aa6b?s=96&d=mm&r=g\",\"caption\":\"Reda\u00e7\u00e3o\"}}]}<\/script>\n<!-- \/ Yoast SEO plugin. -->","yoast_head_json":{"title":"Mariane, a vizinha policial, pega o fio da meada - Notibras","robots":{"index":"index","follow":"follow","max-snippet":"max-snippet:-1","max-image-preview":"max-image-preview:large","max-video-preview":"max-video-preview:-1"},"canonical":"https:\/\/www.notibras.com\/site\/mariane-a-vizinha-policial-pega-o-fio-da-meada\/","og_locale":"pt_BR","og_type":"article","og_title":"Mariane, a vizinha policial, pega o fio da meada - Notibras","og_description":"Mariane trabalhava numa delegacia na Ceil\u00e2ndia. De t\u00e3o entretida com as in\u00fameras investiga\u00e7\u00f5es, nem soube do inc\u00eandio ocorrido no pr\u00e9dio onde morava, justamente em um dos apartamentos do seu andar. Saiu do trabalho quando o rel\u00f3gio j\u00e1 anunciava quase 22 horas. A agente suspirou, como se aliviada por mais um dia produtivo. Ela estava trabalhando [&hellip;]","og_url":"https:\/\/www.notibras.com\/site\/mariane-a-vizinha-policial-pega-o-fio-da-meada\/","og_site_name":"Notibras","article_publisher":"https:\/\/www.facebook.com\/notibras\/","article_published_time":"2023-05-23T15:51:55+00:00","article_modified_time":"2023-05-23T15:53:20+00:00","og_image":[{"width":924,"height":520,"url":"https:\/\/www.notibras.com\/site\/wp-content\/uploads\/2023\/05\/cameraseguranca-modelos.webp","type":"image\/webp"}],"author":"Reda\u00e7\u00e3o","twitter_card":"summary_large_image","twitter_creator":"@Notibras","twitter_site":"@Notibras","twitter_misc":{"Escrito por":"Reda\u00e7\u00e3o","Est. tempo de leitura":"3 minutos"},"schema":{"@context":"https:\/\/schema.org","@graph":[{"@type":"Article","@id":"https:\/\/www.notibras.com\/site\/mariane-a-vizinha-policial-pega-o-fio-da-meada\/#article","isPartOf":{"@id":"https:\/\/www.notibras.com\/site\/mariane-a-vizinha-policial-pega-o-fio-da-meada\/"},"author":{"name":"Reda\u00e7\u00e3o","@id":"https:\/\/www.notibras.com\/site\/#\/schema\/person\/36ab0979449956132d3e5b517ea76ac8"},"headline":"Mariane, a vizinha policial, pega o fio da meada","datePublished":"2023-05-23T15:51:55+00:00","dateModified":"2023-05-23T15:53:20+00:00","mainEntityOfPage":{"@id":"https:\/\/www.notibras.com\/site\/mariane-a-vizinha-policial-pega-o-fio-da-meada\/"},"wordCount":480,"publisher":{"@id":"https:\/\/www.notibras.com\/site\/#organization"},"image":{"@id":"https:\/\/www.notibras.com\/site\/mariane-a-vizinha-policial-pega-o-fio-da-meada\/#primaryimage"},"thumbnailUrl":"https:\/\/www.notibras.com\/site\/wp-content\/uploads\/2023\/05\/cameraseguranca-modelos.webp","articleSection":["Quadradinho em Foco"],"inLanguage":"pt-BR"},{"@type":"WebPage","@id":"https:\/\/www.notibras.com\/site\/mariane-a-vizinha-policial-pega-o-fio-da-meada\/","url":"https:\/\/www.notibras.com\/site\/mariane-a-vizinha-policial-pega-o-fio-da-meada\/","name":"Mariane, a vizinha policial, pega o fio da meada - Notibras","isPartOf":{"@id":"https:\/\/www.notibras.com\/site\/#website"},"primaryImageOfPage":{"@id":"https:\/\/www.notibras.com\/site\/mariane-a-vizinha-policial-pega-o-fio-da-meada\/#primaryimage"},"image":{"@id":"https:\/\/www.notibras.com\/site\/mariane-a-vizinha-policial-pega-o-fio-da-meada\/#primaryimage"},"thumbnailUrl":"https:\/\/www.notibras.com\/site\/wp-content\/uploads\/2023\/05\/cameraseguranca-modelos.webp","datePublished":"2023-05-23T15:51:55+00:00","dateModified":"2023-05-23T15:53:20+00:00","breadcrumb":{"@id":"https:\/\/www.notibras.com\/site\/mariane-a-vizinha-policial-pega-o-fio-da-meada\/#breadcrumb"},"inLanguage":"pt-BR","potentialAction":[{"@type":"ReadAction","target":["https:\/\/www.notibras.com\/site\/mariane-a-vizinha-policial-pega-o-fio-da-meada\/"]}]},{"@type":"ImageObject","inLanguage":"pt-BR","@id":"https:\/\/www.notibras.com\/site\/mariane-a-vizinha-policial-pega-o-fio-da-meada\/#primaryimage","url":"https:\/\/www.notibras.com\/site\/wp-content\/uploads\/2023\/05\/cameraseguranca-modelos.webp","contentUrl":"https:\/\/www.notibras.com\/site\/wp-content\/uploads\/2023\/05\/cameraseguranca-modelos.webp","width":924,"height":520},{"@type":"BreadcrumbList","@id":"https:\/\/www.notibras.com\/site\/mariane-a-vizinha-policial-pega-o-fio-da-meada\/#breadcrumb","itemListElement":[{"@type":"ListItem","position":1,"name":"In\u00edcio","item":"https:\/\/www.notibras.com\/site\/"},{"@type":"ListItem","position":2,"name":"Mariane, a vizinha policial, pega o fio da meada"}]},{"@type":"WebSite","@id":"https:\/\/www.notibras.com\/site\/#website","url":"https:\/\/www.notibras.com\/site\/","name":"Notibras","description":"Not\u00edcias de Bras\u00edlia, do Brasil e do Mundo","publisher":{"@id":"https:\/\/www.notibras.com\/site\/#organization"},"potentialAction":[{"@type":"SearchAction","target":{"@type":"EntryPoint","urlTemplate":"https:\/\/www.notibras.com\/site\/?s={search_term_string}"},"query-input":{"@type":"PropertyValueSpecification","valueRequired":true,"valueName":"search_term_string"}}],"inLanguage":"pt-BR"},{"@type":"Organization","@id":"https:\/\/www.notibras.com\/site\/#organization","name":"Grupo Notibras de Comunica\u00e7\u00e3o","url":"https:\/\/www.notibras.com\/site\/","logo":{"@type":"ImageObject","inLanguage":"pt-BR","@id":"https:\/\/www.notibras.com\/site\/#\/schema\/logo\/image\/","url":"https:\/\/www.notibras.com\/site\/wp-content\/uploads\/2023\/01\/notibras23.png","contentUrl":"https:\/\/www.notibras.com\/site\/wp-content\/uploads\/2023\/01\/notibras23.png","width":350,"height":87,"caption":"Grupo Notibras de Comunica\u00e7\u00e3o"},"image":{"@id":"https:\/\/www.notibras.com\/site\/#\/schema\/logo\/image\/"},"sameAs":["https:\/\/www.facebook.com\/notibras\/","https:\/\/x.com\/Notibras","https:\/\/www.instagram.com\/notibras\/"]},{"@type":"Person","@id":"https:\/\/www.notibras.com\/site\/#\/schema\/person\/36ab0979449956132d3e5b517ea76ac8","name":"Reda\u00e7\u00e3o","image":{"@type":"ImageObject","inLanguage":"pt-BR","@id":"https:\/\/secure.gravatar.com\/avatar\/e0a867bdedb85fd243eadf09663511f96fc81e0720a4a42581f334ad4303aa6b?s=96&d=mm&r=g","url":"https:\/\/secure.gravatar.com\/avatar\/e0a867bdedb85fd243eadf09663511f96fc81e0720a4a42581f334ad4303aa6b?s=96&d=mm&r=g","contentUrl":"https:\/\/secure.gravatar.com\/avatar\/e0a867bdedb85fd243eadf09663511f96fc81e0720a4a42581f334ad4303aa6b?s=96&d=mm&r=g","caption":"Reda\u00e7\u00e3o"}}]}},"amp_enabled":true,"_links":{"self":[{"href":"https:\/\/www.notibras.com\/site\/wp-json\/wp\/v2\/posts\/305496","targetHints":{"allow":["GET"]}}],"collection":[{"href":"https:\/\/www.notibras.com\/site\/wp-json\/wp\/v2\/posts"}],"about":[{"href":"https:\/\/www.notibras.com\/site\/wp-json\/wp\/v2\/types\/post"}],"author":[{"embeddable":true,"href":"https:\/\/www.notibras.com\/site\/wp-json\/wp\/v2\/users\/2"}],"replies":[{"embeddable":true,"href":"https:\/\/www.notibras.com\/site\/wp-json\/wp\/v2\/comments?post=305496"}],"version-history":[{"count":4,"href":"https:\/\/www.notibras.com\/site\/wp-json\/wp\/v2\/posts\/305496\/revisions"}],"predecessor-version":[{"id":305501,"href":"https:\/\/www.notibras.com\/site\/wp-json\/wp\/v2\/posts\/305496\/revisions\/305501"}],"wp:featuredmedia":[{"embeddable":true,"href":"https:\/\/www.notibras.com\/site\/wp-json\/wp\/v2\/media\/305498"}],"wp:attachment":[{"href":"https:\/\/www.notibras.com\/site\/wp-json\/wp\/v2\/media?parent=305496"}],"wp:term":[{"taxonomy":"category","embeddable":true,"href":"https:\/\/www.notibras.com\/site\/wp-json\/wp\/v2\/categories?post=305496"},{"taxonomy":"post_tag","embeddable":true,"href":"https:\/\/www.notibras.com\/site\/wp-json\/wp\/v2\/tags?post=305496"}],"curies":[{"name":"wp","href":"https:\/\/api.w.org\/{rel}","templated":true}]}}