{"id":30553,"date":"2014-12-07T21:07:09","date_gmt":"2014-12-08T00:07:09","guid":{"rendered":"http:\/\/www.notibras.com\/site\/?p=30553"},"modified":"2014-12-09T06:03:47","modified_gmt":"2014-12-09T09:03:47","slug":"petrolao-deixa-um-gosto-amargo-na-vitoria-de-dilma-rousseff-sobre-aecio-neves","status":"publish","type":"post","link":"https:\/\/www.notibras.com\/site\/petrolao-deixa-um-gosto-amargo-na-vitoria-de-dilma-rousseff-sobre-aecio-neves\/","title":{"rendered":"Petrol\u00e3o deixa um gosto amargo na vit\u00f3ria de Dilma sobre A\u00e9cio"},"content":{"rendered":"<p>Raras vezes houve vit\u00f3ria eleitoral t\u00e3o pouco festejada. Nem mesmo o partido da vencedora, tonitruante e dado a autocelebra\u00e7\u00f5es, vibrou o suficiente para despertar o pa\u00eds da letargia.<\/p>\n<p>Os mais espertos talvez tenham percebido que seus quadros minguaram, com graves perdas de entusiasmo e ades\u00e3o na juventude e certo rancor em setores do empresariado mais moderno.<\/p>\n<p>A reeleita possivelmente saboreie o \u00eaxito com certo amargor. \u00c9 indiscut\u00edvel a legalidade da vit\u00f3ria, mas discut\u00edvel sua legitimidade. O que foi dito durante a campanha eleitoral n\u00e3o se compaginava com a realidade.<\/p>\n<p>S\u00f3 mesmo seu ministro da Fazenda, que coabita com o novo ministro designado, p\u00f4de dizer de cara lavada que a economia sa\u00edra da estagna\u00e7\u00e3o e que os males que a assolam v\u00eam da crise mundial.<\/p>\n<p>Recentemente, fazendo coro a esta euforia de encomenda, diante de dados que mostram um \u201ccrescimento\u201d de 0,1% do PIB no trimestre passado, houve a repeti\u00e7\u00e3o da bobagem: finalmente a economia teria sa\u00eddo da \u201crecess\u00e3o t\u00e9cnica\u201d, de dois ou mais trimestres seguidos.<\/p>\n<p>Palavras, palavras, palavras, que n\u00e3o enganam sequer aos que as est\u00e3o pronunciando.<\/p>\n<p>Na forma\u00e7\u00e3o do novo gabinete, a presidenta come\u00e7ou a atuar (escrevo antes que a tarefa esteja completa) no sentido de desdizer o que pregara na campanha. Buscou um trip\u00e9 \u201cde direita\u201d para o comando da economia.<\/p>\n<p>Na verdade, o adjetivo \u00e9 despiciendo: a calamidade das contas p\u00fablicas levou-a a escolher quem se imagina possa rep\u00f4-las em ordem, pois sem isso n\u00e3o existe direita nem esquerda, mas o caos.<\/p>\n<blockquote><p>Menos justific\u00e1vel, sen\u00e3o pela ang\u00fastia dos apoios perdidos, \u00e9 a composi\u00e7\u00e3o anunciada do resto do Minist\u00e9rio de cunho mais conservador\/clientel\u00edstico. Esperemos.<\/p><\/blockquote>\n<p>A presidenta, com esta reviravolta, deve sentir certa constrangedora falta de legitimidade. Foi a partir da a\u00e7\u00e3o dela na Casa Civil, e da\u00ed por diante, que se implantou a \u201cnova matriz econ\u00f4mica\u201d: mais gastan\u00e7a governamental e mais cr\u00e9dito p\u00fablico, \u00e0 custa do Tesouro.<\/p>\n<p>Foi isso que n\u00e3o deu certo, e serviu de alavanca para outros equ\u00edvocos que levaram o governo do PT a perder a confian\u00e7a de metade do pa\u00eds. Sem falar da quebra moral.<\/p>\n<p>Metade, sim, mas que metade? \u00c9 s\u00f3 ver os dados eleitorais com maior min\u00facia, munic\u00edpio por munic\u00edpio: a oposi\u00e7\u00e3o ganhou, em geral, nas \u00e1reas mais din\u00e2micas do pa\u00eds, inclusive nas capitais onde h\u00e1 sociedade civil mais ativa, maior escolaridade, capacidade empreendedora mais aut\u00f4noma e menos amarras aos governos.<\/p>\n<p>O lulopetismo, nascido no cora\u00e7\u00e3o da classe trabalhadora do ABC, recuou para as \u00e1reas do pa\u00eds onde a a\u00e7\u00e3o do governo supre a aus\u00eancia de uma sociedade civil ativa e de setores produtivos mais independentes de decis\u00f5es governamentais.<\/p>\n<p>\u00c9 falaciosa a afirma\u00e7\u00e3o de que houve vit\u00f3ria da oposi\u00e7\u00e3o em \u00e1reas geogr\u00e1ficas tomadas isoladamente: Sudeste rico em contraposi\u00e7\u00e3o ao Nordeste pobre, idem quanto ao Sul ou quanto ao Centro-Oeste em rela\u00e7\u00e3o ao Norte. Ou de ricos contra pobres, \u00e0 moda lulista.<\/p>\n<p>Por certo, como h\u00e1 maior concentra\u00e7\u00e3o da pobreza nas \u00e1reas mais dependentes do assistencialismo governamental, houve, de fato, uma distin\u00e7\u00e3o na qual as faixas de renda pesam. Mas os sete milh\u00f5es de dianteira que A\u00e9cio levou sobre Dilma em S\u00e3o Paulo ter\u00e3o sido \u201cdos ricos\u201d? Absurdo.<\/p>\n<p>Nas \u00e1reas menos dependentes do governo, ricos e pobres tenderam a votar contra o lulopetismo; nas demais, a favor de Dilma, ou melhor, do governo.<\/p>\n<p>A vota\u00e7\u00e3o na oposi\u00e7\u00e3o no Acre, em Rond\u00f4nia, em Roraima ou nas capitais do Norte e Nordeste se explica melhor pelo dinamismo do agroneg\u00f3cio e pelos servi\u00e7os que ele gera, e, no caso das capitais, pela maior autonomia de decis\u00e3o das pessoas.<\/p>\n<blockquote><p>Este o xis da quest\u00e3o. Eleito com apoio dos mais dependentes (n\u00e3o s\u00f3 dos mais pobres, mas tamb\u00e9m dos dependentes \u201cda m\u00e1quina p\u00fablica\u201d e das empresas a ela associadas), o \u201cnovo\u201d governo precisa fazer uma pol\u00edtica econ\u00f4mica que atenda aos setores mais din\u00e2micos do pa\u00eds.<\/p><\/blockquote>\n<p>Vem da\u00ed certa tristeza na vit\u00f3ria: a tarefa a ser cumprida seria mais bem realizada com a esperan\u00e7a, o \u00e2nimo e o compromisso de campanha dos que n\u00e3o venceram.<\/p>\n<p>Cabe agora aos vitoriosos vestir a camisa de seus opositores (como Lula j\u00e1 fez em 2003), continuar maldizendo-nos e fazendo malfeito o que n\u00f3s far\u00edamos de corpo e alma, portanto, melhor. Aten\u00e7\u00e3o: a economia n\u00e3o \u00e9 tudo. Menos ainda um ajuste fiscal.<\/p>\n<p>O \u00eaxito de uma pol\u00edtica econ\u00f4mica depende, como \u00e9 \u00f3bvio, da pol\u00edtica. Economia \u00e9 pol\u00edtica. Pol\u00edtica exige convic\u00e7\u00e3o, capacidade de comunicar-se, mensagem e desempenho.<\/p>\n<p>No Plano Real, coube-me ser o arauto, falar com a sociedade, ir ao Congresso, convencer o pr\u00f3prio governo. O presidente Itamar Franco teve a sabedoria de indicar o embaixador Ricupero para me suceder, que fez o mesmo papel.<\/p>\n<p>E agora, quem desempenhar\u00e1 a fun\u00e7\u00e3o de governar numa democracia, isto \u00e9, obter o apoio, o consentimento, a ades\u00e3o dos demais atores pol\u00edticos? Do Congresso, das empresas, dos sindicatos, das igrejas, da m\u00eddia, numa palavra, da sociedade.<\/p>\n<p>A presidenta Dilma, mulher sincera, ciosa de suas opini\u00f5es, ter\u00e1 condi\u00e7\u00f5es para se transmutar em andorinha da mensagem execrada por ela e sua grei? A nova equipe econ\u00f4mica ter\u00e1 esse perfil ou se isolar\u00e1 no tecnicismo?<\/p>\n<p>O \u201cpetrol\u00e3o\u201d ser\u00e1 uma ventania ou um tuf\u00e3o a derrubar as muralhas do governo e da \u201cbase aliada\u201d? E a oposi\u00e7\u00e3o se opor\u00e1 de verdade, ou embarcar\u00e1 no tecnicismo e na boa vontade \u00e0 espera de que o \u201cmercado\u201d, sobretudo o financeiro, acalme-se e que tudo volte \u00e0 moda antiga? O mesmo se diga de cada setor da sociedade.<\/p>\n<p>\u00c9 mais f\u00e1cil rearranjar a economia do que acertar a pol\u00edtica. Que fazer com essa quantidade de partidos e minist\u00e9rios, interligados mais por interesses, muitos dos quais escusos?<\/p>\n<p>Sem lideran\u00e7a, nada a fazer. Com miopia eleitoreira, menos ainda. Tomara n\u00e3o sejam os ju\u00edzes os \u00fanicos a purgar nossos males, como ocorreu na It\u00e1lia, at\u00e9 porque no exemplo citado o resultado posterior, a elei\u00e7\u00e3o de um demagogo como Berlusconi, n\u00e3o foi promissor.<\/p>\n<p><strong>Fernando Henrique Cardoso<\/strong><\/p>\n","protected":false},"excerpt":{"rendered":"<p>Raras vezes houve vit\u00f3ria eleitoral t\u00e3o pouco festejada. Nem mesmo o partido da vencedora, tonitruante e dado a autocelebra\u00e7\u00f5es, vibrou o suficiente para despertar o pa\u00eds da letargia. Os mais espertos talvez tenham percebido que seus quadros minguaram, com graves perdas de entusiasmo e ades\u00e3o na juventude e certo rancor em setores do empresariado mais [&hellip;]<\/p>\n","protected":false},"author":2,"featured_media":30554,"comment_status":"open","ping_status":"closed","sticky":false,"template":"","format":"standard","meta":{"_acf_changed":false,"footnotes":""},"categories":[25],"tags":[],"class_list":["post-30553","post","type-post","status-publish","format-standard","has-post-thumbnail","hentry","category-opina-ai"],"acf":[],"yoast_head":"<!-- This site is optimized with the Yoast SEO plugin v27.2 - https:\/\/yoast.com\/product\/yoast-seo-wordpress\/ -->\n<title>Petrol\u00e3o deixa um gosto amargo na vit\u00f3ria de Dilma sobre A\u00e9cio - Notibras<\/title>\n<meta name=\"robots\" content=\"index, follow, max-snippet:-1, max-image-preview:large, max-video-preview:-1\" \/>\n<link rel=\"canonical\" href=\"https:\/\/www.notibras.com\/site\/petrolao-deixa-um-gosto-amargo-na-vitoria-de-dilma-rousseff-sobre-aecio-neves\/\" \/>\n<meta property=\"og:locale\" content=\"pt_BR\" \/>\n<meta property=\"og:type\" content=\"article\" \/>\n<meta property=\"og:title\" content=\"Petrol\u00e3o deixa um gosto amargo na vit\u00f3ria de Dilma sobre A\u00e9cio - Notibras\" \/>\n<meta property=\"og:description\" content=\"Raras vezes houve vit\u00f3ria eleitoral t\u00e3o pouco festejada. Nem mesmo o partido da vencedora, tonitruante e dado a autocelebra\u00e7\u00f5es, vibrou o suficiente para despertar o pa\u00eds da letargia. Os mais espertos talvez tenham percebido que seus quadros minguaram, com graves perdas de entusiasmo e ades\u00e3o na juventude e certo rancor em setores do empresariado mais [&hellip;]\" \/>\n<meta property=\"og:url\" content=\"https:\/\/www.notibras.com\/site\/petrolao-deixa-um-gosto-amargo-na-vitoria-de-dilma-rousseff-sobre-aecio-neves\/\" \/>\n<meta property=\"og:site_name\" content=\"Notibras\" \/>\n<meta property=\"article:publisher\" content=\"https:\/\/www.facebook.com\/notibras\/\" \/>\n<meta property=\"article:published_time\" content=\"2014-12-08T00:07:09+00:00\" \/>\n<meta property=\"article:modified_time\" content=\"2014-12-09T09:03:47+00:00\" \/>\n<meta property=\"og:image\" content=\"https:\/\/www.notibras.com\/site\/wp-content\/uploads\/2014\/12\/dilma.jpg\" \/>\n\t<meta property=\"og:image:width\" content=\"645\" \/>\n\t<meta property=\"og:image:height\" content=\"388\" \/>\n\t<meta property=\"og:image:type\" content=\"image\/jpeg\" \/>\n<meta name=\"author\" content=\"Reda\u00e7\u00e3o\" \/>\n<meta name=\"twitter:card\" content=\"summary_large_image\" \/>\n<meta name=\"twitter:creator\" content=\"@Notibras\" \/>\n<meta name=\"twitter:site\" content=\"@Notibras\" \/>\n<meta name=\"twitter:label1\" content=\"Escrito por\" \/>\n\t<meta name=\"twitter:data1\" content=\"Reda\u00e7\u00e3o\" \/>\n\t<meta name=\"twitter:label2\" content=\"Est. tempo de leitura\" \/>\n\t<meta name=\"twitter:data2\" content=\"5 minutos\" \/>\n<script type=\"application\/ld+json\" class=\"yoast-schema-graph\">{\"@context\":\"https:\/\/schema.org\",\"@graph\":[{\"@type\":\"Article\",\"@id\":\"https:\/\/www.notibras.com\/site\/petrolao-deixa-um-gosto-amargo-na-vitoria-de-dilma-rousseff-sobre-aecio-neves\/#article\",\"isPartOf\":{\"@id\":\"https:\/\/www.notibras.com\/site\/petrolao-deixa-um-gosto-amargo-na-vitoria-de-dilma-rousseff-sobre-aecio-neves\/\"},\"author\":{\"name\":\"Reda\u00e7\u00e3o\",\"@id\":\"https:\/\/www.notibras.com\/site\/#\/schema\/person\/36ab0979449956132d3e5b517ea76ac8\"},\"headline\":\"Petrol\u00e3o deixa um gosto amargo na vit\u00f3ria de Dilma sobre A\u00e9cio\",\"datePublished\":\"2014-12-08T00:07:09+00:00\",\"dateModified\":\"2014-12-09T09:03:47+00:00\",\"mainEntityOfPage\":{\"@id\":\"https:\/\/www.notibras.com\/site\/petrolao-deixa-um-gosto-amargo-na-vitoria-de-dilma-rousseff-sobre-aecio-neves\/\"},\"wordCount\":1076,\"commentCount\":0,\"publisher\":{\"@id\":\"https:\/\/www.notibras.com\/site\/#organization\"},\"image\":{\"@id\":\"https:\/\/www.notibras.com\/site\/petrolao-deixa-um-gosto-amargo-na-vitoria-de-dilma-rousseff-sobre-aecio-neves\/#primaryimage\"},\"thumbnailUrl\":\"https:\/\/www.notibras.com\/site\/wp-content\/uploads\/2014\/12\/dilma.jpg\",\"articleSection\":[\"Opina a\u00ed\"],\"inLanguage\":\"pt-BR\",\"potentialAction\":[{\"@type\":\"CommentAction\",\"name\":\"Comment\",\"target\":[\"https:\/\/www.notibras.com\/site\/petrolao-deixa-um-gosto-amargo-na-vitoria-de-dilma-rousseff-sobre-aecio-neves\/#respond\"]}]},{\"@type\":\"WebPage\",\"@id\":\"https:\/\/www.notibras.com\/site\/petrolao-deixa-um-gosto-amargo-na-vitoria-de-dilma-rousseff-sobre-aecio-neves\/\",\"url\":\"https:\/\/www.notibras.com\/site\/petrolao-deixa-um-gosto-amargo-na-vitoria-de-dilma-rousseff-sobre-aecio-neves\/\",\"name\":\"Petrol\u00e3o deixa um gosto amargo na vit\u00f3ria de Dilma sobre A\u00e9cio - Notibras\",\"isPartOf\":{\"@id\":\"https:\/\/www.notibras.com\/site\/#website\"},\"primaryImageOfPage\":{\"@id\":\"https:\/\/www.notibras.com\/site\/petrolao-deixa-um-gosto-amargo-na-vitoria-de-dilma-rousseff-sobre-aecio-neves\/#primaryimage\"},\"image\":{\"@id\":\"https:\/\/www.notibras.com\/site\/petrolao-deixa-um-gosto-amargo-na-vitoria-de-dilma-rousseff-sobre-aecio-neves\/#primaryimage\"},\"thumbnailUrl\":\"https:\/\/www.notibras.com\/site\/wp-content\/uploads\/2014\/12\/dilma.jpg\",\"datePublished\":\"2014-12-08T00:07:09+00:00\",\"dateModified\":\"2014-12-09T09:03:47+00:00\",\"breadcrumb\":{\"@id\":\"https:\/\/www.notibras.com\/site\/petrolao-deixa-um-gosto-amargo-na-vitoria-de-dilma-rousseff-sobre-aecio-neves\/#breadcrumb\"},\"inLanguage\":\"pt-BR\",\"potentialAction\":[{\"@type\":\"ReadAction\",\"target\":[\"https:\/\/www.notibras.com\/site\/petrolao-deixa-um-gosto-amargo-na-vitoria-de-dilma-rousseff-sobre-aecio-neves\/\"]}]},{\"@type\":\"ImageObject\",\"inLanguage\":\"pt-BR\",\"@id\":\"https:\/\/www.notibras.com\/site\/petrolao-deixa-um-gosto-amargo-na-vitoria-de-dilma-rousseff-sobre-aecio-neves\/#primaryimage\",\"url\":\"https:\/\/www.notibras.com\/site\/wp-content\/uploads\/2014\/12\/dilma.jpg\",\"contentUrl\":\"https:\/\/www.notibras.com\/site\/wp-content\/uploads\/2014\/12\/dilma.jpg\",\"width\":645,\"height\":388},{\"@type\":\"BreadcrumbList\",\"@id\":\"https:\/\/www.notibras.com\/site\/petrolao-deixa-um-gosto-amargo-na-vitoria-de-dilma-rousseff-sobre-aecio-neves\/#breadcrumb\",\"itemListElement\":[{\"@type\":\"ListItem\",\"position\":1,\"name\":\"In\u00edcio\",\"item\":\"https:\/\/www.notibras.com\/site\/\"},{\"@type\":\"ListItem\",\"position\":2,\"name\":\"Petrol\u00e3o deixa um gosto amargo na vit\u00f3ria de Dilma sobre A\u00e9cio\"}]},{\"@type\":\"WebSite\",\"@id\":\"https:\/\/www.notibras.com\/site\/#website\",\"url\":\"https:\/\/www.notibras.com\/site\/\",\"name\":\"Notibras\",\"description\":\"Not\u00edcias de Bras\u00edlia, do Brasil e do Mundo\",\"publisher\":{\"@id\":\"https:\/\/www.notibras.com\/site\/#organization\"},\"potentialAction\":[{\"@type\":\"SearchAction\",\"target\":{\"@type\":\"EntryPoint\",\"urlTemplate\":\"https:\/\/www.notibras.com\/site\/?s={search_term_string}\"},\"query-input\":{\"@type\":\"PropertyValueSpecification\",\"valueRequired\":true,\"valueName\":\"search_term_string\"}}],\"inLanguage\":\"pt-BR\"},{\"@type\":\"Organization\",\"@id\":\"https:\/\/www.notibras.com\/site\/#organization\",\"name\":\"Grupo Notibras de Comunica\u00e7\u00e3o\",\"url\":\"https:\/\/www.notibras.com\/site\/\",\"logo\":{\"@type\":\"ImageObject\",\"inLanguage\":\"pt-BR\",\"@id\":\"https:\/\/www.notibras.com\/site\/#\/schema\/logo\/image\/\",\"url\":\"https:\/\/www.notibras.com\/site\/wp-content\/uploads\/2023\/01\/notibras23.png\",\"contentUrl\":\"https:\/\/www.notibras.com\/site\/wp-content\/uploads\/2023\/01\/notibras23.png\",\"width\":350,\"height\":87,\"caption\":\"Grupo Notibras de Comunica\u00e7\u00e3o\"},\"image\":{\"@id\":\"https:\/\/www.notibras.com\/site\/#\/schema\/logo\/image\/\"},\"sameAs\":[\"https:\/\/www.facebook.com\/notibras\/\",\"https:\/\/x.com\/Notibras\",\"https:\/\/www.instagram.com\/notibras\/\"]},{\"@type\":\"Person\",\"@id\":\"https:\/\/www.notibras.com\/site\/#\/schema\/person\/36ab0979449956132d3e5b517ea76ac8\",\"name\":\"Reda\u00e7\u00e3o\",\"image\":{\"@type\":\"ImageObject\",\"inLanguage\":\"pt-BR\",\"@id\":\"https:\/\/secure.gravatar.com\/avatar\/e0a867bdedb85fd243eadf09663511f96fc81e0720a4a42581f334ad4303aa6b?s=96&d=mm&r=g\",\"url\":\"https:\/\/secure.gravatar.com\/avatar\/e0a867bdedb85fd243eadf09663511f96fc81e0720a4a42581f334ad4303aa6b?s=96&d=mm&r=g\",\"contentUrl\":\"https:\/\/secure.gravatar.com\/avatar\/e0a867bdedb85fd243eadf09663511f96fc81e0720a4a42581f334ad4303aa6b?s=96&d=mm&r=g\",\"caption\":\"Reda\u00e7\u00e3o\"}}]}<\/script>\n<!-- \/ Yoast SEO plugin. -->","yoast_head_json":{"title":"Petrol\u00e3o deixa um gosto amargo na vit\u00f3ria de Dilma sobre A\u00e9cio - Notibras","robots":{"index":"index","follow":"follow","max-snippet":"max-snippet:-1","max-image-preview":"max-image-preview:large","max-video-preview":"max-video-preview:-1"},"canonical":"https:\/\/www.notibras.com\/site\/petrolao-deixa-um-gosto-amargo-na-vitoria-de-dilma-rousseff-sobre-aecio-neves\/","og_locale":"pt_BR","og_type":"article","og_title":"Petrol\u00e3o deixa um gosto amargo na vit\u00f3ria de Dilma sobre A\u00e9cio - Notibras","og_description":"Raras vezes houve vit\u00f3ria eleitoral t\u00e3o pouco festejada. Nem mesmo o partido da vencedora, tonitruante e dado a autocelebra\u00e7\u00f5es, vibrou o suficiente para despertar o pa\u00eds da letargia. Os mais espertos talvez tenham percebido que seus quadros minguaram, com graves perdas de entusiasmo e ades\u00e3o na juventude e certo rancor em setores do empresariado mais [&hellip;]","og_url":"https:\/\/www.notibras.com\/site\/petrolao-deixa-um-gosto-amargo-na-vitoria-de-dilma-rousseff-sobre-aecio-neves\/","og_site_name":"Notibras","article_publisher":"https:\/\/www.facebook.com\/notibras\/","article_published_time":"2014-12-08T00:07:09+00:00","article_modified_time":"2014-12-09T09:03:47+00:00","og_image":[{"width":645,"height":388,"url":"https:\/\/www.notibras.com\/site\/wp-content\/uploads\/2014\/12\/dilma.jpg","type":"image\/jpeg"}],"author":"Reda\u00e7\u00e3o","twitter_card":"summary_large_image","twitter_creator":"@Notibras","twitter_site":"@Notibras","twitter_misc":{"Escrito por":"Reda\u00e7\u00e3o","Est. tempo de leitura":"5 minutos"},"schema":{"@context":"https:\/\/schema.org","@graph":[{"@type":"Article","@id":"https:\/\/www.notibras.com\/site\/petrolao-deixa-um-gosto-amargo-na-vitoria-de-dilma-rousseff-sobre-aecio-neves\/#article","isPartOf":{"@id":"https:\/\/www.notibras.com\/site\/petrolao-deixa-um-gosto-amargo-na-vitoria-de-dilma-rousseff-sobre-aecio-neves\/"},"author":{"name":"Reda\u00e7\u00e3o","@id":"https:\/\/www.notibras.com\/site\/#\/schema\/person\/36ab0979449956132d3e5b517ea76ac8"},"headline":"Petrol\u00e3o deixa um gosto amargo na vit\u00f3ria de Dilma sobre A\u00e9cio","datePublished":"2014-12-08T00:07:09+00:00","dateModified":"2014-12-09T09:03:47+00:00","mainEntityOfPage":{"@id":"https:\/\/www.notibras.com\/site\/petrolao-deixa-um-gosto-amargo-na-vitoria-de-dilma-rousseff-sobre-aecio-neves\/"},"wordCount":1076,"commentCount":0,"publisher":{"@id":"https:\/\/www.notibras.com\/site\/#organization"},"image":{"@id":"https:\/\/www.notibras.com\/site\/petrolao-deixa-um-gosto-amargo-na-vitoria-de-dilma-rousseff-sobre-aecio-neves\/#primaryimage"},"thumbnailUrl":"https:\/\/www.notibras.com\/site\/wp-content\/uploads\/2014\/12\/dilma.jpg","articleSection":["Opina a\u00ed"],"inLanguage":"pt-BR","potentialAction":[{"@type":"CommentAction","name":"Comment","target":["https:\/\/www.notibras.com\/site\/petrolao-deixa-um-gosto-amargo-na-vitoria-de-dilma-rousseff-sobre-aecio-neves\/#respond"]}]},{"@type":"WebPage","@id":"https:\/\/www.notibras.com\/site\/petrolao-deixa-um-gosto-amargo-na-vitoria-de-dilma-rousseff-sobre-aecio-neves\/","url":"https:\/\/www.notibras.com\/site\/petrolao-deixa-um-gosto-amargo-na-vitoria-de-dilma-rousseff-sobre-aecio-neves\/","name":"Petrol\u00e3o deixa um gosto amargo na vit\u00f3ria de Dilma sobre A\u00e9cio - Notibras","isPartOf":{"@id":"https:\/\/www.notibras.com\/site\/#website"},"primaryImageOfPage":{"@id":"https:\/\/www.notibras.com\/site\/petrolao-deixa-um-gosto-amargo-na-vitoria-de-dilma-rousseff-sobre-aecio-neves\/#primaryimage"},"image":{"@id":"https:\/\/www.notibras.com\/site\/petrolao-deixa-um-gosto-amargo-na-vitoria-de-dilma-rousseff-sobre-aecio-neves\/#primaryimage"},"thumbnailUrl":"https:\/\/www.notibras.com\/site\/wp-content\/uploads\/2014\/12\/dilma.jpg","datePublished":"2014-12-08T00:07:09+00:00","dateModified":"2014-12-09T09:03:47+00:00","breadcrumb":{"@id":"https:\/\/www.notibras.com\/site\/petrolao-deixa-um-gosto-amargo-na-vitoria-de-dilma-rousseff-sobre-aecio-neves\/#breadcrumb"},"inLanguage":"pt-BR","potentialAction":[{"@type":"ReadAction","target":["https:\/\/www.notibras.com\/site\/petrolao-deixa-um-gosto-amargo-na-vitoria-de-dilma-rousseff-sobre-aecio-neves\/"]}]},{"@type":"ImageObject","inLanguage":"pt-BR","@id":"https:\/\/www.notibras.com\/site\/petrolao-deixa-um-gosto-amargo-na-vitoria-de-dilma-rousseff-sobre-aecio-neves\/#primaryimage","url":"https:\/\/www.notibras.com\/site\/wp-content\/uploads\/2014\/12\/dilma.jpg","contentUrl":"https:\/\/www.notibras.com\/site\/wp-content\/uploads\/2014\/12\/dilma.jpg","width":645,"height":388},{"@type":"BreadcrumbList","@id":"https:\/\/www.notibras.com\/site\/petrolao-deixa-um-gosto-amargo-na-vitoria-de-dilma-rousseff-sobre-aecio-neves\/#breadcrumb","itemListElement":[{"@type":"ListItem","position":1,"name":"In\u00edcio","item":"https:\/\/www.notibras.com\/site\/"},{"@type":"ListItem","position":2,"name":"Petrol\u00e3o deixa um gosto amargo na vit\u00f3ria de Dilma sobre A\u00e9cio"}]},{"@type":"WebSite","@id":"https:\/\/www.notibras.com\/site\/#website","url":"https:\/\/www.notibras.com\/site\/","name":"Notibras","description":"Not\u00edcias de Bras\u00edlia, do Brasil e do Mundo","publisher":{"@id":"https:\/\/www.notibras.com\/site\/#organization"},"potentialAction":[{"@type":"SearchAction","target":{"@type":"EntryPoint","urlTemplate":"https:\/\/www.notibras.com\/site\/?s={search_term_string}"},"query-input":{"@type":"PropertyValueSpecification","valueRequired":true,"valueName":"search_term_string"}}],"inLanguage":"pt-BR"},{"@type":"Organization","@id":"https:\/\/www.notibras.com\/site\/#organization","name":"Grupo Notibras de Comunica\u00e7\u00e3o","url":"https:\/\/www.notibras.com\/site\/","logo":{"@type":"ImageObject","inLanguage":"pt-BR","@id":"https:\/\/www.notibras.com\/site\/#\/schema\/logo\/image\/","url":"https:\/\/www.notibras.com\/site\/wp-content\/uploads\/2023\/01\/notibras23.png","contentUrl":"https:\/\/www.notibras.com\/site\/wp-content\/uploads\/2023\/01\/notibras23.png","width":350,"height":87,"caption":"Grupo Notibras de Comunica\u00e7\u00e3o"},"image":{"@id":"https:\/\/www.notibras.com\/site\/#\/schema\/logo\/image\/"},"sameAs":["https:\/\/www.facebook.com\/notibras\/","https:\/\/x.com\/Notibras","https:\/\/www.instagram.com\/notibras\/"]},{"@type":"Person","@id":"https:\/\/www.notibras.com\/site\/#\/schema\/person\/36ab0979449956132d3e5b517ea76ac8","name":"Reda\u00e7\u00e3o","image":{"@type":"ImageObject","inLanguage":"pt-BR","@id":"https:\/\/secure.gravatar.com\/avatar\/e0a867bdedb85fd243eadf09663511f96fc81e0720a4a42581f334ad4303aa6b?s=96&d=mm&r=g","url":"https:\/\/secure.gravatar.com\/avatar\/e0a867bdedb85fd243eadf09663511f96fc81e0720a4a42581f334ad4303aa6b?s=96&d=mm&r=g","contentUrl":"https:\/\/secure.gravatar.com\/avatar\/e0a867bdedb85fd243eadf09663511f96fc81e0720a4a42581f334ad4303aa6b?s=96&d=mm&r=g","caption":"Reda\u00e7\u00e3o"}}]}},"amp_enabled":true,"_links":{"self":[{"href":"https:\/\/www.notibras.com\/site\/wp-json\/wp\/v2\/posts\/30553","targetHints":{"allow":["GET"]}}],"collection":[{"href":"https:\/\/www.notibras.com\/site\/wp-json\/wp\/v2\/posts"}],"about":[{"href":"https:\/\/www.notibras.com\/site\/wp-json\/wp\/v2\/types\/post"}],"author":[{"embeddable":true,"href":"https:\/\/www.notibras.com\/site\/wp-json\/wp\/v2\/users\/2"}],"replies":[{"embeddable":true,"href":"https:\/\/www.notibras.com\/site\/wp-json\/wp\/v2\/comments?post=30553"}],"version-history":[{"count":0,"href":"https:\/\/www.notibras.com\/site\/wp-json\/wp\/v2\/posts\/30553\/revisions"}],"wp:featuredmedia":[{"embeddable":true,"href":"https:\/\/www.notibras.com\/site\/wp-json\/wp\/v2\/media\/30554"}],"wp:attachment":[{"href":"https:\/\/www.notibras.com\/site\/wp-json\/wp\/v2\/media?parent=30553"}],"wp:term":[{"taxonomy":"category","embeddable":true,"href":"https:\/\/www.notibras.com\/site\/wp-json\/wp\/v2\/categories?post=30553"},{"taxonomy":"post_tag","embeddable":true,"href":"https:\/\/www.notibras.com\/site\/wp-json\/wp\/v2\/tags?post=30553"}],"curies":[{"name":"wp","href":"https:\/\/api.w.org\/{rel}","templated":true}]}}