{"id":305540,"date":"2023-05-24T09:27:45","date_gmt":"2023-05-24T12:27:45","guid":{"rendered":"https:\/\/www.notibras.com\/site\/?p=305540"},"modified":"2023-05-24T10:30:12","modified_gmt":"2023-05-24T13:30:12","slug":"comeca-mutirao-para-fiscalizar-postos-de-combustiveis","status":"publish","type":"post","link":"https:\/\/www.notibras.com\/site\/comeca-mutirao-para-fiscalizar-postos-de-combustiveis\/","title":{"rendered":"Come\u00e7a mutir\u00e3o para fiscalizar postos de combust\u00edveis"},"content":{"rendered":"<p>Come\u00e7ou nesta quarta-feira (24) o mutir\u00e3o da Secretaria Nacional do Consumidor (Senacon) para monitorar postos de combust\u00edveis que n\u00e3o reduziram os pre\u00e7os m\u00e9dios de venda de gasolina e diesel, ap\u00f3s a queda de pre\u00e7os promovida pela Petrobras.<\/p>\n<p>No dia 16 de maio, a Senacon emitiu um of\u00edcio aos Procons estaduais e municipais, solicitando esse monitoramento em postos de combust\u00edveis de todo o pa\u00eds. O documento instru\u00eda as unidades do Procon a fazerem um levantamento detalhado dos pre\u00e7os.<\/p>\n<p>No dia 18, foi anunciado que o mutir\u00e3o iniciaria nesta quarta-feira. Durante o evento, o secret\u00e1rio Nacional do Consumidor, Wadih Damous, disse que a redu\u00e7\u00e3o anunciada pela Petrobras e pelo governo federal foi adotada com o objetivo de beneficiar toda a popula\u00e7\u00e3o, e n\u00e3o de favorecer um setor que, segundo ele, \u201ctalvez seja o mais cartelizado da economia brasileira\u201d.<\/p>\n<p>O secret\u00e1rio tem reiterado cr\u00edticas contra \u201cfraudes e abusos\u201d que, segundo den\u00fancias apresentadas \u00e0 Senacon, estariam sendo praticadas por postos de combust\u00edveis. No of\u00edcio encaminhado aos Procons, Damous disse que n\u00e3o aceitar\u00e1 situa\u00e7\u00f5es desse tipo.<\/p>\n<p>Em entrevista ao programa A Voz do Brasil, da Empresa Brasil de Comunica\u00e7\u00e3o (EBC), nesta semana, o ministro de Minas e Energia, Alexandre Silveira, declarou que haver\u00e1 &#8220;m\u00e3o firme do governo para que a queda do pre\u00e7o chegue na bomba&#8221;.<\/p>\n<p><strong>Formul\u00e1rio<\/strong><br \/>\nA Senacon abriu um canal de den\u00fancias contra postos de gasolina. Nos primeiros dias, mais de mil den\u00fancias de pre\u00e7os abusivos foram registradas.<\/p>\n<p>Para fazer a den\u00fancia, basta preencher um formul\u00e1rio simples, com dados b\u00e1sicos do denunciante e da empresa denunciada. O formul\u00e1rio foi disponibilizado na internet no site da Senacon.<\/p>\n<p><strong>Redu\u00e7\u00e3o<\/strong><br \/>\nNa segunda-feira (15), a Diretoria Executiva da Petrobras aprovou uma estrat\u00e9gia comercial para defini\u00e7\u00e3o de pre\u00e7os de diesel e gasolina que encerrou a subordina\u00e7\u00e3o dos valores ao pre\u00e7o de paridade de importa\u00e7\u00e3o.<\/p>\n<p>No dia seguinte, a empresa anunciou redu\u00e7\u00e3o R$ 0,44 por litro do pre\u00e7o m\u00e9dio do diesel para as distribuidoras, que passou de R$ 3,46 para R$ 3,02. A redu\u00e7\u00e3o do pre\u00e7o m\u00e9dio da gasolina foi de R$ 0,40 por litro, passando de R$ 3,18 para R$ 2,78, valor tamb\u00e9m pago pelas distribuidoras.<\/p>\n<p>Com a nova pol\u00edtica da estatal, as refer\u00eancias de mercado coloca o custo alternativo do cliente como prioridade na precifica\u00e7\u00e3o; e considera o valor marginal para a Petrobras, tendo por base custos e oportunidades observadas em diversas etapas da atividade, entre elas, produ\u00e7\u00e3o, importa\u00e7\u00e3o e exporta\u00e7\u00e3o de produtos.<\/p>\n<p>As premissas, segundo nota divulgada pela empresa, s\u00e3o pre\u00e7os competitivos por polo de venda, participa\u00e7\u00e3o &#8220;\u00f3tima&#8221; da Petrobras no mercado, otimiza\u00e7\u00e3o dos seus ativos de refino e rentabilidade de maneira sustent\u00e1vel.<\/p>\n<p>Segundo a estatal, os reajustes continuar\u00e3o sendo feitos sem uma periodicidade definida e evitar\u00e1 repasses da volatilidade dos pre\u00e7os internacionais e do c\u00e2mbio aos consumidores brasileiros.<\/p>\n","protected":false},"excerpt":{"rendered":"<p>Come\u00e7ou nesta quarta-feira (24) o mutir\u00e3o da Secretaria Nacional do Consumidor (Senacon) para monitorar postos de combust\u00edveis que n\u00e3o reduziram os pre\u00e7os m\u00e9dios de venda de gasolina e diesel, ap\u00f3s a queda de pre\u00e7os promovida pela Petrobras. No dia 16 de maio, a Senacon emitiu um of\u00edcio aos Procons estaduais e municipais, solicitando esse monitoramento [&hellip;]<\/p>\n","protected":false},"author":2,"featured_media":305541,"comment_status":"closed","ping_status":"closed","sticky":false,"template":"","format":"standard","meta":{"_acf_changed":false,"footnotes":""},"categories":[161],"tags":[],"class_list":["post-305540","post","type-post","status-publish","format-standard","has-post-thumbnail","hentry","category-quadradinho-em-foco"],"acf":[],"yoast_head":"<!-- This site is optimized with the Yoast SEO plugin v27.2 - https:\/\/yoast.com\/product\/yoast-seo-wordpress\/ -->\n<title>Come\u00e7a mutir\u00e3o para fiscalizar postos de combust\u00edveis - Notibras<\/title>\n<meta name=\"robots\" content=\"index, follow, max-snippet:-1, max-image-preview:large, max-video-preview:-1\" \/>\n<link rel=\"canonical\" href=\"https:\/\/www.notibras.com\/site\/comeca-mutirao-para-fiscalizar-postos-de-combustiveis\/\" \/>\n<meta property=\"og:locale\" content=\"pt_BR\" \/>\n<meta property=\"og:type\" content=\"article\" \/>\n<meta property=\"og:title\" content=\"Come\u00e7a mutir\u00e3o para fiscalizar postos de combust\u00edveis - Notibras\" \/>\n<meta property=\"og:description\" content=\"Come\u00e7ou nesta quarta-feira (24) o mutir\u00e3o da Secretaria Nacional do Consumidor (Senacon) para monitorar postos de combust\u00edveis que n\u00e3o reduziram os pre\u00e7os m\u00e9dios de venda de gasolina e diesel, ap\u00f3s a queda de pre\u00e7os promovida pela Petrobras. No dia 16 de maio, a Senacon emitiu um of\u00edcio aos Procons estaduais e municipais, solicitando esse monitoramento [&hellip;]\" \/>\n<meta property=\"og:url\" content=\"https:\/\/www.notibras.com\/site\/comeca-mutirao-para-fiscalizar-postos-de-combustiveis\/\" \/>\n<meta property=\"og:site_name\" content=\"Notibras\" \/>\n<meta property=\"article:publisher\" content=\"https:\/\/www.facebook.com\/notibras\/\" \/>\n<meta property=\"article:published_time\" content=\"2023-05-24T12:27:45+00:00\" \/>\n<meta property=\"article:modified_time\" content=\"2023-05-24T13:30:12+00:00\" \/>\n<meta property=\"og:image\" content=\"https:\/\/www.notibras.com\/site\/wp-content\/uploads\/2023\/05\/posto_de_gasolina_jfcrz_abr_0605223809_1-2.jpg\" \/>\n\t<meta property=\"og:image:width\" content=\"1170\" \/>\n\t<meta property=\"og:image:height\" content=\"700\" \/>\n\t<meta property=\"og:image:type\" content=\"image\/jpeg\" \/>\n<meta name=\"author\" content=\"Reda\u00e7\u00e3o\" \/>\n<meta name=\"twitter:card\" content=\"summary_large_image\" \/>\n<meta name=\"twitter:creator\" content=\"@Notibras\" \/>\n<meta name=\"twitter:site\" content=\"@Notibras\" \/>\n<meta name=\"twitter:label1\" content=\"Escrito por\" \/>\n\t<meta name=\"twitter:data1\" content=\"Reda\u00e7\u00e3o\" \/>\n\t<meta name=\"twitter:label2\" content=\"Est. tempo de leitura\" \/>\n\t<meta name=\"twitter:data2\" content=\"3 minutos\" \/>\n<script type=\"application\/ld+json\" class=\"yoast-schema-graph\">{\"@context\":\"https:\/\/schema.org\",\"@graph\":[{\"@type\":\"Article\",\"@id\":\"https:\/\/www.notibras.com\/site\/comeca-mutirao-para-fiscalizar-postos-de-combustiveis\/#article\",\"isPartOf\":{\"@id\":\"https:\/\/www.notibras.com\/site\/comeca-mutirao-para-fiscalizar-postos-de-combustiveis\/\"},\"author\":{\"name\":\"Reda\u00e7\u00e3o\",\"@id\":\"https:\/\/www.notibras.com\/site\/#\/schema\/person\/36ab0979449956132d3e5b517ea76ac8\"},\"headline\":\"Come\u00e7a mutir\u00e3o para fiscalizar postos de combust\u00edveis\",\"datePublished\":\"2023-05-24T12:27:45+00:00\",\"dateModified\":\"2023-05-24T13:30:12+00:00\",\"mainEntityOfPage\":{\"@id\":\"https:\/\/www.notibras.com\/site\/comeca-mutirao-para-fiscalizar-postos-de-combustiveis\/\"},\"wordCount\":516,\"publisher\":{\"@id\":\"https:\/\/www.notibras.com\/site\/#organization\"},\"image\":{\"@id\":\"https:\/\/www.notibras.com\/site\/comeca-mutirao-para-fiscalizar-postos-de-combustiveis\/#primaryimage\"},\"thumbnailUrl\":\"https:\/\/www.notibras.com\/site\/wp-content\/uploads\/2023\/05\/posto_de_gasolina_jfcrz_abr_0605223809_1-2.jpg\",\"articleSection\":[\"Quadradinho em Foco\"],\"inLanguage\":\"pt-BR\"},{\"@type\":\"WebPage\",\"@id\":\"https:\/\/www.notibras.com\/site\/comeca-mutirao-para-fiscalizar-postos-de-combustiveis\/\",\"url\":\"https:\/\/www.notibras.com\/site\/comeca-mutirao-para-fiscalizar-postos-de-combustiveis\/\",\"name\":\"Come\u00e7a mutir\u00e3o para fiscalizar postos de combust\u00edveis - Notibras\",\"isPartOf\":{\"@id\":\"https:\/\/www.notibras.com\/site\/#website\"},\"primaryImageOfPage\":{\"@id\":\"https:\/\/www.notibras.com\/site\/comeca-mutirao-para-fiscalizar-postos-de-combustiveis\/#primaryimage\"},\"image\":{\"@id\":\"https:\/\/www.notibras.com\/site\/comeca-mutirao-para-fiscalizar-postos-de-combustiveis\/#primaryimage\"},\"thumbnailUrl\":\"https:\/\/www.notibras.com\/site\/wp-content\/uploads\/2023\/05\/posto_de_gasolina_jfcrz_abr_0605223809_1-2.jpg\",\"datePublished\":\"2023-05-24T12:27:45+00:00\",\"dateModified\":\"2023-05-24T13:30:12+00:00\",\"breadcrumb\":{\"@id\":\"https:\/\/www.notibras.com\/site\/comeca-mutirao-para-fiscalizar-postos-de-combustiveis\/#breadcrumb\"},\"inLanguage\":\"pt-BR\",\"potentialAction\":[{\"@type\":\"ReadAction\",\"target\":[\"https:\/\/www.notibras.com\/site\/comeca-mutirao-para-fiscalizar-postos-de-combustiveis\/\"]}]},{\"@type\":\"ImageObject\",\"inLanguage\":\"pt-BR\",\"@id\":\"https:\/\/www.notibras.com\/site\/comeca-mutirao-para-fiscalizar-postos-de-combustiveis\/#primaryimage\",\"url\":\"https:\/\/www.notibras.com\/site\/wp-content\/uploads\/2023\/05\/posto_de_gasolina_jfcrz_abr_0605223809_1-2.jpg\",\"contentUrl\":\"https:\/\/www.notibras.com\/site\/wp-content\/uploads\/2023\/05\/posto_de_gasolina_jfcrz_abr_0605223809_1-2.jpg\",\"width\":1170,\"height\":700,\"caption\":\"Posto de combust\u00edvel\"},{\"@type\":\"BreadcrumbList\",\"@id\":\"https:\/\/www.notibras.com\/site\/comeca-mutirao-para-fiscalizar-postos-de-combustiveis\/#breadcrumb\",\"itemListElement\":[{\"@type\":\"ListItem\",\"position\":1,\"name\":\"In\u00edcio\",\"item\":\"https:\/\/www.notibras.com\/site\/\"},{\"@type\":\"ListItem\",\"position\":2,\"name\":\"Come\u00e7a mutir\u00e3o para fiscalizar postos de combust\u00edveis\"}]},{\"@type\":\"WebSite\",\"@id\":\"https:\/\/www.notibras.com\/site\/#website\",\"url\":\"https:\/\/www.notibras.com\/site\/\",\"name\":\"Notibras\",\"description\":\"Not\u00edcias de Bras\u00edlia, do Brasil e do Mundo\",\"publisher\":{\"@id\":\"https:\/\/www.notibras.com\/site\/#organization\"},\"potentialAction\":[{\"@type\":\"SearchAction\",\"target\":{\"@type\":\"EntryPoint\",\"urlTemplate\":\"https:\/\/www.notibras.com\/site\/?s={search_term_string}\"},\"query-input\":{\"@type\":\"PropertyValueSpecification\",\"valueRequired\":true,\"valueName\":\"search_term_string\"}}],\"inLanguage\":\"pt-BR\"},{\"@type\":\"Organization\",\"@id\":\"https:\/\/www.notibras.com\/site\/#organization\",\"name\":\"Grupo Notibras de Comunica\u00e7\u00e3o\",\"url\":\"https:\/\/www.notibras.com\/site\/\",\"logo\":{\"@type\":\"ImageObject\",\"inLanguage\":\"pt-BR\",\"@id\":\"https:\/\/www.notibras.com\/site\/#\/schema\/logo\/image\/\",\"url\":\"https:\/\/www.notibras.com\/site\/wp-content\/uploads\/2023\/01\/notibras23.png\",\"contentUrl\":\"https:\/\/www.notibras.com\/site\/wp-content\/uploads\/2023\/01\/notibras23.png\",\"width\":350,\"height\":87,\"caption\":\"Grupo Notibras de Comunica\u00e7\u00e3o\"},\"image\":{\"@id\":\"https:\/\/www.notibras.com\/site\/#\/schema\/logo\/image\/\"},\"sameAs\":[\"https:\/\/www.facebook.com\/notibras\/\",\"https:\/\/x.com\/Notibras\",\"https:\/\/www.instagram.com\/notibras\/\"]},{\"@type\":\"Person\",\"@id\":\"https:\/\/www.notibras.com\/site\/#\/schema\/person\/36ab0979449956132d3e5b517ea76ac8\",\"name\":\"Reda\u00e7\u00e3o\",\"image\":{\"@type\":\"ImageObject\",\"inLanguage\":\"pt-BR\",\"@id\":\"https:\/\/secure.gravatar.com\/avatar\/e0a867bdedb85fd243eadf09663511f96fc81e0720a4a42581f334ad4303aa6b?s=96&d=mm&r=g\",\"url\":\"https:\/\/secure.gravatar.com\/avatar\/e0a867bdedb85fd243eadf09663511f96fc81e0720a4a42581f334ad4303aa6b?s=96&d=mm&r=g\",\"contentUrl\":\"https:\/\/secure.gravatar.com\/avatar\/e0a867bdedb85fd243eadf09663511f96fc81e0720a4a42581f334ad4303aa6b?s=96&d=mm&r=g\",\"caption\":\"Reda\u00e7\u00e3o\"}}]}<\/script>\n<!-- \/ Yoast SEO plugin. -->","yoast_head_json":{"title":"Come\u00e7a mutir\u00e3o para fiscalizar postos de combust\u00edveis - Notibras","robots":{"index":"index","follow":"follow","max-snippet":"max-snippet:-1","max-image-preview":"max-image-preview:large","max-video-preview":"max-video-preview:-1"},"canonical":"https:\/\/www.notibras.com\/site\/comeca-mutirao-para-fiscalizar-postos-de-combustiveis\/","og_locale":"pt_BR","og_type":"article","og_title":"Come\u00e7a mutir\u00e3o para fiscalizar postos de combust\u00edveis - Notibras","og_description":"Come\u00e7ou nesta quarta-feira (24) o mutir\u00e3o da Secretaria Nacional do Consumidor (Senacon) para monitorar postos de combust\u00edveis que n\u00e3o reduziram os pre\u00e7os m\u00e9dios de venda de gasolina e diesel, ap\u00f3s a queda de pre\u00e7os promovida pela Petrobras. No dia 16 de maio, a Senacon emitiu um of\u00edcio aos Procons estaduais e municipais, solicitando esse monitoramento [&hellip;]","og_url":"https:\/\/www.notibras.com\/site\/comeca-mutirao-para-fiscalizar-postos-de-combustiveis\/","og_site_name":"Notibras","article_publisher":"https:\/\/www.facebook.com\/notibras\/","article_published_time":"2023-05-24T12:27:45+00:00","article_modified_time":"2023-05-24T13:30:12+00:00","og_image":[{"width":1170,"height":700,"url":"https:\/\/www.notibras.com\/site\/wp-content\/uploads\/2023\/05\/posto_de_gasolina_jfcrz_abr_0605223809_1-2.jpg","type":"image\/jpeg"}],"author":"Reda\u00e7\u00e3o","twitter_card":"summary_large_image","twitter_creator":"@Notibras","twitter_site":"@Notibras","twitter_misc":{"Escrito por":"Reda\u00e7\u00e3o","Est. tempo de leitura":"3 minutos"},"schema":{"@context":"https:\/\/schema.org","@graph":[{"@type":"Article","@id":"https:\/\/www.notibras.com\/site\/comeca-mutirao-para-fiscalizar-postos-de-combustiveis\/#article","isPartOf":{"@id":"https:\/\/www.notibras.com\/site\/comeca-mutirao-para-fiscalizar-postos-de-combustiveis\/"},"author":{"name":"Reda\u00e7\u00e3o","@id":"https:\/\/www.notibras.com\/site\/#\/schema\/person\/36ab0979449956132d3e5b517ea76ac8"},"headline":"Come\u00e7a mutir\u00e3o para fiscalizar postos de combust\u00edveis","datePublished":"2023-05-24T12:27:45+00:00","dateModified":"2023-05-24T13:30:12+00:00","mainEntityOfPage":{"@id":"https:\/\/www.notibras.com\/site\/comeca-mutirao-para-fiscalizar-postos-de-combustiveis\/"},"wordCount":516,"publisher":{"@id":"https:\/\/www.notibras.com\/site\/#organization"},"image":{"@id":"https:\/\/www.notibras.com\/site\/comeca-mutirao-para-fiscalizar-postos-de-combustiveis\/#primaryimage"},"thumbnailUrl":"https:\/\/www.notibras.com\/site\/wp-content\/uploads\/2023\/05\/posto_de_gasolina_jfcrz_abr_0605223809_1-2.jpg","articleSection":["Quadradinho em Foco"],"inLanguage":"pt-BR"},{"@type":"WebPage","@id":"https:\/\/www.notibras.com\/site\/comeca-mutirao-para-fiscalizar-postos-de-combustiveis\/","url":"https:\/\/www.notibras.com\/site\/comeca-mutirao-para-fiscalizar-postos-de-combustiveis\/","name":"Come\u00e7a mutir\u00e3o para fiscalizar postos de combust\u00edveis - Notibras","isPartOf":{"@id":"https:\/\/www.notibras.com\/site\/#website"},"primaryImageOfPage":{"@id":"https:\/\/www.notibras.com\/site\/comeca-mutirao-para-fiscalizar-postos-de-combustiveis\/#primaryimage"},"image":{"@id":"https:\/\/www.notibras.com\/site\/comeca-mutirao-para-fiscalizar-postos-de-combustiveis\/#primaryimage"},"thumbnailUrl":"https:\/\/www.notibras.com\/site\/wp-content\/uploads\/2023\/05\/posto_de_gasolina_jfcrz_abr_0605223809_1-2.jpg","datePublished":"2023-05-24T12:27:45+00:00","dateModified":"2023-05-24T13:30:12+00:00","breadcrumb":{"@id":"https:\/\/www.notibras.com\/site\/comeca-mutirao-para-fiscalizar-postos-de-combustiveis\/#breadcrumb"},"inLanguage":"pt-BR","potentialAction":[{"@type":"ReadAction","target":["https:\/\/www.notibras.com\/site\/comeca-mutirao-para-fiscalizar-postos-de-combustiveis\/"]}]},{"@type":"ImageObject","inLanguage":"pt-BR","@id":"https:\/\/www.notibras.com\/site\/comeca-mutirao-para-fiscalizar-postos-de-combustiveis\/#primaryimage","url":"https:\/\/www.notibras.com\/site\/wp-content\/uploads\/2023\/05\/posto_de_gasolina_jfcrz_abr_0605223809_1-2.jpg","contentUrl":"https:\/\/www.notibras.com\/site\/wp-content\/uploads\/2023\/05\/posto_de_gasolina_jfcrz_abr_0605223809_1-2.jpg","width":1170,"height":700,"caption":"Posto de combust\u00edvel"},{"@type":"BreadcrumbList","@id":"https:\/\/www.notibras.com\/site\/comeca-mutirao-para-fiscalizar-postos-de-combustiveis\/#breadcrumb","itemListElement":[{"@type":"ListItem","position":1,"name":"In\u00edcio","item":"https:\/\/www.notibras.com\/site\/"},{"@type":"ListItem","position":2,"name":"Come\u00e7a mutir\u00e3o para fiscalizar postos de combust\u00edveis"}]},{"@type":"WebSite","@id":"https:\/\/www.notibras.com\/site\/#website","url":"https:\/\/www.notibras.com\/site\/","name":"Notibras","description":"Not\u00edcias de Bras\u00edlia, do Brasil e do Mundo","publisher":{"@id":"https:\/\/www.notibras.com\/site\/#organization"},"potentialAction":[{"@type":"SearchAction","target":{"@type":"EntryPoint","urlTemplate":"https:\/\/www.notibras.com\/site\/?s={search_term_string}"},"query-input":{"@type":"PropertyValueSpecification","valueRequired":true,"valueName":"search_term_string"}}],"inLanguage":"pt-BR"},{"@type":"Organization","@id":"https:\/\/www.notibras.com\/site\/#organization","name":"Grupo Notibras de Comunica\u00e7\u00e3o","url":"https:\/\/www.notibras.com\/site\/","logo":{"@type":"ImageObject","inLanguage":"pt-BR","@id":"https:\/\/www.notibras.com\/site\/#\/schema\/logo\/image\/","url":"https:\/\/www.notibras.com\/site\/wp-content\/uploads\/2023\/01\/notibras23.png","contentUrl":"https:\/\/www.notibras.com\/site\/wp-content\/uploads\/2023\/01\/notibras23.png","width":350,"height":87,"caption":"Grupo Notibras de Comunica\u00e7\u00e3o"},"image":{"@id":"https:\/\/www.notibras.com\/site\/#\/schema\/logo\/image\/"},"sameAs":["https:\/\/www.facebook.com\/notibras\/","https:\/\/x.com\/Notibras","https:\/\/www.instagram.com\/notibras\/"]},{"@type":"Person","@id":"https:\/\/www.notibras.com\/site\/#\/schema\/person\/36ab0979449956132d3e5b517ea76ac8","name":"Reda\u00e7\u00e3o","image":{"@type":"ImageObject","inLanguage":"pt-BR","@id":"https:\/\/secure.gravatar.com\/avatar\/e0a867bdedb85fd243eadf09663511f96fc81e0720a4a42581f334ad4303aa6b?s=96&d=mm&r=g","url":"https:\/\/secure.gravatar.com\/avatar\/e0a867bdedb85fd243eadf09663511f96fc81e0720a4a42581f334ad4303aa6b?s=96&d=mm&r=g","contentUrl":"https:\/\/secure.gravatar.com\/avatar\/e0a867bdedb85fd243eadf09663511f96fc81e0720a4a42581f334ad4303aa6b?s=96&d=mm&r=g","caption":"Reda\u00e7\u00e3o"}}]}},"amp_enabled":true,"_links":{"self":[{"href":"https:\/\/www.notibras.com\/site\/wp-json\/wp\/v2\/posts\/305540","targetHints":{"allow":["GET"]}}],"collection":[{"href":"https:\/\/www.notibras.com\/site\/wp-json\/wp\/v2\/posts"}],"about":[{"href":"https:\/\/www.notibras.com\/site\/wp-json\/wp\/v2\/types\/post"}],"author":[{"embeddable":true,"href":"https:\/\/www.notibras.com\/site\/wp-json\/wp\/v2\/users\/2"}],"replies":[{"embeddable":true,"href":"https:\/\/www.notibras.com\/site\/wp-json\/wp\/v2\/comments?post=305540"}],"version-history":[{"count":1,"href":"https:\/\/www.notibras.com\/site\/wp-json\/wp\/v2\/posts\/305540\/revisions"}],"predecessor-version":[{"id":305542,"href":"https:\/\/www.notibras.com\/site\/wp-json\/wp\/v2\/posts\/305540\/revisions\/305542"}],"wp:featuredmedia":[{"embeddable":true,"href":"https:\/\/www.notibras.com\/site\/wp-json\/wp\/v2\/media\/305541"}],"wp:attachment":[{"href":"https:\/\/www.notibras.com\/site\/wp-json\/wp\/v2\/media?parent=305540"}],"wp:term":[{"taxonomy":"category","embeddable":true,"href":"https:\/\/www.notibras.com\/site\/wp-json\/wp\/v2\/categories?post=305540"},{"taxonomy":"post_tag","embeddable":true,"href":"https:\/\/www.notibras.com\/site\/wp-json\/wp\/v2\/tags?post=305540"}],"curies":[{"name":"wp","href":"https:\/\/api.w.org\/{rel}","templated":true}]}}