{"id":305543,"date":"2023-05-24T00:00:30","date_gmt":"2023-05-24T03:00:30","guid":{"rendered":"https:\/\/www.notibras.com\/site\/?p=305543"},"modified":"2023-05-24T10:39:36","modified_gmt":"2023-05-24T13:39:36","slug":"estudo-investiga-pratica-da-automutilacao-por-adolescentes","status":"publish","type":"post","link":"https:\/\/www.notibras.com\/site\/estudo-investiga-pratica-da-automutilacao-por-adolescentes\/","title":{"rendered":"Estudo investiga pr\u00e1tica da automutila\u00e7\u00e3o por adolescentes"},"content":{"rendered":"<p>Ao notar marcas decorrentes da automutila\u00e7\u00e3o em seus filhos, pais n\u00e3o devem minimiz\u00e1-las ou consider\u00e1-las uma tentativa de chamar aten\u00e7\u00e3o sem relev\u00e2ncia. Atos dessa natureza podem estar ligados a quest\u00f5es psicol\u00f3gicas t\u00e3o s\u00e9rias que, se n\u00e3o tratadas adequadamente, evoluem para situa\u00e7\u00f5es ainda mais complexas. Da\u00ed a import\u00e2ncia de recorrer \u00e0 ajuda profissional em busca de interven\u00e7\u00f5es mais eficazes e que possam frear os impactos negativos dessa pr\u00e1tica.<\/p>\n<p>As considera\u00e7\u00f5es est\u00e3o no Estudo sobre a Estrutura\u00e7\u00e3o do Ego e da Personalidade de Adolescentes que se Automutilam, coordenado por Ant\u00f4nio Augusto Pinto Junior, doutor em psicologia cl\u00ednica e professor da Universidade Federal Fluminense (UFF). Trata-se de uma pesquisa desenvolvida com o intuito de entender quais aspectos emocionais e afetivos est\u00e3o relacionados a essa pr\u00e1tica.<\/p>\n<p>O projeto se originou a partir da procura por parte de educadores das escolas municipais de Volta Redonda, no sul fluminense, com a queixa de que alguns de seus alunos estavam se autolesionando. Segundo o especialista, foi elaborada uma metodologia visando compreender esse fen\u00f4meno, que vem atingindo muitos adolescentes e pr\u00e9-adolescentes no munic\u00edpio.<\/p>\n<p><strong>Pesquisa<\/strong><br \/>\nAs escolas do munic\u00edpio indicaram para a pesquisa 80 jovens entre 10 e 16 anos, sendo que 61 deles contemplaram todos os procedimentos e compuseram a amostra. Por meio de testes psicol\u00f3gicos e entrevistas cl\u00ednicas, foram identificadas caracter\u00edsticas de personalidade dos adolescentes e tra\u00e7ado o perfil do jovem que usa a autoles\u00e3o para lidar com o sofrimento.<\/p>\n<p>\u201cO resultado dessa pesquisa demanda a\u00e7\u00f5es, projetos de interven\u00e7\u00e3o, de escuta e de acolhimento a esses jovens que manifestam este tipo de transtorno\u201d, disse Ant\u00f4nio Augusto. Al\u00e9m disso, outro resultado da pesquisa se refere aos instrumentos utilizados: foram detectados principalmente objetos cortantes como gilete, apontador e estilete. E as partes do corpo escolhidas s\u00e3o, na sua maioria, bra\u00e7os, m\u00e3os ou pulsos.<\/p>\n<p>\u201cOs pais devem observar alguns comportamentos como usar constantemente roupas de manga comprida, mesmo no ver\u00e3o. Eles se automutilam, mas escondem os cortes\u201d, diz o pesquisador. Ele ressalta que tamb\u00e9m \u00e9 importante observar a presen\u00e7a de objetos cortantes principalmente quando os jovens est\u00e3o muito isolados.<\/p>\n<p>Em 2020, o Minist\u00e9rio da Sa\u00fade lan\u00e7ou uma cartilha sobre o tema em parceria com a Organiza\u00e7\u00e3o Pan-Americana da Sa\u00fade (Opas), com a Organiza\u00e7\u00e3o Mundial da Sa\u00fade (OMS) e com a Associa\u00e7\u00e3o Brasileira de Psiquiatria. Voltado para jovens entre 15 e 18 anos, o material reuniu informa\u00e7\u00f5es, sinais de alerta, preven\u00e7\u00e3o, medidas de prote\u00e7\u00e3o, canais de ajuda, etc.<\/p>\n<p>&#8220;A automutila\u00e7\u00e3o, tamb\u00e9m chamada de autoagress\u00e3o ou autoles\u00e3o, refere-se ao dano a uma parte do corpo do pr\u00f3prio indiv\u00edduo, realizado de forma consciente (n\u00e3o acidental) e sem inten\u00e7\u00e3o de morrer, com m\u00e9todos que n\u00e3o s\u00e3o aceitos socialmente. Tatuagens, piercing, brincos ou outras formas de marcar o corpo para rituais tribais ou para exibi\u00e7\u00e3o p\u00fablica n\u00e3o s\u00e3o considerados automutila\u00e7\u00e3o. O objetivo mais comum na automutila\u00e7\u00e3o \u00e9 aliviar uma dor emocional intensa. O que a pessoa deseja \u00e9 reduzir a ang\u00fastia, mesmo que por um curto per\u00edodo. Ao se machucar, a pessoa que se automutila percebe a dor emocional sendo ofuscada pela dor f\u00edsica, dando uma impress\u00e3o de al\u00edvio moment\u00e2neo&#8221;, registra a cartilha.<\/p>\n<p><strong>Motiva\u00e7\u00e3o<\/strong><br \/>\nEm 83% dos casos analisados na pesquisa da UFF, a motiva\u00e7\u00e3o por tr\u00e1s do comportamento que levou \u00e0 pr\u00e1tica da autoles\u00e3o parece estar relacionada com conflitos familiares n\u00e3o resolvidos, como viol\u00eancia conjugal e viol\u00eancia de vitimiza\u00e7\u00e3o. Entre as modalidades de vitimiza\u00e7\u00e3o, est\u00e3o o abuso f\u00edsico e sexual, a viol\u00eancia psicol\u00f3gica e tamb\u00e9m a neglig\u00eancia dos respons\u00e1veis. Segundo apurou a pesquisa, essa neglig\u00eancia est\u00e1 diretamente relacionada ao percentual de jovens que n\u00e3o foi encaminhado a nenhum servi\u00e7o de cuidado da sa\u00fade mental, que passa dos 50%.<\/p>\n<p>O estudo revela ainda que a autoles\u00e3o est\u00e1 associada a uma personalidade do tipo depressiva, o que deixa o alerta para poss\u00edveis riscos maiores. Segundo o pesquisador, ela pode ser uma porta de entrada para os comportamentos ou pr\u00e1ticas suicidas, se n\u00e3o houver nenhum cuidado com a sa\u00fade mental.<\/p>\n<p>Ant\u00f4nio Augusto destaca que, na maioria dos casos, quem diagnosticou ou identificou a pr\u00e1tica da autoles\u00e3o foi um professor e n\u00e3o os pais. A pesquisa sugere que os profissionais da educa\u00e7\u00e3o recebam capacita\u00e7\u00e3o, treinamento e forma\u00e7\u00e3o para a identifica\u00e7\u00e3o precoce de v\u00e1rias modalidades de sofrimento ps\u00edquico na inf\u00e2ncia e na adolesc\u00eancia.<\/p>\n<p>A partir dos resultados alcan\u00e7ados, o estudo deve se desdobrar em projetos conjuntos com as escolas que encaminharam os adolescentes para que sejam desenvolvidas iniciativas voltadas \u00e0 preven\u00e7\u00e3o e ao combate \u00e0 pr\u00e1tica da automutila\u00e7\u00e3o. A iniciativa deve envolver tamb\u00e9m uma abordagem em torno da preven\u00e7\u00e3o da viol\u00eancia dom\u00e9stica.<\/p>\n<p>\u201cEsses projetos visam abrir um espa\u00e7o de escuta, para que eles sejam acolhidos. E, a partir desse acolhimento, eles possam, juntamente com o terapeuta, compreender, dar significado e ressignificar essa experi\u00eancia traum\u00e1tica\u201d, conclui o professor.<\/p>\n","protected":false},"excerpt":{"rendered":"<p>Ao notar marcas decorrentes da automutila\u00e7\u00e3o em seus filhos, pais n\u00e3o devem minimiz\u00e1-las ou consider\u00e1-las uma tentativa de chamar aten\u00e7\u00e3o sem relev\u00e2ncia. Atos dessa natureza podem estar ligados a quest\u00f5es psicol\u00f3gicas t\u00e3o s\u00e9rias que, se n\u00e3o tratadas adequadamente, evoluem para situa\u00e7\u00f5es ainda mais complexas. Da\u00ed a import\u00e2ncia de recorrer \u00e0 ajuda profissional em busca de [&hellip;]<\/p>\n","protected":false},"author":2,"featured_media":305544,"comment_status":"closed","ping_status":"closed","sticky":false,"template":"","format":"standard","meta":{"_acf_changed":false,"footnotes":""},"categories":[161],"tags":[],"class_list":["post-305543","post","type-post","status-publish","format-standard","has-post-thumbnail","hentry","category-quadradinho-em-foco"],"acf":[],"yoast_head":"<!-- This site is optimized with the Yoast SEO plugin v27.2 - https:\/\/yoast.com\/product\/yoast-seo-wordpress\/ -->\n<title>Estudo investiga pr\u00e1tica da automutila\u00e7\u00e3o por adolescentes - Notibras<\/title>\n<meta name=\"robots\" content=\"index, follow, max-snippet:-1, max-image-preview:large, max-video-preview:-1\" \/>\n<link rel=\"canonical\" href=\"https:\/\/www.notibras.com\/site\/estudo-investiga-pratica-da-automutilacao-por-adolescentes\/\" \/>\n<meta property=\"og:locale\" content=\"pt_BR\" \/>\n<meta property=\"og:type\" content=\"article\" \/>\n<meta property=\"og:title\" content=\"Estudo investiga pr\u00e1tica da automutila\u00e7\u00e3o por adolescentes - Notibras\" \/>\n<meta property=\"og:description\" content=\"Ao notar marcas decorrentes da automutila\u00e7\u00e3o em seus filhos, pais n\u00e3o devem minimiz\u00e1-las ou consider\u00e1-las uma tentativa de chamar aten\u00e7\u00e3o sem relev\u00e2ncia. Atos dessa natureza podem estar ligados a quest\u00f5es psicol\u00f3gicas t\u00e3o s\u00e9rias que, se n\u00e3o tratadas adequadamente, evoluem para situa\u00e7\u00f5es ainda mais complexas. Da\u00ed a import\u00e2ncia de recorrer \u00e0 ajuda profissional em busca de [&hellip;]\" \/>\n<meta property=\"og:url\" content=\"https:\/\/www.notibras.com\/site\/estudo-investiga-pratica-da-automutilacao-por-adolescentes\/\" \/>\n<meta property=\"og:site_name\" content=\"Notibras\" \/>\n<meta property=\"article:publisher\" content=\"https:\/\/www.facebook.com\/notibras\/\" \/>\n<meta property=\"article:published_time\" content=\"2023-05-24T03:00:30+00:00\" \/>\n<meta property=\"article:modified_time\" content=\"2023-05-24T13:39:36+00:00\" \/>\n<meta property=\"og:image\" content=\"https:\/\/www.notibras.com\/site\/wp-content\/uploads\/2023\/05\/mcmgo_abr_070820180688-2.jpg\" \/>\n\t<meta property=\"og:image:width\" content=\"1170\" \/>\n\t<meta property=\"og:image:height\" content=\"700\" \/>\n\t<meta property=\"og:image:type\" content=\"image\/jpeg\" \/>\n<meta name=\"author\" content=\"Reda\u00e7\u00e3o\" \/>\n<meta name=\"twitter:card\" content=\"summary_large_image\" \/>\n<meta name=\"twitter:creator\" content=\"@Notibras\" \/>\n<meta name=\"twitter:site\" content=\"@Notibras\" \/>\n<meta name=\"twitter:label1\" content=\"Escrito por\" \/>\n\t<meta name=\"twitter:data1\" content=\"Reda\u00e7\u00e3o\" \/>\n\t<meta name=\"twitter:label2\" content=\"Est. tempo de leitura\" \/>\n\t<meta name=\"twitter:data2\" content=\"5 minutos\" \/>\n<script type=\"application\/ld+json\" class=\"yoast-schema-graph\">{\"@context\":\"https:\/\/schema.org\",\"@graph\":[{\"@type\":\"Article\",\"@id\":\"https:\/\/www.notibras.com\/site\/estudo-investiga-pratica-da-automutilacao-por-adolescentes\/#article\",\"isPartOf\":{\"@id\":\"https:\/\/www.notibras.com\/site\/estudo-investiga-pratica-da-automutilacao-por-adolescentes\/\"},\"author\":{\"name\":\"Reda\u00e7\u00e3o\",\"@id\":\"https:\/\/www.notibras.com\/site\/#\/schema\/person\/36ab0979449956132d3e5b517ea76ac8\"},\"headline\":\"Estudo investiga pr\u00e1tica da automutila\u00e7\u00e3o por adolescentes\",\"datePublished\":\"2023-05-24T03:00:30+00:00\",\"dateModified\":\"2023-05-24T13:39:36+00:00\",\"mainEntityOfPage\":{\"@id\":\"https:\/\/www.notibras.com\/site\/estudo-investiga-pratica-da-automutilacao-por-adolescentes\/\"},\"wordCount\":896,\"publisher\":{\"@id\":\"https:\/\/www.notibras.com\/site\/#organization\"},\"image\":{\"@id\":\"https:\/\/www.notibras.com\/site\/estudo-investiga-pratica-da-automutilacao-por-adolescentes\/#primaryimage\"},\"thumbnailUrl\":\"https:\/\/www.notibras.com\/site\/wp-content\/uploads\/2023\/05\/mcmgo_abr_070820180688-2.jpg\",\"articleSection\":[\"Quadradinho em Foco\"],\"inLanguage\":\"pt-BR\"},{\"@type\":\"WebPage\",\"@id\":\"https:\/\/www.notibras.com\/site\/estudo-investiga-pratica-da-automutilacao-por-adolescentes\/\",\"url\":\"https:\/\/www.notibras.com\/site\/estudo-investiga-pratica-da-automutilacao-por-adolescentes\/\",\"name\":\"Estudo investiga pr\u00e1tica da automutila\u00e7\u00e3o por adolescentes - Notibras\",\"isPartOf\":{\"@id\":\"https:\/\/www.notibras.com\/site\/#website\"},\"primaryImageOfPage\":{\"@id\":\"https:\/\/www.notibras.com\/site\/estudo-investiga-pratica-da-automutilacao-por-adolescentes\/#primaryimage\"},\"image\":{\"@id\":\"https:\/\/www.notibras.com\/site\/estudo-investiga-pratica-da-automutilacao-por-adolescentes\/#primaryimage\"},\"thumbnailUrl\":\"https:\/\/www.notibras.com\/site\/wp-content\/uploads\/2023\/05\/mcmgo_abr_070820180688-2.jpg\",\"datePublished\":\"2023-05-24T03:00:30+00:00\",\"dateModified\":\"2023-05-24T13:39:36+00:00\",\"breadcrumb\":{\"@id\":\"https:\/\/www.notibras.com\/site\/estudo-investiga-pratica-da-automutilacao-por-adolescentes\/#breadcrumb\"},\"inLanguage\":\"pt-BR\",\"potentialAction\":[{\"@type\":\"ReadAction\",\"target\":[\"https:\/\/www.notibras.com\/site\/estudo-investiga-pratica-da-automutilacao-por-adolescentes\/\"]}]},{\"@type\":\"ImageObject\",\"inLanguage\":\"pt-BR\",\"@id\":\"https:\/\/www.notibras.com\/site\/estudo-investiga-pratica-da-automutilacao-por-adolescentes\/#primaryimage\",\"url\":\"https:\/\/www.notibras.com\/site\/wp-content\/uploads\/2023\/05\/mcmgo_abr_070820180688-2.jpg\",\"contentUrl\":\"https:\/\/www.notibras.com\/site\/wp-content\/uploads\/2023\/05\/mcmgo_abr_070820180688-2.jpg\",\"width\":1170,\"height\":700,\"caption\":\"Depress\u00e3o, suicidio\"},{\"@type\":\"BreadcrumbList\",\"@id\":\"https:\/\/www.notibras.com\/site\/estudo-investiga-pratica-da-automutilacao-por-adolescentes\/#breadcrumb\",\"itemListElement\":[{\"@type\":\"ListItem\",\"position\":1,\"name\":\"In\u00edcio\",\"item\":\"https:\/\/www.notibras.com\/site\/\"},{\"@type\":\"ListItem\",\"position\":2,\"name\":\"Estudo investiga pr\u00e1tica da automutila\u00e7\u00e3o por adolescentes\"}]},{\"@type\":\"WebSite\",\"@id\":\"https:\/\/www.notibras.com\/site\/#website\",\"url\":\"https:\/\/www.notibras.com\/site\/\",\"name\":\"Notibras\",\"description\":\"Not\u00edcias de Bras\u00edlia, do Brasil e do Mundo\",\"publisher\":{\"@id\":\"https:\/\/www.notibras.com\/site\/#organization\"},\"potentialAction\":[{\"@type\":\"SearchAction\",\"target\":{\"@type\":\"EntryPoint\",\"urlTemplate\":\"https:\/\/www.notibras.com\/site\/?s={search_term_string}\"},\"query-input\":{\"@type\":\"PropertyValueSpecification\",\"valueRequired\":true,\"valueName\":\"search_term_string\"}}],\"inLanguage\":\"pt-BR\"},{\"@type\":\"Organization\",\"@id\":\"https:\/\/www.notibras.com\/site\/#organization\",\"name\":\"Grupo Notibras de Comunica\u00e7\u00e3o\",\"url\":\"https:\/\/www.notibras.com\/site\/\",\"logo\":{\"@type\":\"ImageObject\",\"inLanguage\":\"pt-BR\",\"@id\":\"https:\/\/www.notibras.com\/site\/#\/schema\/logo\/image\/\",\"url\":\"https:\/\/www.notibras.com\/site\/wp-content\/uploads\/2023\/01\/notibras23.png\",\"contentUrl\":\"https:\/\/www.notibras.com\/site\/wp-content\/uploads\/2023\/01\/notibras23.png\",\"width\":350,\"height\":87,\"caption\":\"Grupo Notibras de Comunica\u00e7\u00e3o\"},\"image\":{\"@id\":\"https:\/\/www.notibras.com\/site\/#\/schema\/logo\/image\/\"},\"sameAs\":[\"https:\/\/www.facebook.com\/notibras\/\",\"https:\/\/x.com\/Notibras\",\"https:\/\/www.instagram.com\/notibras\/\"]},{\"@type\":\"Person\",\"@id\":\"https:\/\/www.notibras.com\/site\/#\/schema\/person\/36ab0979449956132d3e5b517ea76ac8\",\"name\":\"Reda\u00e7\u00e3o\",\"image\":{\"@type\":\"ImageObject\",\"inLanguage\":\"pt-BR\",\"@id\":\"https:\/\/secure.gravatar.com\/avatar\/e0a867bdedb85fd243eadf09663511f96fc81e0720a4a42581f334ad4303aa6b?s=96&d=mm&r=g\",\"url\":\"https:\/\/secure.gravatar.com\/avatar\/e0a867bdedb85fd243eadf09663511f96fc81e0720a4a42581f334ad4303aa6b?s=96&d=mm&r=g\",\"contentUrl\":\"https:\/\/secure.gravatar.com\/avatar\/e0a867bdedb85fd243eadf09663511f96fc81e0720a4a42581f334ad4303aa6b?s=96&d=mm&r=g\",\"caption\":\"Reda\u00e7\u00e3o\"}}]}<\/script>\n<!-- \/ Yoast SEO plugin. -->","yoast_head_json":{"title":"Estudo investiga pr\u00e1tica da automutila\u00e7\u00e3o por adolescentes - Notibras","robots":{"index":"index","follow":"follow","max-snippet":"max-snippet:-1","max-image-preview":"max-image-preview:large","max-video-preview":"max-video-preview:-1"},"canonical":"https:\/\/www.notibras.com\/site\/estudo-investiga-pratica-da-automutilacao-por-adolescentes\/","og_locale":"pt_BR","og_type":"article","og_title":"Estudo investiga pr\u00e1tica da automutila\u00e7\u00e3o por adolescentes - Notibras","og_description":"Ao notar marcas decorrentes da automutila\u00e7\u00e3o em seus filhos, pais n\u00e3o devem minimiz\u00e1-las ou consider\u00e1-las uma tentativa de chamar aten\u00e7\u00e3o sem relev\u00e2ncia. Atos dessa natureza podem estar ligados a quest\u00f5es psicol\u00f3gicas t\u00e3o s\u00e9rias que, se n\u00e3o tratadas adequadamente, evoluem para situa\u00e7\u00f5es ainda mais complexas. Da\u00ed a import\u00e2ncia de recorrer \u00e0 ajuda profissional em busca de [&hellip;]","og_url":"https:\/\/www.notibras.com\/site\/estudo-investiga-pratica-da-automutilacao-por-adolescentes\/","og_site_name":"Notibras","article_publisher":"https:\/\/www.facebook.com\/notibras\/","article_published_time":"2023-05-24T03:00:30+00:00","article_modified_time":"2023-05-24T13:39:36+00:00","og_image":[{"width":1170,"height":700,"url":"https:\/\/www.notibras.com\/site\/wp-content\/uploads\/2023\/05\/mcmgo_abr_070820180688-2.jpg","type":"image\/jpeg"}],"author":"Reda\u00e7\u00e3o","twitter_card":"summary_large_image","twitter_creator":"@Notibras","twitter_site":"@Notibras","twitter_misc":{"Escrito por":"Reda\u00e7\u00e3o","Est. tempo de leitura":"5 minutos"},"schema":{"@context":"https:\/\/schema.org","@graph":[{"@type":"Article","@id":"https:\/\/www.notibras.com\/site\/estudo-investiga-pratica-da-automutilacao-por-adolescentes\/#article","isPartOf":{"@id":"https:\/\/www.notibras.com\/site\/estudo-investiga-pratica-da-automutilacao-por-adolescentes\/"},"author":{"name":"Reda\u00e7\u00e3o","@id":"https:\/\/www.notibras.com\/site\/#\/schema\/person\/36ab0979449956132d3e5b517ea76ac8"},"headline":"Estudo investiga pr\u00e1tica da automutila\u00e7\u00e3o por adolescentes","datePublished":"2023-05-24T03:00:30+00:00","dateModified":"2023-05-24T13:39:36+00:00","mainEntityOfPage":{"@id":"https:\/\/www.notibras.com\/site\/estudo-investiga-pratica-da-automutilacao-por-adolescentes\/"},"wordCount":896,"publisher":{"@id":"https:\/\/www.notibras.com\/site\/#organization"},"image":{"@id":"https:\/\/www.notibras.com\/site\/estudo-investiga-pratica-da-automutilacao-por-adolescentes\/#primaryimage"},"thumbnailUrl":"https:\/\/www.notibras.com\/site\/wp-content\/uploads\/2023\/05\/mcmgo_abr_070820180688-2.jpg","articleSection":["Quadradinho em Foco"],"inLanguage":"pt-BR"},{"@type":"WebPage","@id":"https:\/\/www.notibras.com\/site\/estudo-investiga-pratica-da-automutilacao-por-adolescentes\/","url":"https:\/\/www.notibras.com\/site\/estudo-investiga-pratica-da-automutilacao-por-adolescentes\/","name":"Estudo investiga pr\u00e1tica da automutila\u00e7\u00e3o por adolescentes - Notibras","isPartOf":{"@id":"https:\/\/www.notibras.com\/site\/#website"},"primaryImageOfPage":{"@id":"https:\/\/www.notibras.com\/site\/estudo-investiga-pratica-da-automutilacao-por-adolescentes\/#primaryimage"},"image":{"@id":"https:\/\/www.notibras.com\/site\/estudo-investiga-pratica-da-automutilacao-por-adolescentes\/#primaryimage"},"thumbnailUrl":"https:\/\/www.notibras.com\/site\/wp-content\/uploads\/2023\/05\/mcmgo_abr_070820180688-2.jpg","datePublished":"2023-05-24T03:00:30+00:00","dateModified":"2023-05-24T13:39:36+00:00","breadcrumb":{"@id":"https:\/\/www.notibras.com\/site\/estudo-investiga-pratica-da-automutilacao-por-adolescentes\/#breadcrumb"},"inLanguage":"pt-BR","potentialAction":[{"@type":"ReadAction","target":["https:\/\/www.notibras.com\/site\/estudo-investiga-pratica-da-automutilacao-por-adolescentes\/"]}]},{"@type":"ImageObject","inLanguage":"pt-BR","@id":"https:\/\/www.notibras.com\/site\/estudo-investiga-pratica-da-automutilacao-por-adolescentes\/#primaryimage","url":"https:\/\/www.notibras.com\/site\/wp-content\/uploads\/2023\/05\/mcmgo_abr_070820180688-2.jpg","contentUrl":"https:\/\/www.notibras.com\/site\/wp-content\/uploads\/2023\/05\/mcmgo_abr_070820180688-2.jpg","width":1170,"height":700,"caption":"Depress\u00e3o, suicidio"},{"@type":"BreadcrumbList","@id":"https:\/\/www.notibras.com\/site\/estudo-investiga-pratica-da-automutilacao-por-adolescentes\/#breadcrumb","itemListElement":[{"@type":"ListItem","position":1,"name":"In\u00edcio","item":"https:\/\/www.notibras.com\/site\/"},{"@type":"ListItem","position":2,"name":"Estudo investiga pr\u00e1tica da automutila\u00e7\u00e3o por adolescentes"}]},{"@type":"WebSite","@id":"https:\/\/www.notibras.com\/site\/#website","url":"https:\/\/www.notibras.com\/site\/","name":"Notibras","description":"Not\u00edcias de Bras\u00edlia, do Brasil e do Mundo","publisher":{"@id":"https:\/\/www.notibras.com\/site\/#organization"},"potentialAction":[{"@type":"SearchAction","target":{"@type":"EntryPoint","urlTemplate":"https:\/\/www.notibras.com\/site\/?s={search_term_string}"},"query-input":{"@type":"PropertyValueSpecification","valueRequired":true,"valueName":"search_term_string"}}],"inLanguage":"pt-BR"},{"@type":"Organization","@id":"https:\/\/www.notibras.com\/site\/#organization","name":"Grupo Notibras de Comunica\u00e7\u00e3o","url":"https:\/\/www.notibras.com\/site\/","logo":{"@type":"ImageObject","inLanguage":"pt-BR","@id":"https:\/\/www.notibras.com\/site\/#\/schema\/logo\/image\/","url":"https:\/\/www.notibras.com\/site\/wp-content\/uploads\/2023\/01\/notibras23.png","contentUrl":"https:\/\/www.notibras.com\/site\/wp-content\/uploads\/2023\/01\/notibras23.png","width":350,"height":87,"caption":"Grupo Notibras de Comunica\u00e7\u00e3o"},"image":{"@id":"https:\/\/www.notibras.com\/site\/#\/schema\/logo\/image\/"},"sameAs":["https:\/\/www.facebook.com\/notibras\/","https:\/\/x.com\/Notibras","https:\/\/www.instagram.com\/notibras\/"]},{"@type":"Person","@id":"https:\/\/www.notibras.com\/site\/#\/schema\/person\/36ab0979449956132d3e5b517ea76ac8","name":"Reda\u00e7\u00e3o","image":{"@type":"ImageObject","inLanguage":"pt-BR","@id":"https:\/\/secure.gravatar.com\/avatar\/e0a867bdedb85fd243eadf09663511f96fc81e0720a4a42581f334ad4303aa6b?s=96&d=mm&r=g","url":"https:\/\/secure.gravatar.com\/avatar\/e0a867bdedb85fd243eadf09663511f96fc81e0720a4a42581f334ad4303aa6b?s=96&d=mm&r=g","contentUrl":"https:\/\/secure.gravatar.com\/avatar\/e0a867bdedb85fd243eadf09663511f96fc81e0720a4a42581f334ad4303aa6b?s=96&d=mm&r=g","caption":"Reda\u00e7\u00e3o"}}]}},"amp_enabled":true,"_links":{"self":[{"href":"https:\/\/www.notibras.com\/site\/wp-json\/wp\/v2\/posts\/305543","targetHints":{"allow":["GET"]}}],"collection":[{"href":"https:\/\/www.notibras.com\/site\/wp-json\/wp\/v2\/posts"}],"about":[{"href":"https:\/\/www.notibras.com\/site\/wp-json\/wp\/v2\/types\/post"}],"author":[{"embeddable":true,"href":"https:\/\/www.notibras.com\/site\/wp-json\/wp\/v2\/users\/2"}],"replies":[{"embeddable":true,"href":"https:\/\/www.notibras.com\/site\/wp-json\/wp\/v2\/comments?post=305543"}],"version-history":[{"count":1,"href":"https:\/\/www.notibras.com\/site\/wp-json\/wp\/v2\/posts\/305543\/revisions"}],"predecessor-version":[{"id":305545,"href":"https:\/\/www.notibras.com\/site\/wp-json\/wp\/v2\/posts\/305543\/revisions\/305545"}],"wp:featuredmedia":[{"embeddable":true,"href":"https:\/\/www.notibras.com\/site\/wp-json\/wp\/v2\/media\/305544"}],"wp:attachment":[{"href":"https:\/\/www.notibras.com\/site\/wp-json\/wp\/v2\/media?parent=305543"}],"wp:term":[{"taxonomy":"category","embeddable":true,"href":"https:\/\/www.notibras.com\/site\/wp-json\/wp\/v2\/categories?post=305543"},{"taxonomy":"post_tag","embeddable":true,"href":"https:\/\/www.notibras.com\/site\/wp-json\/wp\/v2\/tags?post=305543"}],"curies":[{"name":"wp","href":"https:\/\/api.w.org\/{rel}","templated":true}]}}