{"id":305548,"date":"2023-05-24T00:52:12","date_gmt":"2023-05-24T03:52:12","guid":{"rendered":"https:\/\/www.notibras.com\/site\/?p=305548"},"modified":"2023-05-24T10:54:21","modified_gmt":"2023-05-24T13:54:21","slug":"ministerio-da-saude-planeja-usar-inteligencia-artificial","status":"publish","type":"post","link":"https:\/\/www.notibras.com\/site\/ministerio-da-saude-planeja-usar-inteligencia-artificial\/","title":{"rendered":"Minist\u00e9rio da Sa\u00fade planeja usar intelig\u00eancia artificial"},"content":{"rendered":"<p>O Minist\u00e9rio da Sa\u00fade quer implementar novas tecnologias no Sistema \u00danico de Sa\u00fade (SUS). O objetivo \u00e9 expandir o acesso da popula\u00e7\u00e3o a uma sa\u00fade p\u00fablica cada vez mais universal, \u00e1gil e de qualidade. Uma das ideias, por exemplo, \u00e9 incorporar a intelig\u00eancia artificial (IA) nos servi\u00e7os de atendimento \u00e0 popula\u00e7\u00e3o. Tudo isso seria feito por meio de um programa que ainda est\u00e1 em fase de estudos, o SUS Digital.<\/p>\n<p>\u201cEstamos falando aqui de um cen\u00e1rio novo. O Minist\u00e9rio da Sa\u00fade est\u00e1 desenhando, em uma grande equipe, o SUS Digital, que vem a ser a inclus\u00e3o digital em todos os n\u00edveis do Sistema \u00danico de Sa\u00fade (SUS) desde a aten\u00e7\u00e3o prim\u00e1ria [em Unidades B\u00e1sicas de Sa\u00fade, por exemplo] at\u00e9 a aten\u00e7\u00e3o terci\u00e1ria [de alta complexidade, como Unidades de Terapia Intensiva]\u201d, disse Cleinaldo de Almeida Costa, diretor do Departamento de Sa\u00fade Digital e Inova\u00e7\u00e3o (Desd) da Secretaria de Informa\u00e7\u00e3o e Sa\u00fade Digital do Minist\u00e9rio da Sa\u00fade (Seidigi-MS).<\/p>\n<p>Segundo ele, o programa deve \u201crepensar o acesso ao SUS por meio de aplicativos ou de uso de intelig\u00eancia artificial ou de big data\u201d e \u201credesenhar a sa\u00fade [no pa\u00eds] para os pr\u00f3ximos 20 anos\u201d.<\/p>\n<p>Durante uma mesa realizada na Feira Hospitalar, em S\u00e3o Paulo, o diretor do minist\u00e9rio afirmou que o programa pretende transformar o SUS em um \u201csistema mais amig\u00e1vel, aproxim\u00e1-lo mais do cidad\u00e3o e simplificar a vida do usu\u00e1rio e da usu\u00e1ria\u201d.<\/p>\n<p>O objetivo do minist\u00e9rio \u00e9 que, com o SUS Digital, os diagn\u00f3sticos possam ser otimizados, o atendimento na sa\u00fade p\u00fablica seja mais \u00e1gil e haja mais inclus\u00e3o. \u201cEm primeiro lugar, [o benef\u00edcio] ser\u00e1 a inclus\u00e3o digital no SUS. Incluir de verdade, n\u00e3o deixar ningu\u00e9m para tr\u00e1s. Em segundo lugar, melhorar a qualidade de vida da cidad\u00e3 e do cidad\u00e3o brasileiro por meio do SUS, de modo que a sa\u00fade possa estar incorporada no seu dia a dia, no seu celular, no seu tablet, reduzir filas, ou seja, aproximar o sistema de sa\u00fade da vida da cidad\u00e3 e do cidad\u00e3o\u201d, destacou Costa.<\/p>\n<p><strong>Projetos<\/strong><br \/>\nAlguns projetos no Brasil j\u00e1 testam a aplica\u00e7\u00e3o da sa\u00fade digital em unidades de terapia intensiva (UTI), experimentos que tiveram in\u00edcio durante a pandemia do novo coronav\u00edrus. E com bons resultados, na avalia\u00e7\u00e3o de Carlos Carvalho, professor titular de pneumologia da Faculdade de Medicina da Universidade de S\u00e3o Paulo (USP) e diretor de Sa\u00fade Digital do Hospital das Cl\u00ednicas de S\u00e3o Paulo.<\/p>\n<p>\u201cEstamos com um projeto com o Minist\u00e9rio da Sa\u00fade para atender gestantes de alto risco e pu\u00e9rperas em ambientes de UTI. O minist\u00e9rio selecionou alguns hospitais. Em 11 hospitais que j\u00e1 estamos atuando, observamos redu\u00e7\u00e3o de 270 [por 100 mil nascidos vivos] para 140 de morte materna em apenas seis meses\u201d, estima Carvalho. Esse projeto-piloto dever\u00e1 ser ampliado de forma que cada estado brasileiro tenha ao menos um projeto desses em desenvolvimento.<\/p>\n<p>Outro projeto foi o de TeleUTI para covid-19, que funcionou por meio de um posto de telemedicina instalado no Instituto do Cora\u00e7\u00e3o (Incor). A iniciativa apoiava, capacitava e treinava profissionais de sa\u00fade que trabalham em UTIs. \u201cNa TeleUTI que fizemos aqui, junto \u00e0 Secretaria Estadual da Sa\u00fade de S\u00e3o Paulo, at\u00e9 dezembro de 2021, atendemos quase 2 mil pacientes e fizemos mais de 11 mil atendimentos. E \u00e0 medida que ampliamos os atendimentos, foi-se reduzindo a letalidade desses pacientes nessas unidades em que est\u00e1vamos atendendo\u201d.<\/p>\n<p><strong>Atraso<\/strong><br \/>\n\u00c0 reportagem, Carvalho afirmou que, durante a pandemia, o atraso tecnol\u00f3gico brasileiro na \u00e1rea da sa\u00fade digital ficou evidente. \u201cOs estados e o governo federal conseguiram rapidamente aumentar o n\u00famero de leitos e de equipamentos [para o tratamento da covid-19]. Mas o que foi feito pelos governos, de forma geral, foi construir as estradas e colocar os carros. O problema, no entanto, foram os pilotos. Quem vai dirigir esses carros? O que ficou evidente \u00e9 que n\u00e3o tinham profissionais capacitados para tocar essas UTIs [que foram criadas durante a pandemia]\u201d.<\/p>\n<p>Com as novas tecnologias, essa defasagem de profissionais poderia ter sido suprida e ter ajudado a salvar mais vidas, destacou Carvalho \u201cA telesa\u00fade vem para capacitar essas pessoas, fazer consultas e teleconsultas. Os estudos iniciais que fizemos conseguiram demonstrar a redu\u00e7\u00e3o da letalidade [dos pacientes], desde que voc\u00ea tenha uma equipe capacitada em uma ponta e outra equipe minimamente capacitada na outra\u201d.<\/p>\n<p><strong>Desafios<\/strong><br \/>\nPara que o SUS Digital seja plenamente implantado no pa\u00eds, o Brasil precisar\u00e1 melhorar sua infraestrutura de rede. \u201cO que precisamos \u00e9 trabalhar muito fortemente a conectividade no nosso pa\u00eds. Existe muita assimetria ainda em conectividade e esse \u00e9 um esfor\u00e7o que este governo se prop\u00f5e a fazer\u201d, ressaltou Cleinaldo de Almeida Costa, diretor de Sa\u00fade Digital e Inova\u00e7\u00e3o do Minist\u00e9rio da Sa\u00fade.<\/p>\n<p>Outro desafio ser\u00e1 garantir a seguran\u00e7a dos dados dos usu\u00e1rios que utilizam esse sistema. \u201cEstamos trabalhando dentro do Sistema \u00danico de Sa\u00fade em uma realidade nova chamada Lei Geral de Prote\u00e7\u00e3o de Dados. E \u00e9 dentro desse cen\u00e1rio \u00e9tico que o sistema de sa\u00fade vem trabalhando no sentido de fortalecer a experi\u00eancia digital da usu\u00e1ria e do usu\u00e1rio e aproximar a sa\u00fade no dia a dia da cidad\u00e3 e do cidad\u00e3o brasileiro.&#8221;<\/p>\n<p>E n\u00e3o s\u00e3o apenas estes os desafios que estar\u00e3o envolvidos no uso dessas tecnologias na \u00e1rea da sa\u00fade. Na semana passada, por exemplo, a Organiza\u00e7\u00e3o Mundial da Sa\u00fade (OMS) soltou um comunicado em que disse estar entusiasmada com o tema, mas pedindo cautela no uso de intelig\u00eancia artificial \u201cpara proteger e promover o bem-estar, a seguran\u00e7a e a autonomia humanas e preservar a sa\u00fade p\u00fablica\u201d. Para a organiza\u00e7\u00e3o, \u00e9 preciso avaliar cuidadosamente os riscos desse tipo de ferramentas na \u00e1rea da sa\u00fade.<\/p>\n<p>\u201cA ado\u00e7\u00e3o precipitada de sistemas n\u00e3o testados pode levar a erros por parte dos profissionais de sa\u00fade, causar danos aos pacientes, minar a confian\u00e7a na IA e, assim, minar (ou atrasar) os potenciais benef\u00edcios e usos de longo prazo de tais tecnologias em todo o mundo\u201d, alertou a OMS, no comunicado.<\/p>\n","protected":false},"excerpt":{"rendered":"<p>O Minist\u00e9rio da Sa\u00fade quer implementar novas tecnologias no Sistema \u00danico de Sa\u00fade (SUS). O objetivo \u00e9 expandir o acesso da popula\u00e7\u00e3o a uma sa\u00fade p\u00fablica cada vez mais universal, \u00e1gil e de qualidade. Uma das ideias, por exemplo, \u00e9 incorporar a intelig\u00eancia artificial (IA) nos servi\u00e7os de atendimento \u00e0 popula\u00e7\u00e3o. Tudo isso seria feito [&hellip;]<\/p>\n","protected":false},"author":2,"featured_media":305549,"comment_status":"closed","ping_status":"closed","sticky":false,"template":"","format":"standard","meta":{"_acf_changed":false,"footnotes":""},"categories":[161],"tags":[],"class_list":["post-305548","post","type-post","status-publish","format-standard","has-post-thumbnail","hentry","category-quadradinho-em-foco"],"acf":[],"yoast_head":"<!-- This site is optimized with the Yoast SEO plugin v27.2 - https:\/\/yoast.com\/product\/yoast-seo-wordpress\/ -->\n<title>Minist\u00e9rio da Sa\u00fade planeja usar intelig\u00eancia artificial - Notibras<\/title>\n<meta name=\"robots\" content=\"index, follow, max-snippet:-1, max-image-preview:large, max-video-preview:-1\" \/>\n<link rel=\"canonical\" href=\"https:\/\/www.notibras.com\/site\/ministerio-da-saude-planeja-usar-inteligencia-artificial\/\" \/>\n<meta property=\"og:locale\" content=\"pt_BR\" \/>\n<meta property=\"og:type\" content=\"article\" \/>\n<meta property=\"og:title\" content=\"Minist\u00e9rio da Sa\u00fade planeja usar intelig\u00eancia artificial - Notibras\" \/>\n<meta property=\"og:description\" content=\"O Minist\u00e9rio da Sa\u00fade quer implementar novas tecnologias no Sistema \u00danico de Sa\u00fade (SUS). O objetivo \u00e9 expandir o acesso da popula\u00e7\u00e3o a uma sa\u00fade p\u00fablica cada vez mais universal, \u00e1gil e de qualidade. Uma das ideias, por exemplo, \u00e9 incorporar a intelig\u00eancia artificial (IA) nos servi\u00e7os de atendimento \u00e0 popula\u00e7\u00e3o. Tudo isso seria feito [&hellip;]\" \/>\n<meta property=\"og:url\" content=\"https:\/\/www.notibras.com\/site\/ministerio-da-saude-planeja-usar-inteligencia-artificial\/\" \/>\n<meta property=\"og:site_name\" content=\"Notibras\" \/>\n<meta property=\"article:publisher\" content=\"https:\/\/www.facebook.com\/notibras\/\" \/>\n<meta property=\"article:published_time\" content=\"2023-05-24T03:52:12+00:00\" \/>\n<meta property=\"article:modified_time\" content=\"2023-05-24T13:54:21+00:00\" \/>\n<meta property=\"og:image\" content=\"https:\/\/www.notibras.com\/site\/wp-content\/uploads\/2023\/05\/1095412-sp_rvrsa_abr_2510174382.jpg\" \/>\n\t<meta property=\"og:image:width\" content=\"1170\" \/>\n\t<meta property=\"og:image:height\" content=\"700\" \/>\n\t<meta property=\"og:image:type\" content=\"image\/jpeg\" \/>\n<meta name=\"author\" content=\"Reda\u00e7\u00e3o\" \/>\n<meta name=\"twitter:card\" content=\"summary_large_image\" \/>\n<meta name=\"twitter:creator\" content=\"@Notibras\" \/>\n<meta name=\"twitter:site\" content=\"@Notibras\" \/>\n<meta name=\"twitter:label1\" content=\"Escrito por\" \/>\n\t<meta name=\"twitter:data1\" content=\"Reda\u00e7\u00e3o\" \/>\n\t<meta name=\"twitter:label2\" content=\"Est. tempo de leitura\" \/>\n\t<meta name=\"twitter:data2\" content=\"6 minutos\" \/>\n<script type=\"application\/ld+json\" class=\"yoast-schema-graph\">{\"@context\":\"https:\/\/schema.org\",\"@graph\":[{\"@type\":\"Article\",\"@id\":\"https:\/\/www.notibras.com\/site\/ministerio-da-saude-planeja-usar-inteligencia-artificial\/#article\",\"isPartOf\":{\"@id\":\"https:\/\/www.notibras.com\/site\/ministerio-da-saude-planeja-usar-inteligencia-artificial\/\"},\"author\":{\"name\":\"Reda\u00e7\u00e3o\",\"@id\":\"https:\/\/www.notibras.com\/site\/#\/schema\/person\/36ab0979449956132d3e5b517ea76ac8\"},\"headline\":\"Minist\u00e9rio da Sa\u00fade planeja usar intelig\u00eancia artificial\",\"datePublished\":\"2023-05-24T03:52:12+00:00\",\"dateModified\":\"2023-05-24T13:54:21+00:00\",\"mainEntityOfPage\":{\"@id\":\"https:\/\/www.notibras.com\/site\/ministerio-da-saude-planeja-usar-inteligencia-artificial\/\"},\"wordCount\":1077,\"publisher\":{\"@id\":\"https:\/\/www.notibras.com\/site\/#organization\"},\"image\":{\"@id\":\"https:\/\/www.notibras.com\/site\/ministerio-da-saude-planeja-usar-inteligencia-artificial\/#primaryimage\"},\"thumbnailUrl\":\"https:\/\/www.notibras.com\/site\/wp-content\/uploads\/2023\/05\/1095412-sp_rvrsa_abr_2510174382.jpg\",\"articleSection\":[\"Quadradinho em Foco\"],\"inLanguage\":\"pt-BR\"},{\"@type\":\"WebPage\",\"@id\":\"https:\/\/www.notibras.com\/site\/ministerio-da-saude-planeja-usar-inteligencia-artificial\/\",\"url\":\"https:\/\/www.notibras.com\/site\/ministerio-da-saude-planeja-usar-inteligencia-artificial\/\",\"name\":\"Minist\u00e9rio da Sa\u00fade planeja usar intelig\u00eancia artificial - Notibras\",\"isPartOf\":{\"@id\":\"https:\/\/www.notibras.com\/site\/#website\"},\"primaryImageOfPage\":{\"@id\":\"https:\/\/www.notibras.com\/site\/ministerio-da-saude-planeja-usar-inteligencia-artificial\/#primaryimage\"},\"image\":{\"@id\":\"https:\/\/www.notibras.com\/site\/ministerio-da-saude-planeja-usar-inteligencia-artificial\/#primaryimage\"},\"thumbnailUrl\":\"https:\/\/www.notibras.com\/site\/wp-content\/uploads\/2023\/05\/1095412-sp_rvrsa_abr_2510174382.jpg\",\"datePublished\":\"2023-05-24T03:52:12+00:00\",\"dateModified\":\"2023-05-24T13:54:21+00:00\",\"breadcrumb\":{\"@id\":\"https:\/\/www.notibras.com\/site\/ministerio-da-saude-planeja-usar-inteligencia-artificial\/#breadcrumb\"},\"inLanguage\":\"pt-BR\",\"potentialAction\":[{\"@type\":\"ReadAction\",\"target\":[\"https:\/\/www.notibras.com\/site\/ministerio-da-saude-planeja-usar-inteligencia-artificial\/\"]}]},{\"@type\":\"ImageObject\",\"inLanguage\":\"pt-BR\",\"@id\":\"https:\/\/www.notibras.com\/site\/ministerio-da-saude-planeja-usar-inteligencia-artificial\/#primaryimage\",\"url\":\"https:\/\/www.notibras.com\/site\/wp-content\/uploads\/2023\/05\/1095412-sp_rvrsa_abr_2510174382.jpg\",\"contentUrl\":\"https:\/\/www.notibras.com\/site\/wp-content\/uploads\/2023\/05\/1095412-sp_rvrsa_abr_2510174382.jpg\",\"width\":1170,\"height\":700,\"caption\":\"S\u00e3o Paulo - Fila para vacina\u00e7\u00e3o contra febre amarela na Unidade B\u00e1sica de Sa\u00fade - UBS\/AMA Jardim Peri, regi\u00e3o norte. Foto: Rovena Rosa\/Ag\u00eancia Brasil\"},{\"@type\":\"BreadcrumbList\",\"@id\":\"https:\/\/www.notibras.com\/site\/ministerio-da-saude-planeja-usar-inteligencia-artificial\/#breadcrumb\",\"itemListElement\":[{\"@type\":\"ListItem\",\"position\":1,\"name\":\"In\u00edcio\",\"item\":\"https:\/\/www.notibras.com\/site\/\"},{\"@type\":\"ListItem\",\"position\":2,\"name\":\"Minist\u00e9rio da Sa\u00fade planeja usar intelig\u00eancia artificial\"}]},{\"@type\":\"WebSite\",\"@id\":\"https:\/\/www.notibras.com\/site\/#website\",\"url\":\"https:\/\/www.notibras.com\/site\/\",\"name\":\"Notibras\",\"description\":\"Not\u00edcias de Bras\u00edlia, do Brasil e do Mundo\",\"publisher\":{\"@id\":\"https:\/\/www.notibras.com\/site\/#organization\"},\"potentialAction\":[{\"@type\":\"SearchAction\",\"target\":{\"@type\":\"EntryPoint\",\"urlTemplate\":\"https:\/\/www.notibras.com\/site\/?s={search_term_string}\"},\"query-input\":{\"@type\":\"PropertyValueSpecification\",\"valueRequired\":true,\"valueName\":\"search_term_string\"}}],\"inLanguage\":\"pt-BR\"},{\"@type\":\"Organization\",\"@id\":\"https:\/\/www.notibras.com\/site\/#organization\",\"name\":\"Grupo Notibras de Comunica\u00e7\u00e3o\",\"url\":\"https:\/\/www.notibras.com\/site\/\",\"logo\":{\"@type\":\"ImageObject\",\"inLanguage\":\"pt-BR\",\"@id\":\"https:\/\/www.notibras.com\/site\/#\/schema\/logo\/image\/\",\"url\":\"https:\/\/www.notibras.com\/site\/wp-content\/uploads\/2023\/01\/notibras23.png\",\"contentUrl\":\"https:\/\/www.notibras.com\/site\/wp-content\/uploads\/2023\/01\/notibras23.png\",\"width\":350,\"height\":87,\"caption\":\"Grupo Notibras de Comunica\u00e7\u00e3o\"},\"image\":{\"@id\":\"https:\/\/www.notibras.com\/site\/#\/schema\/logo\/image\/\"},\"sameAs\":[\"https:\/\/www.facebook.com\/notibras\/\",\"https:\/\/x.com\/Notibras\",\"https:\/\/www.instagram.com\/notibras\/\"]},{\"@type\":\"Person\",\"@id\":\"https:\/\/www.notibras.com\/site\/#\/schema\/person\/36ab0979449956132d3e5b517ea76ac8\",\"name\":\"Reda\u00e7\u00e3o\",\"image\":{\"@type\":\"ImageObject\",\"inLanguage\":\"pt-BR\",\"@id\":\"https:\/\/secure.gravatar.com\/avatar\/e0a867bdedb85fd243eadf09663511f96fc81e0720a4a42581f334ad4303aa6b?s=96&d=mm&r=g\",\"url\":\"https:\/\/secure.gravatar.com\/avatar\/e0a867bdedb85fd243eadf09663511f96fc81e0720a4a42581f334ad4303aa6b?s=96&d=mm&r=g\",\"contentUrl\":\"https:\/\/secure.gravatar.com\/avatar\/e0a867bdedb85fd243eadf09663511f96fc81e0720a4a42581f334ad4303aa6b?s=96&d=mm&r=g\",\"caption\":\"Reda\u00e7\u00e3o\"}}]}<\/script>\n<!-- \/ Yoast SEO plugin. -->","yoast_head_json":{"title":"Minist\u00e9rio da Sa\u00fade planeja usar intelig\u00eancia artificial - Notibras","robots":{"index":"index","follow":"follow","max-snippet":"max-snippet:-1","max-image-preview":"max-image-preview:large","max-video-preview":"max-video-preview:-1"},"canonical":"https:\/\/www.notibras.com\/site\/ministerio-da-saude-planeja-usar-inteligencia-artificial\/","og_locale":"pt_BR","og_type":"article","og_title":"Minist\u00e9rio da Sa\u00fade planeja usar intelig\u00eancia artificial - Notibras","og_description":"O Minist\u00e9rio da Sa\u00fade quer implementar novas tecnologias no Sistema \u00danico de Sa\u00fade (SUS). O objetivo \u00e9 expandir o acesso da popula\u00e7\u00e3o a uma sa\u00fade p\u00fablica cada vez mais universal, \u00e1gil e de qualidade. Uma das ideias, por exemplo, \u00e9 incorporar a intelig\u00eancia artificial (IA) nos servi\u00e7os de atendimento \u00e0 popula\u00e7\u00e3o. Tudo isso seria feito [&hellip;]","og_url":"https:\/\/www.notibras.com\/site\/ministerio-da-saude-planeja-usar-inteligencia-artificial\/","og_site_name":"Notibras","article_publisher":"https:\/\/www.facebook.com\/notibras\/","article_published_time":"2023-05-24T03:52:12+00:00","article_modified_time":"2023-05-24T13:54:21+00:00","og_image":[{"width":1170,"height":700,"url":"https:\/\/www.notibras.com\/site\/wp-content\/uploads\/2023\/05\/1095412-sp_rvrsa_abr_2510174382.jpg","type":"image\/jpeg"}],"author":"Reda\u00e7\u00e3o","twitter_card":"summary_large_image","twitter_creator":"@Notibras","twitter_site":"@Notibras","twitter_misc":{"Escrito por":"Reda\u00e7\u00e3o","Est. tempo de leitura":"6 minutos"},"schema":{"@context":"https:\/\/schema.org","@graph":[{"@type":"Article","@id":"https:\/\/www.notibras.com\/site\/ministerio-da-saude-planeja-usar-inteligencia-artificial\/#article","isPartOf":{"@id":"https:\/\/www.notibras.com\/site\/ministerio-da-saude-planeja-usar-inteligencia-artificial\/"},"author":{"name":"Reda\u00e7\u00e3o","@id":"https:\/\/www.notibras.com\/site\/#\/schema\/person\/36ab0979449956132d3e5b517ea76ac8"},"headline":"Minist\u00e9rio da Sa\u00fade planeja usar intelig\u00eancia artificial","datePublished":"2023-05-24T03:52:12+00:00","dateModified":"2023-05-24T13:54:21+00:00","mainEntityOfPage":{"@id":"https:\/\/www.notibras.com\/site\/ministerio-da-saude-planeja-usar-inteligencia-artificial\/"},"wordCount":1077,"publisher":{"@id":"https:\/\/www.notibras.com\/site\/#organization"},"image":{"@id":"https:\/\/www.notibras.com\/site\/ministerio-da-saude-planeja-usar-inteligencia-artificial\/#primaryimage"},"thumbnailUrl":"https:\/\/www.notibras.com\/site\/wp-content\/uploads\/2023\/05\/1095412-sp_rvrsa_abr_2510174382.jpg","articleSection":["Quadradinho em Foco"],"inLanguage":"pt-BR"},{"@type":"WebPage","@id":"https:\/\/www.notibras.com\/site\/ministerio-da-saude-planeja-usar-inteligencia-artificial\/","url":"https:\/\/www.notibras.com\/site\/ministerio-da-saude-planeja-usar-inteligencia-artificial\/","name":"Minist\u00e9rio da Sa\u00fade planeja usar intelig\u00eancia artificial - Notibras","isPartOf":{"@id":"https:\/\/www.notibras.com\/site\/#website"},"primaryImageOfPage":{"@id":"https:\/\/www.notibras.com\/site\/ministerio-da-saude-planeja-usar-inteligencia-artificial\/#primaryimage"},"image":{"@id":"https:\/\/www.notibras.com\/site\/ministerio-da-saude-planeja-usar-inteligencia-artificial\/#primaryimage"},"thumbnailUrl":"https:\/\/www.notibras.com\/site\/wp-content\/uploads\/2023\/05\/1095412-sp_rvrsa_abr_2510174382.jpg","datePublished":"2023-05-24T03:52:12+00:00","dateModified":"2023-05-24T13:54:21+00:00","breadcrumb":{"@id":"https:\/\/www.notibras.com\/site\/ministerio-da-saude-planeja-usar-inteligencia-artificial\/#breadcrumb"},"inLanguage":"pt-BR","potentialAction":[{"@type":"ReadAction","target":["https:\/\/www.notibras.com\/site\/ministerio-da-saude-planeja-usar-inteligencia-artificial\/"]}]},{"@type":"ImageObject","inLanguage":"pt-BR","@id":"https:\/\/www.notibras.com\/site\/ministerio-da-saude-planeja-usar-inteligencia-artificial\/#primaryimage","url":"https:\/\/www.notibras.com\/site\/wp-content\/uploads\/2023\/05\/1095412-sp_rvrsa_abr_2510174382.jpg","contentUrl":"https:\/\/www.notibras.com\/site\/wp-content\/uploads\/2023\/05\/1095412-sp_rvrsa_abr_2510174382.jpg","width":1170,"height":700,"caption":"S\u00e3o Paulo - Fila para vacina\u00e7\u00e3o contra febre amarela na Unidade B\u00e1sica de Sa\u00fade - UBS\/AMA Jardim Peri, regi\u00e3o norte. Foto: Rovena Rosa\/Ag\u00eancia Brasil"},{"@type":"BreadcrumbList","@id":"https:\/\/www.notibras.com\/site\/ministerio-da-saude-planeja-usar-inteligencia-artificial\/#breadcrumb","itemListElement":[{"@type":"ListItem","position":1,"name":"In\u00edcio","item":"https:\/\/www.notibras.com\/site\/"},{"@type":"ListItem","position":2,"name":"Minist\u00e9rio da Sa\u00fade planeja usar intelig\u00eancia artificial"}]},{"@type":"WebSite","@id":"https:\/\/www.notibras.com\/site\/#website","url":"https:\/\/www.notibras.com\/site\/","name":"Notibras","description":"Not\u00edcias de Bras\u00edlia, do Brasil e do Mundo","publisher":{"@id":"https:\/\/www.notibras.com\/site\/#organization"},"potentialAction":[{"@type":"SearchAction","target":{"@type":"EntryPoint","urlTemplate":"https:\/\/www.notibras.com\/site\/?s={search_term_string}"},"query-input":{"@type":"PropertyValueSpecification","valueRequired":true,"valueName":"search_term_string"}}],"inLanguage":"pt-BR"},{"@type":"Organization","@id":"https:\/\/www.notibras.com\/site\/#organization","name":"Grupo Notibras de Comunica\u00e7\u00e3o","url":"https:\/\/www.notibras.com\/site\/","logo":{"@type":"ImageObject","inLanguage":"pt-BR","@id":"https:\/\/www.notibras.com\/site\/#\/schema\/logo\/image\/","url":"https:\/\/www.notibras.com\/site\/wp-content\/uploads\/2023\/01\/notibras23.png","contentUrl":"https:\/\/www.notibras.com\/site\/wp-content\/uploads\/2023\/01\/notibras23.png","width":350,"height":87,"caption":"Grupo Notibras de Comunica\u00e7\u00e3o"},"image":{"@id":"https:\/\/www.notibras.com\/site\/#\/schema\/logo\/image\/"},"sameAs":["https:\/\/www.facebook.com\/notibras\/","https:\/\/x.com\/Notibras","https:\/\/www.instagram.com\/notibras\/"]},{"@type":"Person","@id":"https:\/\/www.notibras.com\/site\/#\/schema\/person\/36ab0979449956132d3e5b517ea76ac8","name":"Reda\u00e7\u00e3o","image":{"@type":"ImageObject","inLanguage":"pt-BR","@id":"https:\/\/secure.gravatar.com\/avatar\/e0a867bdedb85fd243eadf09663511f96fc81e0720a4a42581f334ad4303aa6b?s=96&d=mm&r=g","url":"https:\/\/secure.gravatar.com\/avatar\/e0a867bdedb85fd243eadf09663511f96fc81e0720a4a42581f334ad4303aa6b?s=96&d=mm&r=g","contentUrl":"https:\/\/secure.gravatar.com\/avatar\/e0a867bdedb85fd243eadf09663511f96fc81e0720a4a42581f334ad4303aa6b?s=96&d=mm&r=g","caption":"Reda\u00e7\u00e3o"}}]}},"amp_enabled":true,"_links":{"self":[{"href":"https:\/\/www.notibras.com\/site\/wp-json\/wp\/v2\/posts\/305548","targetHints":{"allow":["GET"]}}],"collection":[{"href":"https:\/\/www.notibras.com\/site\/wp-json\/wp\/v2\/posts"}],"about":[{"href":"https:\/\/www.notibras.com\/site\/wp-json\/wp\/v2\/types\/post"}],"author":[{"embeddable":true,"href":"https:\/\/www.notibras.com\/site\/wp-json\/wp\/v2\/users\/2"}],"replies":[{"embeddable":true,"href":"https:\/\/www.notibras.com\/site\/wp-json\/wp\/v2\/comments?post=305548"}],"version-history":[{"count":1,"href":"https:\/\/www.notibras.com\/site\/wp-json\/wp\/v2\/posts\/305548\/revisions"}],"predecessor-version":[{"id":305550,"href":"https:\/\/www.notibras.com\/site\/wp-json\/wp\/v2\/posts\/305548\/revisions\/305550"}],"wp:featuredmedia":[{"embeddable":true,"href":"https:\/\/www.notibras.com\/site\/wp-json\/wp\/v2\/media\/305549"}],"wp:attachment":[{"href":"https:\/\/www.notibras.com\/site\/wp-json\/wp\/v2\/media?parent=305548"}],"wp:term":[{"taxonomy":"category","embeddable":true,"href":"https:\/\/www.notibras.com\/site\/wp-json\/wp\/v2\/categories?post=305548"},{"taxonomy":"post_tag","embeddable":true,"href":"https:\/\/www.notibras.com\/site\/wp-json\/wp\/v2\/tags?post=305548"}],"curies":[{"name":"wp","href":"https:\/\/api.w.org\/{rel}","templated":true}]}}