{"id":305599,"date":"2023-05-25T09:13:19","date_gmt":"2023-05-25T12:13:19","guid":{"rendered":"https:\/\/www.notibras.com\/site\/?p=305599"},"modified":"2023-05-25T09:13:19","modified_gmt":"2023-05-25T12:13:19","slug":"mentiroso-da-sorte-ate-ao-contar-uma-historia","status":"publish","type":"post","link":"https:\/\/www.notibras.com\/site\/mentiroso-da-sorte-ate-ao-contar-uma-historia\/","title":{"rendered":"Mentiroso d\u00e1 sorte at\u00e9 ao contar uma hist\u00f3ria"},"content":{"rendered":"<p>L\u00e1 estava aquele senhor de cabelos bem branquinhos, deitado no confort\u00e1vel sof\u00e1 da sala. No tapete, a neta, n\u00e3o mais que 12 anos, ouvia atentamente cada palavra daquela boca, que ostentava um belo bigode logo acima. Ele, que quase sempre conquistava a simpatia das pessoas, possu\u00eda aquilo que costumamos chamar de carisma.<\/p>\n<p>Passara anos advogando, e, como ele mesmo falava, sempre havia muitas hist\u00f3rias para contar. E n\u00e3o foi diferente naquele dia, quando ele come\u00e7ou a falar sobre um caso ocorrido h\u00e1 anos. Era a respeito de um suposto homic\u00eddio, onde o r\u00e9u fora acusado de matar um desafeto com um tiro de pistola. O tribunal do j\u00fari, segundo o av\u00f4, era um show, e ele teria que conquistar a plateia para salvar a pele do seu cliente.<\/p>\n<p>&#8211; O sujeito j\u00e1 estava condenado, bastava olhar para as express\u00f5es faciais dos membros do j\u00fari. A minha tese \u00e9 de que a arma havia disparado sozinha, mas o promotor n\u00e3o concordou e disse que aquela arma n\u00e3o disparava sozinha.<\/p>\n<p>&#8211; E a per\u00edcia, v\u00f4?<\/p>\n<p>&#8211; N\u00e3o tinha per\u00edcia, eu precisava provar ali mesmo que a arma disparava sozinha. Aquela era a minha \u00fanica chance. Ent\u00e3o, peguei a arma e a joguei no ch\u00e3o. E n\u00e3o \u00e9 que a pistola disparou? O j\u00fari ficou surpreso tamb\u00e9m e, ent\u00e3o, absolveu o meu cliente.<\/p>\n<p>&#8211; Ah, que bom que o senhor conseguiu fazer com que um inocente n\u00e3o fosse preso.<\/p>\n<p>&#8211;\u00a0Ah, n\u00e3o! Ele era culpado!<\/p>\n","protected":false},"excerpt":{"rendered":"<p>L\u00e1 estava aquele senhor de cabelos bem branquinhos, deitado no confort\u00e1vel sof\u00e1 da sala. No tapete, a neta, n\u00e3o mais que 12 anos, ouvia atentamente cada palavra daquela boca, que ostentava um belo bigode logo acima. Ele, que quase sempre conquistava a simpatia das pessoas, possu\u00eda aquilo que costumamos chamar de carisma. Passara anos advogando, [&hellip;]<\/p>\n","protected":false},"author":2,"featured_media":305600,"comment_status":"closed","ping_status":"closed","sticky":false,"template":"","format":"standard","meta":{"_acf_changed":false,"footnotes":""},"categories":[161],"tags":[],"class_list":["post-305599","post","type-post","status-publish","format-standard","has-post-thumbnail","hentry","category-quadradinho-em-foco"],"acf":[],"yoast_head":"<!-- This site is optimized with the Yoast SEO plugin v27.2 - https:\/\/yoast.com\/product\/yoast-seo-wordpress\/ -->\n<title>Mentiroso d\u00e1 sorte at\u00e9 ao contar uma hist\u00f3ria - Notibras<\/title>\n<meta name=\"robots\" content=\"index, follow, max-snippet:-1, max-image-preview:large, max-video-preview:-1\" \/>\n<link rel=\"canonical\" href=\"https:\/\/www.notibras.com\/site\/mentiroso-da-sorte-ate-ao-contar-uma-historia\/\" \/>\n<meta property=\"og:locale\" content=\"pt_BR\" \/>\n<meta property=\"og:type\" content=\"article\" \/>\n<meta property=\"og:title\" content=\"Mentiroso d\u00e1 sorte at\u00e9 ao contar uma hist\u00f3ria - Notibras\" \/>\n<meta property=\"og:description\" content=\"L\u00e1 estava aquele senhor de cabelos bem branquinhos, deitado no confort\u00e1vel sof\u00e1 da sala. No tapete, a neta, n\u00e3o mais que 12 anos, ouvia atentamente cada palavra daquela boca, que ostentava um belo bigode logo acima. Ele, que quase sempre conquistava a simpatia das pessoas, possu\u00eda aquilo que costumamos chamar de carisma. Passara anos advogando, [&hellip;]\" \/>\n<meta property=\"og:url\" content=\"https:\/\/www.notibras.com\/site\/mentiroso-da-sorte-ate-ao-contar-uma-historia\/\" \/>\n<meta property=\"og:site_name\" content=\"Notibras\" \/>\n<meta property=\"article:publisher\" content=\"https:\/\/www.facebook.com\/notibras\/\" \/>\n<meta property=\"article:published_time\" content=\"2023-05-25T12:13:19+00:00\" \/>\n<meta property=\"og:image\" content=\"https:\/\/www.notibras.com\/site\/wp-content\/uploads\/2023\/05\/63405.jpg\" \/>\n\t<meta property=\"og:image:width\" content=\"883\" \/>\n\t<meta property=\"og:image:height\" content=\"505\" \/>\n\t<meta property=\"og:image:type\" content=\"image\/jpeg\" \/>\n<meta name=\"author\" content=\"Reda\u00e7\u00e3o\" \/>\n<meta name=\"twitter:card\" content=\"summary_large_image\" \/>\n<meta name=\"twitter:creator\" content=\"@Notibras\" \/>\n<meta name=\"twitter:site\" content=\"@Notibras\" \/>\n<meta name=\"twitter:label1\" content=\"Escrito por\" \/>\n\t<meta name=\"twitter:data1\" content=\"Reda\u00e7\u00e3o\" \/>\n\t<meta name=\"twitter:label2\" content=\"Est. tempo de leitura\" \/>\n\t<meta name=\"twitter:data2\" content=\"2 minutos\" \/>\n<script type=\"application\/ld+json\" class=\"yoast-schema-graph\">{\"@context\":\"https:\/\/schema.org\",\"@graph\":[{\"@type\":\"Article\",\"@id\":\"https:\/\/www.notibras.com\/site\/mentiroso-da-sorte-ate-ao-contar-uma-historia\/#article\",\"isPartOf\":{\"@id\":\"https:\/\/www.notibras.com\/site\/mentiroso-da-sorte-ate-ao-contar-uma-historia\/\"},\"author\":{\"name\":\"Reda\u00e7\u00e3o\",\"@id\":\"https:\/\/www.notibras.com\/site\/#\/schema\/person\/36ab0979449956132d3e5b517ea76ac8\"},\"headline\":\"Mentiroso d\u00e1 sorte at\u00e9 ao contar uma hist\u00f3ria\",\"datePublished\":\"2023-05-25T12:13:19+00:00\",\"mainEntityOfPage\":{\"@id\":\"https:\/\/www.notibras.com\/site\/mentiroso-da-sorte-ate-ao-contar-uma-historia\/\"},\"wordCount\":272,\"publisher\":{\"@id\":\"https:\/\/www.notibras.com\/site\/#organization\"},\"image\":{\"@id\":\"https:\/\/www.notibras.com\/site\/mentiroso-da-sorte-ate-ao-contar-uma-historia\/#primaryimage\"},\"thumbnailUrl\":\"https:\/\/www.notibras.com\/site\/wp-content\/uploads\/2023\/05\/63405.jpg\",\"articleSection\":[\"Quadradinho em Foco\"],\"inLanguage\":\"pt-BR\"},{\"@type\":\"WebPage\",\"@id\":\"https:\/\/www.notibras.com\/site\/mentiroso-da-sorte-ate-ao-contar-uma-historia\/\",\"url\":\"https:\/\/www.notibras.com\/site\/mentiroso-da-sorte-ate-ao-contar-uma-historia\/\",\"name\":\"Mentiroso d\u00e1 sorte at\u00e9 ao contar uma hist\u00f3ria - Notibras\",\"isPartOf\":{\"@id\":\"https:\/\/www.notibras.com\/site\/#website\"},\"primaryImageOfPage\":{\"@id\":\"https:\/\/www.notibras.com\/site\/mentiroso-da-sorte-ate-ao-contar-uma-historia\/#primaryimage\"},\"image\":{\"@id\":\"https:\/\/www.notibras.com\/site\/mentiroso-da-sorte-ate-ao-contar-uma-historia\/#primaryimage\"},\"thumbnailUrl\":\"https:\/\/www.notibras.com\/site\/wp-content\/uploads\/2023\/05\/63405.jpg\",\"datePublished\":\"2023-05-25T12:13:19+00:00\",\"breadcrumb\":{\"@id\":\"https:\/\/www.notibras.com\/site\/mentiroso-da-sorte-ate-ao-contar-uma-historia\/#breadcrumb\"},\"inLanguage\":\"pt-BR\",\"potentialAction\":[{\"@type\":\"ReadAction\",\"target\":[\"https:\/\/www.notibras.com\/site\/mentiroso-da-sorte-ate-ao-contar-uma-historia\/\"]}]},{\"@type\":\"ImageObject\",\"inLanguage\":\"pt-BR\",\"@id\":\"https:\/\/www.notibras.com\/site\/mentiroso-da-sorte-ate-ao-contar-uma-historia\/#primaryimage\",\"url\":\"https:\/\/www.notibras.com\/site\/wp-content\/uploads\/2023\/05\/63405.jpg\",\"contentUrl\":\"https:\/\/www.notibras.com\/site\/wp-content\/uploads\/2023\/05\/63405.jpg\",\"width\":883,\"height\":505},{\"@type\":\"BreadcrumbList\",\"@id\":\"https:\/\/www.notibras.com\/site\/mentiroso-da-sorte-ate-ao-contar-uma-historia\/#breadcrumb\",\"itemListElement\":[{\"@type\":\"ListItem\",\"position\":1,\"name\":\"In\u00edcio\",\"item\":\"https:\/\/www.notibras.com\/site\/\"},{\"@type\":\"ListItem\",\"position\":2,\"name\":\"Mentiroso d\u00e1 sorte at\u00e9 ao contar uma hist\u00f3ria\"}]},{\"@type\":\"WebSite\",\"@id\":\"https:\/\/www.notibras.com\/site\/#website\",\"url\":\"https:\/\/www.notibras.com\/site\/\",\"name\":\"Notibras\",\"description\":\"Not\u00edcias de Bras\u00edlia, do Brasil e do Mundo\",\"publisher\":{\"@id\":\"https:\/\/www.notibras.com\/site\/#organization\"},\"potentialAction\":[{\"@type\":\"SearchAction\",\"target\":{\"@type\":\"EntryPoint\",\"urlTemplate\":\"https:\/\/www.notibras.com\/site\/?s={search_term_string}\"},\"query-input\":{\"@type\":\"PropertyValueSpecification\",\"valueRequired\":true,\"valueName\":\"search_term_string\"}}],\"inLanguage\":\"pt-BR\"},{\"@type\":\"Organization\",\"@id\":\"https:\/\/www.notibras.com\/site\/#organization\",\"name\":\"Grupo Notibras de Comunica\u00e7\u00e3o\",\"url\":\"https:\/\/www.notibras.com\/site\/\",\"logo\":{\"@type\":\"ImageObject\",\"inLanguage\":\"pt-BR\",\"@id\":\"https:\/\/www.notibras.com\/site\/#\/schema\/logo\/image\/\",\"url\":\"https:\/\/www.notibras.com\/site\/wp-content\/uploads\/2023\/01\/notibras23.png\",\"contentUrl\":\"https:\/\/www.notibras.com\/site\/wp-content\/uploads\/2023\/01\/notibras23.png\",\"width\":350,\"height\":87,\"caption\":\"Grupo Notibras de Comunica\u00e7\u00e3o\"},\"image\":{\"@id\":\"https:\/\/www.notibras.com\/site\/#\/schema\/logo\/image\/\"},\"sameAs\":[\"https:\/\/www.facebook.com\/notibras\/\",\"https:\/\/x.com\/Notibras\",\"https:\/\/www.instagram.com\/notibras\/\"]},{\"@type\":\"Person\",\"@id\":\"https:\/\/www.notibras.com\/site\/#\/schema\/person\/36ab0979449956132d3e5b517ea76ac8\",\"name\":\"Reda\u00e7\u00e3o\",\"image\":{\"@type\":\"ImageObject\",\"inLanguage\":\"pt-BR\",\"@id\":\"https:\/\/secure.gravatar.com\/avatar\/e0a867bdedb85fd243eadf09663511f96fc81e0720a4a42581f334ad4303aa6b?s=96&d=mm&r=g\",\"url\":\"https:\/\/secure.gravatar.com\/avatar\/e0a867bdedb85fd243eadf09663511f96fc81e0720a4a42581f334ad4303aa6b?s=96&d=mm&r=g\",\"contentUrl\":\"https:\/\/secure.gravatar.com\/avatar\/e0a867bdedb85fd243eadf09663511f96fc81e0720a4a42581f334ad4303aa6b?s=96&d=mm&r=g\",\"caption\":\"Reda\u00e7\u00e3o\"}}]}<\/script>\n<!-- \/ Yoast SEO plugin. -->","yoast_head_json":{"title":"Mentiroso d\u00e1 sorte at\u00e9 ao contar uma hist\u00f3ria - Notibras","robots":{"index":"index","follow":"follow","max-snippet":"max-snippet:-1","max-image-preview":"max-image-preview:large","max-video-preview":"max-video-preview:-1"},"canonical":"https:\/\/www.notibras.com\/site\/mentiroso-da-sorte-ate-ao-contar-uma-historia\/","og_locale":"pt_BR","og_type":"article","og_title":"Mentiroso d\u00e1 sorte at\u00e9 ao contar uma hist\u00f3ria - Notibras","og_description":"L\u00e1 estava aquele senhor de cabelos bem branquinhos, deitado no confort\u00e1vel sof\u00e1 da sala. No tapete, a neta, n\u00e3o mais que 12 anos, ouvia atentamente cada palavra daquela boca, que ostentava um belo bigode logo acima. Ele, que quase sempre conquistava a simpatia das pessoas, possu\u00eda aquilo que costumamos chamar de carisma. Passara anos advogando, [&hellip;]","og_url":"https:\/\/www.notibras.com\/site\/mentiroso-da-sorte-ate-ao-contar-uma-historia\/","og_site_name":"Notibras","article_publisher":"https:\/\/www.facebook.com\/notibras\/","article_published_time":"2023-05-25T12:13:19+00:00","og_image":[{"width":883,"height":505,"url":"https:\/\/www.notibras.com\/site\/wp-content\/uploads\/2023\/05\/63405.jpg","type":"image\/jpeg"}],"author":"Reda\u00e7\u00e3o","twitter_card":"summary_large_image","twitter_creator":"@Notibras","twitter_site":"@Notibras","twitter_misc":{"Escrito por":"Reda\u00e7\u00e3o","Est. tempo de leitura":"2 minutos"},"schema":{"@context":"https:\/\/schema.org","@graph":[{"@type":"Article","@id":"https:\/\/www.notibras.com\/site\/mentiroso-da-sorte-ate-ao-contar-uma-historia\/#article","isPartOf":{"@id":"https:\/\/www.notibras.com\/site\/mentiroso-da-sorte-ate-ao-contar-uma-historia\/"},"author":{"name":"Reda\u00e7\u00e3o","@id":"https:\/\/www.notibras.com\/site\/#\/schema\/person\/36ab0979449956132d3e5b517ea76ac8"},"headline":"Mentiroso d\u00e1 sorte at\u00e9 ao contar uma hist\u00f3ria","datePublished":"2023-05-25T12:13:19+00:00","mainEntityOfPage":{"@id":"https:\/\/www.notibras.com\/site\/mentiroso-da-sorte-ate-ao-contar-uma-historia\/"},"wordCount":272,"publisher":{"@id":"https:\/\/www.notibras.com\/site\/#organization"},"image":{"@id":"https:\/\/www.notibras.com\/site\/mentiroso-da-sorte-ate-ao-contar-uma-historia\/#primaryimage"},"thumbnailUrl":"https:\/\/www.notibras.com\/site\/wp-content\/uploads\/2023\/05\/63405.jpg","articleSection":["Quadradinho em Foco"],"inLanguage":"pt-BR"},{"@type":"WebPage","@id":"https:\/\/www.notibras.com\/site\/mentiroso-da-sorte-ate-ao-contar-uma-historia\/","url":"https:\/\/www.notibras.com\/site\/mentiroso-da-sorte-ate-ao-contar-uma-historia\/","name":"Mentiroso d\u00e1 sorte at\u00e9 ao contar uma hist\u00f3ria - Notibras","isPartOf":{"@id":"https:\/\/www.notibras.com\/site\/#website"},"primaryImageOfPage":{"@id":"https:\/\/www.notibras.com\/site\/mentiroso-da-sorte-ate-ao-contar-uma-historia\/#primaryimage"},"image":{"@id":"https:\/\/www.notibras.com\/site\/mentiroso-da-sorte-ate-ao-contar-uma-historia\/#primaryimage"},"thumbnailUrl":"https:\/\/www.notibras.com\/site\/wp-content\/uploads\/2023\/05\/63405.jpg","datePublished":"2023-05-25T12:13:19+00:00","breadcrumb":{"@id":"https:\/\/www.notibras.com\/site\/mentiroso-da-sorte-ate-ao-contar-uma-historia\/#breadcrumb"},"inLanguage":"pt-BR","potentialAction":[{"@type":"ReadAction","target":["https:\/\/www.notibras.com\/site\/mentiroso-da-sorte-ate-ao-contar-uma-historia\/"]}]},{"@type":"ImageObject","inLanguage":"pt-BR","@id":"https:\/\/www.notibras.com\/site\/mentiroso-da-sorte-ate-ao-contar-uma-historia\/#primaryimage","url":"https:\/\/www.notibras.com\/site\/wp-content\/uploads\/2023\/05\/63405.jpg","contentUrl":"https:\/\/www.notibras.com\/site\/wp-content\/uploads\/2023\/05\/63405.jpg","width":883,"height":505},{"@type":"BreadcrumbList","@id":"https:\/\/www.notibras.com\/site\/mentiroso-da-sorte-ate-ao-contar-uma-historia\/#breadcrumb","itemListElement":[{"@type":"ListItem","position":1,"name":"In\u00edcio","item":"https:\/\/www.notibras.com\/site\/"},{"@type":"ListItem","position":2,"name":"Mentiroso d\u00e1 sorte at\u00e9 ao contar uma hist\u00f3ria"}]},{"@type":"WebSite","@id":"https:\/\/www.notibras.com\/site\/#website","url":"https:\/\/www.notibras.com\/site\/","name":"Notibras","description":"Not\u00edcias de Bras\u00edlia, do Brasil e do Mundo","publisher":{"@id":"https:\/\/www.notibras.com\/site\/#organization"},"potentialAction":[{"@type":"SearchAction","target":{"@type":"EntryPoint","urlTemplate":"https:\/\/www.notibras.com\/site\/?s={search_term_string}"},"query-input":{"@type":"PropertyValueSpecification","valueRequired":true,"valueName":"search_term_string"}}],"inLanguage":"pt-BR"},{"@type":"Organization","@id":"https:\/\/www.notibras.com\/site\/#organization","name":"Grupo Notibras de Comunica\u00e7\u00e3o","url":"https:\/\/www.notibras.com\/site\/","logo":{"@type":"ImageObject","inLanguage":"pt-BR","@id":"https:\/\/www.notibras.com\/site\/#\/schema\/logo\/image\/","url":"https:\/\/www.notibras.com\/site\/wp-content\/uploads\/2023\/01\/notibras23.png","contentUrl":"https:\/\/www.notibras.com\/site\/wp-content\/uploads\/2023\/01\/notibras23.png","width":350,"height":87,"caption":"Grupo Notibras de Comunica\u00e7\u00e3o"},"image":{"@id":"https:\/\/www.notibras.com\/site\/#\/schema\/logo\/image\/"},"sameAs":["https:\/\/www.facebook.com\/notibras\/","https:\/\/x.com\/Notibras","https:\/\/www.instagram.com\/notibras\/"]},{"@type":"Person","@id":"https:\/\/www.notibras.com\/site\/#\/schema\/person\/36ab0979449956132d3e5b517ea76ac8","name":"Reda\u00e7\u00e3o","image":{"@type":"ImageObject","inLanguage":"pt-BR","@id":"https:\/\/secure.gravatar.com\/avatar\/e0a867bdedb85fd243eadf09663511f96fc81e0720a4a42581f334ad4303aa6b?s=96&d=mm&r=g","url":"https:\/\/secure.gravatar.com\/avatar\/e0a867bdedb85fd243eadf09663511f96fc81e0720a4a42581f334ad4303aa6b?s=96&d=mm&r=g","contentUrl":"https:\/\/secure.gravatar.com\/avatar\/e0a867bdedb85fd243eadf09663511f96fc81e0720a4a42581f334ad4303aa6b?s=96&d=mm&r=g","caption":"Reda\u00e7\u00e3o"}}]}},"amp_enabled":true,"_links":{"self":[{"href":"https:\/\/www.notibras.com\/site\/wp-json\/wp\/v2\/posts\/305599","targetHints":{"allow":["GET"]}}],"collection":[{"href":"https:\/\/www.notibras.com\/site\/wp-json\/wp\/v2\/posts"}],"about":[{"href":"https:\/\/www.notibras.com\/site\/wp-json\/wp\/v2\/types\/post"}],"author":[{"embeddable":true,"href":"https:\/\/www.notibras.com\/site\/wp-json\/wp\/v2\/users\/2"}],"replies":[{"embeddable":true,"href":"https:\/\/www.notibras.com\/site\/wp-json\/wp\/v2\/comments?post=305599"}],"version-history":[{"count":1,"href":"https:\/\/www.notibras.com\/site\/wp-json\/wp\/v2\/posts\/305599\/revisions"}],"predecessor-version":[{"id":305601,"href":"https:\/\/www.notibras.com\/site\/wp-json\/wp\/v2\/posts\/305599\/revisions\/305601"}],"wp:featuredmedia":[{"embeddable":true,"href":"https:\/\/www.notibras.com\/site\/wp-json\/wp\/v2\/media\/305600"}],"wp:attachment":[{"href":"https:\/\/www.notibras.com\/site\/wp-json\/wp\/v2\/media?parent=305599"}],"wp:term":[{"taxonomy":"category","embeddable":true,"href":"https:\/\/www.notibras.com\/site\/wp-json\/wp\/v2\/categories?post=305599"},{"taxonomy":"post_tag","embeddable":true,"href":"https:\/\/www.notibras.com\/site\/wp-json\/wp\/v2\/tags?post=305599"}],"curies":[{"name":"wp","href":"https:\/\/api.w.org\/{rel}","templated":true}]}}