{"id":305602,"date":"2023-05-25T06:19:56","date_gmt":"2023-05-25T09:19:56","guid":{"rendered":"https:\/\/www.notibras.com\/site\/?p=305602"},"modified":"2023-05-25T09:22:09","modified_gmt":"2023-05-25T12:22:09","slug":"areas-verdes-urbanas-sao-importantes-para-a-saude","status":"publish","type":"post","link":"https:\/\/www.notibras.com\/site\/areas-verdes-urbanas-sao-importantes-para-a-saude\/","title":{"rendered":"\u00c1reas verdes urbanas s\u00e3o importantes para a sa\u00fade"},"content":{"rendered":"<p>Estudo realizado por pesquisadores da Pontif\u00edcia Universidade Cat\u00f3lica do Paran\u00e1 (PUCPR) revela que h\u00e1 menos interna\u00e7\u00f5es hospitalares por doen\u00e7as respirat\u00f3rias em munic\u00edpios com mais \u00e1reas verdes. A pesquisa, que envolveu ci\u00eancia de dados, usou bases de informa\u00e7\u00f5es p\u00fablicas como o Departamento de Inform\u00e1tica do Sistema \u00danico de Sa\u00fade do Brasil (Datasus), o Instituto Brasileiro de Geografia e Estat\u00edstica (IBGE), a Secretaria Nacional de Tr\u00e2nsito e o Instituto \u00c1gua e Terra (IAT) do Paran\u00e1.<\/p>\n<p>O objetivo do trabalho era avaliar como a infraestrutura verde urbana (IVU), composta por pra\u00e7as, parques, jardins planejados, fragmentos florestais, reservas florestais urbanas, bosques e arboriza\u00e7\u00e3o, impacta na sa\u00fade da popula\u00e7\u00e3o.<\/p>\n<p>\u201cCombinamos v\u00e1rias informa\u00e7\u00f5es e fizemos um estudo que envolve aplica\u00e7\u00e3o de ci\u00eancias de dados, realizando, primeiro, uma an\u00e1lise multivariada de tais dados e, depois, an\u00e1lise de padr\u00e3o. E chegamos \u00e0 conclus\u00e3o com base nesses estudos\u201d, disse \u00e0 Ag\u00eancia Brasil a engenheira civil Luciene Pimentel, professora do Programa de P\u00f3s-Gradua\u00e7\u00e3o em Gest\u00e3o Urbana da PUCPR e uma das autoras da pesquisa.<\/p>\n<p>A pesquisa usou tamb\u00e9m dados censit\u00e1rios, porque o estudo, que envolvia somente a quest\u00e3o das interna\u00e7\u00f5es por doen\u00e7as respirat\u00f3rias, analisou tamb\u00e9m indicadores de pobreza. \u201cEncontramos resultados interessantes nesse sentido. Na verdade, os munic\u00edpios que t\u00eam \u00edndices de pobreza mais altos tamb\u00e9m apresentam mais interna\u00e7\u00f5es hospitalares na compara\u00e7\u00e3o com munic\u00edpios em que os \u00edndices s\u00e3o menores.\u201d<\/p>\n<p>A pesquisa envolveu 397 dos 399 munic\u00edpios paranaenses, porque dois apresentavam falhas de dados. As informa\u00e7\u00f5es foram coletadas em 2021 e 2022, sendo os resultados divulgados agora. Artigo referente ao estudo, intitulado Ecosystems services and green infrastructure for respiratory health protection: A data science approach for Paran\u00e1, Brazil (Servi\u00e7os ecossist\u00eamicos e infraestrutura verde para a prote\u00e7\u00e3o da sa\u00fade respirat\u00f3ria: Uma abordagem de ci\u00eancia de dados para o Paran\u00e1, Brasil, em tradu\u00e7\u00e3o livre), foi publicado na liga internacional de revistas cient\u00edficas MDPI e pode ser acessado na \u00edntegra neste link.<\/p>\n<p>O estudo \u00e9 assinado por Luciene Pimentel e pelos professores Edilberto Nunes de Moura e F\u00e1bio Teodoro de Souza, da PUCPR, e pelo doutorando da mesma universidade Murilo Noli da Fonseca.<\/p>\n<p><strong>Import\u00e2ncia<\/strong><br \/>\nLuciene salientou a import\u00e2ncia do resultado, porque a Organiza\u00e7\u00e3o Mundial da Sa\u00fade (OMS) reporta 4 milh\u00f5es de mortes anuais por doen\u00e7as respirat\u00f3rias, das quais 40% s\u00e3o por doen\u00e7as pulmonares obstrutivas cr\u00f4nicas. \u201cO mundo inteiro est\u00e1 muito preocupado com essa situa\u00e7\u00e3o.\u201d<\/p>\n<p>Ainda de acordo com a OMS, 99% da popula\u00e7\u00e3o mundial respiram ar que excede os limites de qualidade recomendados. Al\u00e9m de in\u00fameros problemas de sa\u00fade, a polui\u00e7\u00e3o atmosf\u00e9rica causa 7 milh\u00f5es de mortes anuais em todo o mundo.<\/p>\n<p>Luciene ressaltou a exist\u00eancia de uma d\u00favida na literatura cient\u00edfica sobre at\u00e9 que ponto a vegeta\u00e7\u00e3o realmente contribui para diminuir a polui\u00e7\u00e3o do ar, tendo em vista que as doen\u00e7as respirat\u00f3rias s\u00e3o fortemente conectadas com esse problema nas \u00e1reas urbanas, ou se a forma como se disp\u00f5e a vegeta\u00e7\u00e3o urbana pode at\u00e9 piorar a sa\u00fade respirat\u00f3ria pela dispers\u00e3o de p\u00f3len.<\/p>\n<p>A professora disse acreditar que os resultados do estudo podem subsidiar pol\u00edticas p\u00fablicas voltadas para a sustentabilidade ambiental e a gest\u00e3o da sa\u00fade urbana. A redu\u00e7\u00e3o das taxas de interna\u00e7\u00f5es por doen\u00e7as respirat\u00f3rias traz acoplada a redu\u00e7\u00e3o dos custos com hospitaliza\u00e7\u00f5es por agravos de sa\u00fade e outras infec\u00e7\u00f5es, podendo contribuir ainda para a queda das faltas ao trabalho e \u00e0 escola.<\/p>\n<p><strong>Continuidade<\/strong><br \/>\nA equipe de pesquisadores pretende dar continuidade agora ao estudo envolvendo a capital paranaense, Curitiba, em escala intraurbana, e n\u00e3o mais municipal, com participa\u00e7\u00e3o da rede de pesquisa Novos Arranjos de Pesquisa e Inova\u00e7\u00e3o, financiada pela Funda\u00e7\u00e3o Arauc\u00e1ria, no \u00e2mbito de emerg\u00eancias clim\u00e1ticas. Ser\u00e1 medida, por exemplo, a distribui\u00e7\u00e3o de p\u00f3len na cidade. De acordo com Luciene, as medi\u00e7\u00f5es ser\u00e3o usadas para analisar dados em uma escala mais detalhada.<\/p>\n<p>\u201cO que estamos querendo fazer agora \u00e9 come\u00e7ar a olhar por tipologia de doen\u00e7as respirat\u00f3rias, como a asma, por exemplo, que tem aumentado muito no mundo. A asma \u00e9 uma doen\u00e7a que preocupa. Na faixa de crian\u00e7as, que interessa \u00e0 nossa pesquisa, a doen\u00e7a vai comprometer a vida adulta. Asma n\u00e3o tem cura, \u00e9 doen\u00e7a cr\u00f4nica. A pessoa vai depender de rem\u00e9dios o tempo todo. Enquanto crian\u00e7as, faltam \u00e0 escola por causa da doen\u00e7a; os pais faltam ao trabalho\u201d, disse Luciene.<\/p>\n<p>As doen\u00e7as respirat\u00f3rias t\u00eam sinais diferentes. Da\u00ed a raz\u00e3o de o estudo continuar, no sentido de esmiu\u00e7ar os detalhes. O objetivo dos pesquisadores, mais adiante, \u00e9 estender a pesquisa para outros estados do pa\u00eds. \u201cA ideia \u00e9 termos uma pesquisa nacional.\u201d<\/p>\n","protected":false},"excerpt":{"rendered":"<p>Estudo realizado por pesquisadores da Pontif\u00edcia Universidade Cat\u00f3lica do Paran\u00e1 (PUCPR) revela que h\u00e1 menos interna\u00e7\u00f5es hospitalares por doen\u00e7as respirat\u00f3rias em munic\u00edpios com mais \u00e1reas verdes. A pesquisa, que envolveu ci\u00eancia de dados, usou bases de informa\u00e7\u00f5es p\u00fablicas como o Departamento de Inform\u00e1tica do Sistema \u00danico de Sa\u00fade do Brasil (Datasus), o Instituto Brasileiro de [&hellip;]<\/p>\n","protected":false},"author":2,"featured_media":305603,"comment_status":"closed","ping_status":"closed","sticky":false,"template":"","format":"standard","meta":{"_acf_changed":false,"footnotes":""},"categories":[161],"tags":[],"class_list":["post-305602","post","type-post","status-publish","format-standard","has-post-thumbnail","hentry","category-quadradinho-em-foco"],"acf":[],"yoast_head":"<!-- This site is optimized with the Yoast SEO plugin v27.2 - https:\/\/yoast.com\/product\/yoast-seo-wordpress\/ -->\n<title>\u00c1reas verdes urbanas s\u00e3o importantes para a sa\u00fade - Notibras<\/title>\n<meta name=\"robots\" content=\"index, follow, max-snippet:-1, max-image-preview:large, max-video-preview:-1\" \/>\n<link rel=\"canonical\" href=\"https:\/\/www.notibras.com\/site\/areas-verdes-urbanas-sao-importantes-para-a-saude\/\" \/>\n<meta property=\"og:locale\" content=\"pt_BR\" \/>\n<meta property=\"og:type\" content=\"article\" \/>\n<meta property=\"og:title\" content=\"\u00c1reas verdes urbanas s\u00e3o importantes para a sa\u00fade - Notibras\" \/>\n<meta property=\"og:description\" content=\"Estudo realizado por pesquisadores da Pontif\u00edcia Universidade Cat\u00f3lica do Paran\u00e1 (PUCPR) revela que h\u00e1 menos interna\u00e7\u00f5es hospitalares por doen\u00e7as respirat\u00f3rias em munic\u00edpios com mais \u00e1reas verdes. A pesquisa, que envolveu ci\u00eancia de dados, usou bases de informa\u00e7\u00f5es p\u00fablicas como o Departamento de Inform\u00e1tica do Sistema \u00danico de Sa\u00fade do Brasil (Datasus), o Instituto Brasileiro de [&hellip;]\" \/>\n<meta property=\"og:url\" content=\"https:\/\/www.notibras.com\/site\/areas-verdes-urbanas-sao-importantes-para-a-saude\/\" \/>\n<meta property=\"og:site_name\" content=\"Notibras\" \/>\n<meta property=\"article:publisher\" content=\"https:\/\/www.facebook.com\/notibras\/\" \/>\n<meta property=\"article:published_time\" content=\"2023-05-25T09:19:56+00:00\" \/>\n<meta property=\"article:modified_time\" content=\"2023-05-25T12:22:09+00:00\" \/>\n<meta property=\"og:image\" content=\"https:\/\/www.notibras.com\/site\/wp-content\/uploads\/2023\/05\/img_8725.jpg\" \/>\n\t<meta property=\"og:image:width\" content=\"1170\" \/>\n\t<meta property=\"og:image:height\" content=\"700\" \/>\n\t<meta property=\"og:image:type\" content=\"image\/jpeg\" \/>\n<meta name=\"author\" content=\"Reda\u00e7\u00e3o\" \/>\n<meta name=\"twitter:card\" content=\"summary_large_image\" \/>\n<meta name=\"twitter:creator\" content=\"@Notibras\" \/>\n<meta name=\"twitter:site\" content=\"@Notibras\" \/>\n<meta name=\"twitter:label1\" content=\"Escrito por\" \/>\n\t<meta name=\"twitter:data1\" content=\"Reda\u00e7\u00e3o\" \/>\n\t<meta name=\"twitter:label2\" content=\"Est. tempo de leitura\" \/>\n\t<meta name=\"twitter:data2\" content=\"5 minutos\" \/>\n<script type=\"application\/ld+json\" class=\"yoast-schema-graph\">{\"@context\":\"https:\/\/schema.org\",\"@graph\":[{\"@type\":\"Article\",\"@id\":\"https:\/\/www.notibras.com\/site\/areas-verdes-urbanas-sao-importantes-para-a-saude\/#article\",\"isPartOf\":{\"@id\":\"https:\/\/www.notibras.com\/site\/areas-verdes-urbanas-sao-importantes-para-a-saude\/\"},\"author\":{\"name\":\"Reda\u00e7\u00e3o\",\"@id\":\"https:\/\/www.notibras.com\/site\/#\/schema\/person\/36ab0979449956132d3e5b517ea76ac8\"},\"headline\":\"\u00c1reas verdes urbanas s\u00e3o importantes para a sa\u00fade\",\"datePublished\":\"2023-05-25T09:19:56+00:00\",\"dateModified\":\"2023-05-25T12:22:09+00:00\",\"mainEntityOfPage\":{\"@id\":\"https:\/\/www.notibras.com\/site\/areas-verdes-urbanas-sao-importantes-para-a-saude\/\"},\"wordCount\":849,\"publisher\":{\"@id\":\"https:\/\/www.notibras.com\/site\/#organization\"},\"image\":{\"@id\":\"https:\/\/www.notibras.com\/site\/areas-verdes-urbanas-sao-importantes-para-a-saude\/#primaryimage\"},\"thumbnailUrl\":\"https:\/\/www.notibras.com\/site\/wp-content\/uploads\/2023\/05\/img_8725.jpg\",\"articleSection\":[\"Quadradinho em Foco\"],\"inLanguage\":\"pt-BR\"},{\"@type\":\"WebPage\",\"@id\":\"https:\/\/www.notibras.com\/site\/areas-verdes-urbanas-sao-importantes-para-a-saude\/\",\"url\":\"https:\/\/www.notibras.com\/site\/areas-verdes-urbanas-sao-importantes-para-a-saude\/\",\"name\":\"\u00c1reas verdes urbanas s\u00e3o importantes para a sa\u00fade - Notibras\",\"isPartOf\":{\"@id\":\"https:\/\/www.notibras.com\/site\/#website\"},\"primaryImageOfPage\":{\"@id\":\"https:\/\/www.notibras.com\/site\/areas-verdes-urbanas-sao-importantes-para-a-saude\/#primaryimage\"},\"image\":{\"@id\":\"https:\/\/www.notibras.com\/site\/areas-verdes-urbanas-sao-importantes-para-a-saude\/#primaryimage\"},\"thumbnailUrl\":\"https:\/\/www.notibras.com\/site\/wp-content\/uploads\/2023\/05\/img_8725.jpg\",\"datePublished\":\"2023-05-25T09:19:56+00:00\",\"dateModified\":\"2023-05-25T12:22:09+00:00\",\"breadcrumb\":{\"@id\":\"https:\/\/www.notibras.com\/site\/areas-verdes-urbanas-sao-importantes-para-a-saude\/#breadcrumb\"},\"inLanguage\":\"pt-BR\",\"potentialAction\":[{\"@type\":\"ReadAction\",\"target\":[\"https:\/\/www.notibras.com\/site\/areas-verdes-urbanas-sao-importantes-para-a-saude\/\"]}]},{\"@type\":\"ImageObject\",\"inLanguage\":\"pt-BR\",\"@id\":\"https:\/\/www.notibras.com\/site\/areas-verdes-urbanas-sao-importantes-para-a-saude\/#primaryimage\",\"url\":\"https:\/\/www.notibras.com\/site\/wp-content\/uploads\/2023\/05\/img_8725.jpg\",\"contentUrl\":\"https:\/\/www.notibras.com\/site\/wp-content\/uploads\/2023\/05\/img_8725.jpg\",\"width\":1170,\"height\":700,\"caption\":\"Viveiro Manequinho Lopes no Parque do Ibirapuera\"},{\"@type\":\"BreadcrumbList\",\"@id\":\"https:\/\/www.notibras.com\/site\/areas-verdes-urbanas-sao-importantes-para-a-saude\/#breadcrumb\",\"itemListElement\":[{\"@type\":\"ListItem\",\"position\":1,\"name\":\"In\u00edcio\",\"item\":\"https:\/\/www.notibras.com\/site\/\"},{\"@type\":\"ListItem\",\"position\":2,\"name\":\"\u00c1reas verdes urbanas s\u00e3o importantes para a sa\u00fade\"}]},{\"@type\":\"WebSite\",\"@id\":\"https:\/\/www.notibras.com\/site\/#website\",\"url\":\"https:\/\/www.notibras.com\/site\/\",\"name\":\"Notibras\",\"description\":\"Not\u00edcias de Bras\u00edlia, do Brasil e do Mundo\",\"publisher\":{\"@id\":\"https:\/\/www.notibras.com\/site\/#organization\"},\"potentialAction\":[{\"@type\":\"SearchAction\",\"target\":{\"@type\":\"EntryPoint\",\"urlTemplate\":\"https:\/\/www.notibras.com\/site\/?s={search_term_string}\"},\"query-input\":{\"@type\":\"PropertyValueSpecification\",\"valueRequired\":true,\"valueName\":\"search_term_string\"}}],\"inLanguage\":\"pt-BR\"},{\"@type\":\"Organization\",\"@id\":\"https:\/\/www.notibras.com\/site\/#organization\",\"name\":\"Grupo Notibras de Comunica\u00e7\u00e3o\",\"url\":\"https:\/\/www.notibras.com\/site\/\",\"logo\":{\"@type\":\"ImageObject\",\"inLanguage\":\"pt-BR\",\"@id\":\"https:\/\/www.notibras.com\/site\/#\/schema\/logo\/image\/\",\"url\":\"https:\/\/www.notibras.com\/site\/wp-content\/uploads\/2023\/01\/notibras23.png\",\"contentUrl\":\"https:\/\/www.notibras.com\/site\/wp-content\/uploads\/2023\/01\/notibras23.png\",\"width\":350,\"height\":87,\"caption\":\"Grupo Notibras de Comunica\u00e7\u00e3o\"},\"image\":{\"@id\":\"https:\/\/www.notibras.com\/site\/#\/schema\/logo\/image\/\"},\"sameAs\":[\"https:\/\/www.facebook.com\/notibras\/\",\"https:\/\/x.com\/Notibras\",\"https:\/\/www.instagram.com\/notibras\/\"]},{\"@type\":\"Person\",\"@id\":\"https:\/\/www.notibras.com\/site\/#\/schema\/person\/36ab0979449956132d3e5b517ea76ac8\",\"name\":\"Reda\u00e7\u00e3o\",\"image\":{\"@type\":\"ImageObject\",\"inLanguage\":\"pt-BR\",\"@id\":\"https:\/\/secure.gravatar.com\/avatar\/e0a867bdedb85fd243eadf09663511f96fc81e0720a4a42581f334ad4303aa6b?s=96&d=mm&r=g\",\"url\":\"https:\/\/secure.gravatar.com\/avatar\/e0a867bdedb85fd243eadf09663511f96fc81e0720a4a42581f334ad4303aa6b?s=96&d=mm&r=g\",\"contentUrl\":\"https:\/\/secure.gravatar.com\/avatar\/e0a867bdedb85fd243eadf09663511f96fc81e0720a4a42581f334ad4303aa6b?s=96&d=mm&r=g\",\"caption\":\"Reda\u00e7\u00e3o\"}}]}<\/script>\n<!-- \/ Yoast SEO plugin. -->","yoast_head_json":{"title":"\u00c1reas verdes urbanas s\u00e3o importantes para a sa\u00fade - Notibras","robots":{"index":"index","follow":"follow","max-snippet":"max-snippet:-1","max-image-preview":"max-image-preview:large","max-video-preview":"max-video-preview:-1"},"canonical":"https:\/\/www.notibras.com\/site\/areas-verdes-urbanas-sao-importantes-para-a-saude\/","og_locale":"pt_BR","og_type":"article","og_title":"\u00c1reas verdes urbanas s\u00e3o importantes para a sa\u00fade - Notibras","og_description":"Estudo realizado por pesquisadores da Pontif\u00edcia Universidade Cat\u00f3lica do Paran\u00e1 (PUCPR) revela que h\u00e1 menos interna\u00e7\u00f5es hospitalares por doen\u00e7as respirat\u00f3rias em munic\u00edpios com mais \u00e1reas verdes. A pesquisa, que envolveu ci\u00eancia de dados, usou bases de informa\u00e7\u00f5es p\u00fablicas como o Departamento de Inform\u00e1tica do Sistema \u00danico de Sa\u00fade do Brasil (Datasus), o Instituto Brasileiro de [&hellip;]","og_url":"https:\/\/www.notibras.com\/site\/areas-verdes-urbanas-sao-importantes-para-a-saude\/","og_site_name":"Notibras","article_publisher":"https:\/\/www.facebook.com\/notibras\/","article_published_time":"2023-05-25T09:19:56+00:00","article_modified_time":"2023-05-25T12:22:09+00:00","og_image":[{"width":1170,"height":700,"url":"https:\/\/www.notibras.com\/site\/wp-content\/uploads\/2023\/05\/img_8725.jpg","type":"image\/jpeg"}],"author":"Reda\u00e7\u00e3o","twitter_card":"summary_large_image","twitter_creator":"@Notibras","twitter_site":"@Notibras","twitter_misc":{"Escrito por":"Reda\u00e7\u00e3o","Est. tempo de leitura":"5 minutos"},"schema":{"@context":"https:\/\/schema.org","@graph":[{"@type":"Article","@id":"https:\/\/www.notibras.com\/site\/areas-verdes-urbanas-sao-importantes-para-a-saude\/#article","isPartOf":{"@id":"https:\/\/www.notibras.com\/site\/areas-verdes-urbanas-sao-importantes-para-a-saude\/"},"author":{"name":"Reda\u00e7\u00e3o","@id":"https:\/\/www.notibras.com\/site\/#\/schema\/person\/36ab0979449956132d3e5b517ea76ac8"},"headline":"\u00c1reas verdes urbanas s\u00e3o importantes para a sa\u00fade","datePublished":"2023-05-25T09:19:56+00:00","dateModified":"2023-05-25T12:22:09+00:00","mainEntityOfPage":{"@id":"https:\/\/www.notibras.com\/site\/areas-verdes-urbanas-sao-importantes-para-a-saude\/"},"wordCount":849,"publisher":{"@id":"https:\/\/www.notibras.com\/site\/#organization"},"image":{"@id":"https:\/\/www.notibras.com\/site\/areas-verdes-urbanas-sao-importantes-para-a-saude\/#primaryimage"},"thumbnailUrl":"https:\/\/www.notibras.com\/site\/wp-content\/uploads\/2023\/05\/img_8725.jpg","articleSection":["Quadradinho em Foco"],"inLanguage":"pt-BR"},{"@type":"WebPage","@id":"https:\/\/www.notibras.com\/site\/areas-verdes-urbanas-sao-importantes-para-a-saude\/","url":"https:\/\/www.notibras.com\/site\/areas-verdes-urbanas-sao-importantes-para-a-saude\/","name":"\u00c1reas verdes urbanas s\u00e3o importantes para a sa\u00fade - Notibras","isPartOf":{"@id":"https:\/\/www.notibras.com\/site\/#website"},"primaryImageOfPage":{"@id":"https:\/\/www.notibras.com\/site\/areas-verdes-urbanas-sao-importantes-para-a-saude\/#primaryimage"},"image":{"@id":"https:\/\/www.notibras.com\/site\/areas-verdes-urbanas-sao-importantes-para-a-saude\/#primaryimage"},"thumbnailUrl":"https:\/\/www.notibras.com\/site\/wp-content\/uploads\/2023\/05\/img_8725.jpg","datePublished":"2023-05-25T09:19:56+00:00","dateModified":"2023-05-25T12:22:09+00:00","breadcrumb":{"@id":"https:\/\/www.notibras.com\/site\/areas-verdes-urbanas-sao-importantes-para-a-saude\/#breadcrumb"},"inLanguage":"pt-BR","potentialAction":[{"@type":"ReadAction","target":["https:\/\/www.notibras.com\/site\/areas-verdes-urbanas-sao-importantes-para-a-saude\/"]}]},{"@type":"ImageObject","inLanguage":"pt-BR","@id":"https:\/\/www.notibras.com\/site\/areas-verdes-urbanas-sao-importantes-para-a-saude\/#primaryimage","url":"https:\/\/www.notibras.com\/site\/wp-content\/uploads\/2023\/05\/img_8725.jpg","contentUrl":"https:\/\/www.notibras.com\/site\/wp-content\/uploads\/2023\/05\/img_8725.jpg","width":1170,"height":700,"caption":"Viveiro Manequinho Lopes no Parque do Ibirapuera"},{"@type":"BreadcrumbList","@id":"https:\/\/www.notibras.com\/site\/areas-verdes-urbanas-sao-importantes-para-a-saude\/#breadcrumb","itemListElement":[{"@type":"ListItem","position":1,"name":"In\u00edcio","item":"https:\/\/www.notibras.com\/site\/"},{"@type":"ListItem","position":2,"name":"\u00c1reas verdes urbanas s\u00e3o importantes para a sa\u00fade"}]},{"@type":"WebSite","@id":"https:\/\/www.notibras.com\/site\/#website","url":"https:\/\/www.notibras.com\/site\/","name":"Notibras","description":"Not\u00edcias de Bras\u00edlia, do Brasil e do Mundo","publisher":{"@id":"https:\/\/www.notibras.com\/site\/#organization"},"potentialAction":[{"@type":"SearchAction","target":{"@type":"EntryPoint","urlTemplate":"https:\/\/www.notibras.com\/site\/?s={search_term_string}"},"query-input":{"@type":"PropertyValueSpecification","valueRequired":true,"valueName":"search_term_string"}}],"inLanguage":"pt-BR"},{"@type":"Organization","@id":"https:\/\/www.notibras.com\/site\/#organization","name":"Grupo Notibras de Comunica\u00e7\u00e3o","url":"https:\/\/www.notibras.com\/site\/","logo":{"@type":"ImageObject","inLanguage":"pt-BR","@id":"https:\/\/www.notibras.com\/site\/#\/schema\/logo\/image\/","url":"https:\/\/www.notibras.com\/site\/wp-content\/uploads\/2023\/01\/notibras23.png","contentUrl":"https:\/\/www.notibras.com\/site\/wp-content\/uploads\/2023\/01\/notibras23.png","width":350,"height":87,"caption":"Grupo Notibras de Comunica\u00e7\u00e3o"},"image":{"@id":"https:\/\/www.notibras.com\/site\/#\/schema\/logo\/image\/"},"sameAs":["https:\/\/www.facebook.com\/notibras\/","https:\/\/x.com\/Notibras","https:\/\/www.instagram.com\/notibras\/"]},{"@type":"Person","@id":"https:\/\/www.notibras.com\/site\/#\/schema\/person\/36ab0979449956132d3e5b517ea76ac8","name":"Reda\u00e7\u00e3o","image":{"@type":"ImageObject","inLanguage":"pt-BR","@id":"https:\/\/secure.gravatar.com\/avatar\/e0a867bdedb85fd243eadf09663511f96fc81e0720a4a42581f334ad4303aa6b?s=96&d=mm&r=g","url":"https:\/\/secure.gravatar.com\/avatar\/e0a867bdedb85fd243eadf09663511f96fc81e0720a4a42581f334ad4303aa6b?s=96&d=mm&r=g","contentUrl":"https:\/\/secure.gravatar.com\/avatar\/e0a867bdedb85fd243eadf09663511f96fc81e0720a4a42581f334ad4303aa6b?s=96&d=mm&r=g","caption":"Reda\u00e7\u00e3o"}}]}},"amp_enabled":true,"_links":{"self":[{"href":"https:\/\/www.notibras.com\/site\/wp-json\/wp\/v2\/posts\/305602","targetHints":{"allow":["GET"]}}],"collection":[{"href":"https:\/\/www.notibras.com\/site\/wp-json\/wp\/v2\/posts"}],"about":[{"href":"https:\/\/www.notibras.com\/site\/wp-json\/wp\/v2\/types\/post"}],"author":[{"embeddable":true,"href":"https:\/\/www.notibras.com\/site\/wp-json\/wp\/v2\/users\/2"}],"replies":[{"embeddable":true,"href":"https:\/\/www.notibras.com\/site\/wp-json\/wp\/v2\/comments?post=305602"}],"version-history":[{"count":1,"href":"https:\/\/www.notibras.com\/site\/wp-json\/wp\/v2\/posts\/305602\/revisions"}],"predecessor-version":[{"id":305604,"href":"https:\/\/www.notibras.com\/site\/wp-json\/wp\/v2\/posts\/305602\/revisions\/305604"}],"wp:featuredmedia":[{"embeddable":true,"href":"https:\/\/www.notibras.com\/site\/wp-json\/wp\/v2\/media\/305603"}],"wp:attachment":[{"href":"https:\/\/www.notibras.com\/site\/wp-json\/wp\/v2\/media?parent=305602"}],"wp:term":[{"taxonomy":"category","embeddable":true,"href":"https:\/\/www.notibras.com\/site\/wp-json\/wp\/v2\/categories?post=305602"},{"taxonomy":"post_tag","embeddable":true,"href":"https:\/\/www.notibras.com\/site\/wp-json\/wp\/v2\/tags?post=305602"}],"curies":[{"name":"wp","href":"https:\/\/api.w.org\/{rel}","templated":true}]}}