{"id":305605,"date":"2023-05-25T07:25:18","date_gmt":"2023-05-25T10:25:18","guid":{"rendered":"https:\/\/www.notibras.com\/site\/?p=305605"},"modified":"2023-05-25T09:31:30","modified_gmt":"2023-05-25T12:31:30","slug":"familias-encontram-caminhos-para-adotar-irmaos-biologicos","status":"publish","type":"post","link":"https:\/\/www.notibras.com\/site\/familias-encontram-caminhos-para-adotar-irmaos-biologicos\/","title":{"rendered":"Fam\u00edlias encontram caminhos para adotar irm\u00e3os biol\u00f3gicos"},"content":{"rendered":"<p>Primeiro, poderia parecer uma divis\u00e3o. Quatro crian\u00e7as, irm\u00e3os consangu\u00edneos, que viviam em um mesmo abrigo na cidade de Patos (MG), souberam que seriam adotados por tr\u00eas fam\u00edlias diferentes de Bras\u00edlia. O que parecia divis\u00e3o, na verdade, era uma multiplica\u00e7\u00e3o.<\/p>\n<p>Os tr\u00eas casais se prepararam, refletiram e aprenderam que, para adotar, o fundamental era pensar nas crian\u00e7as, em primeiro lugar, e respeitar os v\u00ednculos afetivos entre elas.<\/p>\n<p>Mesmo sem ter rela\u00e7\u00e3o pr\u00e9via de amizade, os casais uniram-se, somaram-se em sentimentos, a partir de um centro de apoio \u00e0 ado\u00e7\u00e3o (chamado Aconchego, na capital federal), e chegaram \u00e0 conclus\u00e3o de que, para ser de verdade e tudo funcionar, deveriam formar uma \u201cfam\u00edlia grande\u201d e nunca mais se deixarem.<\/p>\n<p>O grande dia em que os documentos estavam prontos est\u00e1 guardado no calend\u00e1rio como a data mais especial: 13 de maio de 2016. Contam de cabe\u00e7a: l\u00e1 se v\u00e3o mais de sete anos. O dia \u00e9 considerado um novo nascimento para crian\u00e7as e os adultos, que ouviram desde o come\u00e7o as palavras que sonharam: \u201cm\u00e3e\u201d, \u201cpai&#8221;. Sete anos depois, eles todos t\u00eam uma certeza: esta \u00e9 uma hist\u00f3ria de aprendizado, que n\u00e3o pode ser romantizada ou idealizada, mas que \u00e9 feita de amor.<\/p>\n<p>Eles j\u00e1 perderam as contas de festas, almo\u00e7os e encontros em fins de semana. L\u00e1 se v\u00e3o, por exemplo, sete festas de Natal antecipadas para reunir os irm\u00e3os. Os adultos passaram tamb\u00e9m a ter uma rela\u00e7\u00e3o fraterna. \u201cHoje, as outras m\u00e3es s\u00e3o como minhas irm\u00e3s\u201d, afirma Denise Mazzuchelli, que \u00e9 psic\u00f3loga e tem 39 anos de idade. Foi com ela e com o marido Alison que ficaram duas das crian\u00e7as.<\/p>\n<p>A mais velha tinha nove anos (hoje tem 16), e o mais novo, perto dos tr\u00eas anos (prestes a comemorar os 10). \u201cFoi uma mudan\u00e7a muito grande para eles e para n\u00f3s tamb\u00e9m. \u00c9ramos eu e meu marido e, de repente, a gente tinha dois filhos com idades distantes. Fomos nos conhecendo e foi uma conquista m\u00fatua\u201d, diz Denise. Diante da novidade, a m\u00e3e entende que a adapta\u00e7\u00e3o \u00e0 nova vida foi \u201cmuito boa\u201d.<\/p>\n<p>\u201cAcho que a gente deu muita sorte tamb\u00e9m em rela\u00e7\u00e3o \u00e0s outras fam\u00edlias que adotaram. Embora sejamos diferentes, temos valores primordiais muito semelhantes. S\u00e3o pessoas que realmente entraram na minha vida e que eu n\u00e3o quero jamais que saiam. Hoje s\u00e3o minha fam\u00edlia\u201d, garante Denise.<\/p>\n<p>Ela enfatiza que os pretendentes \u00e0 ado\u00e7\u00e3o devem ter preparo psicol\u00f3gico adequado. O desejo deles por adotar surgiu porque Denise atuava como psic\u00f3loga volunt\u00e1ria no grupo de apoio \u00e0 ado\u00e7\u00e3o Aconchego. Ao conhecer outras hist\u00f3rias, pensou com o marido que adotar faria parte da vida deles. Depois, tiveram uma terceira filha biol\u00f3gica. \u201cO processo de ado\u00e7\u00e3o, eu entendo, n\u00e3o deve durar menos do que uma gesta\u00e7\u00e3o porque necessita que a crian\u00e7a tenha o melhor acolhimento poss\u00edvel\u201d.<\/p>\n<p><strong>Dist\u00e2ncia curta<\/strong><br \/>\nUm baque na vida de Denise foi quando o pai, no ano passado adoeceu e morreu, h\u00e1 dois meses. Isso fez com que o n\u00facleo dela mudasse, ao menos temporariamente, para Uberl\u00e2ndia (MG), a pouco mais de 400 quil\u00f4metros de Bras\u00edlia. \u201cMas estamos todos t\u00e3o ligados que as outras fam\u00edlias com os irm\u00e3os biol\u00f3gicos dos meus filhos v\u00eam para c\u00e1 com frequ\u00eancia. N\u00e3o estamos t\u00e3o pr\u00f3ximos quanto antes, na mesma cidade\u201d.<\/p>\n<p>Para tomar essa decis\u00e3o de mudar, foi preciso conversar muito com as outras m\u00e3es e crian\u00e7as. \u201cE todos me deram apoio. Somos uma fam\u00edlia\u201d. Em Minas Gerais, atua tamb\u00e9m como psic\u00f3loga volunt\u00e1ria em outra organiza\u00e7\u00e3o n\u00e3o governamental (a ONG Pontos de Amor).<\/p>\n<p><strong>Plano antigo<\/strong><br \/>\nComo uma \u201cirm\u00e3\u201d de Denise, Bianca Tinoco, de 44 anos, que \u00e9 servidora p\u00fablica, recorda que ela e o marido L\u00facio tinham o plano antigo de serem pais. Entraram na fila da ado\u00e7\u00e3o, e o grupo de apoio com encontros mensais de acolhimento foi fundamental para que se conscientizassem e se fortalecessem, inclusive em rela\u00e7\u00e3o \u00e0 ideia de adotar uma crian\u00e7a mais velha.<\/p>\n<p>\u201cMinha filha tinha sete anos. Hoje tem 14. Desde ent\u00e3o, somos essa fam\u00edlia que tinha 12 pessoas e agora tem 13. Hoje \u00e9 muito tranquilo. N\u00f3s temos conex\u00e3o\u201d. Essa identifica\u00e7\u00e3o se deu durante todo o per\u00edodo de conviv\u00eancia anterior, por v\u00eddeos. \u201cFal\u00e1vamos do nosso modo de vida, da nossa casa. Era realmente para se apresentar a crian\u00e7a tentando n\u00e3o gerar tanta expectativa\u201d. O casal tamb\u00e9m tem um filho biol\u00f3gico, dois anos mais novo.<\/p>\n<p>Denise lembrou que, depois, foram autorizados a mandar alguns presentes e as crian\u00e7as se prepararam para encontrar os pais. \u201cFoi um per\u00edodo bacana e tamb\u00e9m de muita ansiedade durante um m\u00eas\u201d. No dia 13 de maio, em que houve a autoriza\u00e7\u00e3o da guarda provis\u00f3ria, os tr\u00eas casais foram buscar os filhos. \u201cFoi um encontro de encantamento. A gente brinca, eu e meu marido, que ganhamos uma fam\u00edlia de 13 pessoas\u201d. Aprenderam a exercer o papel de educa\u00e7\u00e3o, orientar e chamar aten\u00e7\u00e3o sem constrangimentos. A garota gosta de estudar e de esportes.<\/p>\n<p>\u201cA gente acredita que a ado\u00e7\u00e3o vem antes da filia\u00e7\u00e3o. O filho adotivo n\u00e3o tem nada diferente de um filho biol\u00f3gico\u201d, afirma o pai L\u00facio Pereira, de 44 anos, que \u00e9 jornalista. Ele entende que a maternidade e a paternidade n\u00e3o devem ser idealizadas e, por isso, \u00e9 t\u00e3o importante um grupo de apoio para os pretendentes \u00e0 ado\u00e7\u00e3o.<\/p>\n<p>A forma como ocorreu a ado\u00e7\u00e3o da filha dele, que gerou uma rela\u00e7\u00e3o mais pr\u00f3xima com outras fam\u00edlias, foi poss\u00edvel gra\u00e7as a um sentimento de fraternidade entre eles. Entre os filhos, afirma, foram sendo fortalecidos, passo a passo, confian\u00e7a, carinho e respeito.<\/p>\n<p>A professora Lilian Ribeiro, 41 anos, e o marido Normando, de 50, s\u00e3o o outro casal dessa parceria de tr\u00eas fam\u00edlias. \u201cTemos uma rela\u00e7\u00e3o de muita resili\u00eancia, muita partilha entre n\u00f3s, os pais, de aprendizado e amor\u201d, diz a m\u00e3e. A chegada da filha foi um presente para eles. \u201cMas, al\u00e9m dela, trouxe pra gente tamb\u00e9m uma grande fam\u00edlia. Eu sempre fui muito unida com os meus irm\u00e3os e queria muito que a minha filha n\u00e3o fosse privada do conv\u00edvio com os irm\u00e3os biol\u00f3gicos\u201d. A garota tem um irm\u00e3o tamb\u00e9m adolescente dentro de casa. E essa rela\u00e7\u00e3o de amor \u00e9 uma novidade para a filha.<\/p>\n<p>A m\u00e3e recorda que foi tamb\u00e9m, aos poucos, que a menina foi se sentindo mais segura e se soltando. Foi entendendo que aquela ali era a casa dela e que n\u00e3o ficaria mais sozinha. \u201cEu lembro que, uma vez, ela ficou com gripe e eu cuidando dela. Ela falou assim: \u2018mam\u00e3e, eu nunca fiquei assim\u2019\u201d. A m\u00e3e se surpreendeu: \u201cComo assim, nunca ficou doente?<\/p>\n<p>A menina respondeu: \u201cj\u00e1 fiquei doente v\u00e1rias vezes, mas nunca fiquei assim e algu\u00e9m cuidando de mim\u2019\u201d.<\/p>\n<p><strong>Estrutura de fam\u00edlia<\/strong><br \/>\nA psic\u00f3loga Soraya Pereira, presidente da Aconchego, que apoiou a decis\u00e3o pela ado\u00e7\u00e3o de irm\u00e3os consangu\u00edneos, defende que o primeiro passo do grupo de apoio foi trabalhar a estrutura familiar desses adultos para garantir o sentido de pertencimento \u00e0s crian\u00e7as.<\/p>\n<p>\u201cAo mesmo tempo, trabalhamos com as crian\u00e7as mostrando que elas precisam confiar, que elas se t\u00eam e que n\u00e3o v\u00e3o se afastar. Elas sabem que pertencem a uma grande fam\u00edlia\u201d.<\/p>\n<p>Segundo a psic\u00f3loga, \u00e9 necess\u00e1rio explicar aos pais que eles passam a ter papel di\u00e1rio e que decis\u00f5es e exemplos acontecem na intimidade de casa. \u201cEsse amor \u00e9 constru\u00eddo. Essa ideia de que voc\u00ea olha e j\u00e1 come\u00e7a a amar \u00e9 mentira. Essa constru\u00e7\u00e3o, muitas vezes, n\u00e3o ocorre de imediato e demora um pouco para acontecer \u201c. Por isso, o adulto precisa estar muito bem amparado.<\/p>\n<p>Em entrevista \u00e0 <em>Ag\u00eancia Brasil<\/em>, a professora de direito Samantha Dufner, que \u00e9 pesquisadora do tema e autora do livro Fam\u00edlias multifacetadas, lan\u00e7ado recentemente, aponta que o Estatuto da Crian\u00e7a e do Adolescente tem um dispositivo que recomenda a ado\u00e7\u00e3o de irm\u00e3os em conjunto.<\/p>\n<p>No entanto, considera que, em casos assim, \u00e9 dif\u00edcil que uma fam\u00edlia tenha estrutura para receber quatro pessoas de uma vez. \u201cNesse caso, por exemplo, \u00e9 perfeitamente poss\u00edvel que a ado\u00e7\u00e3o tenha sido ajustada para que esse elo afetivo n\u00e3o seja perdido. Dentro da realidade brasileira, vejo com muito bons olhos que eles tenham sido adotadas dessa maneira. O foco tem que ser a crian\u00e7a\u201d.<\/p>\n<p><strong>Novidade<\/strong><br \/>\nA professora Lilian Ribeiro, 41 anos, e o marido Normando, de 50, s\u00e3o o outro casal dessa parceria de tr\u00eas fam\u00edlias. \u201cN\u00f3s temos uma rela\u00e7\u00e3o de muita resili\u00eancia, de muita partilha entre n\u00f3s, os pais, de aprendizado e de amor\u201d, diz a m\u00e3e. A chegada da filha foi como um presente para eles. \u201cMas, al\u00e9m dela, trouxe pra gente tamb\u00e9m uma grande fam\u00edlia. Eu sempre fui muito unida com os meus irm\u00e3os e eu queria muito que a minha filha n\u00e3o fosse privada do conv\u00edvio com os irm\u00e3os biol\u00f3gicos\u201d. A garota tem um irm\u00e3o tamb\u00e9m adolescente dentro de casa. E essa rela\u00e7\u00e3o de amor \u00e9 uma novidade para a filha.<\/p>\n<p>A m\u00e3e recorda que, aos poucos, a menina foi se sentindo mais segura e se soltando. Foi entendendo que aquela ali era a casa dela e que n\u00e3o ficaria mais sozinha. \u201cEu lembro que, uma vez, ela ficou com gripe e eu cuidando dela. Ela falou assim: \u2018mam\u00e3e eu nunca fiquei assim\u2019\u201d. A m\u00e3e se surpreendeu: \u201cComo assim, nunca ficou doente? A menina respondeu: \u201cJ\u00e1 fiquei doente v\u00e1rias vezes, mas nunca fiquei assim e algu\u00e9m cuidando de mim\u2019\u201d.<\/p>\n<p><strong>Estrutura de fam\u00edlia<\/strong><br \/>\nA psic\u00f3loga Soraya Pereira, presidente da Aconchego, que apoiou a decis\u00e3o das fam\u00edlias pela ado\u00e7\u00e3o de irm\u00e3os consangu\u00edneos, defende que o primeiro passo do grupo de apoio foi trabalhar a estrutura familiar desses adultos para garantir o sentido de pertencimento \u00e0s crian\u00e7as.<\/p>\n<p>\u201cAo mesmo tempo, trabalhamos com as crian\u00e7as mostrando que precisam confiar, que elas se t\u00eam e que n\u00e3o v\u00e3o se afastar. Essas crian\u00e7as sabem que pertencem a uma grande fam\u00edlia\u201d.<\/p>\n<p>De acordo com a psic\u00f3loga, \u00e9 necess\u00e1rio explicar aos pais que eles passam a ter papel di\u00e1rio e que decis\u00f5es e exemplos acontecem na intimidade de casa. \u201cEsse amor \u00e9 constru\u00eddo. Essa ideia de que voc\u00ea olha e j\u00e1 come\u00e7a a amar \u00e9 mentira. Essa constru\u00e7\u00e3o, muitas vezes, n\u00e3o ocorre de imediato e demora um pouco\u201c. Por isso, o adulto precisa estar muito bem amparado.<\/p>\n<p><strong>Preconceito<\/strong><br \/>\nO casal de advogados Karina Berardo, de 45 anos, e Hugo Teles, de 44, adotaram dois filhos, o primeiro, um menino (hoje com 13 anos), e depois uma menina (atualmente com 12). O casal estava na fila e continuou para ter a segunda filha.<\/p>\n<p>A partir da experi\u00eancia da ado\u00e7\u00e3o, tornaram-se ativistas nesse tema e atuam como volunt\u00e1rios no grupo de apoio Aconchego. \u201cOs grupos de apoio trabalham antes, durante e depois da ado\u00e7\u00e3o. Da situa\u00e7\u00e3o de pretendente a quem j\u00e1 tem a guarda, h\u00e1 cursos e reuni\u00f5es de orienta\u00e7\u00e3o\u201d, afirma a m\u00e3e.<\/p>\n<p>Outra luta do casal, al\u00e9m do processos de ado\u00e7\u00e3o, \u00e9 o combate ao racismo. \u201cN\u00e3o d\u00e1 para a gente fingir que n\u00e3o existe\u201d, diz Karina, que se revolta ao verificar situa\u00e7\u00f5es relacionadas aos filhos.<\/p>\n<p>Ela conta que as crian\u00e7as j\u00e1 foram alvo desse tipo de crime em espa\u00e7os que v\u00e3o do condom\u00ednio \u00e0 escola. Para sanar quest\u00f5es de representatividade, que n\u00e3o eram contempladas no ambiente educacional, os pais passaram a incentivar o conhecimento de personagens e de artistas negras.<\/p>\n<p>Tamb\u00e9m enfrentou o preconceito o arquiteto carioca Ricardo Stumpf, hoje com 72 anos, que mora em Cama\u00e7ari (BA). Depois de quatro filhos biol\u00f3gicos, ele, em um momento em que estava solteiro e de reflex\u00e3o sobre a vida, soube de uma situa\u00e7\u00e3o de vulnerabilidade de uma menina de 9 anos em Vit\u00f3ria da Conquista. Stumpf diz que repensou a pr\u00f3pria vida depois de ter sido v\u00edtima de um sequestro.<\/p>\n<p>\u201cFoi depois disso que resolvi adot\u00e1-la\u201d. Foi a descoberta de uma amizade de pai e filha. Em um per\u00edodo em que residiu em Bras\u00edlia, afirma que presenciou epis\u00f3dio de racismo contra ela. Pediu demiss\u00e3o de um emprego e se mudou para a Bahia. Hoje, aquela menina \u00e9 t\u00e9cnica de enfermagem e atua na sa\u00fade p\u00fablica da cidade de Rio de Contas (BA). \u201cFa\u00e7o faculdade de enfermagem. Pelo que meu pai me ensinou, penso sempre que um dia vou poder cuidar dele tamb\u00e9m com minha profiss\u00e3o\u201d.<\/p>\n<p>Ricardo hoje tem mais motivos de felicidade e se sente rejuvenescido. Ele \u00e9 casado, desde 2014, com Adriano, que \u00e9 contador. O companheiro j\u00e1 havia manifestado o desejo de ter filho. Ricardo teve d\u00favidas se teria a mesma energia quando j\u00e1 havia passado dos 60 anos. Eles entraram na fila de ado\u00e7\u00e3o para adotar duas crian\u00e7as, mais precisamente dois irm\u00e3os, que estavam em situa\u00e7\u00e3o de vulnerabilidade em um abrigo na cidade de Ilh\u00e9us.<\/p>\n<p>A orienta\u00e7\u00e3o da Justi\u00e7a seria que a ado\u00e7\u00e3o deveria ser dos dois. Isso ocorreu em 2017. O mais velho tinha quatro anos de idade. O mais novo, um ano e meio.<\/p>\n<p>\u201cEu me questionei: ser\u00e1 que tenho condi\u00e7\u00f5es de criar essa crian\u00e7a? Eles vieram quando eu tinha 66 anos. E vi que consigo fazer tudo. Me deu mais um sentido de vida e me sinto mais disposto por causa dela\u201d. Considerando a idade e a experi\u00eancia de vida, o arquiteto descobriu que o amor era mesmo imposs\u00edvel de ser quantidficado.<\/p>\n","protected":false},"excerpt":{"rendered":"<p>Primeiro, poderia parecer uma divis\u00e3o. Quatro crian\u00e7as, irm\u00e3os consangu\u00edneos, que viviam em um mesmo abrigo na cidade de Patos (MG), souberam que seriam adotados por tr\u00eas fam\u00edlias diferentes de Bras\u00edlia. O que parecia divis\u00e3o, na verdade, era uma multiplica\u00e7\u00e3o. Os tr\u00eas casais se prepararam, refletiram e aprenderam que, para adotar, o fundamental era pensar nas [&hellip;]<\/p>\n","protected":false},"author":2,"featured_media":305606,"comment_status":"closed","ping_status":"closed","sticky":false,"template":"","format":"standard","meta":{"_acf_changed":false,"footnotes":""},"categories":[161],"tags":[],"class_list":["post-305605","post","type-post","status-publish","format-standard","has-post-thumbnail","hentry","category-quadradinho-em-foco"],"acf":[],"yoast_head":"<!-- This site is optimized with the Yoast SEO plugin v27.2 - https:\/\/yoast.com\/product\/yoast-seo-wordpress\/ -->\n<title>Fam\u00edlias encontram caminhos para adotar irm\u00e3os biol\u00f3gicos - Notibras<\/title>\n<meta name=\"robots\" content=\"index, follow, max-snippet:-1, max-image-preview:large, max-video-preview:-1\" \/>\n<link rel=\"canonical\" href=\"https:\/\/www.notibras.com\/site\/familias-encontram-caminhos-para-adotar-irmaos-biologicos\/\" \/>\n<meta property=\"og:locale\" content=\"pt_BR\" \/>\n<meta property=\"og:type\" content=\"article\" \/>\n<meta property=\"og:title\" content=\"Fam\u00edlias encontram caminhos para adotar irm\u00e3os biol\u00f3gicos - Notibras\" \/>\n<meta property=\"og:description\" content=\"Primeiro, poderia parecer uma divis\u00e3o. Quatro crian\u00e7as, irm\u00e3os consangu\u00edneos, que viviam em um mesmo abrigo na cidade de Patos (MG), souberam que seriam adotados por tr\u00eas fam\u00edlias diferentes de Bras\u00edlia. O que parecia divis\u00e3o, na verdade, era uma multiplica\u00e7\u00e3o. Os tr\u00eas casais se prepararam, refletiram e aprenderam que, para adotar, o fundamental era pensar nas [&hellip;]\" \/>\n<meta property=\"og:url\" content=\"https:\/\/www.notibras.com\/site\/familias-encontram-caminhos-para-adotar-irmaos-biologicos\/\" \/>\n<meta property=\"og:site_name\" content=\"Notibras\" \/>\n<meta property=\"article:publisher\" content=\"https:\/\/www.facebook.com\/notibras\/\" \/>\n<meta property=\"article:published_time\" content=\"2023-05-25T10:25:18+00:00\" \/>\n<meta property=\"article:modified_time\" content=\"2023-05-25T12:31:30+00:00\" \/>\n<meta property=\"og:image\" content=\"https:\/\/www.notibras.com\/site\/wp-content\/uploads\/2023\/05\/foto_9_-_familia_do_ricardo.jpeg\" \/>\n\t<meta property=\"og:image:width\" content=\"1170\" \/>\n\t<meta property=\"og:image:height\" content=\"700\" \/>\n\t<meta property=\"og:image:type\" content=\"image\/jpeg\" \/>\n<meta name=\"author\" content=\"Reda\u00e7\u00e3o\" \/>\n<meta name=\"twitter:card\" content=\"summary_large_image\" \/>\n<meta name=\"twitter:creator\" content=\"@Notibras\" \/>\n<meta name=\"twitter:site\" content=\"@Notibras\" \/>\n<meta name=\"twitter:label1\" content=\"Escrito por\" \/>\n\t<meta name=\"twitter:data1\" content=\"Reda\u00e7\u00e3o\" \/>\n\t<meta name=\"twitter:label2\" content=\"Est. tempo de leitura\" \/>\n\t<meta name=\"twitter:data2\" content=\"12 minutos\" \/>\n<script type=\"application\/ld+json\" class=\"yoast-schema-graph\">{\"@context\":\"https:\/\/schema.org\",\"@graph\":[{\"@type\":\"Article\",\"@id\":\"https:\/\/www.notibras.com\/site\/familias-encontram-caminhos-para-adotar-irmaos-biologicos\/#article\",\"isPartOf\":{\"@id\":\"https:\/\/www.notibras.com\/site\/familias-encontram-caminhos-para-adotar-irmaos-biologicos\/\"},\"author\":{\"name\":\"Reda\u00e7\u00e3o\",\"@id\":\"https:\/\/www.notibras.com\/site\/#\/schema\/person\/36ab0979449956132d3e5b517ea76ac8\"},\"headline\":\"Fam\u00edlias encontram caminhos para adotar irm\u00e3os biol\u00f3gicos\",\"datePublished\":\"2023-05-25T10:25:18+00:00\",\"dateModified\":\"2023-05-25T12:31:30+00:00\",\"mainEntityOfPage\":{\"@id\":\"https:\/\/www.notibras.com\/site\/familias-encontram-caminhos-para-adotar-irmaos-biologicos\/\"},\"wordCount\":2394,\"publisher\":{\"@id\":\"https:\/\/www.notibras.com\/site\/#organization\"},\"image\":{\"@id\":\"https:\/\/www.notibras.com\/site\/familias-encontram-caminhos-para-adotar-irmaos-biologicos\/#primaryimage\"},\"thumbnailUrl\":\"https:\/\/www.notibras.com\/site\/wp-content\/uploads\/2023\/05\/foto_9_-_familia_do_ricardo.jpeg\",\"articleSection\":[\"Quadradinho em Foco\"],\"inLanguage\":\"pt-BR\"},{\"@type\":\"WebPage\",\"@id\":\"https:\/\/www.notibras.com\/site\/familias-encontram-caminhos-para-adotar-irmaos-biologicos\/\",\"url\":\"https:\/\/www.notibras.com\/site\/familias-encontram-caminhos-para-adotar-irmaos-biologicos\/\",\"name\":\"Fam\u00edlias encontram caminhos para adotar irm\u00e3os biol\u00f3gicos - Notibras\",\"isPartOf\":{\"@id\":\"https:\/\/www.notibras.com\/site\/#website\"},\"primaryImageOfPage\":{\"@id\":\"https:\/\/www.notibras.com\/site\/familias-encontram-caminhos-para-adotar-irmaos-biologicos\/#primaryimage\"},\"image\":{\"@id\":\"https:\/\/www.notibras.com\/site\/familias-encontram-caminhos-para-adotar-irmaos-biologicos\/#primaryimage\"},\"thumbnailUrl\":\"https:\/\/www.notibras.com\/site\/wp-content\/uploads\/2023\/05\/foto_9_-_familia_do_ricardo.jpeg\",\"datePublished\":\"2023-05-25T10:25:18+00:00\",\"dateModified\":\"2023-05-25T12:31:30+00:00\",\"breadcrumb\":{\"@id\":\"https:\/\/www.notibras.com\/site\/familias-encontram-caminhos-para-adotar-irmaos-biologicos\/#breadcrumb\"},\"inLanguage\":\"pt-BR\",\"potentialAction\":[{\"@type\":\"ReadAction\",\"target\":[\"https:\/\/www.notibras.com\/site\/familias-encontram-caminhos-para-adotar-irmaos-biologicos\/\"]}]},{\"@type\":\"ImageObject\",\"inLanguage\":\"pt-BR\",\"@id\":\"https:\/\/www.notibras.com\/site\/familias-encontram-caminhos-para-adotar-irmaos-biologicos\/#primaryimage\",\"url\":\"https:\/\/www.notibras.com\/site\/wp-content\/uploads\/2023\/05\/foto_9_-_familia_do_ricardo.jpeg\",\"contentUrl\":\"https:\/\/www.notibras.com\/site\/wp-content\/uploads\/2023\/05\/foto_9_-_familia_do_ricardo.jpeg\",\"width\":1170,\"height\":700,\"caption\":\"Bras\u00edlia (DF) - Dia Nacional da Ado\u00e7\u00e3o, comemorado hoje. - Fam\u00edlias encontram caminhos para adotar irm\u00e3os biol\u00f3gicos. - Fam\u00edlia do Ricardo - Foto: Arquivo Pessoal\"},{\"@type\":\"BreadcrumbList\",\"@id\":\"https:\/\/www.notibras.com\/site\/familias-encontram-caminhos-para-adotar-irmaos-biologicos\/#breadcrumb\",\"itemListElement\":[{\"@type\":\"ListItem\",\"position\":1,\"name\":\"In\u00edcio\",\"item\":\"https:\/\/www.notibras.com\/site\/\"},{\"@type\":\"ListItem\",\"position\":2,\"name\":\"Fam\u00edlias encontram caminhos para adotar irm\u00e3os biol\u00f3gicos\"}]},{\"@type\":\"WebSite\",\"@id\":\"https:\/\/www.notibras.com\/site\/#website\",\"url\":\"https:\/\/www.notibras.com\/site\/\",\"name\":\"Notibras\",\"description\":\"Not\u00edcias de Bras\u00edlia, do Brasil e do Mundo\",\"publisher\":{\"@id\":\"https:\/\/www.notibras.com\/site\/#organization\"},\"potentialAction\":[{\"@type\":\"SearchAction\",\"target\":{\"@type\":\"EntryPoint\",\"urlTemplate\":\"https:\/\/www.notibras.com\/site\/?s={search_term_string}\"},\"query-input\":{\"@type\":\"PropertyValueSpecification\",\"valueRequired\":true,\"valueName\":\"search_term_string\"}}],\"inLanguage\":\"pt-BR\"},{\"@type\":\"Organization\",\"@id\":\"https:\/\/www.notibras.com\/site\/#organization\",\"name\":\"Grupo Notibras de Comunica\u00e7\u00e3o\",\"url\":\"https:\/\/www.notibras.com\/site\/\",\"logo\":{\"@type\":\"ImageObject\",\"inLanguage\":\"pt-BR\",\"@id\":\"https:\/\/www.notibras.com\/site\/#\/schema\/logo\/image\/\",\"url\":\"https:\/\/www.notibras.com\/site\/wp-content\/uploads\/2023\/01\/notibras23.png\",\"contentUrl\":\"https:\/\/www.notibras.com\/site\/wp-content\/uploads\/2023\/01\/notibras23.png\",\"width\":350,\"height\":87,\"caption\":\"Grupo Notibras de Comunica\u00e7\u00e3o\"},\"image\":{\"@id\":\"https:\/\/www.notibras.com\/site\/#\/schema\/logo\/image\/\"},\"sameAs\":[\"https:\/\/www.facebook.com\/notibras\/\",\"https:\/\/x.com\/Notibras\",\"https:\/\/www.instagram.com\/notibras\/\"]},{\"@type\":\"Person\",\"@id\":\"https:\/\/www.notibras.com\/site\/#\/schema\/person\/36ab0979449956132d3e5b517ea76ac8\",\"name\":\"Reda\u00e7\u00e3o\",\"image\":{\"@type\":\"ImageObject\",\"inLanguage\":\"pt-BR\",\"@id\":\"https:\/\/secure.gravatar.com\/avatar\/e0a867bdedb85fd243eadf09663511f96fc81e0720a4a42581f334ad4303aa6b?s=96&d=mm&r=g\",\"url\":\"https:\/\/secure.gravatar.com\/avatar\/e0a867bdedb85fd243eadf09663511f96fc81e0720a4a42581f334ad4303aa6b?s=96&d=mm&r=g\",\"contentUrl\":\"https:\/\/secure.gravatar.com\/avatar\/e0a867bdedb85fd243eadf09663511f96fc81e0720a4a42581f334ad4303aa6b?s=96&d=mm&r=g\",\"caption\":\"Reda\u00e7\u00e3o\"}}]}<\/script>\n<!-- \/ Yoast SEO plugin. -->","yoast_head_json":{"title":"Fam\u00edlias encontram caminhos para adotar irm\u00e3os biol\u00f3gicos - Notibras","robots":{"index":"index","follow":"follow","max-snippet":"max-snippet:-1","max-image-preview":"max-image-preview:large","max-video-preview":"max-video-preview:-1"},"canonical":"https:\/\/www.notibras.com\/site\/familias-encontram-caminhos-para-adotar-irmaos-biologicos\/","og_locale":"pt_BR","og_type":"article","og_title":"Fam\u00edlias encontram caminhos para adotar irm\u00e3os biol\u00f3gicos - Notibras","og_description":"Primeiro, poderia parecer uma divis\u00e3o. Quatro crian\u00e7as, irm\u00e3os consangu\u00edneos, que viviam em um mesmo abrigo na cidade de Patos (MG), souberam que seriam adotados por tr\u00eas fam\u00edlias diferentes de Bras\u00edlia. O que parecia divis\u00e3o, na verdade, era uma multiplica\u00e7\u00e3o. Os tr\u00eas casais se prepararam, refletiram e aprenderam que, para adotar, o fundamental era pensar nas [&hellip;]","og_url":"https:\/\/www.notibras.com\/site\/familias-encontram-caminhos-para-adotar-irmaos-biologicos\/","og_site_name":"Notibras","article_publisher":"https:\/\/www.facebook.com\/notibras\/","article_published_time":"2023-05-25T10:25:18+00:00","article_modified_time":"2023-05-25T12:31:30+00:00","og_image":[{"width":1170,"height":700,"url":"https:\/\/www.notibras.com\/site\/wp-content\/uploads\/2023\/05\/foto_9_-_familia_do_ricardo.jpeg","type":"image\/jpeg"}],"author":"Reda\u00e7\u00e3o","twitter_card":"summary_large_image","twitter_creator":"@Notibras","twitter_site":"@Notibras","twitter_misc":{"Escrito por":"Reda\u00e7\u00e3o","Est. tempo de leitura":"12 minutos"},"schema":{"@context":"https:\/\/schema.org","@graph":[{"@type":"Article","@id":"https:\/\/www.notibras.com\/site\/familias-encontram-caminhos-para-adotar-irmaos-biologicos\/#article","isPartOf":{"@id":"https:\/\/www.notibras.com\/site\/familias-encontram-caminhos-para-adotar-irmaos-biologicos\/"},"author":{"name":"Reda\u00e7\u00e3o","@id":"https:\/\/www.notibras.com\/site\/#\/schema\/person\/36ab0979449956132d3e5b517ea76ac8"},"headline":"Fam\u00edlias encontram caminhos para adotar irm\u00e3os biol\u00f3gicos","datePublished":"2023-05-25T10:25:18+00:00","dateModified":"2023-05-25T12:31:30+00:00","mainEntityOfPage":{"@id":"https:\/\/www.notibras.com\/site\/familias-encontram-caminhos-para-adotar-irmaos-biologicos\/"},"wordCount":2394,"publisher":{"@id":"https:\/\/www.notibras.com\/site\/#organization"},"image":{"@id":"https:\/\/www.notibras.com\/site\/familias-encontram-caminhos-para-adotar-irmaos-biologicos\/#primaryimage"},"thumbnailUrl":"https:\/\/www.notibras.com\/site\/wp-content\/uploads\/2023\/05\/foto_9_-_familia_do_ricardo.jpeg","articleSection":["Quadradinho em Foco"],"inLanguage":"pt-BR"},{"@type":"WebPage","@id":"https:\/\/www.notibras.com\/site\/familias-encontram-caminhos-para-adotar-irmaos-biologicos\/","url":"https:\/\/www.notibras.com\/site\/familias-encontram-caminhos-para-adotar-irmaos-biologicos\/","name":"Fam\u00edlias encontram caminhos para adotar irm\u00e3os biol\u00f3gicos - Notibras","isPartOf":{"@id":"https:\/\/www.notibras.com\/site\/#website"},"primaryImageOfPage":{"@id":"https:\/\/www.notibras.com\/site\/familias-encontram-caminhos-para-adotar-irmaos-biologicos\/#primaryimage"},"image":{"@id":"https:\/\/www.notibras.com\/site\/familias-encontram-caminhos-para-adotar-irmaos-biologicos\/#primaryimage"},"thumbnailUrl":"https:\/\/www.notibras.com\/site\/wp-content\/uploads\/2023\/05\/foto_9_-_familia_do_ricardo.jpeg","datePublished":"2023-05-25T10:25:18+00:00","dateModified":"2023-05-25T12:31:30+00:00","breadcrumb":{"@id":"https:\/\/www.notibras.com\/site\/familias-encontram-caminhos-para-adotar-irmaos-biologicos\/#breadcrumb"},"inLanguage":"pt-BR","potentialAction":[{"@type":"ReadAction","target":["https:\/\/www.notibras.com\/site\/familias-encontram-caminhos-para-adotar-irmaos-biologicos\/"]}]},{"@type":"ImageObject","inLanguage":"pt-BR","@id":"https:\/\/www.notibras.com\/site\/familias-encontram-caminhos-para-adotar-irmaos-biologicos\/#primaryimage","url":"https:\/\/www.notibras.com\/site\/wp-content\/uploads\/2023\/05\/foto_9_-_familia_do_ricardo.jpeg","contentUrl":"https:\/\/www.notibras.com\/site\/wp-content\/uploads\/2023\/05\/foto_9_-_familia_do_ricardo.jpeg","width":1170,"height":700,"caption":"Bras\u00edlia (DF) - Dia Nacional da Ado\u00e7\u00e3o, comemorado hoje. - Fam\u00edlias encontram caminhos para adotar irm\u00e3os biol\u00f3gicos. - Fam\u00edlia do Ricardo - Foto: Arquivo Pessoal"},{"@type":"BreadcrumbList","@id":"https:\/\/www.notibras.com\/site\/familias-encontram-caminhos-para-adotar-irmaos-biologicos\/#breadcrumb","itemListElement":[{"@type":"ListItem","position":1,"name":"In\u00edcio","item":"https:\/\/www.notibras.com\/site\/"},{"@type":"ListItem","position":2,"name":"Fam\u00edlias encontram caminhos para adotar irm\u00e3os biol\u00f3gicos"}]},{"@type":"WebSite","@id":"https:\/\/www.notibras.com\/site\/#website","url":"https:\/\/www.notibras.com\/site\/","name":"Notibras","description":"Not\u00edcias de Bras\u00edlia, do Brasil e do Mundo","publisher":{"@id":"https:\/\/www.notibras.com\/site\/#organization"},"potentialAction":[{"@type":"SearchAction","target":{"@type":"EntryPoint","urlTemplate":"https:\/\/www.notibras.com\/site\/?s={search_term_string}"},"query-input":{"@type":"PropertyValueSpecification","valueRequired":true,"valueName":"search_term_string"}}],"inLanguage":"pt-BR"},{"@type":"Organization","@id":"https:\/\/www.notibras.com\/site\/#organization","name":"Grupo Notibras de Comunica\u00e7\u00e3o","url":"https:\/\/www.notibras.com\/site\/","logo":{"@type":"ImageObject","inLanguage":"pt-BR","@id":"https:\/\/www.notibras.com\/site\/#\/schema\/logo\/image\/","url":"https:\/\/www.notibras.com\/site\/wp-content\/uploads\/2023\/01\/notibras23.png","contentUrl":"https:\/\/www.notibras.com\/site\/wp-content\/uploads\/2023\/01\/notibras23.png","width":350,"height":87,"caption":"Grupo Notibras de Comunica\u00e7\u00e3o"},"image":{"@id":"https:\/\/www.notibras.com\/site\/#\/schema\/logo\/image\/"},"sameAs":["https:\/\/www.facebook.com\/notibras\/","https:\/\/x.com\/Notibras","https:\/\/www.instagram.com\/notibras\/"]},{"@type":"Person","@id":"https:\/\/www.notibras.com\/site\/#\/schema\/person\/36ab0979449956132d3e5b517ea76ac8","name":"Reda\u00e7\u00e3o","image":{"@type":"ImageObject","inLanguage":"pt-BR","@id":"https:\/\/secure.gravatar.com\/avatar\/e0a867bdedb85fd243eadf09663511f96fc81e0720a4a42581f334ad4303aa6b?s=96&d=mm&r=g","url":"https:\/\/secure.gravatar.com\/avatar\/e0a867bdedb85fd243eadf09663511f96fc81e0720a4a42581f334ad4303aa6b?s=96&d=mm&r=g","contentUrl":"https:\/\/secure.gravatar.com\/avatar\/e0a867bdedb85fd243eadf09663511f96fc81e0720a4a42581f334ad4303aa6b?s=96&d=mm&r=g","caption":"Reda\u00e7\u00e3o"}}]}},"amp_enabled":true,"_links":{"self":[{"href":"https:\/\/www.notibras.com\/site\/wp-json\/wp\/v2\/posts\/305605","targetHints":{"allow":["GET"]}}],"collection":[{"href":"https:\/\/www.notibras.com\/site\/wp-json\/wp\/v2\/posts"}],"about":[{"href":"https:\/\/www.notibras.com\/site\/wp-json\/wp\/v2\/types\/post"}],"author":[{"embeddable":true,"href":"https:\/\/www.notibras.com\/site\/wp-json\/wp\/v2\/users\/2"}],"replies":[{"embeddable":true,"href":"https:\/\/www.notibras.com\/site\/wp-json\/wp\/v2\/comments?post=305605"}],"version-history":[{"count":1,"href":"https:\/\/www.notibras.com\/site\/wp-json\/wp\/v2\/posts\/305605\/revisions"}],"predecessor-version":[{"id":305607,"href":"https:\/\/www.notibras.com\/site\/wp-json\/wp\/v2\/posts\/305605\/revisions\/305607"}],"wp:featuredmedia":[{"embeddable":true,"href":"https:\/\/www.notibras.com\/site\/wp-json\/wp\/v2\/media\/305606"}],"wp:attachment":[{"href":"https:\/\/www.notibras.com\/site\/wp-json\/wp\/v2\/media?parent=305605"}],"wp:term":[{"taxonomy":"category","embeddable":true,"href":"https:\/\/www.notibras.com\/site\/wp-json\/wp\/v2\/categories?post=305605"},{"taxonomy":"post_tag","embeddable":true,"href":"https:\/\/www.notibras.com\/site\/wp-json\/wp\/v2\/tags?post=305605"}],"curies":[{"name":"wp","href":"https:\/\/api.w.org\/{rel}","templated":true}]}}