{"id":305623,"date":"2023-05-26T03:24:24","date_gmt":"2023-05-26T06:24:24","guid":{"rendered":"https:\/\/www.notibras.com\/site\/?p=305623"},"modified":"2023-05-26T03:24:24","modified_gmt":"2023-05-26T06:24:24","slug":"big-mac-com-sundae-por-r-2590-durante-mequi-fest","status":"publish","type":"post","link":"https:\/\/www.notibras.com\/site\/big-mac-com-sundae-por-r-2590-durante-mequi-fest\/","title":{"rendered":"Big Mac com sundae por R$ 25,90 durante M\u00e9qui Fest"},"content":{"rendered":"<p>Em 28 e 30 de maio s\u00e3o celebrados o Dia da Batata-Frita e o Dia do Hamb\u00farguer, respectivamente, mas para o McDonald\u2019s as comemora\u00e7\u00f5es come\u00e7am muito antes com o M\u00e9qui Fest, festival de ofertas exclusivas que pelo segundo ano vai garantir a combina\u00e7\u00e3o perfeita de hamb\u00farguer de carne 100% bovina, batatinhas com a croc\u00e2ncia perfeita e a sobremesa no precinho at\u00e9 30 de maio!<\/p>\n<p>Para matar a #FomeDeM\u00e9qui, os clientes podem resgatar cupons que est\u00e3o dispon\u00edveis no app do McDonald\u2019s e utilizar em restaurantes participantes de todo o Brasil. Al\u00e9m disso, em uma parceria com a McCain, no per\u00edodo da M\u00e9qui Fest, todos os novos usu\u00e1rios que baixarem e se cadastrarem no app do M\u00e9qui pela primeira vez, ganhar\u00e3o um cupom para resgatar 1 McFritas M\u00e9dia &#8211; confira os restaurantes participantes, validade do cupom e mais detalhes no e regulamento clicando aqui! Veja abaixo todas as ofertas v\u00e1lidas:<\/p>\n<p>\u25cf 1 Cheeseburger + 1 Bebida M\u00e9dia de 500mL (refrigerante Refill ou Dell Valle)por R$ 4,90 (Exclusivo para Drive Tudo, em parceria com o Sem Parar)<\/p>\n<p>\u25cf 1 McOferta M\u00e9dia Cheeseburger por R$ 18,90 (1 Sandu\u00edche, 1 bebida de 500ml &#8211; Refrigerante Refill ou Del Valle &#8211; e 1 McFritas M\u00e9dia)<\/p>\n<p>\u25cf 2 McOfertas M\u00e9dia Big Mac por R$ 51,90 (2 Sandu\u00edche, 2 bebidas de 500ml &#8211; Refrigerante Refill ou Del Valle &#8211; e 2 McFritas M\u00e9dia)<\/p>\n<p>\u25cf 1 McOferta M\u00e9dia Cl\u00e1ssica + Sundae ou Chicken McNuggets 4 unidades por R$ 25,90, em parceria com a Coca-Cola (1 Sandu\u00edche &#8211; Big Mac, Cheddar McMelt, McChicken ou Quarter\u00e3o -, 1 bebida de 500ml &#8211; refrigerante Refill ou Del Valle) e 1 McFritas M\u00e9dia.<\/p>\n<p>\u25cf Chicken McNuggets 8 unidades + Refrigerante Fanta Refill 500ml por R$15,50<\/p>\n<p>\u25cf 2 McFritas Media por R$ 13,50<\/p>\n<p>\u25cf 1 McOferta Big Mac com McFritas Cheddar Bacon por R$ 30,90 (1 Sandu\u00edche, 1 bebida de 500ml &#8211; Refrigerante Refill ou Del Valle &#8211; e 1 McFritas Cheddar Bacon)<\/p>\n<p>\u25cf 1 McFritas M\u00e9dia para novos usu\u00e1rios que baixarem e se cadastrarem no app pela primeira vez.<\/p>\n<p>\u201cO M\u00e9qui Fest \u00e9 uma celebra\u00e7\u00e3o pensada para os nossos consumidores, e nessa nova segunda edi\u00e7\u00e3o quisemos trazer nossas ofertas de uma forma muito mais divertida, lan\u00e7ando nosso pr\u00f3prio festival de ofertas e m\u00fasicas cantando as principais promo\u00e7\u00f5es. Esses momentos s\u00e3o oportunidades para entrarmos em conversas que nos agregam valor e nos aproximam ainda mais do nosso p\u00fablico. S\u00e3o muitas ofertas para que ningu\u00e9m fique de fora, j\u00e1 que n\u00e3o tem nada melhor para comemorar o m\u00eas do hamb\u00farguer e da batata frita do que com um sandu\u00edche montado na hora, acompanhado pelas nossas McFritas\u201d, explica S\u00e9rgio Eleut\u00e9rio, Diretor de Marketing do McDonald\u2019s no Brasil.<\/p>\n<p>Para complementar, um jogo exclusivo, desenvolvido em parceria com a Overlock, estar\u00e1 dispon\u00edvel dentro do aplicativo. O \u201cPega pega M\u00e9qui Fest\u201d consiste em jogar movimentando um pacote de McFritas para coletar as batatas fritas que forem caindo pela tela e, conforme a quantidade de batatinhas capturadas durante a partida, ser\u00e1 disponibilizado um determinado cupom de desconto. Confira o regulamento aqui.<\/p>\n<p>Os cupons da M\u00e9qui Fest podem ser aproveitados em pedidos pelo McDelivery, Drive-Tudo, Pe\u00e7a e Retire ou no pr\u00f3prio restaurante, no balc\u00e3o ou nos totens de autoatendimento, de acordo com a oferta escolhida. Veja todas as informa\u00e7\u00f5es no app do McDonald\u2019s.<\/p>\n<p><strong>Saiba mais sobre os produtos<\/strong><br \/>\nO card\u00e1pio do McDonald\u2019s est\u00e1 sempre em evolu\u00e7\u00e3o e a marca prioriza a origem de seus ingredientes, trabalhando para sempre oferecer produtos de alta qualidade em todas as refei\u00e7\u00f5es servidas. Todos os sandu\u00edches de carne bovina s\u00e3o preparados com carne 100% bovina, sem aditivos ou conservantes, e temperados com apenas um toque de sal e pimenta diretamente na chapa.<\/p>\n<p>J\u00e1 as McFritas contam com uma receita exclusiva e processo de produ\u00e7\u00e3o que vai desde a sele\u00e7\u00e3o das melhores variedades de batatas, at\u00e9 o uso de fritadeiras especiais com tempo e temperatura controlados. A quantidade de sal tamb\u00e9m \u00e9 porcionada com cuidado e nenhum corante ou aromatizante artificial \u00e9 adicionado, tudo para garantir mais croc\u00e2ncia e sabor.<\/p>\n<p>Quer saber mais sobre seus produtos favoritos? Acesse o site https:\/\/mcdonaldsdeportasabertas.com.br\/ ou pe\u00e7a para conhecer nossas cozinhas pelo programa Portas Abertas. E para acompanhar todas as novidades do McDonald\u2019s, acesse o site da marca.<\/p>\n<p><strong>Sobre a Arcos Dorados<\/strong><br \/>\nA Arcos Dorados \u00e9 a maior franquia independente do McDonald\u2019s do mundo e a maior rede de servi\u00e7o r\u00e1pido de alimenta\u00e7\u00e3o da Am\u00e9rica Latina e Caribe. A companhia conta com direitos exclusivos de possuir, operar e conceder franquias locais de restaurantes McDonald\u2019s em 20 pa\u00edses e territ\u00f3rios dessas regi\u00f5es. Atualmente, a rede possui mais de 2.300 restaurantes, entre unidades pr\u00f3prias e de seus franqueados, que juntos empregam mais de 95.000 funcion\u00e1rios (dados de 31\/03\/2023). A empresa tamb\u00e9m utiliza sua plataforma ESG, Receita do Futuro, para impactar positivamente as comunidades onde est\u00e1 presente. A Arcos Dorados est\u00e1 listada na Bolsa de Valores de Nova York (NYSE: ARCO)<\/p>\n","protected":false},"excerpt":{"rendered":"<p>Em 28 e 30 de maio s\u00e3o celebrados o Dia da Batata-Frita e o Dia do Hamb\u00farguer, respectivamente, mas para o McDonald\u2019s as comemora\u00e7\u00f5es come\u00e7am muito antes com o M\u00e9qui Fest, festival de ofertas exclusivas que pelo segundo ano vai garantir a combina\u00e7\u00e3o perfeita de hamb\u00farguer de carne 100% bovina, batatinhas com a croc\u00e2ncia perfeita [&hellip;]<\/p>\n","protected":false},"author":2,"featured_media":305624,"comment_status":"closed","ping_status":"closed","sticky":false,"template":"","format":"standard","meta":{"_acf_changed":false,"footnotes":""},"categories":[161],"tags":[],"class_list":["post-305623","post","type-post","status-publish","format-standard","has-post-thumbnail","hentry","category-quadradinho-em-foco"],"acf":[],"yoast_head":"<!-- This site is optimized with the Yoast SEO plugin v27.2 - https:\/\/yoast.com\/product\/yoast-seo-wordpress\/ -->\n<title>Big Mac com sundae por R$ 25,90 durante M\u00e9qui Fest - Notibras<\/title>\n<meta name=\"robots\" content=\"index, follow, max-snippet:-1, max-image-preview:large, max-video-preview:-1\" \/>\n<link rel=\"canonical\" href=\"https:\/\/www.notibras.com\/site\/big-mac-com-sundae-por-r-2590-durante-mequi-fest\/\" \/>\n<meta property=\"og:locale\" content=\"pt_BR\" \/>\n<meta property=\"og:type\" content=\"article\" \/>\n<meta property=\"og:title\" content=\"Big Mac com sundae por R$ 25,90 durante M\u00e9qui Fest - Notibras\" \/>\n<meta property=\"og:description\" content=\"Em 28 e 30 de maio s\u00e3o celebrados o Dia da Batata-Frita e o Dia do Hamb\u00farguer, respectivamente, mas para o McDonald\u2019s as comemora\u00e7\u00f5es come\u00e7am muito antes com o M\u00e9qui Fest, festival de ofertas exclusivas que pelo segundo ano vai garantir a combina\u00e7\u00e3o perfeita de hamb\u00farguer de carne 100% bovina, batatinhas com a croc\u00e2ncia perfeita [&hellip;]\" \/>\n<meta property=\"og:url\" content=\"https:\/\/www.notibras.com\/site\/big-mac-com-sundae-por-r-2590-durante-mequi-fest\/\" \/>\n<meta property=\"og:site_name\" content=\"Notibras\" \/>\n<meta property=\"article:publisher\" content=\"https:\/\/www.facebook.com\/notibras\/\" \/>\n<meta property=\"article:published_time\" content=\"2023-05-26T06:24:24+00:00\" \/>\n<meta property=\"og:image\" content=\"https:\/\/www.notibras.com\/site\/wp-content\/uploads\/2023\/05\/unnamed-9.png\" \/>\n\t<meta property=\"og:image:width\" content=\"1920\" \/>\n\t<meta property=\"og:image:height\" content=\"1080\" \/>\n\t<meta property=\"og:image:type\" content=\"image\/png\" \/>\n<meta name=\"author\" content=\"Reda\u00e7\u00e3o\" \/>\n<meta name=\"twitter:card\" content=\"summary_large_image\" \/>\n<meta name=\"twitter:creator\" content=\"@Notibras\" \/>\n<meta name=\"twitter:site\" content=\"@Notibras\" \/>\n<meta name=\"twitter:label1\" content=\"Escrito por\" \/>\n\t<meta name=\"twitter:data1\" content=\"Reda\u00e7\u00e3o\" \/>\n\t<meta name=\"twitter:label2\" content=\"Est. tempo de leitura\" \/>\n\t<meta name=\"twitter:data2\" content=\"5 minutos\" \/>\n<script type=\"application\/ld+json\" class=\"yoast-schema-graph\">{\"@context\":\"https:\/\/schema.org\",\"@graph\":[{\"@type\":\"Article\",\"@id\":\"https:\/\/www.notibras.com\/site\/big-mac-com-sundae-por-r-2590-durante-mequi-fest\/#article\",\"isPartOf\":{\"@id\":\"https:\/\/www.notibras.com\/site\/big-mac-com-sundae-por-r-2590-durante-mequi-fest\/\"},\"author\":{\"name\":\"Reda\u00e7\u00e3o\",\"@id\":\"https:\/\/www.notibras.com\/site\/#\/schema\/person\/36ab0979449956132d3e5b517ea76ac8\"},\"headline\":\"Big Mac com sundae por R$ 25,90 durante M\u00e9qui Fest\",\"datePublished\":\"2023-05-26T06:24:24+00:00\",\"mainEntityOfPage\":{\"@id\":\"https:\/\/www.notibras.com\/site\/big-mac-com-sundae-por-r-2590-durante-mequi-fest\/\"},\"wordCount\":854,\"publisher\":{\"@id\":\"https:\/\/www.notibras.com\/site\/#organization\"},\"image\":{\"@id\":\"https:\/\/www.notibras.com\/site\/big-mac-com-sundae-por-r-2590-durante-mequi-fest\/#primaryimage\"},\"thumbnailUrl\":\"https:\/\/www.notibras.com\/site\/wp-content\/uploads\/2023\/05\/unnamed-9.png\",\"articleSection\":[\"Quadradinho em Foco\"],\"inLanguage\":\"pt-BR\"},{\"@type\":\"WebPage\",\"@id\":\"https:\/\/www.notibras.com\/site\/big-mac-com-sundae-por-r-2590-durante-mequi-fest\/\",\"url\":\"https:\/\/www.notibras.com\/site\/big-mac-com-sundae-por-r-2590-durante-mequi-fest\/\",\"name\":\"Big Mac com sundae por R$ 25,90 durante M\u00e9qui Fest - Notibras\",\"isPartOf\":{\"@id\":\"https:\/\/www.notibras.com\/site\/#website\"},\"primaryImageOfPage\":{\"@id\":\"https:\/\/www.notibras.com\/site\/big-mac-com-sundae-por-r-2590-durante-mequi-fest\/#primaryimage\"},\"image\":{\"@id\":\"https:\/\/www.notibras.com\/site\/big-mac-com-sundae-por-r-2590-durante-mequi-fest\/#primaryimage\"},\"thumbnailUrl\":\"https:\/\/www.notibras.com\/site\/wp-content\/uploads\/2023\/05\/unnamed-9.png\",\"datePublished\":\"2023-05-26T06:24:24+00:00\",\"breadcrumb\":{\"@id\":\"https:\/\/www.notibras.com\/site\/big-mac-com-sundae-por-r-2590-durante-mequi-fest\/#breadcrumb\"},\"inLanguage\":\"pt-BR\",\"potentialAction\":[{\"@type\":\"ReadAction\",\"target\":[\"https:\/\/www.notibras.com\/site\/big-mac-com-sundae-por-r-2590-durante-mequi-fest\/\"]}]},{\"@type\":\"ImageObject\",\"inLanguage\":\"pt-BR\",\"@id\":\"https:\/\/www.notibras.com\/site\/big-mac-com-sundae-por-r-2590-durante-mequi-fest\/#primaryimage\",\"url\":\"https:\/\/www.notibras.com\/site\/wp-content\/uploads\/2023\/05\/unnamed-9.png\",\"contentUrl\":\"https:\/\/www.notibras.com\/site\/wp-content\/uploads\/2023\/05\/unnamed-9.png\",\"width\":1920,\"height\":1080},{\"@type\":\"BreadcrumbList\",\"@id\":\"https:\/\/www.notibras.com\/site\/big-mac-com-sundae-por-r-2590-durante-mequi-fest\/#breadcrumb\",\"itemListElement\":[{\"@type\":\"ListItem\",\"position\":1,\"name\":\"In\u00edcio\",\"item\":\"https:\/\/www.notibras.com\/site\/\"},{\"@type\":\"ListItem\",\"position\":2,\"name\":\"Big Mac com sundae por R$ 25,90 durante M\u00e9qui Fest\"}]},{\"@type\":\"WebSite\",\"@id\":\"https:\/\/www.notibras.com\/site\/#website\",\"url\":\"https:\/\/www.notibras.com\/site\/\",\"name\":\"Notibras\",\"description\":\"Not\u00edcias de Bras\u00edlia, do Brasil e do Mundo\",\"publisher\":{\"@id\":\"https:\/\/www.notibras.com\/site\/#organization\"},\"potentialAction\":[{\"@type\":\"SearchAction\",\"target\":{\"@type\":\"EntryPoint\",\"urlTemplate\":\"https:\/\/www.notibras.com\/site\/?s={search_term_string}\"},\"query-input\":{\"@type\":\"PropertyValueSpecification\",\"valueRequired\":true,\"valueName\":\"search_term_string\"}}],\"inLanguage\":\"pt-BR\"},{\"@type\":\"Organization\",\"@id\":\"https:\/\/www.notibras.com\/site\/#organization\",\"name\":\"Grupo Notibras de Comunica\u00e7\u00e3o\",\"url\":\"https:\/\/www.notibras.com\/site\/\",\"logo\":{\"@type\":\"ImageObject\",\"inLanguage\":\"pt-BR\",\"@id\":\"https:\/\/www.notibras.com\/site\/#\/schema\/logo\/image\/\",\"url\":\"https:\/\/www.notibras.com\/site\/wp-content\/uploads\/2023\/01\/notibras23.png\",\"contentUrl\":\"https:\/\/www.notibras.com\/site\/wp-content\/uploads\/2023\/01\/notibras23.png\",\"width\":350,\"height\":87,\"caption\":\"Grupo Notibras de Comunica\u00e7\u00e3o\"},\"image\":{\"@id\":\"https:\/\/www.notibras.com\/site\/#\/schema\/logo\/image\/\"},\"sameAs\":[\"https:\/\/www.facebook.com\/notibras\/\",\"https:\/\/x.com\/Notibras\",\"https:\/\/www.instagram.com\/notibras\/\"]},{\"@type\":\"Person\",\"@id\":\"https:\/\/www.notibras.com\/site\/#\/schema\/person\/36ab0979449956132d3e5b517ea76ac8\",\"name\":\"Reda\u00e7\u00e3o\",\"image\":{\"@type\":\"ImageObject\",\"inLanguage\":\"pt-BR\",\"@id\":\"https:\/\/secure.gravatar.com\/avatar\/e0a867bdedb85fd243eadf09663511f96fc81e0720a4a42581f334ad4303aa6b?s=96&d=mm&r=g\",\"url\":\"https:\/\/secure.gravatar.com\/avatar\/e0a867bdedb85fd243eadf09663511f96fc81e0720a4a42581f334ad4303aa6b?s=96&d=mm&r=g\",\"contentUrl\":\"https:\/\/secure.gravatar.com\/avatar\/e0a867bdedb85fd243eadf09663511f96fc81e0720a4a42581f334ad4303aa6b?s=96&d=mm&r=g\",\"caption\":\"Reda\u00e7\u00e3o\"}}]}<\/script>\n<!-- \/ Yoast SEO plugin. -->","yoast_head_json":{"title":"Big Mac com sundae por R$ 25,90 durante M\u00e9qui Fest - Notibras","robots":{"index":"index","follow":"follow","max-snippet":"max-snippet:-1","max-image-preview":"max-image-preview:large","max-video-preview":"max-video-preview:-1"},"canonical":"https:\/\/www.notibras.com\/site\/big-mac-com-sundae-por-r-2590-durante-mequi-fest\/","og_locale":"pt_BR","og_type":"article","og_title":"Big Mac com sundae por R$ 25,90 durante M\u00e9qui Fest - Notibras","og_description":"Em 28 e 30 de maio s\u00e3o celebrados o Dia da Batata-Frita e o Dia do Hamb\u00farguer, respectivamente, mas para o McDonald\u2019s as comemora\u00e7\u00f5es come\u00e7am muito antes com o M\u00e9qui Fest, festival de ofertas exclusivas que pelo segundo ano vai garantir a combina\u00e7\u00e3o perfeita de hamb\u00farguer de carne 100% bovina, batatinhas com a croc\u00e2ncia perfeita [&hellip;]","og_url":"https:\/\/www.notibras.com\/site\/big-mac-com-sundae-por-r-2590-durante-mequi-fest\/","og_site_name":"Notibras","article_publisher":"https:\/\/www.facebook.com\/notibras\/","article_published_time":"2023-05-26T06:24:24+00:00","og_image":[{"width":1920,"height":1080,"url":"https:\/\/www.notibras.com\/site\/wp-content\/uploads\/2023\/05\/unnamed-9.png","type":"image\/png"}],"author":"Reda\u00e7\u00e3o","twitter_card":"summary_large_image","twitter_creator":"@Notibras","twitter_site":"@Notibras","twitter_misc":{"Escrito por":"Reda\u00e7\u00e3o","Est. tempo de leitura":"5 minutos"},"schema":{"@context":"https:\/\/schema.org","@graph":[{"@type":"Article","@id":"https:\/\/www.notibras.com\/site\/big-mac-com-sundae-por-r-2590-durante-mequi-fest\/#article","isPartOf":{"@id":"https:\/\/www.notibras.com\/site\/big-mac-com-sundae-por-r-2590-durante-mequi-fest\/"},"author":{"name":"Reda\u00e7\u00e3o","@id":"https:\/\/www.notibras.com\/site\/#\/schema\/person\/36ab0979449956132d3e5b517ea76ac8"},"headline":"Big Mac com sundae por R$ 25,90 durante M\u00e9qui Fest","datePublished":"2023-05-26T06:24:24+00:00","mainEntityOfPage":{"@id":"https:\/\/www.notibras.com\/site\/big-mac-com-sundae-por-r-2590-durante-mequi-fest\/"},"wordCount":854,"publisher":{"@id":"https:\/\/www.notibras.com\/site\/#organization"},"image":{"@id":"https:\/\/www.notibras.com\/site\/big-mac-com-sundae-por-r-2590-durante-mequi-fest\/#primaryimage"},"thumbnailUrl":"https:\/\/www.notibras.com\/site\/wp-content\/uploads\/2023\/05\/unnamed-9.png","articleSection":["Quadradinho em Foco"],"inLanguage":"pt-BR"},{"@type":"WebPage","@id":"https:\/\/www.notibras.com\/site\/big-mac-com-sundae-por-r-2590-durante-mequi-fest\/","url":"https:\/\/www.notibras.com\/site\/big-mac-com-sundae-por-r-2590-durante-mequi-fest\/","name":"Big Mac com sundae por R$ 25,90 durante M\u00e9qui Fest - Notibras","isPartOf":{"@id":"https:\/\/www.notibras.com\/site\/#website"},"primaryImageOfPage":{"@id":"https:\/\/www.notibras.com\/site\/big-mac-com-sundae-por-r-2590-durante-mequi-fest\/#primaryimage"},"image":{"@id":"https:\/\/www.notibras.com\/site\/big-mac-com-sundae-por-r-2590-durante-mequi-fest\/#primaryimage"},"thumbnailUrl":"https:\/\/www.notibras.com\/site\/wp-content\/uploads\/2023\/05\/unnamed-9.png","datePublished":"2023-05-26T06:24:24+00:00","breadcrumb":{"@id":"https:\/\/www.notibras.com\/site\/big-mac-com-sundae-por-r-2590-durante-mequi-fest\/#breadcrumb"},"inLanguage":"pt-BR","potentialAction":[{"@type":"ReadAction","target":["https:\/\/www.notibras.com\/site\/big-mac-com-sundae-por-r-2590-durante-mequi-fest\/"]}]},{"@type":"ImageObject","inLanguage":"pt-BR","@id":"https:\/\/www.notibras.com\/site\/big-mac-com-sundae-por-r-2590-durante-mequi-fest\/#primaryimage","url":"https:\/\/www.notibras.com\/site\/wp-content\/uploads\/2023\/05\/unnamed-9.png","contentUrl":"https:\/\/www.notibras.com\/site\/wp-content\/uploads\/2023\/05\/unnamed-9.png","width":1920,"height":1080},{"@type":"BreadcrumbList","@id":"https:\/\/www.notibras.com\/site\/big-mac-com-sundae-por-r-2590-durante-mequi-fest\/#breadcrumb","itemListElement":[{"@type":"ListItem","position":1,"name":"In\u00edcio","item":"https:\/\/www.notibras.com\/site\/"},{"@type":"ListItem","position":2,"name":"Big Mac com sundae por R$ 25,90 durante M\u00e9qui Fest"}]},{"@type":"WebSite","@id":"https:\/\/www.notibras.com\/site\/#website","url":"https:\/\/www.notibras.com\/site\/","name":"Notibras","description":"Not\u00edcias de Bras\u00edlia, do Brasil e do Mundo","publisher":{"@id":"https:\/\/www.notibras.com\/site\/#organization"},"potentialAction":[{"@type":"SearchAction","target":{"@type":"EntryPoint","urlTemplate":"https:\/\/www.notibras.com\/site\/?s={search_term_string}"},"query-input":{"@type":"PropertyValueSpecification","valueRequired":true,"valueName":"search_term_string"}}],"inLanguage":"pt-BR"},{"@type":"Organization","@id":"https:\/\/www.notibras.com\/site\/#organization","name":"Grupo Notibras de Comunica\u00e7\u00e3o","url":"https:\/\/www.notibras.com\/site\/","logo":{"@type":"ImageObject","inLanguage":"pt-BR","@id":"https:\/\/www.notibras.com\/site\/#\/schema\/logo\/image\/","url":"https:\/\/www.notibras.com\/site\/wp-content\/uploads\/2023\/01\/notibras23.png","contentUrl":"https:\/\/www.notibras.com\/site\/wp-content\/uploads\/2023\/01\/notibras23.png","width":350,"height":87,"caption":"Grupo Notibras de Comunica\u00e7\u00e3o"},"image":{"@id":"https:\/\/www.notibras.com\/site\/#\/schema\/logo\/image\/"},"sameAs":["https:\/\/www.facebook.com\/notibras\/","https:\/\/x.com\/Notibras","https:\/\/www.instagram.com\/notibras\/"]},{"@type":"Person","@id":"https:\/\/www.notibras.com\/site\/#\/schema\/person\/36ab0979449956132d3e5b517ea76ac8","name":"Reda\u00e7\u00e3o","image":{"@type":"ImageObject","inLanguage":"pt-BR","@id":"https:\/\/secure.gravatar.com\/avatar\/e0a867bdedb85fd243eadf09663511f96fc81e0720a4a42581f334ad4303aa6b?s=96&d=mm&r=g","url":"https:\/\/secure.gravatar.com\/avatar\/e0a867bdedb85fd243eadf09663511f96fc81e0720a4a42581f334ad4303aa6b?s=96&d=mm&r=g","contentUrl":"https:\/\/secure.gravatar.com\/avatar\/e0a867bdedb85fd243eadf09663511f96fc81e0720a4a42581f334ad4303aa6b?s=96&d=mm&r=g","caption":"Reda\u00e7\u00e3o"}}]}},"amp_enabled":true,"_links":{"self":[{"href":"https:\/\/www.notibras.com\/site\/wp-json\/wp\/v2\/posts\/305623","targetHints":{"allow":["GET"]}}],"collection":[{"href":"https:\/\/www.notibras.com\/site\/wp-json\/wp\/v2\/posts"}],"about":[{"href":"https:\/\/www.notibras.com\/site\/wp-json\/wp\/v2\/types\/post"}],"author":[{"embeddable":true,"href":"https:\/\/www.notibras.com\/site\/wp-json\/wp\/v2\/users\/2"}],"replies":[{"embeddable":true,"href":"https:\/\/www.notibras.com\/site\/wp-json\/wp\/v2\/comments?post=305623"}],"version-history":[{"count":1,"href":"https:\/\/www.notibras.com\/site\/wp-json\/wp\/v2\/posts\/305623\/revisions"}],"predecessor-version":[{"id":305625,"href":"https:\/\/www.notibras.com\/site\/wp-json\/wp\/v2\/posts\/305623\/revisions\/305625"}],"wp:featuredmedia":[{"embeddable":true,"href":"https:\/\/www.notibras.com\/site\/wp-json\/wp\/v2\/media\/305624"}],"wp:attachment":[{"href":"https:\/\/www.notibras.com\/site\/wp-json\/wp\/v2\/media?parent=305623"}],"wp:term":[{"taxonomy":"category","embeddable":true,"href":"https:\/\/www.notibras.com\/site\/wp-json\/wp\/v2\/categories?post=305623"},{"taxonomy":"post_tag","embeddable":true,"href":"https:\/\/www.notibras.com\/site\/wp-json\/wp\/v2\/tags?post=305623"}],"curies":[{"name":"wp","href":"https:\/\/api.w.org\/{rel}","templated":true}]}}