{"id":305645,"date":"2023-05-26T05:25:37","date_gmt":"2023-05-26T08:25:37","guid":{"rendered":"https:\/\/www.notibras.com\/site\/?p=305645"},"modified":"2023-05-26T05:25:37","modified_gmt":"2023-05-26T08:25:37","slug":"pesquisa-mostra-por-que-alunos-deixam-escola","status":"publish","type":"post","link":"https:\/\/www.notibras.com\/site\/pesquisa-mostra-por-que-alunos-deixam-escola\/","title":{"rendered":"Pesquisa mostra por que alunos deixam escola"},"content":{"rendered":"<p>Quando deixou Araioses, no Maranh\u00e3o, de \u00f4nibus e percorreu mais de 2 mil quil\u00f4metros at\u00e9 Bras\u00edlia, em 2017, Maria de F\u00e1tima Santos, ent\u00e3o com 18 anos de idade, sonhava engatar em uma profiss\u00e3o no com\u00e9rcio e voltar aos estudos. Aos 15 anos, Maria de F\u00e1tima tinha abandonado a escola, no quinto ano fundamental, para ajudar em casa.<\/p>\n<p>Ela trabalhava no interior maranhense como diarista. Os livros n\u00e3o tinham espa\u00e7o, nem eram prioridade na rotina da jovem. Hoje, em Bras\u00edlia, a escola \u00e9 s\u00f3 um sonho distante. Atualmente, perto dos 25 anos de idade, ela vive da coleta de objetos no lixo de condom\u00ednios para conseguir algum recurso, pagar o aluguel e mandar ao menos R$ 50 para a m\u00e3e, que ficou em Araioses.<\/p>\n<p>Da escola, Maria de F\u00e1tima diz que sente falta das aulas de matem\u00e1tica. \u201cEu gostava e iria me ajudar na minha vida hoje.\u201d<\/p>\n<p>Deixar a escola em plena juventude n\u00e3o \u00e9 raro no Brasil, conforme aponta uma pesquisa realizada pelo Sesi\/Senai (Servi\u00e7o Social da Ind\u00fastria\/Servi\u00e7o Nacional de Aprendizagem Industrial), em parceria com o Instituto FSB Pesquisa. Depois dos 16 anos, apenas 15% est\u00e3o em salas de aula.<\/p>\n<p>\u201dOs dados s\u00e3o fortes. S\u00f3 15% da popula\u00e7\u00e3o atualmente estuda. \u00c9 claro que, na idade escolar, o n\u00famero sobe para 53%\u201d, afirmou o diretor-geral do Senai e diretor-superintendente do Sesi, Rafael Lucchesi.<\/p>\n<p>Das pessoas que n\u00e3o estudam, 57% disseram que abandonaram a sala de aula porque n\u00e3o tinham condi\u00e7\u00f5es. A necessidade de trabalhar \u00e9 o principal motivo (47%) para interrup\u00e7\u00e3o dos estudos.<\/p>\n<p>\u201cUm n\u00famero muito alto de pessoas deixa de estudar por falta de interesse na escola que, muitas vezes, n\u00e3o tem elementos de atratividade para os jovens e certamente esses n\u00fameros se agravaram durante a pandemia\u201d, afirmou Lucchesi.<\/p>\n<p>O levantamento mostrou que apenas 38% das pessoas com mais de 16 anos de idade que atualmente n\u00e3o estudam alcan\u00e7aram a escolaridade que gostariam.<\/p>\n<p>Para 18% dos jovens de 16 a 24 anos, a raz\u00e3o para deixar de estudar \u00e9 a gravidez ou o nascimento de uma crian\u00e7a. A evas\u00e3o escolar por gravidez ou pela chegada de um filho \u00e9 maior entre mulheres (13%), moradores do Nordeste (14%) e das capitais (14%) \u2013 o dobro da m\u00e9dia nacional, de 7%.<\/p>\n<p><strong>Preparo<\/strong><br \/>\nO levantamento revela tamb\u00e9m que a maioria dos jovens acima dos 16 anos de idade considera que a maioria dos que t\u00eam ensino m\u00e9dio ou ensino superior considera-se pouco preparada ou despreparada para o mercado de trabalho.<\/p>\n<p>O levantamento foi realizado com uma amostra de 2.007 cidad\u00e3os com idade a partir de 16 anos, nas 27 unidades da federa\u00e7\u00e3o. As entrevistas foram feitas entre 8 e 12 de dezembro do ano passado.<\/p>\n<p>Entre as pessoas que responderam a pesquisa, 23% disseram que a alfabetiza\u00e7\u00e3o deveria ser prioridade para o governo, seguida pela institui\u00e7\u00e3o de creches (16%) e pela \u00eanfase no ensino m\u00e9dio (15%).<\/p>\n<p>A educa\u00e7\u00e3o p\u00fablica \u00e9 vista como boa ou \u00f3tima por 30% da popula\u00e7\u00e3o, \u00edndice que sobe para 50% quando se fala de educa\u00e7\u00e3o privada.<\/p>\n<p>Entre os fatores para aumentar a qualidade, os mais citados s\u00e3o o aumento do sal\u00e1rio dos professores, mais capacita\u00e7\u00e3o deles e melhores condi\u00e7\u00f5es das escolas.<\/p>\n<p><strong>Avalia\u00e7\u00e3o<\/strong><br \/>\nPelo menos 23% das pessoas ouvidas na pesquisa avaliaram a educa\u00e7\u00e3o p\u00fablica como ruim ou p\u00e9ssima e s\u00f3 30% a consideraram \u00f3tima ou boa. A educa\u00e7\u00e3o privada \u00e9 avaliada como boa ou \u00f3tima por 50% dos entrevistados.<\/p>\n<p>Para Rafael, Lucchesi, a pesquisa traz uma dura reflex\u00e3o sobre a necessidade de aumentar a qualidade da educa\u00e7\u00e3o e tamb\u00e9m a atratividade da escola e, \u201ccomo resultado geral, melhorar a produtividade das pessoas na sociedade\u201d.<\/p>\n","protected":false},"excerpt":{"rendered":"<p>Quando deixou Araioses, no Maranh\u00e3o, de \u00f4nibus e percorreu mais de 2 mil quil\u00f4metros at\u00e9 Bras\u00edlia, em 2017, Maria de F\u00e1tima Santos, ent\u00e3o com 18 anos de idade, sonhava engatar em uma profiss\u00e3o no com\u00e9rcio e voltar aos estudos. Aos 15 anos, Maria de F\u00e1tima tinha abandonado a escola, no quinto ano fundamental, para ajudar [&hellip;]<\/p>\n","protected":false},"author":2,"featured_media":305646,"comment_status":"closed","ping_status":"closed","sticky":false,"template":"","format":"standard","meta":{"_acf_changed":false,"footnotes":""},"categories":[161],"tags":[],"class_list":["post-305645","post","type-post","status-publish","format-standard","has-post-thumbnail","hentry","category-quadradinho-em-foco"],"acf":[],"yoast_head":"<!-- This site is optimized with the Yoast SEO plugin v27.2 - https:\/\/yoast.com\/product\/yoast-seo-wordpress\/ -->\n<title>Pesquisa mostra por que alunos deixam escola - Notibras<\/title>\n<meta name=\"robots\" content=\"index, follow, max-snippet:-1, max-image-preview:large, max-video-preview:-1\" \/>\n<link rel=\"canonical\" href=\"https:\/\/www.notibras.com\/site\/pesquisa-mostra-por-que-alunos-deixam-escola\/\" \/>\n<meta property=\"og:locale\" content=\"pt_BR\" \/>\n<meta property=\"og:type\" content=\"article\" \/>\n<meta property=\"og:title\" content=\"Pesquisa mostra por que alunos deixam escola - Notibras\" \/>\n<meta property=\"og:description\" content=\"Quando deixou Araioses, no Maranh\u00e3o, de \u00f4nibus e percorreu mais de 2 mil quil\u00f4metros at\u00e9 Bras\u00edlia, em 2017, Maria de F\u00e1tima Santos, ent\u00e3o com 18 anos de idade, sonhava engatar em uma profiss\u00e3o no com\u00e9rcio e voltar aos estudos. Aos 15 anos, Maria de F\u00e1tima tinha abandonado a escola, no quinto ano fundamental, para ajudar [&hellip;]\" \/>\n<meta property=\"og:url\" content=\"https:\/\/www.notibras.com\/site\/pesquisa-mostra-por-que-alunos-deixam-escola\/\" \/>\n<meta property=\"og:site_name\" content=\"Notibras\" \/>\n<meta property=\"article:publisher\" content=\"https:\/\/www.facebook.com\/notibras\/\" \/>\n<meta property=\"article:published_time\" content=\"2023-05-26T08:25:37+00:00\" \/>\n<meta property=\"og:image\" content=\"https:\/\/www.notibras.com\/site\/wp-content\/uploads\/2023\/05\/sala_de_aula0647040820-1.jpg\" \/>\n\t<meta property=\"og:image:width\" content=\"1170\" \/>\n\t<meta property=\"og:image:height\" content=\"700\" \/>\n\t<meta property=\"og:image:type\" content=\"image\/jpeg\" \/>\n<meta name=\"author\" content=\"Reda\u00e7\u00e3o\" \/>\n<meta name=\"twitter:card\" content=\"summary_large_image\" \/>\n<meta name=\"twitter:creator\" content=\"@Notibras\" \/>\n<meta name=\"twitter:site\" content=\"@Notibras\" \/>\n<meta name=\"twitter:label1\" content=\"Escrito por\" \/>\n\t<meta name=\"twitter:data1\" content=\"Reda\u00e7\u00e3o\" \/>\n\t<meta name=\"twitter:label2\" content=\"Est. tempo de leitura\" \/>\n\t<meta name=\"twitter:data2\" content=\"4 minutos\" \/>\n<script type=\"application\/ld+json\" class=\"yoast-schema-graph\">{\"@context\":\"https:\/\/schema.org\",\"@graph\":[{\"@type\":\"Article\",\"@id\":\"https:\/\/www.notibras.com\/site\/pesquisa-mostra-por-que-alunos-deixam-escola\/#article\",\"isPartOf\":{\"@id\":\"https:\/\/www.notibras.com\/site\/pesquisa-mostra-por-que-alunos-deixam-escola\/\"},\"author\":{\"name\":\"Reda\u00e7\u00e3o\",\"@id\":\"https:\/\/www.notibras.com\/site\/#\/schema\/person\/36ab0979449956132d3e5b517ea76ac8\"},\"headline\":\"Pesquisa mostra por que alunos deixam escola\",\"datePublished\":\"2023-05-26T08:25:37+00:00\",\"mainEntityOfPage\":{\"@id\":\"https:\/\/www.notibras.com\/site\/pesquisa-mostra-por-que-alunos-deixam-escola\/\"},\"wordCount\":620,\"publisher\":{\"@id\":\"https:\/\/www.notibras.com\/site\/#organization\"},\"image\":{\"@id\":\"https:\/\/www.notibras.com\/site\/pesquisa-mostra-por-que-alunos-deixam-escola\/#primaryimage\"},\"thumbnailUrl\":\"https:\/\/www.notibras.com\/site\/wp-content\/uploads\/2023\/05\/sala_de_aula0647040820-1.jpg\",\"articleSection\":[\"Quadradinho em Foco\"],\"inLanguage\":\"pt-BR\"},{\"@type\":\"WebPage\",\"@id\":\"https:\/\/www.notibras.com\/site\/pesquisa-mostra-por-que-alunos-deixam-escola\/\",\"url\":\"https:\/\/www.notibras.com\/site\/pesquisa-mostra-por-que-alunos-deixam-escola\/\",\"name\":\"Pesquisa mostra por que alunos deixam escola - Notibras\",\"isPartOf\":{\"@id\":\"https:\/\/www.notibras.com\/site\/#website\"},\"primaryImageOfPage\":{\"@id\":\"https:\/\/www.notibras.com\/site\/pesquisa-mostra-por-que-alunos-deixam-escola\/#primaryimage\"},\"image\":{\"@id\":\"https:\/\/www.notibras.com\/site\/pesquisa-mostra-por-que-alunos-deixam-escola\/#primaryimage\"},\"thumbnailUrl\":\"https:\/\/www.notibras.com\/site\/wp-content\/uploads\/2023\/05\/sala_de_aula0647040820-1.jpg\",\"datePublished\":\"2023-05-26T08:25:37+00:00\",\"breadcrumb\":{\"@id\":\"https:\/\/www.notibras.com\/site\/pesquisa-mostra-por-que-alunos-deixam-escola\/#breadcrumb\"},\"inLanguage\":\"pt-BR\",\"potentialAction\":[{\"@type\":\"ReadAction\",\"target\":[\"https:\/\/www.notibras.com\/site\/pesquisa-mostra-por-que-alunos-deixam-escola\/\"]}]},{\"@type\":\"ImageObject\",\"inLanguage\":\"pt-BR\",\"@id\":\"https:\/\/www.notibras.com\/site\/pesquisa-mostra-por-que-alunos-deixam-escola\/#primaryimage\",\"url\":\"https:\/\/www.notibras.com\/site\/wp-content\/uploads\/2023\/05\/sala_de_aula0647040820-1.jpg\",\"contentUrl\":\"https:\/\/www.notibras.com\/site\/wp-content\/uploads\/2023\/05\/sala_de_aula0647040820-1.jpg\",\"width\":1170,\"height\":700,\"caption\":\"Rio de Janeiro - A Universidade Estadual do Rio de Janeiro(Uerj) volta \u00e0s aulas. De acordo com os diretores, a decis\u00e3o pela volta deve-se ao avan\u00e7o no restabelecimento das condi\u00e7\u00f5es m\u00ednimas de limpeza, manuten\u00e7\u00e3o de elevadores e seguran\u00e7a e \u00e0 preocupa\u00e7\u00e3o com o enorme preju\u00edzo que os sucessivos adiamentos v\u00eam impondo aos estudantes de gradua\u00e7\u00e3o e do Col\u00e9gio de Aplica\u00e7\u00e3o (CAP). Profundamente atingida pela crise financeira do governo fluminense, a Uerj adiou cinco vezes o in\u00edcio das aulas referentes ao segundo semestre de 2016. (Foto: T\u00e2nia R\u00eago\/Ag\u00eancia Brasil)\"},{\"@type\":\"BreadcrumbList\",\"@id\":\"https:\/\/www.notibras.com\/site\/pesquisa-mostra-por-que-alunos-deixam-escola\/#breadcrumb\",\"itemListElement\":[{\"@type\":\"ListItem\",\"position\":1,\"name\":\"In\u00edcio\",\"item\":\"https:\/\/www.notibras.com\/site\/\"},{\"@type\":\"ListItem\",\"position\":2,\"name\":\"Pesquisa mostra por que alunos deixam escola\"}]},{\"@type\":\"WebSite\",\"@id\":\"https:\/\/www.notibras.com\/site\/#website\",\"url\":\"https:\/\/www.notibras.com\/site\/\",\"name\":\"Notibras\",\"description\":\"Not\u00edcias de Bras\u00edlia, do Brasil e do Mundo\",\"publisher\":{\"@id\":\"https:\/\/www.notibras.com\/site\/#organization\"},\"potentialAction\":[{\"@type\":\"SearchAction\",\"target\":{\"@type\":\"EntryPoint\",\"urlTemplate\":\"https:\/\/www.notibras.com\/site\/?s={search_term_string}\"},\"query-input\":{\"@type\":\"PropertyValueSpecification\",\"valueRequired\":true,\"valueName\":\"search_term_string\"}}],\"inLanguage\":\"pt-BR\"},{\"@type\":\"Organization\",\"@id\":\"https:\/\/www.notibras.com\/site\/#organization\",\"name\":\"Grupo Notibras de Comunica\u00e7\u00e3o\",\"url\":\"https:\/\/www.notibras.com\/site\/\",\"logo\":{\"@type\":\"ImageObject\",\"inLanguage\":\"pt-BR\",\"@id\":\"https:\/\/www.notibras.com\/site\/#\/schema\/logo\/image\/\",\"url\":\"https:\/\/www.notibras.com\/site\/wp-content\/uploads\/2023\/01\/notibras23.png\",\"contentUrl\":\"https:\/\/www.notibras.com\/site\/wp-content\/uploads\/2023\/01\/notibras23.png\",\"width\":350,\"height\":87,\"caption\":\"Grupo Notibras de Comunica\u00e7\u00e3o\"},\"image\":{\"@id\":\"https:\/\/www.notibras.com\/site\/#\/schema\/logo\/image\/\"},\"sameAs\":[\"https:\/\/www.facebook.com\/notibras\/\",\"https:\/\/x.com\/Notibras\",\"https:\/\/www.instagram.com\/notibras\/\"]},{\"@type\":\"Person\",\"@id\":\"https:\/\/www.notibras.com\/site\/#\/schema\/person\/36ab0979449956132d3e5b517ea76ac8\",\"name\":\"Reda\u00e7\u00e3o\",\"image\":{\"@type\":\"ImageObject\",\"inLanguage\":\"pt-BR\",\"@id\":\"https:\/\/secure.gravatar.com\/avatar\/e0a867bdedb85fd243eadf09663511f96fc81e0720a4a42581f334ad4303aa6b?s=96&d=mm&r=g\",\"url\":\"https:\/\/secure.gravatar.com\/avatar\/e0a867bdedb85fd243eadf09663511f96fc81e0720a4a42581f334ad4303aa6b?s=96&d=mm&r=g\",\"contentUrl\":\"https:\/\/secure.gravatar.com\/avatar\/e0a867bdedb85fd243eadf09663511f96fc81e0720a4a42581f334ad4303aa6b?s=96&d=mm&r=g\",\"caption\":\"Reda\u00e7\u00e3o\"}}]}<\/script>\n<!-- \/ Yoast SEO plugin. -->","yoast_head_json":{"title":"Pesquisa mostra por que alunos deixam escola - Notibras","robots":{"index":"index","follow":"follow","max-snippet":"max-snippet:-1","max-image-preview":"max-image-preview:large","max-video-preview":"max-video-preview:-1"},"canonical":"https:\/\/www.notibras.com\/site\/pesquisa-mostra-por-que-alunos-deixam-escola\/","og_locale":"pt_BR","og_type":"article","og_title":"Pesquisa mostra por que alunos deixam escola - Notibras","og_description":"Quando deixou Araioses, no Maranh\u00e3o, de \u00f4nibus e percorreu mais de 2 mil quil\u00f4metros at\u00e9 Bras\u00edlia, em 2017, Maria de F\u00e1tima Santos, ent\u00e3o com 18 anos de idade, sonhava engatar em uma profiss\u00e3o no com\u00e9rcio e voltar aos estudos. Aos 15 anos, Maria de F\u00e1tima tinha abandonado a escola, no quinto ano fundamental, para ajudar [&hellip;]","og_url":"https:\/\/www.notibras.com\/site\/pesquisa-mostra-por-que-alunos-deixam-escola\/","og_site_name":"Notibras","article_publisher":"https:\/\/www.facebook.com\/notibras\/","article_published_time":"2023-05-26T08:25:37+00:00","og_image":[{"width":1170,"height":700,"url":"https:\/\/www.notibras.com\/site\/wp-content\/uploads\/2023\/05\/sala_de_aula0647040820-1.jpg","type":"image\/jpeg"}],"author":"Reda\u00e7\u00e3o","twitter_card":"summary_large_image","twitter_creator":"@Notibras","twitter_site":"@Notibras","twitter_misc":{"Escrito por":"Reda\u00e7\u00e3o","Est. tempo de leitura":"4 minutos"},"schema":{"@context":"https:\/\/schema.org","@graph":[{"@type":"Article","@id":"https:\/\/www.notibras.com\/site\/pesquisa-mostra-por-que-alunos-deixam-escola\/#article","isPartOf":{"@id":"https:\/\/www.notibras.com\/site\/pesquisa-mostra-por-que-alunos-deixam-escola\/"},"author":{"name":"Reda\u00e7\u00e3o","@id":"https:\/\/www.notibras.com\/site\/#\/schema\/person\/36ab0979449956132d3e5b517ea76ac8"},"headline":"Pesquisa mostra por que alunos deixam escola","datePublished":"2023-05-26T08:25:37+00:00","mainEntityOfPage":{"@id":"https:\/\/www.notibras.com\/site\/pesquisa-mostra-por-que-alunos-deixam-escola\/"},"wordCount":620,"publisher":{"@id":"https:\/\/www.notibras.com\/site\/#organization"},"image":{"@id":"https:\/\/www.notibras.com\/site\/pesquisa-mostra-por-que-alunos-deixam-escola\/#primaryimage"},"thumbnailUrl":"https:\/\/www.notibras.com\/site\/wp-content\/uploads\/2023\/05\/sala_de_aula0647040820-1.jpg","articleSection":["Quadradinho em Foco"],"inLanguage":"pt-BR"},{"@type":"WebPage","@id":"https:\/\/www.notibras.com\/site\/pesquisa-mostra-por-que-alunos-deixam-escola\/","url":"https:\/\/www.notibras.com\/site\/pesquisa-mostra-por-que-alunos-deixam-escola\/","name":"Pesquisa mostra por que alunos deixam escola - Notibras","isPartOf":{"@id":"https:\/\/www.notibras.com\/site\/#website"},"primaryImageOfPage":{"@id":"https:\/\/www.notibras.com\/site\/pesquisa-mostra-por-que-alunos-deixam-escola\/#primaryimage"},"image":{"@id":"https:\/\/www.notibras.com\/site\/pesquisa-mostra-por-que-alunos-deixam-escola\/#primaryimage"},"thumbnailUrl":"https:\/\/www.notibras.com\/site\/wp-content\/uploads\/2023\/05\/sala_de_aula0647040820-1.jpg","datePublished":"2023-05-26T08:25:37+00:00","breadcrumb":{"@id":"https:\/\/www.notibras.com\/site\/pesquisa-mostra-por-que-alunos-deixam-escola\/#breadcrumb"},"inLanguage":"pt-BR","potentialAction":[{"@type":"ReadAction","target":["https:\/\/www.notibras.com\/site\/pesquisa-mostra-por-que-alunos-deixam-escola\/"]}]},{"@type":"ImageObject","inLanguage":"pt-BR","@id":"https:\/\/www.notibras.com\/site\/pesquisa-mostra-por-que-alunos-deixam-escola\/#primaryimage","url":"https:\/\/www.notibras.com\/site\/wp-content\/uploads\/2023\/05\/sala_de_aula0647040820-1.jpg","contentUrl":"https:\/\/www.notibras.com\/site\/wp-content\/uploads\/2023\/05\/sala_de_aula0647040820-1.jpg","width":1170,"height":700,"caption":"Rio de Janeiro - A Universidade Estadual do Rio de Janeiro(Uerj) volta \u00e0s aulas. De acordo com os diretores, a decis\u00e3o pela volta deve-se ao avan\u00e7o no restabelecimento das condi\u00e7\u00f5es m\u00ednimas de limpeza, manuten\u00e7\u00e3o de elevadores e seguran\u00e7a e \u00e0 preocupa\u00e7\u00e3o com o enorme preju\u00edzo que os sucessivos adiamentos v\u00eam impondo aos estudantes de gradua\u00e7\u00e3o e do Col\u00e9gio de Aplica\u00e7\u00e3o (CAP). Profundamente atingida pela crise financeira do governo fluminense, a Uerj adiou cinco vezes o in\u00edcio das aulas referentes ao segundo semestre de 2016. (Foto: T\u00e2nia R\u00eago\/Ag\u00eancia Brasil)"},{"@type":"BreadcrumbList","@id":"https:\/\/www.notibras.com\/site\/pesquisa-mostra-por-que-alunos-deixam-escola\/#breadcrumb","itemListElement":[{"@type":"ListItem","position":1,"name":"In\u00edcio","item":"https:\/\/www.notibras.com\/site\/"},{"@type":"ListItem","position":2,"name":"Pesquisa mostra por que alunos deixam escola"}]},{"@type":"WebSite","@id":"https:\/\/www.notibras.com\/site\/#website","url":"https:\/\/www.notibras.com\/site\/","name":"Notibras","description":"Not\u00edcias de Bras\u00edlia, do Brasil e do Mundo","publisher":{"@id":"https:\/\/www.notibras.com\/site\/#organization"},"potentialAction":[{"@type":"SearchAction","target":{"@type":"EntryPoint","urlTemplate":"https:\/\/www.notibras.com\/site\/?s={search_term_string}"},"query-input":{"@type":"PropertyValueSpecification","valueRequired":true,"valueName":"search_term_string"}}],"inLanguage":"pt-BR"},{"@type":"Organization","@id":"https:\/\/www.notibras.com\/site\/#organization","name":"Grupo Notibras de Comunica\u00e7\u00e3o","url":"https:\/\/www.notibras.com\/site\/","logo":{"@type":"ImageObject","inLanguage":"pt-BR","@id":"https:\/\/www.notibras.com\/site\/#\/schema\/logo\/image\/","url":"https:\/\/www.notibras.com\/site\/wp-content\/uploads\/2023\/01\/notibras23.png","contentUrl":"https:\/\/www.notibras.com\/site\/wp-content\/uploads\/2023\/01\/notibras23.png","width":350,"height":87,"caption":"Grupo Notibras de Comunica\u00e7\u00e3o"},"image":{"@id":"https:\/\/www.notibras.com\/site\/#\/schema\/logo\/image\/"},"sameAs":["https:\/\/www.facebook.com\/notibras\/","https:\/\/x.com\/Notibras","https:\/\/www.instagram.com\/notibras\/"]},{"@type":"Person","@id":"https:\/\/www.notibras.com\/site\/#\/schema\/person\/36ab0979449956132d3e5b517ea76ac8","name":"Reda\u00e7\u00e3o","image":{"@type":"ImageObject","inLanguage":"pt-BR","@id":"https:\/\/secure.gravatar.com\/avatar\/e0a867bdedb85fd243eadf09663511f96fc81e0720a4a42581f334ad4303aa6b?s=96&d=mm&r=g","url":"https:\/\/secure.gravatar.com\/avatar\/e0a867bdedb85fd243eadf09663511f96fc81e0720a4a42581f334ad4303aa6b?s=96&d=mm&r=g","contentUrl":"https:\/\/secure.gravatar.com\/avatar\/e0a867bdedb85fd243eadf09663511f96fc81e0720a4a42581f334ad4303aa6b?s=96&d=mm&r=g","caption":"Reda\u00e7\u00e3o"}}]}},"amp_enabled":true,"_links":{"self":[{"href":"https:\/\/www.notibras.com\/site\/wp-json\/wp\/v2\/posts\/305645","targetHints":{"allow":["GET"]}}],"collection":[{"href":"https:\/\/www.notibras.com\/site\/wp-json\/wp\/v2\/posts"}],"about":[{"href":"https:\/\/www.notibras.com\/site\/wp-json\/wp\/v2\/types\/post"}],"author":[{"embeddable":true,"href":"https:\/\/www.notibras.com\/site\/wp-json\/wp\/v2\/users\/2"}],"replies":[{"embeddable":true,"href":"https:\/\/www.notibras.com\/site\/wp-json\/wp\/v2\/comments?post=305645"}],"version-history":[{"count":1,"href":"https:\/\/www.notibras.com\/site\/wp-json\/wp\/v2\/posts\/305645\/revisions"}],"predecessor-version":[{"id":305647,"href":"https:\/\/www.notibras.com\/site\/wp-json\/wp\/v2\/posts\/305645\/revisions\/305647"}],"wp:featuredmedia":[{"embeddable":true,"href":"https:\/\/www.notibras.com\/site\/wp-json\/wp\/v2\/media\/305646"}],"wp:attachment":[{"href":"https:\/\/www.notibras.com\/site\/wp-json\/wp\/v2\/media?parent=305645"}],"wp:term":[{"taxonomy":"category","embeddable":true,"href":"https:\/\/www.notibras.com\/site\/wp-json\/wp\/v2\/categories?post=305645"},{"taxonomy":"post_tag","embeddable":true,"href":"https:\/\/www.notibras.com\/site\/wp-json\/wp\/v2\/tags?post=305645"}],"curies":[{"name":"wp","href":"https:\/\/api.w.org\/{rel}","templated":true}]}}