{"id":305650,"date":"2023-05-26T06:03:37","date_gmt":"2023-05-26T09:03:37","guid":{"rendered":"https:\/\/www.notibras.com\/site\/?p=305650"},"modified":"2023-05-26T06:03:37","modified_gmt":"2023-05-26T09:03:37","slug":"santana-o-sem-nocao-volta-com-defunto-no-colo","status":"publish","type":"post","link":"https:\/\/www.notibras.com\/site\/santana-o-sem-nocao-volta-com-defunto-no-colo\/","title":{"rendered":"Santana, o sem-no\u00e7\u00e3o, volta com defunto no colo"},"content":{"rendered":"<p>Era mais uma dilig\u00eancia, entre tantas realizadas nos \u00faltimos quase 20 anos trabalhando na pol\u00edcia. Santana, ao entrar na viatura, tentou empurrar o banco para tr\u00e1s na \u00e2nsia de acomodar a barriga proeminente. A colega, sentada ao lado, obrigava-o a encolher a pan\u00e7a, mesmo porque Santana ainda guardava certa vaidade, j\u00e1 que mal havia suplantado a barreira dos 50. Os cabelos, cada vez mais ralos, eram jogados para o lado. Que deprimente, como se ningu\u00e9m houvesse notado a calv\u00edcie reluzente. Ah, Santana, por que teimas em ser t\u00e3o pat\u00e9tico?<\/p>\n<p>L\u00e1 ia o nosso quase estimado her\u00f3i, apesar de possuir um distante perfil daqueles que costumam ser retratados no cinema. Santana n\u00e3o era um Clint Eastwood ou um Bruce Willis. Era evidente que ele estava fora de forma. Ali\u00e1s, alguns professores de matem\u00e1tica poderiam at\u00e9 contestar tal afirma\u00e7\u00e3o, j\u00e1 que o redondo, ou melhor, a esfera tamb\u00e9m \u00e9 detentora de uma forma. E tem at\u00e9 f\u00f3rmula para que o seu volume seja calculado com precis\u00e3o, apesar de que at\u00e9 o pr\u00f3prio Santana, certamente, n\u00e3o quisesse saber o resultado. &#8220;J\u00e1 fui magro!&#8221;, ele sempre dizia a mesma coisa para todos.<\/p>\n<p>O caminho foi longo, pelo menos para o Santana, que n\u00e3o conseguia respirar direito tentando encolher a barriga. Todavia, a viatura acabou estacionando em frente \u00e0 casa 28, cuja pintura h\u00e1 tempos se encontrava desgastada. Seria amarela ou branca? Talvez verde. Seja como for, esse era um detalhe que n\u00e3o precisava ser levado em conta.<\/p>\n<p>A colega prontamente desceu do ve\u00edculo, enquanto Santana disse que iria fumar um cigarro antes. Ela nem deu bola e j\u00e1 foi conversar com a senhora de vestido florido, apesar de chorosa, \u00e0 porta. Que al\u00edvio o Santana sentiu!<\/p>\n<p>Ele nem queria fumar, mas o h\u00e1bito o fez colocar a m\u00e3o no bolso e sacar um cigarro amarrotado. Ao mesmo tempo, por causa do tempo tentando esconder a pan\u00e7a, houve uma aglomera\u00e7\u00e3o de gases intestinais, que foram expelidos compassadamente. Infelizmente, para o Santana, soou-se certo estrondo, que fez a colega se virar para ele. Que vergonha, Santana!!! Ele at\u00e9 ficou temeroso em acender o seu cigarro, que j\u00e1 estava no canto da boca. Afinal, aquilo poderia se tornar um caso para o Corpo de Bombeiros.<\/p>\n<p>Depois de dar umas abanadas com as m\u00e3os, o Santana criou coragem e acendeu o tal cigarro, que j\u00e1 apresentava certa umidade por causa do longo contato com os l\u00e1bios. Deu uma copiosa tragada, olhou ao redor alguns curiosos. Empertigou o corpo, o que lhe causou certo desconforto na lombar. &#8220;J\u00e1 fui atleta!&#8221;, ele insistia em falar para os que ainda suportavam sua ladainha.<\/p>\n<p>O velho policial tentou puxar pela mem\u00f3ria, mas n\u00e3o se lembrava da raz\u00e3o pela qual estava l\u00e1. Ainda assim, preferiu entrar na resid\u00eancia a fim de dar apoio \u00e0 colega. Virou-se e foi em dire\u00e7\u00e3o \u00e0 porta.<\/p>\n<p>Mal entrou na sala, avistou uma enorme televis\u00e3o ligada, enquanto um velho, sentado no amplo sof\u00e1 carcomido, parecia cochilar. A colega e a senhora conversavam na cozinha.<\/p>\n<p>O Santana, apaixonado desde crian\u00e7a por futebol, come\u00e7ou a prestar aten\u00e7\u00e3o na partida que era televisionada. Internacional e Santos pareciam travar uma batalha sem muito glamour. N\u00e3o havia Pel\u00e9, n\u00e3o havia Falc\u00e3o. Mas a paix\u00e3o pelo esporte bret\u00e3o fez com que o Santana perdesse qualquer timidez e, ent\u00e3o, acabou por bem se acomodar ao lado do velho, no exato momento em que adentravam na sala a colega e a senhora.<\/p>\n<p>Sem se fazer de rogado, o Santana deu um leve tapa na batata da perna do velho e perguntou: &#8220;E a\u00ed, quanto est\u00e1 o jogo?&#8221;. A colega e a senhora, que h\u00e1 pouco se descobriu vi\u00fava, olharam abismadas para a cena. O Santana acabara de tombar o defunto sobre seu colo.<\/p>\n","protected":false},"excerpt":{"rendered":"<p>Era mais uma dilig\u00eancia, entre tantas realizadas nos \u00faltimos quase 20 anos trabalhando na pol\u00edcia. Santana, ao entrar na viatura, tentou empurrar o banco para tr\u00e1s na \u00e2nsia de acomodar a barriga proeminente. A colega, sentada ao lado, obrigava-o a encolher a pan\u00e7a, mesmo porque Santana ainda guardava certa vaidade, j\u00e1 que mal havia suplantado [&hellip;]<\/p>\n","protected":false},"author":2,"featured_media":305652,"comment_status":"closed","ping_status":"closed","sticky":false,"template":"","format":"standard","meta":{"_acf_changed":false,"footnotes":""},"categories":[161],"tags":[],"class_list":["post-305650","post","type-post","status-publish","format-standard","has-post-thumbnail","hentry","category-quadradinho-em-foco"],"acf":[],"yoast_head":"<!-- This site is optimized with the Yoast SEO plugin v27.2 - https:\/\/yoast.com\/product\/yoast-seo-wordpress\/ -->\n<title>Santana, o sem-no\u00e7\u00e3o, volta com defunto no colo - Notibras<\/title>\n<meta name=\"robots\" content=\"index, follow, max-snippet:-1, max-image-preview:large, max-video-preview:-1\" \/>\n<link rel=\"canonical\" href=\"https:\/\/www.notibras.com\/site\/santana-o-sem-nocao-volta-com-defunto-no-colo\/\" \/>\n<meta property=\"og:locale\" content=\"pt_BR\" \/>\n<meta property=\"og:type\" content=\"article\" \/>\n<meta property=\"og:title\" content=\"Santana, o sem-no\u00e7\u00e3o, volta com defunto no colo - Notibras\" \/>\n<meta property=\"og:description\" content=\"Era mais uma dilig\u00eancia, entre tantas realizadas nos \u00faltimos quase 20 anos trabalhando na pol\u00edcia. Santana, ao entrar na viatura, tentou empurrar o banco para tr\u00e1s na \u00e2nsia de acomodar a barriga proeminente. A colega, sentada ao lado, obrigava-o a encolher a pan\u00e7a, mesmo porque Santana ainda guardava certa vaidade, j\u00e1 que mal havia suplantado [&hellip;]\" \/>\n<meta property=\"og:url\" content=\"https:\/\/www.notibras.com\/site\/santana-o-sem-nocao-volta-com-defunto-no-colo\/\" \/>\n<meta property=\"og:site_name\" content=\"Notibras\" \/>\n<meta property=\"article:publisher\" content=\"https:\/\/www.facebook.com\/notibras\/\" \/>\n<meta property=\"article:published_time\" content=\"2023-05-26T09:03:37+00:00\" \/>\n<meta property=\"og:image\" content=\"https:\/\/www.notibras.com\/site\/wp-content\/uploads\/2023\/05\/semnoc.jpg\" \/>\n\t<meta property=\"og:image:width\" content=\"1600\" \/>\n\t<meta property=\"og:image:height\" content=\"1071\" \/>\n\t<meta property=\"og:image:type\" content=\"image\/jpeg\" \/>\n<meta name=\"author\" content=\"Reda\u00e7\u00e3o\" \/>\n<meta name=\"twitter:card\" content=\"summary_large_image\" \/>\n<meta name=\"twitter:creator\" content=\"@Notibras\" \/>\n<meta name=\"twitter:site\" content=\"@Notibras\" \/>\n<meta name=\"twitter:label1\" content=\"Escrito por\" \/>\n\t<meta name=\"twitter:data1\" content=\"Reda\u00e7\u00e3o\" \/>\n\t<meta name=\"twitter:label2\" content=\"Est. tempo de leitura\" \/>\n\t<meta name=\"twitter:data2\" content=\"4 minutos\" \/>\n<script type=\"application\/ld+json\" class=\"yoast-schema-graph\">{\"@context\":\"https:\/\/schema.org\",\"@graph\":[{\"@type\":\"Article\",\"@id\":\"https:\/\/www.notibras.com\/site\/santana-o-sem-nocao-volta-com-defunto-no-colo\/#article\",\"isPartOf\":{\"@id\":\"https:\/\/www.notibras.com\/site\/santana-o-sem-nocao-volta-com-defunto-no-colo\/\"},\"author\":{\"name\":\"Reda\u00e7\u00e3o\",\"@id\":\"https:\/\/www.notibras.com\/site\/#\/schema\/person\/36ab0979449956132d3e5b517ea76ac8\"},\"headline\":\"Santana, o sem-no\u00e7\u00e3o, volta com defunto no colo\",\"datePublished\":\"2023-05-26T09:03:37+00:00\",\"mainEntityOfPage\":{\"@id\":\"https:\/\/www.notibras.com\/site\/santana-o-sem-nocao-volta-com-defunto-no-colo\/\"},\"wordCount\":662,\"publisher\":{\"@id\":\"https:\/\/www.notibras.com\/site\/#organization\"},\"image\":{\"@id\":\"https:\/\/www.notibras.com\/site\/santana-o-sem-nocao-volta-com-defunto-no-colo\/#primaryimage\"},\"thumbnailUrl\":\"https:\/\/www.notibras.com\/site\/wp-content\/uploads\/2023\/05\/semnoc.jpg\",\"articleSection\":[\"Quadradinho em Foco\"],\"inLanguage\":\"pt-BR\"},{\"@type\":\"WebPage\",\"@id\":\"https:\/\/www.notibras.com\/site\/santana-o-sem-nocao-volta-com-defunto-no-colo\/\",\"url\":\"https:\/\/www.notibras.com\/site\/santana-o-sem-nocao-volta-com-defunto-no-colo\/\",\"name\":\"Santana, o sem-no\u00e7\u00e3o, volta com defunto no colo - Notibras\",\"isPartOf\":{\"@id\":\"https:\/\/www.notibras.com\/site\/#website\"},\"primaryImageOfPage\":{\"@id\":\"https:\/\/www.notibras.com\/site\/santana-o-sem-nocao-volta-com-defunto-no-colo\/#primaryimage\"},\"image\":{\"@id\":\"https:\/\/www.notibras.com\/site\/santana-o-sem-nocao-volta-com-defunto-no-colo\/#primaryimage\"},\"thumbnailUrl\":\"https:\/\/www.notibras.com\/site\/wp-content\/uploads\/2023\/05\/semnoc.jpg\",\"datePublished\":\"2023-05-26T09:03:37+00:00\",\"breadcrumb\":{\"@id\":\"https:\/\/www.notibras.com\/site\/santana-o-sem-nocao-volta-com-defunto-no-colo\/#breadcrumb\"},\"inLanguage\":\"pt-BR\",\"potentialAction\":[{\"@type\":\"ReadAction\",\"target\":[\"https:\/\/www.notibras.com\/site\/santana-o-sem-nocao-volta-com-defunto-no-colo\/\"]}]},{\"@type\":\"ImageObject\",\"inLanguage\":\"pt-BR\",\"@id\":\"https:\/\/www.notibras.com\/site\/santana-o-sem-nocao-volta-com-defunto-no-colo\/#primaryimage\",\"url\":\"https:\/\/www.notibras.com\/site\/wp-content\/uploads\/2023\/05\/semnoc.jpg\",\"contentUrl\":\"https:\/\/www.notibras.com\/site\/wp-content\/uploads\/2023\/05\/semnoc.jpg\",\"width\":1600,\"height\":1071},{\"@type\":\"BreadcrumbList\",\"@id\":\"https:\/\/www.notibras.com\/site\/santana-o-sem-nocao-volta-com-defunto-no-colo\/#breadcrumb\",\"itemListElement\":[{\"@type\":\"ListItem\",\"position\":1,\"name\":\"In\u00edcio\",\"item\":\"https:\/\/www.notibras.com\/site\/\"},{\"@type\":\"ListItem\",\"position\":2,\"name\":\"Santana, o sem-no\u00e7\u00e3o, volta com defunto no colo\"}]},{\"@type\":\"WebSite\",\"@id\":\"https:\/\/www.notibras.com\/site\/#website\",\"url\":\"https:\/\/www.notibras.com\/site\/\",\"name\":\"Notibras\",\"description\":\"Not\u00edcias de Bras\u00edlia, do Brasil e do Mundo\",\"publisher\":{\"@id\":\"https:\/\/www.notibras.com\/site\/#organization\"},\"potentialAction\":[{\"@type\":\"SearchAction\",\"target\":{\"@type\":\"EntryPoint\",\"urlTemplate\":\"https:\/\/www.notibras.com\/site\/?s={search_term_string}\"},\"query-input\":{\"@type\":\"PropertyValueSpecification\",\"valueRequired\":true,\"valueName\":\"search_term_string\"}}],\"inLanguage\":\"pt-BR\"},{\"@type\":\"Organization\",\"@id\":\"https:\/\/www.notibras.com\/site\/#organization\",\"name\":\"Grupo Notibras de Comunica\u00e7\u00e3o\",\"url\":\"https:\/\/www.notibras.com\/site\/\",\"logo\":{\"@type\":\"ImageObject\",\"inLanguage\":\"pt-BR\",\"@id\":\"https:\/\/www.notibras.com\/site\/#\/schema\/logo\/image\/\",\"url\":\"https:\/\/www.notibras.com\/site\/wp-content\/uploads\/2023\/01\/notibras23.png\",\"contentUrl\":\"https:\/\/www.notibras.com\/site\/wp-content\/uploads\/2023\/01\/notibras23.png\",\"width\":350,\"height\":87,\"caption\":\"Grupo Notibras de Comunica\u00e7\u00e3o\"},\"image\":{\"@id\":\"https:\/\/www.notibras.com\/site\/#\/schema\/logo\/image\/\"},\"sameAs\":[\"https:\/\/www.facebook.com\/notibras\/\",\"https:\/\/x.com\/Notibras\",\"https:\/\/www.instagram.com\/notibras\/\"]},{\"@type\":\"Person\",\"@id\":\"https:\/\/www.notibras.com\/site\/#\/schema\/person\/36ab0979449956132d3e5b517ea76ac8\",\"name\":\"Reda\u00e7\u00e3o\",\"image\":{\"@type\":\"ImageObject\",\"inLanguage\":\"pt-BR\",\"@id\":\"https:\/\/secure.gravatar.com\/avatar\/e0a867bdedb85fd243eadf09663511f96fc81e0720a4a42581f334ad4303aa6b?s=96&d=mm&r=g\",\"url\":\"https:\/\/secure.gravatar.com\/avatar\/e0a867bdedb85fd243eadf09663511f96fc81e0720a4a42581f334ad4303aa6b?s=96&d=mm&r=g\",\"contentUrl\":\"https:\/\/secure.gravatar.com\/avatar\/e0a867bdedb85fd243eadf09663511f96fc81e0720a4a42581f334ad4303aa6b?s=96&d=mm&r=g\",\"caption\":\"Reda\u00e7\u00e3o\"}}]}<\/script>\n<!-- \/ Yoast SEO plugin. -->","yoast_head_json":{"title":"Santana, o sem-no\u00e7\u00e3o, volta com defunto no colo - Notibras","robots":{"index":"index","follow":"follow","max-snippet":"max-snippet:-1","max-image-preview":"max-image-preview:large","max-video-preview":"max-video-preview:-1"},"canonical":"https:\/\/www.notibras.com\/site\/santana-o-sem-nocao-volta-com-defunto-no-colo\/","og_locale":"pt_BR","og_type":"article","og_title":"Santana, o sem-no\u00e7\u00e3o, volta com defunto no colo - Notibras","og_description":"Era mais uma dilig\u00eancia, entre tantas realizadas nos \u00faltimos quase 20 anos trabalhando na pol\u00edcia. Santana, ao entrar na viatura, tentou empurrar o banco para tr\u00e1s na \u00e2nsia de acomodar a barriga proeminente. A colega, sentada ao lado, obrigava-o a encolher a pan\u00e7a, mesmo porque Santana ainda guardava certa vaidade, j\u00e1 que mal havia suplantado [&hellip;]","og_url":"https:\/\/www.notibras.com\/site\/santana-o-sem-nocao-volta-com-defunto-no-colo\/","og_site_name":"Notibras","article_publisher":"https:\/\/www.facebook.com\/notibras\/","article_published_time":"2023-05-26T09:03:37+00:00","og_image":[{"width":1600,"height":1071,"url":"https:\/\/www.notibras.com\/site\/wp-content\/uploads\/2023\/05\/semnoc.jpg","type":"image\/jpeg"}],"author":"Reda\u00e7\u00e3o","twitter_card":"summary_large_image","twitter_creator":"@Notibras","twitter_site":"@Notibras","twitter_misc":{"Escrito por":"Reda\u00e7\u00e3o","Est. tempo de leitura":"4 minutos"},"schema":{"@context":"https:\/\/schema.org","@graph":[{"@type":"Article","@id":"https:\/\/www.notibras.com\/site\/santana-o-sem-nocao-volta-com-defunto-no-colo\/#article","isPartOf":{"@id":"https:\/\/www.notibras.com\/site\/santana-o-sem-nocao-volta-com-defunto-no-colo\/"},"author":{"name":"Reda\u00e7\u00e3o","@id":"https:\/\/www.notibras.com\/site\/#\/schema\/person\/36ab0979449956132d3e5b517ea76ac8"},"headline":"Santana, o sem-no\u00e7\u00e3o, volta com defunto no colo","datePublished":"2023-05-26T09:03:37+00:00","mainEntityOfPage":{"@id":"https:\/\/www.notibras.com\/site\/santana-o-sem-nocao-volta-com-defunto-no-colo\/"},"wordCount":662,"publisher":{"@id":"https:\/\/www.notibras.com\/site\/#organization"},"image":{"@id":"https:\/\/www.notibras.com\/site\/santana-o-sem-nocao-volta-com-defunto-no-colo\/#primaryimage"},"thumbnailUrl":"https:\/\/www.notibras.com\/site\/wp-content\/uploads\/2023\/05\/semnoc.jpg","articleSection":["Quadradinho em Foco"],"inLanguage":"pt-BR"},{"@type":"WebPage","@id":"https:\/\/www.notibras.com\/site\/santana-o-sem-nocao-volta-com-defunto-no-colo\/","url":"https:\/\/www.notibras.com\/site\/santana-o-sem-nocao-volta-com-defunto-no-colo\/","name":"Santana, o sem-no\u00e7\u00e3o, volta com defunto no colo - Notibras","isPartOf":{"@id":"https:\/\/www.notibras.com\/site\/#website"},"primaryImageOfPage":{"@id":"https:\/\/www.notibras.com\/site\/santana-o-sem-nocao-volta-com-defunto-no-colo\/#primaryimage"},"image":{"@id":"https:\/\/www.notibras.com\/site\/santana-o-sem-nocao-volta-com-defunto-no-colo\/#primaryimage"},"thumbnailUrl":"https:\/\/www.notibras.com\/site\/wp-content\/uploads\/2023\/05\/semnoc.jpg","datePublished":"2023-05-26T09:03:37+00:00","breadcrumb":{"@id":"https:\/\/www.notibras.com\/site\/santana-o-sem-nocao-volta-com-defunto-no-colo\/#breadcrumb"},"inLanguage":"pt-BR","potentialAction":[{"@type":"ReadAction","target":["https:\/\/www.notibras.com\/site\/santana-o-sem-nocao-volta-com-defunto-no-colo\/"]}]},{"@type":"ImageObject","inLanguage":"pt-BR","@id":"https:\/\/www.notibras.com\/site\/santana-o-sem-nocao-volta-com-defunto-no-colo\/#primaryimage","url":"https:\/\/www.notibras.com\/site\/wp-content\/uploads\/2023\/05\/semnoc.jpg","contentUrl":"https:\/\/www.notibras.com\/site\/wp-content\/uploads\/2023\/05\/semnoc.jpg","width":1600,"height":1071},{"@type":"BreadcrumbList","@id":"https:\/\/www.notibras.com\/site\/santana-o-sem-nocao-volta-com-defunto-no-colo\/#breadcrumb","itemListElement":[{"@type":"ListItem","position":1,"name":"In\u00edcio","item":"https:\/\/www.notibras.com\/site\/"},{"@type":"ListItem","position":2,"name":"Santana, o sem-no\u00e7\u00e3o, volta com defunto no colo"}]},{"@type":"WebSite","@id":"https:\/\/www.notibras.com\/site\/#website","url":"https:\/\/www.notibras.com\/site\/","name":"Notibras","description":"Not\u00edcias de Bras\u00edlia, do Brasil e do Mundo","publisher":{"@id":"https:\/\/www.notibras.com\/site\/#organization"},"potentialAction":[{"@type":"SearchAction","target":{"@type":"EntryPoint","urlTemplate":"https:\/\/www.notibras.com\/site\/?s={search_term_string}"},"query-input":{"@type":"PropertyValueSpecification","valueRequired":true,"valueName":"search_term_string"}}],"inLanguage":"pt-BR"},{"@type":"Organization","@id":"https:\/\/www.notibras.com\/site\/#organization","name":"Grupo Notibras de Comunica\u00e7\u00e3o","url":"https:\/\/www.notibras.com\/site\/","logo":{"@type":"ImageObject","inLanguage":"pt-BR","@id":"https:\/\/www.notibras.com\/site\/#\/schema\/logo\/image\/","url":"https:\/\/www.notibras.com\/site\/wp-content\/uploads\/2023\/01\/notibras23.png","contentUrl":"https:\/\/www.notibras.com\/site\/wp-content\/uploads\/2023\/01\/notibras23.png","width":350,"height":87,"caption":"Grupo Notibras de Comunica\u00e7\u00e3o"},"image":{"@id":"https:\/\/www.notibras.com\/site\/#\/schema\/logo\/image\/"},"sameAs":["https:\/\/www.facebook.com\/notibras\/","https:\/\/x.com\/Notibras","https:\/\/www.instagram.com\/notibras\/"]},{"@type":"Person","@id":"https:\/\/www.notibras.com\/site\/#\/schema\/person\/36ab0979449956132d3e5b517ea76ac8","name":"Reda\u00e7\u00e3o","image":{"@type":"ImageObject","inLanguage":"pt-BR","@id":"https:\/\/secure.gravatar.com\/avatar\/e0a867bdedb85fd243eadf09663511f96fc81e0720a4a42581f334ad4303aa6b?s=96&d=mm&r=g","url":"https:\/\/secure.gravatar.com\/avatar\/e0a867bdedb85fd243eadf09663511f96fc81e0720a4a42581f334ad4303aa6b?s=96&d=mm&r=g","contentUrl":"https:\/\/secure.gravatar.com\/avatar\/e0a867bdedb85fd243eadf09663511f96fc81e0720a4a42581f334ad4303aa6b?s=96&d=mm&r=g","caption":"Reda\u00e7\u00e3o"}}]}},"amp_enabled":true,"_links":{"self":[{"href":"https:\/\/www.notibras.com\/site\/wp-json\/wp\/v2\/posts\/305650","targetHints":{"allow":["GET"]}}],"collection":[{"href":"https:\/\/www.notibras.com\/site\/wp-json\/wp\/v2\/posts"}],"about":[{"href":"https:\/\/www.notibras.com\/site\/wp-json\/wp\/v2\/types\/post"}],"author":[{"embeddable":true,"href":"https:\/\/www.notibras.com\/site\/wp-json\/wp\/v2\/users\/2"}],"replies":[{"embeddable":true,"href":"https:\/\/www.notibras.com\/site\/wp-json\/wp\/v2\/comments?post=305650"}],"version-history":[{"count":1,"href":"https:\/\/www.notibras.com\/site\/wp-json\/wp\/v2\/posts\/305650\/revisions"}],"predecessor-version":[{"id":305653,"href":"https:\/\/www.notibras.com\/site\/wp-json\/wp\/v2\/posts\/305650\/revisions\/305653"}],"wp:featuredmedia":[{"embeddable":true,"href":"https:\/\/www.notibras.com\/site\/wp-json\/wp\/v2\/media\/305652"}],"wp:attachment":[{"href":"https:\/\/www.notibras.com\/site\/wp-json\/wp\/v2\/media?parent=305650"}],"wp:term":[{"taxonomy":"category","embeddable":true,"href":"https:\/\/www.notibras.com\/site\/wp-json\/wp\/v2\/categories?post=305650"},{"taxonomy":"post_tag","embeddable":true,"href":"https:\/\/www.notibras.com\/site\/wp-json\/wp\/v2\/tags?post=305650"}],"curies":[{"name":"wp","href":"https:\/\/api.w.org\/{rel}","templated":true}]}}